{"id":10407,"date":"2024-09-13T05:00:03","date_gmt":"2024-09-13T04:00:03","guid":{"rendered":"https:\/\/humm.loverde.fr\/?p=10407"},"modified":"2024-08-27T09:30:13","modified_gmt":"2024-08-27T08:30:13","slug":"icare-et-loiseau-moqueur","status":"publish","type":"post","link":"https:\/\/humm.loverde.fr\/?p=10407","title":{"rendered":"Icare et l&rsquo;oiseau moqueur"},"content":{"rendered":"<p>En marge de la lecture de \u00ab\u00a0L&rsquo;oiseau moqueur\u00a0\u00bb de Walter Tevis. Je me suis pench\u00e9 sur un tableau de Pieter Brueghel, La Chute d&rsquo;Icare et le myst\u00e8re de la jambe m&rsquo;a intrigu\u00e9.<\/p>\n<h1>L&rsquo;oiseau moqueur<\/h1>\n<p><em>Pas de questions, d\u00e9tends-toi. C\u2019est le nouveau mot d\u2019ordre des humains, obs\u00e9d\u00e9s par leur confort individuel et leur tranquillit\u00e9 d\u2019esprit, d\u00e9charg\u00e9s de tout travail par les robots. Livres, films et sentiments sont interdits depuis des g\u00e9n\u00e9rations. Hommes et femmes se laissent ainsi vivre en ingurgitant les tranquillisants fournis par le gouvernement. Jusqu\u2019au jour o\u00f9 Paul, jeune homme solitaire, apprend \u00e0 lire gr\u00e2ce \u00e0 un vieil enregistrement&#8230; <\/em>Et d\u00e9couvre la vraie vie.<\/p>\n<p>Pas vraiment post-apocalyptique mais presque. Je ne vais pas m&rsquo;\u00e9tendre sur le roman que j&rsquo;ai appr\u00e9ci\u00e9 et qui m&rsquo;a impressionn\u00e9 pour la description d&rsquo;un futur plausible, plut\u00f4t effrayant. Heureusement le futur n&rsquo;est jamais pr\u00e9visible. On retrouve le th\u00e8me classique o\u00f9 les robots d\u00e9cident \u00e0 notre place, les humains, c&rsquo;est bien connu, sont incapables de faire les bons choix.<\/p>\n<h1>La chute d&rsquo;Icare<\/h1>\n<h2><em>Extrait<\/em><\/h2>\n<p>\u00ab<em>L&rsquo;autre jour, Bob m&rsquo;a rapport\u00e9 des archives un vieux tableau peint \u00e0 la main pour que je l&rsquo;accroche par-dessus une horrible tache sur le mur du salon. Il y a une petite plaque de cuivre sur le cadre, et je peux y lire : Pieter Brueghel, La Chute d&rsquo;Icare.<\/em><br \/>\n<em>C&rsquo;est tr\u00e8s beau. Mes yeux se posent dessus chaque fois que je l\u00e8ve la t\u00eate de la table sur laquelle j&rsquo;\u00e9cris. Il y a une large \u00e9tendue d&rsquo;eau, un oc\u00e9an ou un grand lac, et, \u00e9mergeant de l&rsquo;eau, on distingue une jambe. Je ne comprends pas trop; mais j&rsquo;aime le calme de la sc\u00e8ne. Tout est calme, sauf cette jambe qui fait des \u00e9claboussures dans l&rsquo;eau. Il faudrait peut-\u00eatre que j&rsquo;essaye de trouver de la peinture bleue pour la recouvrir.\u00bb<\/em><br \/>\nEn r\u00e9alit\u00e9 il y a deux jambes.<\/p>\n<p class=\"jetpack-slideshow-noscript robots-nocontent\">Ce diaporama n\u00e9cessite JavaScript.<\/p><div id=\"gallery-10407-1-slideshow\" class=\"jetpack-slideshow-window jetpack-slideshow jetpack-slideshow-black\" data-trans=\"fade\" data-autostart=\"1\" data-gallery=\"[{&quot;src&quot;:&quot;https:\\\/\\\/i0.wp.com\\\/humm.loverde.fr\\\/wp-content\\\/uploads\\\/2024\\\/06\\\/IMG_20240531_095201_750.jpg?fit=1080%2C670\\u0026ssl=1&quot;,&quot;id&quot;:&quot;10412&quot;,&quot;title&quot;:&quot;IMG_20240531_095201_750&quot;,&quot;alt&quot;:&quot;&quot;,&quot;caption&quot;:&quot;&quot;,&quot;itemprop&quot;:&quot;image&quot;},{&quot;src&quot;:&quot;https:\\\/\\\/i0.wp.com\\\/humm.loverde.fr\\\/wp-content\\\/uploads\\\/2024\\\/06\\\/IMG_20240531_095201_640.jpg?fit=1080%2C762\\u0026ssl=1&quot;,&quot;id&quot;:&quot;10411&quot;,&quot;title&quot;:&quot;IMG_20240531_095201_640&quot;,&quot;alt&quot;:&quot;&quot;,&quot;caption&quot;:&quot;&quot;,&quot;itemprop&quot;:&quot;image&quot;}]\" itemscope itemtype=\"https:\/\/schema.org\/ImageGallery\"><\/div>\n<h2><em>Icare<\/em><\/h2>\n<p>Tout le monde conna\u00eet l&rsquo;histoire d&rsquo;Icare qui, gr\u00e2ce \u00e0 des ailes fabriqu\u00e9es par son p\u00e8re, D\u00e9dale, a pu voler pour s\u2019\u00e9chapper du labyrinthe o\u00f9 ils avaient \u00e9t\u00e9 enferm\u00e9s par Minos.<br \/>\nLes ailes \u00e9taient fix\u00e9es par de la cire et, s&rsquo;approchant, trop confiant, trop pr\u00e8s du soleil, la cire a fondu. S&rsquo;en est suivie la chute.<\/p>\n<h2><em>Le tableau<\/em><\/h2>\n<p>L&rsquo;original a disparu et il existe deux copies.<\/p>\n<p class=\"jetpack-slideshow-noscript robots-nocontent\">Ce diaporama n\u00e9cessite JavaScript.<\/p><div id=\"gallery-10407-2-slideshow\" class=\"jetpack-slideshow-window jetpack-slideshow jetpack-slideshow-black\" data-trans=\"fade\" data-autostart=\"1\" data-gallery=\"[{&quot;src&quot;:&quot;https:\\\/\\\/i0.wp.com\\\/humm.loverde.fr\\\/wp-content\\\/uploads\\\/2024\\\/06\\\/IMG_20240531_095201_455.jpg?fit=1772%2C1231\\u0026ssl=1&quot;,&quot;id&quot;:&quot;10410&quot;,&quot;title&quot;:&quot;IMG_20240531_095201_455&quot;,&quot;alt&quot;:&quot;&quot;,&quot;caption&quot;:&quot;&quot;,&quot;itemprop&quot;:&quot;image&quot;},{&quot;src&quot;:&quot;https:\\\/\\\/i0.wp.com\\\/humm.loverde.fr\\\/wp-content\\\/uploads\\\/2024\\\/06\\\/IMG_20240531_095201_367.jpg?fit=2000%2C1278\\u0026ssl=1&quot;,&quot;id&quot;:&quot;10409&quot;,&quot;title&quot;:&quot;XIR3675&quot;,&quot;alt&quot;:&quot;&quot;,&quot;caption&quot;:&quot;XIR3675 Landscape with the Fall of Icarus, c.1555 (oil on canvas) by Bruegel, Pieter the Elder (c.1525-69); 73.5\\u0026#215;112 cm; Musees Royaux des Beaux-Arts de Belgique, Brussels, Belgium; (add.info.: Icarus seen with his legs thrashing in the sea;); Giraudon; Flemish,  out of copyright&quot;,&quot;itemprop&quot;:&quot;image&quot;}]\" itemscope itemtype=\"https:\/\/schema.org\/ImageGallery\"><\/div>\n<p><em>La premi\u00e8re<\/em>, expos\u00e9e au Mus\u00e9e royal d&rsquo;art ancien \u00e0 Bruxelles, est peut-\u00eatre de <a target=\"_blank\" rel=\"noopener\" href=\"https:\/\/www.actuailes.fr\/page\/3130\/la-chute-d-icare-pieter-brueghel-l-ancien-vers-1525-1569-\">Pieter Brueghel.<\/a><\/p>\n<p><em>La deuxi\u00e8me<\/em> est au Mus\u00e9e van Buuren. S&rsquo;il y a un doute sur le premier, celui ci n&rsquo;est s\u00fbrement pas de Brueghel d&rsquo;apr\u00e8s des \u00e9tudes s\u00e9rieuses et la datation au Carbone 14.<br \/>\nDans le tableau du Mus\u00e9e van Buuren on aper\u00e7oit le p\u00e8re d&rsquo;Icare, D\u00e9dale, en plein vol.<\/p>\n<p>Dans les deux tableaux, Icare tomb\u00e9 dans la mer, se noie dans l&rsquo;indiff\u00e9rence g\u00e9n\u00e9rale. Pour le peintre, Icare ne m\u00e9rite pas mieux que deux jambes qui s&rsquo;agitent, le plus important est ailleurs&#8230;<br \/>\nUne petite anomalie : le soleil couchant alors que Icare s&rsquo;est \u00ab\u00a0br\u00fbl\u00e9\u00a0\u00bb les ailes en s&rsquo;approchant du soleil en allant tr\u00e8s haut dans le ciel.<\/p>\n<p><strong><em>Illustration<\/em><\/strong><br \/>\n<a href=\"https:\/\/journals.openedition.org\/ceroart\/2953\">https:\/\/journals.openedition.org\/ceroart\/2953<\/a><\/p>\n<p><a href=\"http:\/\/bit.ly\/Christian_Loverde\">bit.ly\/Christian_Loverde<\/a><\/p>\n<div data-carousel-extra='{&quot;blog_id&quot;:1,&quot;permalink&quot;:&quot;https:\/\/humm.loverde.fr\/?p=10407&quot;}' id='gallery-3' class='gallery galleryid-10407 gallery-columns-3 gallery-size-thumbnail'><figure class='gallery-item'>\n\t\t\t<div class='gallery-icon landscape'>\n\t\t\t\t<a href='https:\/\/humm.loverde.fr\/?attachment_id=10408'><img loading=\"lazy\" decoding=\"async\" width=\"480\" height=\"640\" src=\"https:\/\/i0.wp.com\/humm.loverde.fr\/wp-content\/uploads\/2024\/06\/IMG_20240531_095201_196-scaled.jpg?resize=480%2C640&amp;ssl=1\" class=\"attachment-thumbnail size-thumbnail\" alt=\"\" srcset=\"https:\/\/i0.wp.com\/humm.loverde.fr\/wp-content\/uploads\/2024\/06\/IMG_20240531_095201_196-scaled.jpg?resize=480%2C640&amp;ssl=1 480w, https:\/\/i0.wp.com\/humm.loverde.fr\/wp-content\/uploads\/2024\/06\/IMG_20240531_095201_196-scaled.jpg?zoom=2&amp;resize=480%2C640&amp;ssl=1 960w, https:\/\/i0.wp.com\/humm.loverde.fr\/wp-content\/uploads\/2024\/06\/IMG_20240531_095201_196-scaled.jpg?zoom=3&amp;resize=480%2C640&amp;ssl=1 1440w\" sizes=\"auto, (max-width: 480px) 100vw, 480px\" data-attachment-id=\"10408\" data-permalink=\"https:\/\/humm.loverde.fr\/?attachment_id=10408\" data-orig-file=\"https:\/\/i0.wp.com\/humm.loverde.fr\/wp-content\/uploads\/2024\/06\/IMG_20240531_095201_196-scaled.jpg?fit=2560%2C1152&amp;ssl=1\" data-orig-size=\"2560,1152\" data-comments-opened=\"1\" data-image-meta=\"{&quot;aperture&quot;:&quot;1.89&quot;,&quot;credit&quot;:&quot;&quot;,&quot;camera&quot;:&quot;M2101K6G&quot;,&quot;caption&quot;:&quot;&quot;,&quot;created_timestamp&quot;:&quot;1715427326&quot;,&quot;copyright&quot;:&quot;&quot;,&quot;focal_length&quot;:&quot;5.89&quot;,&quot;iso&quot;:&quot;68&quot;,&quot;shutter_speed&quot;:&quot;0.016666666666667&quot;,&quot;title&quot;:&quot;&quot;,&quot;orientation&quot;:&quot;1&quot;}\" data-image-title=\"IMG_20240531_095201_196\" data-image-description=\"\" data-image-caption=\"\" data-large-file=\"https:\/\/i0.wp.com\/humm.loverde.fr\/wp-content\/uploads\/2024\/06\/IMG_20240531_095201_196-scaled.jpg?fit=960%2C432&amp;ssl=1\" \/><\/a>\n\t\t\t<\/div><\/figure><figure class='gallery-item'>\n\t\t\t<div class='gallery-icon landscape'>\n\t\t\t\t<a href='https:\/\/humm.loverde.fr\/?attachment_id=10409'><img loading=\"lazy\" decoding=\"async\" width=\"480\" height=\"640\" src=\"https:\/\/i0.wp.com\/humm.loverde.fr\/wp-content\/uploads\/2024\/06\/IMG_20240531_095201_367.jpg?resize=480%2C640&amp;ssl=1\" class=\"attachment-thumbnail size-thumbnail\" alt=\"\" aria-describedby=\"gallery-3-10409\" srcset=\"https:\/\/i0.wp.com\/humm.loverde.fr\/wp-content\/uploads\/2024\/06\/IMG_20240531_095201_367.jpg?resize=480%2C640&amp;ssl=1 480w, https:\/\/i0.wp.com\/humm.loverde.fr\/wp-content\/uploads\/2024\/06\/IMG_20240531_095201_367.jpg?zoom=2&amp;resize=480%2C640&amp;ssl=1 960w, https:\/\/i0.wp.com\/humm.loverde.fr\/wp-content\/uploads\/2024\/06\/IMG_20240531_095201_367.jpg?zoom=3&amp;resize=480%2C640&amp;ssl=1 1440w\" sizes=\"auto, (max-width: 480px) 100vw, 480px\" data-attachment-id=\"10409\" data-permalink=\"https:\/\/humm.loverde.fr\/?attachment_id=10409\" data-orig-file=\"https:\/\/i0.wp.com\/humm.loverde.fr\/wp-content\/uploads\/2024\/06\/IMG_20240531_095201_367.jpg?fit=2000%2C1278&amp;ssl=1\" data-orig-size=\"2000,1278\" data-comments-opened=\"1\" data-image-meta=\"{&quot;aperture&quot;:&quot;0&quot;,&quot;credit&quot;:&quot;www.bridgemanart.com&quot;,&quot;camera&quot;:&quot;&quot;,&quot;caption&quot;:&quot;XIR3675 Landscape with the Fall of Icarus, c.1555 (oil on canvas) by Bruegel, Pieter the Elder (c.1525-69); 73.5x112 cm; Musees Royaux des Beaux-Arts de Belgique, Brussels, Belgium; (add.info.: Icarus seen with his legs thrashing in the sea;); Giraudon; Flemish,  out of copyright&quot;,&quot;created_timestamp&quot;:&quot;0&quot;,&quot;copyright&quot;:&quot;Copyright: www.bridgemanart.com&quot;,&quot;focal_length&quot;:&quot;0&quot;,&quot;iso&quot;:&quot;0&quot;,&quot;shutter_speed&quot;:&quot;0&quot;,&quot;title&quot;:&quot;XIR3675&quot;,&quot;orientation&quot;:&quot;0&quot;}\" data-image-title=\"XIR3675\" data-image-description=\"\" data-image-caption=\"&lt;p&gt;XIR3675 Landscape with the Fall of Icarus, c.1555 (oil on canvas) by Bruegel, Pieter the Elder (c.1525-69); 73.5&amp;#215;112 cm; Musees Royaux des Beaux-Arts de Belgique, Brussels, Belgium; (add.info.: Icarus seen with his legs thrashing in the sea;); Giraudon; Flemish,  out of copyright&lt;\/p&gt;\n\" data-large-file=\"https:\/\/i0.wp.com\/humm.loverde.fr\/wp-content\/uploads\/2024\/06\/IMG_20240531_095201_367.jpg?fit=960%2C613&amp;ssl=1\" \/><\/a>\n\t\t\t<\/div>\n\t\t\t\t<figcaption class='wp-caption-text gallery-caption' id='gallery-3-10409'>\n\t\t\t\tXIR3675 Landscape with the Fall of Icarus, c.1555 (oil on canvas) by Bruegel, Pieter the Elder (c.1525-69); 73.5&#215;112 cm; Musees Royaux des Beaux-Arts de Belgique, Brussels, Belgium; (add.info.: Icarus seen with his legs thrashing in the sea;); Giraudon; Flemish,  out of copyright\n\t\t\t\t<\/figcaption><\/figure><figure class='gallery-item'>\n\t\t\t<div class='gallery-icon landscape'>\n\t\t\t\t<a href='https:\/\/humm.loverde.fr\/?attachment_id=10410'><img loading=\"lazy\" decoding=\"async\" width=\"480\" height=\"640\" src=\"https:\/\/i0.wp.com\/humm.loverde.fr\/wp-content\/uploads\/2024\/06\/IMG_20240531_095201_455.jpg?resize=480%2C640&amp;ssl=1\" class=\"attachment-thumbnail size-thumbnail\" alt=\"\" srcset=\"https:\/\/i0.wp.com\/humm.loverde.fr\/wp-content\/uploads\/2024\/06\/IMG_20240531_095201_455.jpg?resize=480%2C640&amp;ssl=1 480w, https:\/\/i0.wp.com\/humm.loverde.fr\/wp-content\/uploads\/2024\/06\/IMG_20240531_095201_455.jpg?zoom=2&amp;resize=480%2C640&amp;ssl=1 960w, https:\/\/i0.wp.com\/humm.loverde.fr\/wp-content\/uploads\/2024\/06\/IMG_20240531_095201_455.jpg?zoom=3&amp;resize=480%2C640&amp;ssl=1 1440w\" sizes=\"auto, (max-width: 480px) 100vw, 480px\" data-attachment-id=\"10410\" data-permalink=\"https:\/\/humm.loverde.fr\/?attachment_id=10410\" data-orig-file=\"https:\/\/i0.wp.com\/humm.loverde.fr\/wp-content\/uploads\/2024\/06\/IMG_20240531_095201_455.jpg?fit=1772%2C1231&amp;ssl=1\" data-orig-size=\"1772,1231\" data-comments-opened=\"1\" data-image-meta=\"{&quot;aperture&quot;:&quot;0&quot;,&quot;credit&quot;:&quot;&quot;,&quot;camera&quot;:&quot;&quot;,&quot;caption&quot;:&quot;&quot;,&quot;created_timestamp&quot;:&quot;0&quot;,&quot;copyright&quot;:&quot;&quot;,&quot;focal_length&quot;:&quot;0&quot;,&quot;iso&quot;:&quot;0&quot;,&quot;shutter_speed&quot;:&quot;0&quot;,&quot;title&quot;:&quot;&quot;,&quot;orientation&quot;:&quot;1&quot;}\" data-image-title=\"IMG_20240531_095201_455\" data-image-description=\"\" data-image-caption=\"\" data-large-file=\"https:\/\/i0.wp.com\/humm.loverde.fr\/wp-content\/uploads\/2024\/06\/IMG_20240531_095201_455.jpg?fit=960%2C667&amp;ssl=1\" \/><\/a>\n\t\t\t<\/div><\/figure><figure class='gallery-item'>\n\t\t\t<div class='gallery-icon landscape'>\n\t\t\t\t<a href='https:\/\/humm.loverde.fr\/?attachment_id=10411'><img loading=\"lazy\" decoding=\"async\" width=\"480\" height=\"640\" src=\"https:\/\/i0.wp.com\/humm.loverde.fr\/wp-content\/uploads\/2024\/06\/IMG_20240531_095201_640.jpg?resize=480%2C640&amp;ssl=1\" class=\"attachment-thumbnail size-thumbnail\" alt=\"\" srcset=\"https:\/\/i0.wp.com\/humm.loverde.fr\/wp-content\/uploads\/2024\/06\/IMG_20240531_095201_640.jpg?resize=480%2C640&amp;ssl=1 480w, https:\/\/i0.wp.com\/humm.loverde.fr\/wp-content\/uploads\/2024\/06\/IMG_20240531_095201_640.jpg?zoom=2&amp;resize=480%2C640&amp;ssl=1 960w\" sizes=\"auto, (max-width: 480px) 100vw, 480px\" data-attachment-id=\"10411\" data-permalink=\"https:\/\/humm.loverde.fr\/?attachment_id=10411\" data-orig-file=\"https:\/\/i0.wp.com\/humm.loverde.fr\/wp-content\/uploads\/2024\/06\/IMG_20240531_095201_640.jpg?fit=1080%2C762&amp;ssl=1\" data-orig-size=\"1080,762\" data-comments-opened=\"1\" data-image-meta=\"{&quot;aperture&quot;:&quot;0&quot;,&quot;credit&quot;:&quot;&quot;,&quot;camera&quot;:&quot;&quot;,&quot;caption&quot;:&quot;&quot;,&quot;created_timestamp&quot;:&quot;0&quot;,&quot;copyright&quot;:&quot;&quot;,&quot;focal_length&quot;:&quot;0&quot;,&quot;iso&quot;:&quot;0&quot;,&quot;shutter_speed&quot;:&quot;0&quot;,&quot;title&quot;:&quot;&quot;,&quot;orientation&quot;:&quot;0&quot;}\" data-image-title=\"IMG_20240531_095201_640\" data-image-description=\"\" data-image-caption=\"\" data-large-file=\"https:\/\/i0.wp.com\/humm.loverde.fr\/wp-content\/uploads\/2024\/06\/IMG_20240531_095201_640.jpg?fit=960%2C677&amp;ssl=1\" \/><\/a>\n\t\t\t<\/div><\/figure><figure class='gallery-item'>\n\t\t\t<div class='gallery-icon landscape'>\n\t\t\t\t<a href='https:\/\/humm.loverde.fr\/?attachment_id=10412'><img loading=\"lazy\" decoding=\"async\" width=\"480\" height=\"640\" src=\"https:\/\/i0.wp.com\/humm.loverde.fr\/wp-content\/uploads\/2024\/06\/IMG_20240531_095201_750.jpg?resize=480%2C640&amp;ssl=1\" class=\"attachment-thumbnail size-thumbnail\" alt=\"\" srcset=\"https:\/\/i0.wp.com\/humm.loverde.fr\/wp-content\/uploads\/2024\/06\/IMG_20240531_095201_750.jpg?resize=480%2C640&amp;ssl=1 480w, https:\/\/i0.wp.com\/humm.loverde.fr\/wp-content\/uploads\/2024\/06\/IMG_20240531_095201_750.jpg?zoom=2&amp;resize=480%2C640&amp;ssl=1 960w\" sizes=\"auto, (max-width: 480px) 100vw, 480px\" data-attachment-id=\"10412\" data-permalink=\"https:\/\/humm.loverde.fr\/?attachment_id=10412\" data-orig-file=\"https:\/\/i0.wp.com\/humm.loverde.fr\/wp-content\/uploads\/2024\/06\/IMG_20240531_095201_750.jpg?fit=1080%2C670&amp;ssl=1\" data-orig-size=\"1080,670\" data-comments-opened=\"1\" data-image-meta=\"{&quot;aperture&quot;:&quot;0&quot;,&quot;credit&quot;:&quot;&quot;,&quot;camera&quot;:&quot;&quot;,&quot;caption&quot;:&quot;&quot;,&quot;created_timestamp&quot;:&quot;0&quot;,&quot;copyright&quot;:&quot;&quot;,&quot;focal_length&quot;:&quot;0&quot;,&quot;iso&quot;:&quot;0&quot;,&quot;shutter_speed&quot;:&quot;0&quot;,&quot;title&quot;:&quot;&quot;,&quot;orientation&quot;:&quot;0&quot;}\" data-image-title=\"IMG_20240531_095201_750\" data-image-description=\"\" data-image-caption=\"\" data-large-file=\"https:\/\/i0.wp.com\/humm.loverde.fr\/wp-content\/uploads\/2024\/06\/IMG_20240531_095201_750.jpg?fit=960%2C596&amp;ssl=1\" \/><\/a>\n\t\t\t<\/div><\/figure>\n\t\t<\/div>\n\n","protected":false},"excerpt":{"rendered":"<p>En marge de la lecture de \u00ab\u00a0L&rsquo;oiseau moqueur\u00a0\u00bb de Walter Tevis. Je me suis pench\u00e9 sur un tableau de Pieter &hellip; <\/p>\n","protected":false},"author":1,"featured_media":10408,"comment_status":"open","ping_status":"","sticky":false,"template":"","format":"standard","meta":{"jetpack_post_was_ever_published":false,"_jetpack_newsletter_access":"","_jetpack_dont_email_post_to_subs":false,"_jetpack_newsletter_tier_id":0,"_jetpack_memberships_contains_paywalled_content":false,"_jetpack_memberships_contains_paid_content":false,"footnotes":"","jetpack_publicize_message":"","jetpack_publicize_feature_enabled":true,"jetpack_social_post_already_shared":true,"jetpack_social_options":{"image_generator_settings":{"template":"highway","default_image_id":0,"font":"","enabled":false},"version":2}},"categories":[1068],"tags":[1677,1678,1679,1676],"class_list":["post-10407","post","type-post","status-publish","format-standard","has-post-thumbnail","hentry","category-lecture","tag-brueghel","tag-icare","tag-oiseau-moqueur","tag-tableau"],"jetpack_publicize_connections":[],"jetpack_featured_media_url":"https:\/\/i0.wp.com\/humm.loverde.fr\/wp-content\/uploads\/2024\/06\/IMG_20240531_095201_196-scaled.jpg?fit=2560%2C1152&ssl=1","jetpack_sharing_enabled":true,"jetpack_shortlink":"https:\/\/wp.me\/p9whbF-2HR","jetpack_likes_enabled":true,"jetpack-related-posts":[{"id":10309,"url":"https:\/\/humm.loverde.fr\/?p=10309","url_meta":{"origin":10407,"position":0},"title":"Theda Bara","author":"kris33390","date":"21 juin 2024","format":false,"excerpt":"En marge de la lecture du livre de Walter Tevis - L'oiseau moqueur, j'ai fait une petite recherche sur une actrice, Theda Bara, au d\u00e9part juste pour v\u00e9rifier qu'elle existait, puis comme d'habitude, de lien en lien, de copi\u00e9 en coll\u00e9, je me suis \u00e9vad\u00e9 \u00e0 un moment un peu\u2026","rel":"","context":"Dans &quot;Cin\u00e9ma&quot;","block_context":{"text":"Cin\u00e9ma","link":"https:\/\/humm.loverde.fr\/?cat=138"},"img":{"alt_text":"","src":"https:\/\/i0.wp.com\/humm.loverde.fr\/wp-content\/uploads\/2024\/05\/screenshot_2024-05-11-09-30-40-826-edit_com3790089102198905133.jpg?fit=600%2C792&ssl=1&resize=350%2C200","width":350,"height":200,"srcset":"https:\/\/i0.wp.com\/humm.loverde.fr\/wp-content\/uploads\/2024\/05\/screenshot_2024-05-11-09-30-40-826-edit_com3790089102198905133.jpg?fit=600%2C792&ssl=1&resize=350%2C200 1x, https:\/\/i0.wp.com\/humm.loverde.fr\/wp-content\/uploads\/2024\/05\/screenshot_2024-05-11-09-30-40-826-edit_com3790089102198905133.jpg?fit=600%2C792&ssl=1&resize=525%2C300 1.5x"},"classes":[]},{"id":4915,"url":"https:\/\/humm.loverde.fr\/?p=4915","url_meta":{"origin":10407,"position":1},"title":"Le ma\u00eetre du haut ch\u00e2teau","author":"cloverde","date":"28 mars 2020","format":false,"excerpt":"Le ma\u00eetre du haut ch\u00e2teau L'\u00e9dition de 1970 est celle que j'ai lu en premier puis j'ai d\u00e9couvert une nouvelle traduction datant de 2012. Comme je dois relire le livre, c'est la moindre des choses puisque j'ai conseill\u00e9 sa Lecture au club de lecture. Bon en vrai, comme je suis\u2026","rel":"","context":"Dans &quot;lecture&quot;","block_context":{"text":"lecture","link":"https:\/\/humm.loverde.fr\/?cat=1068"},"img":{"alt_text":"","src":"https:\/\/i0.wp.com\/humm.loverde.fr\/wp-content\/uploads\/2020\/03\/IMG_8070.jpg?fit=787%2C1200&ssl=1&resize=350%2C200","width":350,"height":200,"srcset":"https:\/\/i0.wp.com\/humm.loverde.fr\/wp-content\/uploads\/2020\/03\/IMG_8070.jpg?fit=787%2C1200&ssl=1&resize=350%2C200 1x, https:\/\/i0.wp.com\/humm.loverde.fr\/wp-content\/uploads\/2020\/03\/IMG_8070.jpg?fit=787%2C1200&ssl=1&resize=525%2C300 1.5x, https:\/\/i0.wp.com\/humm.loverde.fr\/wp-content\/uploads\/2020\/03\/IMG_8070.jpg?fit=787%2C1200&ssl=1&resize=700%2C400 2x"},"classes":[]},{"id":2262,"url":"https:\/\/humm.loverde.fr\/?p=2262","url_meta":{"origin":10407,"position":2},"title":"Histoire du mari et du perroquet","author":"cloverde","date":"21 janvier 2018","format":false,"excerpt":"Histoire du mari et du perroquet - Antoine Galland (1646-1715) Un homme avait une belle femme ; il l\u2019aimait avec tant de passion, qu\u2019il ne la perdait de vue que le moins qu\u2019il pouvait. Un jour que des affaires pressantes l\u2019obligeaient \u00e0 s\u2019\u00e9loigner d\u2019elle, il alla dans un endroit o\u00f9\u2026","rel":"","context":"Dans &quot;Contes&quot;","block_context":{"text":"Contes","link":"https:\/\/humm.loverde.fr\/?cat=725"},"img":{"alt_text":"","src":"https:\/\/i0.wp.com\/humm.loverde.fr\/wp-content\/uploads\/2018\/01\/Attachment-1-8.png?fit=800%2C536&ssl=1&resize=350%2C200","width":350,"height":200,"srcset":"https:\/\/i0.wp.com\/humm.loverde.fr\/wp-content\/uploads\/2018\/01\/Attachment-1-8.png?fit=800%2C536&ssl=1&resize=350%2C200 1x, https:\/\/i0.wp.com\/humm.loverde.fr\/wp-content\/uploads\/2018\/01\/Attachment-1-8.png?fit=800%2C536&ssl=1&resize=525%2C300 1.5x, https:\/\/i0.wp.com\/humm.loverde.fr\/wp-content\/uploads\/2018\/01\/Attachment-1-8.png?fit=800%2C536&ssl=1&resize=700%2C400 2x"},"classes":[]},{"id":4862,"url":"https:\/\/humm.loverde.fr\/?p=4862","url_meta":{"origin":10407,"position":3},"title":"La Bacchante d&rsquo;Andr\u00e9 Lhote","author":"cloverde","date":"11 avril 2020","format":false,"excerpt":"Regards crois\u00e9s sur \"la bacchante\" d'Andr\u00e9 Lhote avec JJ Issouli et Isabelle Beccia. Article relatif \u00e0 la sortie culturelle sur Bordeaux le 19 f\u00e9vrier 2020. Intervention passionn\u00e9e et passionnante de Jean-Jacques Issouli professeur agr\u00e9g\u00e9 de lettres classiques sur \"la bacchante\" d'Andr\u00e9 Lhote avec Isabelle Beccia. \u0152uvres cit\u00e9es en rapport avec\u2026","rel":"","context":"Dans &quot;Actuel&quot;","block_context":{"text":"Actuel","link":"https:\/\/humm.loverde.fr\/?cat=13"},"img":{"alt_text":"","src":"https:\/\/i0.wp.com\/humm.loverde.fr\/wp-content\/uploads\/2020\/03\/IMG_8342.jpg?fit=400%2C412&ssl=1&resize=350%2C200","width":350,"height":200},"classes":[]},{"id":10566,"url":"https:\/\/humm.loverde.fr\/?p=10566","url_meta":{"origin":10407,"position":4},"title":"L&rsquo;ann\u00e9e de la sauterelle, Terry Hayes","author":"kris33390","date":"20 septembre 2024","format":false,"excerpt":"R\u00e9sum\u00e9 Pour un agent de la CIA envoy\u00e9 sur le terrain, les fronti\u00e8res n\u2019ont plus d\u2019importance. L\u2019objectif est de s\u2019infiltrer, d\u2019accomplir sa mission et de quitter la zone par tous les moyens. Mais dans certaines r\u00e9gions hostiles, aux confins du Pakistan, de l\u2019Iran et de l\u2019Afghanistan, la violence est la\u2026","rel":"","context":"Dans &quot;lecture&quot;","block_context":{"text":"lecture","link":"https:\/\/humm.loverde.fr\/?cat=1068"},"img":{"alt_text":"","src":"https:\/\/i0.wp.com\/humm.loverde.fr\/wp-content\/uploads\/2024\/06\/IMG_20240627_002133_721.jpg?fit=1200%2C575&ssl=1&resize=350%2C200","width":350,"height":200,"srcset":"https:\/\/i0.wp.com\/humm.loverde.fr\/wp-content\/uploads\/2024\/06\/IMG_20240627_002133_721.jpg?fit=1200%2C575&ssl=1&resize=350%2C200 1x, https:\/\/i0.wp.com\/humm.loverde.fr\/wp-content\/uploads\/2024\/06\/IMG_20240627_002133_721.jpg?fit=1200%2C575&ssl=1&resize=525%2C300 1.5x, https:\/\/i0.wp.com\/humm.loverde.fr\/wp-content\/uploads\/2024\/06\/IMG_20240627_002133_721.jpg?fit=1200%2C575&ssl=1&resize=700%2C400 2x, https:\/\/i0.wp.com\/humm.loverde.fr\/wp-content\/uploads\/2024\/06\/IMG_20240627_002133_721.jpg?fit=1200%2C575&ssl=1&resize=1050%2C600 3x"},"classes":[]},{"id":8392,"url":"https:\/\/humm.loverde.fr\/?p=8392","url_meta":{"origin":10407,"position":5},"title":"Lecture &#038; Cie","author":"cloverde","date":"17 juin 2023","format":false,"excerpt":"Et vous comment lisez-vous ? Perso je ne suis pas un grand lecteur, tout juste 2 ou trois livres par mois. \u00catre membre d'un club de lecture me force \u00e0 sortir de ma zone de confort. Pas trop de contraintes, 12 livres \u00e0 lire par an, 6x2, et encore on\u2026","rel":"","context":"Dans &quot;insolite&quot;","block_context":{"text":"insolite","link":"https:\/\/humm.loverde.fr\/?cat=1422"},"img":{"alt_text":"","src":"https:\/\/i0.wp.com\/humm.loverde.fr\/wp-content\/uploads\/2023\/05\/IMG_20230428_082543_164.jpg?fit=1024%2C577&ssl=1&resize=350%2C200","width":350,"height":200,"srcset":"https:\/\/i0.wp.com\/humm.loverde.fr\/wp-content\/uploads\/2023\/05\/IMG_20230428_082543_164.jpg?fit=1024%2C577&ssl=1&resize=350%2C200 1x, https:\/\/i0.wp.com\/humm.loverde.fr\/wp-content\/uploads\/2023\/05\/IMG_20230428_082543_164.jpg?fit=1024%2C577&ssl=1&resize=525%2C300 1.5x, https:\/\/i0.wp.com\/humm.loverde.fr\/wp-content\/uploads\/2023\/05\/IMG_20230428_082543_164.jpg?fit=1024%2C577&ssl=1&resize=700%2C400 2x"},"classes":[]}],"_links":{"self":[{"href":"https:\/\/humm.loverde.fr\/index.php?rest_route=\/wp\/v2\/posts\/10407","targetHints":{"allow":["GET"]}}],"collection":[{"href":"https:\/\/humm.loverde.fr\/index.php?rest_route=\/wp\/v2\/posts"}],"about":[{"href":"https:\/\/humm.loverde.fr\/index.php?rest_route=\/wp\/v2\/types\/post"}],"author":[{"embeddable":true,"href":"https:\/\/humm.loverde.fr\/index.php?rest_route=\/wp\/v2\/users\/1"}],"replies":[{"embeddable":true,"href":"https:\/\/humm.loverde.fr\/index.php?rest_route=%2Fwp%2Fv2%2Fcomments&post=10407"}],"version-history":[{"count":8,"href":"https:\/\/humm.loverde.fr\/index.php?rest_route=\/wp\/v2\/posts\/10407\/revisions"}],"predecessor-version":[{"id":10797,"href":"https:\/\/humm.loverde.fr\/index.php?rest_route=\/wp\/v2\/posts\/10407\/revisions\/10797"}],"wp:featuredmedia":[{"embeddable":true,"href":"https:\/\/humm.loverde.fr\/index.php?rest_route=\/wp\/v2\/media\/10408"}],"wp:attachment":[{"href":"https:\/\/humm.loverde.fr\/index.php?rest_route=%2Fwp%2Fv2%2Fmedia&parent=10407"}],"wp:term":[{"taxonomy":"category","embeddable":true,"href":"https:\/\/humm.loverde.fr\/index.php?rest_route=%2Fwp%2Fv2%2Fcategories&post=10407"},{"taxonomy":"post_tag","embeddable":true,"href":"https:\/\/humm.loverde.fr\/index.php?rest_route=%2Fwp%2Fv2%2Ftags&post=10407"}],"curies":[{"name":"wp","href":"https:\/\/api.w.org\/{rel}","templated":true}]}}