{"id":1091,"date":"2016-04-19T08:08:01","date_gmt":"2016-04-19T07:08:01","guid":{"rendered":"http:\/\/humm.loverde.fr\/?p=1091"},"modified":"2018-01-25T00:16:17","modified_gmt":"2018-01-24T23:16:17","slug":"parmentier-au-choux-romanesco","status":"publish","type":"post","link":"https:\/\/humm.loverde.fr\/?p=1091","title":{"rendered":"Parmentier au choux romanesco"},"content":{"rendered":"<div>\n<div>J&rsquo;avais achet\u00e9 un choux romanesco pour faire quelque chose de sp\u00e9cial mais je n&rsquo;ai pas eu le temps et \u00e7a pressait, donc j&rsquo;ai r\u00e9alis\u00e9 un plat classique. Pour le truc sp\u00e9cial \u00e7a sera pour plus tard, peut-\u00eatre.<\/div>\n<p>&nbsp;<\/p>\n<div><b>\u00a0<\/b><\/div>\n<div>\n&nbsp;<br \/>\n<figure id=\"attachment_1092\" aria-describedby=\"caption-attachment-1092\" style=\"width: 800px\" class=\"wp-caption aligncenter\"><img data-recalc-dims=\"1\" loading=\"lazy\" decoding=\"async\" data-attachment-id=\"1092\" data-permalink=\"https:\/\/humm.loverde.fr\/?attachment_id=1092\" data-orig-file=\"https:\/\/i0.wp.com\/humm.loverde.fr\/wp-content\/uploads\/2016\/04\/parmentier-de-choux-romanesco.jpg?fit=800%2C450&amp;ssl=1\" data-orig-size=\"800,450\" data-comments-opened=\"1\" data-image-meta=\"{&quot;aperture&quot;:&quot;0&quot;,&quot;credit&quot;:&quot;&quot;,&quot;camera&quot;:&quot;&quot;,&quot;caption&quot;:&quot;&quot;,&quot;created_timestamp&quot;:&quot;0&quot;,&quot;copyright&quot;:&quot;&quot;,&quot;focal_length&quot;:&quot;0&quot;,&quot;iso&quot;:&quot;0&quot;,&quot;shutter_speed&quot;:&quot;0&quot;,&quot;title&quot;:&quot;&quot;,&quot;orientation&quot;:&quot;0&quot;}\" data-image-title=\"parmentier de choux romanesco\" data-image-description=\"&lt;p&gt;parmentier de choux romanesco&lt;\/p&gt;\n\" data-image-caption=\"&lt;p&gt;parmentier de choux romanesco&lt;\/p&gt;\n\" data-large-file=\"https:\/\/i0.wp.com\/humm.loverde.fr\/wp-content\/uploads\/2016\/04\/parmentier-de-choux-romanesco.jpg?fit=800%2C450&amp;ssl=1\" class=\"size-medium wp-image-1092\" src=\"https:\/\/i0.wp.com\/humm.loverde.fr\/wp-content\/uploads\/2016\/04\/parmentier-de-choux-romanesco.jpg?resize=800%2C450&#038;ssl=1\" alt=\"parmentier de choux romanesco\" width=\"800\" height=\"450\" srcset=\"https:\/\/i0.wp.com\/humm.loverde.fr\/wp-content\/uploads\/2016\/04\/parmentier-de-choux-romanesco.jpg?w=800&amp;ssl=1 800w, https:\/\/i0.wp.com\/humm.loverde.fr\/wp-content\/uploads\/2016\/04\/parmentier-de-choux-romanesco.jpg?resize=768%2C432&amp;ssl=1 768w\" sizes=\"auto, (max-width: 800px) 100vw, 800px\" \/><figcaption id=\"caption-attachment-1092\" class=\"wp-caption-text\">parmentier de choux romanesco<\/figcaption><\/figure><br \/>\n&nbsp;<\/p>\n<div><b>Pour la pur\u00e9e<\/b><\/div>\n<p>&nbsp;<\/p>\n<div><u>Ingr\u00e9dients<\/u><\/div>\n<ul>\n<li>1 chou romanesco<\/li>\n<li>2 pommes de terre ou plus tout d\u00e9pend de leur volume<\/li>\n<li>1 carotte<\/li>\n<li>10 cl de cr\u00e8me fra\u00eeche ou soja cuisine<\/li>\n<li>30 g de beurre<\/li>\n<li>sel, poivre<\/li>\n<\/ul>\n<p>&nbsp;<\/p>\n<div><u>Pr\u00e9paration<\/u><\/div>\n<div>D\u00e9couper le choix romanesco en bouquets et le cuire 7 minutes \u00e0 la vapeur au microonde ou dans de l&rsquo;eau.<\/div>\n<div>\u00c9goutter.<\/div>\n<div>\u00c9plucher les pommes de terre puis les couper en gros morceaux et les cuire dans une casserole avec la carotte, une vingtaine de minutes.<\/div>\n<div>\u00c9goutter.<\/div>\n<div>Passer le choux et les pommes de terre au moulin \u00e0 l\u00e9gume en pur\u00e9e puis ajouter la cr\u00e8me fra\u00eeche et le beurre.<\/div>\n<div>Assaisonner.<\/div>\n<p>&nbsp;<\/p>\n<div><strong>Pour le hachis<\/strong><\/div>\n<div><strong>\u00a0<\/strong><\/div>\n<div><u>Ingredients<\/u><\/div>\n<ul>\n<li>200 g de boeuf hach\u00e9<\/li>\n<li>1 oignon<\/li>\n<li>2 cuill\u00e8res \u00e0 soupe d&rsquo;huile<\/li>\n<li>Sel et poivre<\/li>\n<\/ul>\n<p>&nbsp;<\/p>\n<div><u>Pr\u00e9paration<\/u><\/div>\n<div><\/div>\n<div>Faire revenir \u00a0l&rsquo;oignon 1 minute.<\/div>\n<div>Ajouter la viande. Saler poivrer et laisser cuire 10 minutes en remuant.<\/div>\n<p>&nbsp;<\/p>\n<div><b>Au final<\/b><\/div>\n<div><\/div>\n<div>Disposer, dans un plat \u00e0 gratin, une couche de pur\u00e9e, une couche de viande et recouvrir de pur\u00e9e. Terminer avec le fromage mettre\u00a0au four tr\u00e8s chaud 10 minutes et 2 minutes sous le gril.<\/div>\n<\/div>\n","protected":false},"excerpt":{"rendered":"<p>J&rsquo;avais achet\u00e9 un choux romanesco pour faire quelque chose de sp\u00e9cial mais je n&rsquo;ai pas eu le temps et \u00e7a &hellip; <\/p>\n","protected":false},"author":1,"featured_media":0,"comment_status":"open","ping_status":"open","sticky":false,"template":"","format":"standard","meta":{"jetpack_post_was_ever_published":false,"_jetpack_newsletter_access":"","_jetpack_dont_email_post_to_subs":false,"_jetpack_newsletter_tier_id":0,"_jetpack_memberships_contains_paywalled_content":false,"_jetpack_memberships_contains_paid_content":false,"footnotes":"","jetpack_publicize_message":"","jetpack_publicize_feature_enabled":true,"jetpack_social_post_already_shared":false,"jetpack_social_options":{"image_generator_settings":{"template":"highway","default_image_id":0,"font":"","enabled":false},"version":2}},"categories":[2],"tags":[346,65,356],"class_list":["post-1091","post","type-post","status-publish","format-standard","hentry","category-recettes","tag-choux","tag-parmentier","tag-romanesco"],"jetpack_publicize_connections":[],"jetpack_featured_media_url":"","jetpack_sharing_enabled":true,"jetpack_shortlink":"https:\/\/wp.me\/p9whbF-hB","jetpack_likes_enabled":true,"jetpack-related-posts":[{"id":1057,"url":"https:\/\/humm.loverde.fr\/?p=1057","url_meta":{"origin":1091,"position":0},"title":"Choux de Bruxelles croustillants bacon et ail","author":"cloverde","date":"12 avril 2016","format":false,"excerpt":"Les choux de Bruxelles d'avant (je vous parle d'un temps que les moins de 20 ans ...) \u00e9taient fort et la cuisson \"aromatisait\" la maison pendant longtemps. Donc nous avions renonc\u00e9 \u00e0 en cuisiner. Aujourd'hui, et ne me demandez pas pourquoi, ils sont plus discrets, et franchement l'odeur et le\u2026","rel":"","context":"Dans &quot;Recettes&quot;","block_context":{"text":"Recettes","link":"https:\/\/humm.loverde.fr\/?cat=2"},"img":{"alt_text":"Choux de Bruxelles croustillants au bacon et ail","src":"https:\/\/i0.wp.com\/humm.loverde.fr\/wp-content\/uploads\/2016\/03\/Choux-de-Bruxelles-croustillants-au-bacon-et-ail-1-800x450.jpg?resize=350%2C200&ssl=1","width":350,"height":200,"srcset":"https:\/\/i0.wp.com\/humm.loverde.fr\/wp-content\/uploads\/2016\/03\/Choux-de-Bruxelles-croustillants-au-bacon-et-ail-1-800x450.jpg?resize=350%2C200&ssl=1 1x, https:\/\/i0.wp.com\/humm.loverde.fr\/wp-content\/uploads\/2016\/03\/Choux-de-Bruxelles-croustillants-au-bacon-et-ail-1-800x450.jpg?resize=525%2C300&ssl=1 1.5x, https:\/\/i0.wp.com\/humm.loverde.fr\/wp-content\/uploads\/2016\/03\/Choux-de-Bruxelles-croustillants-au-bacon-et-ail-1-800x450.jpg?resize=700%2C400&ssl=1 2x"},"classes":[]},{"id":5665,"url":"https:\/\/humm.loverde.fr\/?p=5665","url_meta":{"origin":1091,"position":1},"title":"P\u00e2tes et choux-fleurs au gratin","author":"cloverde","date":"21 d\u00e9cembre 2020","format":false,"excerpt":"P\u00e2tes et choux-fleurs au gratin Un grand classique que ma m\u00e8re faisait souvent. La derni\u00e8re fois que j'en ai fait c'\u00e9tait plut\u00f4t sec et cette fois-ci un peu moins mais am\u00e9liorable. Ingr\u00e9dients Un choux-fleurs cuit Des p\u00e2tes genre fusilli 20 g de beurre environ De l'emmental, 100 g environ 20\u2026","rel":"","context":"Dans &quot;Recettes&quot;","block_context":{"text":"Recettes","link":"https:\/\/humm.loverde.fr\/?cat=2"},"img":{"alt_text":"","src":"https:\/\/i0.wp.com\/humm.loverde.fr\/wp-content\/uploads\/2020\/12\/attachment-12.jpeg?fit=1200%2C675&ssl=1&resize=350%2C200","width":350,"height":200,"srcset":"https:\/\/i0.wp.com\/humm.loverde.fr\/wp-content\/uploads\/2020\/12\/attachment-12.jpeg?fit=1200%2C675&ssl=1&resize=350%2C200 1x, https:\/\/i0.wp.com\/humm.loverde.fr\/wp-content\/uploads\/2020\/12\/attachment-12.jpeg?fit=1200%2C675&ssl=1&resize=525%2C300 1.5x, https:\/\/i0.wp.com\/humm.loverde.fr\/wp-content\/uploads\/2020\/12\/attachment-12.jpeg?fit=1200%2C675&ssl=1&resize=700%2C400 2x, https:\/\/i0.wp.com\/humm.loverde.fr\/wp-content\/uploads\/2020\/12\/attachment-12.jpeg?fit=1200%2C675&ssl=1&resize=1050%2C600 3x"},"classes":[]},{"id":4723,"url":"https:\/\/humm.loverde.fr\/?p=4723","url_meta":{"origin":1091,"position":2},"title":"P\u00e2tes au gratin au chou-fleur","author":"cloverde","date":"24 f\u00e9vrier 2020","format":false,"excerpt":"P\u00e2tes au gratin au chou-fleur Ma m\u00e8re en faisait souvent quand on \u00e9tait encore \u00e0 la maison et je crois me souvenir que je n'aimais pas trop. Mais maintenant j'ai grandi, vieilli (?!) ou peut-\u00eatre que les habitudes alimentaires sont acquises dans l'enfance malgr\u00e9 l'\u00e9volution. Ingr\u00e9dients des p\u00e2tes genre fusilis,\u2026","rel":"","context":"Dans &quot;recette&quot;","block_context":{"text":"recette","link":"https:\/\/humm.loverde.fr\/?cat=1052"},"img":{"alt_text":"","src":"https:\/\/i0.wp.com\/humm.loverde.fr\/wp-content\/uploads\/2020\/01\/attachment-4.png?fit=800%2C450&ssl=1&resize=350%2C200","width":350,"height":200,"srcset":"https:\/\/i0.wp.com\/humm.loverde.fr\/wp-content\/uploads\/2020\/01\/attachment-4.png?fit=800%2C450&ssl=1&resize=350%2C200 1x, https:\/\/i0.wp.com\/humm.loverde.fr\/wp-content\/uploads\/2020\/01\/attachment-4.png?fit=800%2C450&ssl=1&resize=525%2C300 1.5x, https:\/\/i0.wp.com\/humm.loverde.fr\/wp-content\/uploads\/2020\/01\/attachment-4.png?fit=800%2C450&ssl=1&resize=700%2C400 2x"},"classes":[]},{"id":164,"url":"https:\/\/humm.loverde.fr\/?p=164","url_meta":{"origin":1091,"position":3},"title":"Parmentier de cabillaud","author":"cloverde","date":"7 avril 2015","format":false,"excerpt":"Le hachis Parmentier, tout le monde connais et j'en ai d\u00e9j\u00e0 fait, il faudra que je publie cette recette. Pour changer un peu et faire manger du poisson aux non amateurs, voici une recette de hachis au cabillaud. On peut utiliser n'importe quel filet de poisson. J'ai modifi\u00e9 la recette\u2026","rel":"","context":"Dans &quot;Recettes&quot;","block_context":{"text":"Recettes","link":"https:\/\/humm.loverde.fr\/?cat=2"},"img":{"alt_text":"parmentier de cabillaud 03","src":"https:\/\/i0.wp.com\/humm.loverde.fr\/wp-content\/uploads\/2015\/04\/parmentier-de-cabillaud-03-800x450.jpg?resize=350%2C200&ssl=1","width":350,"height":200,"srcset":"https:\/\/i0.wp.com\/humm.loverde.fr\/wp-content\/uploads\/2015\/04\/parmentier-de-cabillaud-03-800x450.jpg?resize=350%2C200&ssl=1 1x, https:\/\/i0.wp.com\/humm.loverde.fr\/wp-content\/uploads\/2015\/04\/parmentier-de-cabillaud-03-800x450.jpg?resize=525%2C300&ssl=1 1.5x, https:\/\/i0.wp.com\/humm.loverde.fr\/wp-content\/uploads\/2015\/04\/parmentier-de-cabillaud-03-800x450.jpg?resize=700%2C400&ssl=1 2x"},"classes":[]},{"id":2871,"url":"https:\/\/humm.loverde.fr\/?p=2871","url_meta":{"origin":1091,"position":4},"title":"Goug\u00e8res au saumon fum\u00e9","author":"cloverde","date":"14 avril 2018","format":false,"excerpt":"Recette simple et rapide comme d'habitude pour un ap\u00e9ro qui sort de l'ordinaire. C'est une simple p\u00e2te \u00e0 choux \u00e0 laquelle on ajoute du fromage et du saumon fum\u00e9. Inutile d'avoir une machine \u00e0 tout faire qui vaut un \"certain\" prix, \u00e0 la main c'est mieux. Ingr\u00e9dients 130g de gruy\u00e8re\u2026","rel":"","context":"Dans &quot;Recettes&quot;","block_context":{"text":"Recettes","link":"https:\/\/humm.loverde.fr\/?cat=2"},"img":{"alt_text":"","src":"https:\/\/i0.wp.com\/humm.loverde.fr\/wp-content\/uploads\/2018\/04\/e9174fcdc35bcb6a00708972687456f2.jpeg?fit=550%2C309&ssl=1&resize=350%2C200","width":350,"height":200,"srcset":"https:\/\/i0.wp.com\/humm.loverde.fr\/wp-content\/uploads\/2018\/04\/e9174fcdc35bcb6a00708972687456f2.jpeg?fit=550%2C309&ssl=1&resize=350%2C200 1x, https:\/\/i0.wp.com\/humm.loverde.fr\/wp-content\/uploads\/2018\/04\/e9174fcdc35bcb6a00708972687456f2.jpeg?fit=550%2C309&ssl=1&resize=525%2C300 1.5x"},"classes":[]},{"id":2667,"url":"https:\/\/humm.loverde.fr\/?p=2667","url_meta":{"origin":1091,"position":5},"title":"Pot\u00e9e au chou, carottes et saucisse de Morteau","author":"cloverde","date":"24 mars 2018","format":false,"excerpt":"Ingr\u00e9dients 1 chou vert fris\u00e9 1 saucisses de Morteau 3 carottes 4 pommes de terre moyennes 1 bouquet garni (thym, laurier) Sel et poivre du moulin Pr\u00e9paration Laver et parer le chou vert. Le couper en quatre et plonger dans la cocotte minute remplie \u00e0 moiti\u00e9 d'eau. Cuisson 10 minutes\u2026","rel":"","context":"Dans &quot;Recettes&quot;","block_context":{"text":"Recettes","link":"https:\/\/humm.loverde.fr\/?cat=2"},"img":{"alt_text":"","src":"https:\/\/i0.wp.com\/humm.loverde.fr\/wp-content\/uploads\/2018\/03\/c5bfa7bec0427751486b3a5b4fb017a8-1.jpeg?fit=1200%2C798&ssl=1&resize=350%2C200","width":350,"height":200,"srcset":"https:\/\/i0.wp.com\/humm.loverde.fr\/wp-content\/uploads\/2018\/03\/c5bfa7bec0427751486b3a5b4fb017a8-1.jpeg?fit=1200%2C798&ssl=1&resize=350%2C200 1x, https:\/\/i0.wp.com\/humm.loverde.fr\/wp-content\/uploads\/2018\/03\/c5bfa7bec0427751486b3a5b4fb017a8-1.jpeg?fit=1200%2C798&ssl=1&resize=525%2C300 1.5x, https:\/\/i0.wp.com\/humm.loverde.fr\/wp-content\/uploads\/2018\/03\/c5bfa7bec0427751486b3a5b4fb017a8-1.jpeg?fit=1200%2C798&ssl=1&resize=700%2C400 2x, https:\/\/i0.wp.com\/humm.loverde.fr\/wp-content\/uploads\/2018\/03\/c5bfa7bec0427751486b3a5b4fb017a8-1.jpeg?fit=1200%2C798&ssl=1&resize=1050%2C600 3x"},"classes":[]}],"_links":{"self":[{"href":"https:\/\/humm.loverde.fr\/index.php?rest_route=\/wp\/v2\/posts\/1091","targetHints":{"allow":["GET"]}}],"collection":[{"href":"https:\/\/humm.loverde.fr\/index.php?rest_route=\/wp\/v2\/posts"}],"about":[{"href":"https:\/\/humm.loverde.fr\/index.php?rest_route=\/wp\/v2\/types\/post"}],"author":[{"embeddable":true,"href":"https:\/\/humm.loverde.fr\/index.php?rest_route=\/wp\/v2\/users\/1"}],"replies":[{"embeddable":true,"href":"https:\/\/humm.loverde.fr\/index.php?rest_route=%2Fwp%2Fv2%2Fcomments&post=1091"}],"version-history":[{"count":5,"href":"https:\/\/humm.loverde.fr\/index.php?rest_route=\/wp\/v2\/posts\/1091\/revisions"}],"predecessor-version":[{"id":1096,"href":"https:\/\/humm.loverde.fr\/index.php?rest_route=\/wp\/v2\/posts\/1091\/revisions\/1096"}],"wp:attachment":[{"href":"https:\/\/humm.loverde.fr\/index.php?rest_route=%2Fwp%2Fv2%2Fmedia&parent=1091"}],"wp:term":[{"taxonomy":"category","embeddable":true,"href":"https:\/\/humm.loverde.fr\/index.php?rest_route=%2Fwp%2Fv2%2Fcategories&post=1091"},{"taxonomy":"post_tag","embeddable":true,"href":"https:\/\/humm.loverde.fr\/index.php?rest_route=%2Fwp%2Fv2%2Ftags&post=1091"}],"curies":[{"name":"wp","href":"https:\/\/api.w.org\/{rel}","templated":true}]}}