{"id":10993,"date":"2024-08-22T05:00:31","date_gmt":"2024-08-22T04:00:31","guid":{"rendered":"https:\/\/humm.loverde.fr\/?p=10993"},"modified":"2024-09-11T07:35:55","modified_gmt":"2024-09-11T06:35:55","slug":"yenapafoulcan","status":"publish","type":"post","link":"https:\/\/humm.loverde.fr\/?p=10993","title":{"rendered":"Yenapafoulcan"},"content":{"rendered":"<h1>Les Gnawa<\/h1>\n<p><em>Les Gnawa sont un groupe ethnique et culturel d&rsquo;Afrique du Nord, principalement au Maroc. Ils sont descendants d&rsquo;esclaves noirs amen\u00e9s d&rsquo;Afrique subsaharienne pendant les si\u00e8cles pr\u00e9c\u00e9dents.<\/em><br \/>\n<em>Leur culture est marqu\u00e9e par une riche tradition musicale et rituelle, notamment les c\u00e9r\u00e9monies de gu\u00e9rison appel\u00e9es \u00ab\u00a0Lila\u00a0\u00bb et \u00ab\u00a0Moussem\u00a0\u00bb.<\/em><\/p>\n<p><img data-recalc-dims=\"1\" loading=\"lazy\" decoding=\"async\" data-attachment-id=\"10999\" data-permalink=\"https:\/\/humm.loverde.fr\/?attachment_id=10999\" data-orig-file=\"https:\/\/i0.wp.com\/humm.loverde.fr\/wp-content\/uploads\/2024\/08\/10000366443156117800098277439.jpg?fit=800%2C510&amp;ssl=1\" data-orig-size=\"800,510\" data-comments-opened=\"1\" data-image-meta=\"{&quot;aperture&quot;:&quot;0&quot;,&quot;credit&quot;:&quot;&quot;,&quot;camera&quot;:&quot;&quot;,&quot;caption&quot;:&quot;&quot;,&quot;created_timestamp&quot;:&quot;0&quot;,&quot;copyright&quot;:&quot;&quot;,&quot;focal_length&quot;:&quot;0&quot;,&quot;iso&quot;:&quot;0&quot;,&quot;shutter_speed&quot;:&quot;0&quot;,&quot;title&quot;:&quot;&quot;,&quot;orientation&quot;:&quot;1&quot;}\" data-image-title=\"10000366443156117800098277439\" data-image-description=\"\" data-image-caption=\"\" data-large-file=\"https:\/\/i0.wp.com\/humm.loverde.fr\/wp-content\/uploads\/2024\/08\/10000366443156117800098277439.jpg?fit=800%2C510&amp;ssl=1\" class=\"wp-image-10999 size-full\" src=\"https:\/\/i0.wp.com\/humm.loverde.fr\/wp-content\/uploads\/2024\/08\/10000366443156117800098277439.jpg?resize=800%2C510&#038;ssl=1\" width=\"800\" height=\"510\" srcset=\"https:\/\/i0.wp.com\/humm.loverde.fr\/wp-content\/uploads\/2024\/08\/10000366443156117800098277439.jpg?w=800&amp;ssl=1 800w, https:\/\/i0.wp.com\/humm.loverde.fr\/wp-content\/uploads\/2024\/08\/10000366443156117800098277439.jpg?resize=595%2C379&amp;ssl=1 595w, https:\/\/i0.wp.com\/humm.loverde.fr\/wp-content\/uploads\/2024\/08\/10000366443156117800098277439.jpg?resize=768%2C490&amp;ssl=1 768w\" sizes=\"auto, (max-width: 800px) 100vw, 800px\" \/><\/p>\n<p>1920 photo du domaine public<\/p>\n<p><em>Leur musique, qui utilise des instruments comme le guembri (un luth \u00e0 trois cordes) et les krakebs (des cymbales en fer), joue un r\u00f4le central dans leurs pratiques spirituelles.<\/em><br \/>\n<em>Les Gnawa sont \u00e9galement connus pour leur syncr\u00e9tisme religieux, m\u00ealant islam, croyances africaines traditionnelles et influences soufies.<\/em><br \/>\n<em>(Wikip\u00e9dia)<\/em><\/p>\n<h1>Souvenirs<\/h1>\n<p>Quand nous habitions au <a target=\"_blank\" rel=\"noopener\" href=\"https:\/\/humm.loverde.fr\/?p=3710\">6, rue Sidi Brahim<\/a>, ils passaient devant la maison.<br \/>\nIls faisaient un tel bruit avec leurs cymbales en fer qu&rsquo;on ne risquait pas de les manquer.<br \/>\nApr\u00e8s avoir profit\u00e9 du spectacle musical et de leur danse o\u00f9, d&rsquo;un geste de la t\u00eate, ils faisaient tourner le pompon au-dessus de leur bonnets, il fallait leur donner la pi\u00e8ce.<br \/>\nMais, selon la somme r\u00e9colt\u00e9e, ils ne partaient pas tout de suite. Si on leur avait donn\u00e9 trop peu, ils continuaient. Et comme ce n&rsquo;\u00e9tait jamais suffisant, ils continuaient encore.<br \/>\nJusqu&rsquo;\u00e0 ce qu&rsquo;on leur demande de partir. La r\u00e9ponse, en chantant et dansant \u00e9tait : Yenapafoulcan, Yenapafoulcan, Yenapafoulcan&#8230;<br \/>\nNous les appelions \u00ab\u00a0les <em>Bamboulas<\/em>\u00ab\u00a0, terme qu&rsquo;il vaut mieux \u00e9viter aujourd&rsquo;hui et qui d\u00e9signe \u00e0 la fois le tambour utilis\u00e9 et la danse ex\u00e9cut\u00e9e au son de ce tambour. (Wikip\u00e9dia)<\/p>\n<h1>La musique Gnawa<\/h1>\n<div class=\"jetpack-video-wrapper\"><span class=\"embed-youtube\" style=\"text-align:center; display: block;\"><iframe loading=\"lazy\" class=\"youtube-player\" width=\"1200\" height=\"675\" src=\"https:\/\/www.youtube.com\/embed\/-yTpkWlDJWw?version=3&#038;rel=1&#038;showsearch=0&#038;showinfo=1&#038;iv_load_policy=1&#038;fs=1&#038;hl=fr-FR&#038;autohide=2&#038;wmode=transparent\" allowfullscreen=\"true\" style=\"border:0;\" sandbox=\"allow-scripts allow-same-origin allow-popups allow-presentation allow-popups-to-escape-sandbox\"><\/iframe><\/span><\/div>\n<h1>Les Gnawa \u00e0 Tanger<\/h1>\n<p>Je n&rsquo;ai pas trouv\u00e9 de vid\u00e9o de ce qui pourrait correspondre \u00e0 mon souvenir. Celle qui s&rsquo;en approche le plus a \u00e9t\u00e9 <a target=\"_blank\" rel=\"noopener\" href=\"https:\/\/youtube.com\/shorts\/ktZQjEduQrE?si=1hv9zoeIaavIY1z9\">film\u00e9e \u00e0 Tanger<\/a> ! Et il manque le pompon qui tourne &#x1f629;.<\/p>\n<p><iframe loading=\"lazy\" frameborder=\"0\" width=\"150\" height=\"200\" src=\"https:\/\/www.youtube.com\/embed\/ktZQjEduQrE\" title=\"YouTube video player\" allow=\"accelerometer; autoplay; clipboard-write; encrypted-media; gyroscope; picture-in-picture; web-share\" allowfullscreen><\/iframe><\/p>\n<h2>Illustration<\/h2>\n<p>Recadrage d&rsquo;une photo de Gnawa sur la place Djemaa El Fna en 1982.<\/p>\n<p><img data-recalc-dims=\"1\" loading=\"lazy\" decoding=\"async\" data-attachment-id=\"11012\" data-permalink=\"https:\/\/humm.loverde.fr\/?attachment_id=11012\" data-orig-file=\"https:\/\/i0.wp.com\/humm.loverde.fr\/wp-content\/uploads\/2024\/08\/1982marakechdjemaelfnaa4yenapafoulcan_copy_1024x6894529516149657157105.jpg?fit=1024%2C689&amp;ssl=1\" data-orig-size=\"1024,689\" data-comments-opened=\"1\" data-image-meta=\"{&quot;aperture&quot;:&quot;0&quot;,&quot;credit&quot;:&quot;&quot;,&quot;camera&quot;:&quot;&quot;,&quot;caption&quot;:&quot;&quot;,&quot;created_timestamp&quot;:&quot;0&quot;,&quot;copyright&quot;:&quot;&quot;,&quot;focal_length&quot;:&quot;0&quot;,&quot;iso&quot;:&quot;0&quot;,&quot;shutter_speed&quot;:&quot;0&quot;,&quot;title&quot;:&quot;&quot;,&quot;orientation&quot;:&quot;1&quot;}\" data-image-title=\"1982marakechdjemaelfnaa4yenapafoulcan_copy_1024x6894529516149657157105\" data-image-description=\"\" data-image-caption=\"\" data-large-file=\"https:\/\/i0.wp.com\/humm.loverde.fr\/wp-content\/uploads\/2024\/08\/1982marakechdjemaelfnaa4yenapafoulcan_copy_1024x6894529516149657157105.jpg?fit=960%2C646&amp;ssl=1\" class=\"wp-image-11012 alignnone size-full\" src=\"https:\/\/i0.wp.com\/humm.loverde.fr\/wp-content\/uploads\/2024\/08\/1982marakechdjemaelfnaa4yenapafoulcan_copy_1024x6894529516149657157105.jpg?resize=1024%2C689&#038;ssl=1\" width=\"1024\" height=\"689\" srcset=\"https:\/\/i0.wp.com\/humm.loverde.fr\/wp-content\/uploads\/2024\/08\/1982marakechdjemaelfnaa4yenapafoulcan_copy_1024x6894529516149657157105.jpg?w=1024&amp;ssl=1 1024w, https:\/\/i0.wp.com\/humm.loverde.fr\/wp-content\/uploads\/2024\/08\/1982marakechdjemaelfnaa4yenapafoulcan_copy_1024x6894529516149657157105.jpg?resize=595%2C400&amp;ssl=1 595w, https:\/\/i0.wp.com\/humm.loverde.fr\/wp-content\/uploads\/2024\/08\/1982marakechdjemaelfnaa4yenapafoulcan_copy_1024x6894529516149657157105.jpg?resize=960%2C646&amp;ssl=1 960w, https:\/\/i0.wp.com\/humm.loverde.fr\/wp-content\/uploads\/2024\/08\/1982marakechdjemaelfnaa4yenapafoulcan_copy_1024x6894529516149657157105.jpg?resize=768%2C517&amp;ssl=1 768w\" sizes=\"auto, (max-width: 1024px) 100vw, 1024px\" \/><\/p>\n<h2>Note<\/h2>\n<p>En cherchant une photo dans mon cloud pour illustrer un article <em>souvenirs <\/em>je suis tomb\u00e9 sur cette photo de la place djema el fna que j&rsquo;avais intitul\u00e9 \u00ab\u00a0yenapafoulcan\u00a0\u00bb ce qui a d\u00e9clench\u00e9 l&rsquo;\u00e9criture et le retour \u00e0 la surface de ce souvenir.<\/p>\n<p><img data-recalc-dims=\"1\" loading=\"lazy\" decoding=\"async\" data-attachment-id=\"11026\" data-permalink=\"https:\/\/humm.loverde.fr\/?attachment_id=11026\" data-orig-file=\"https:\/\/i0.wp.com\/humm.loverde.fr\/wp-content\/uploads\/2024\/08\/1982marakechdjemaelfnaa-02_copy_1024x6677850310072915990577.jpg?fit=1024%2C667&amp;ssl=1\" data-orig-size=\"1024,667\" data-comments-opened=\"1\" data-image-meta=\"{&quot;aperture&quot;:&quot;0&quot;,&quot;credit&quot;:&quot;&quot;,&quot;camera&quot;:&quot;&quot;,&quot;caption&quot;:&quot;&quot;,&quot;created_timestamp&quot;:&quot;0&quot;,&quot;copyright&quot;:&quot;&quot;,&quot;focal_length&quot;:&quot;0&quot;,&quot;iso&quot;:&quot;0&quot;,&quot;shutter_speed&quot;:&quot;0&quot;,&quot;title&quot;:&quot;&quot;,&quot;orientation&quot;:&quot;1&quot;}\" data-image-title=\"1982marakechdjemaelfnaa-02_copy_1024x6677850310072915990577\" data-image-description=\"\" data-image-caption=\"\" data-large-file=\"https:\/\/i0.wp.com\/humm.loverde.fr\/wp-content\/uploads\/2024\/08\/1982marakechdjemaelfnaa-02_copy_1024x6677850310072915990577.jpg?fit=960%2C625&amp;ssl=1\" class=\"wp-image-11026 alignnone size-full\" src=\"https:\/\/i0.wp.com\/humm.loverde.fr\/wp-content\/uploads\/2024\/08\/1982marakechdjemaelfnaa-02_copy_1024x6677850310072915990577.jpg?resize=1024%2C667&#038;ssl=1\" width=\"1024\" height=\"667\" data-temp-aztec-id=\"6da12fed-9ae7-46bd-9b96-44491a5ab545\" srcset=\"https:\/\/i0.wp.com\/humm.loverde.fr\/wp-content\/uploads\/2024\/08\/1982marakechdjemaelfnaa-02_copy_1024x6677850310072915990577.jpg?w=1024&amp;ssl=1 1024w, https:\/\/i0.wp.com\/humm.loverde.fr\/wp-content\/uploads\/2024\/08\/1982marakechdjemaelfnaa-02_copy_1024x6677850310072915990577.jpg?resize=595%2C388&amp;ssl=1 595w, https:\/\/i0.wp.com\/humm.loverde.fr\/wp-content\/uploads\/2024\/08\/1982marakechdjemaelfnaa-02_copy_1024x6677850310072915990577.jpg?resize=960%2C625&amp;ssl=1 960w, https:\/\/i0.wp.com\/humm.loverde.fr\/wp-content\/uploads\/2024\/08\/1982marakechdjemaelfnaa-02_copy_1024x6677850310072915990577.jpg?resize=768%2C500&amp;ssl=1 768w\" sizes=\"auto, (max-width: 1024px) 100vw, 1024px\" \/><\/p>\n<p><a href=\"http:\/\/bit.ly\/Christian_Loverde\">bit.ly\/Christian_Loverde<\/a><\/p>\n<p><a href=\"https:\/\/i0.wp.com\/humm.loverde.fr\/wp-content\/uploads\/2024\/08\/IMG_20240808_235745_772.jpg?ssl=1\" rel=\"attachment wp-att-10994\"><img data-recalc-dims=\"1\" loading=\"lazy\" decoding=\"async\" data-attachment-id=\"10994\" data-permalink=\"https:\/\/humm.loverde.fr\/?attachment_id=10994\" data-orig-file=\"https:\/\/i0.wp.com\/humm.loverde.fr\/wp-content\/uploads\/2024\/08\/IMG_20240808_235745_772.jpg?fit=1024%2C641&amp;ssl=1\" data-orig-size=\"1024,641\" data-comments-opened=\"1\" data-image-meta=\"{&quot;aperture&quot;:&quot;0&quot;,&quot;credit&quot;:&quot;&quot;,&quot;camera&quot;:&quot;&quot;,&quot;caption&quot;:&quot;&quot;,&quot;created_timestamp&quot;:&quot;0&quot;,&quot;copyright&quot;:&quot;&quot;,&quot;focal_length&quot;:&quot;0&quot;,&quot;iso&quot;:&quot;0&quot;,&quot;shutter_speed&quot;:&quot;0&quot;,&quot;title&quot;:&quot;&quot;,&quot;orientation&quot;:&quot;0&quot;}\" data-image-title=\"IMG_20240808_235745_772\" data-image-description=\"\" data-image-caption=\"\" data-large-file=\"https:\/\/i0.wp.com\/humm.loverde.fr\/wp-content\/uploads\/2024\/08\/IMG_20240808_235745_772.jpg?fit=960%2C601&amp;ssl=1\" class=\"alignnone size-full wp-image-10994\" src=\"https:\/\/i0.wp.com\/humm.loverde.fr\/wp-content\/uploads\/2024\/08\/IMG_20240808_235745_772.jpg?resize=960%2C9999&#038;ssl=1\" alt=\"\" title=\"img_20240808_235745_772-jpg\" width=\"960\" height=\"9999\"><\/a><\/p>\n","protected":false},"excerpt":{"rendered":"<p>Les Gnawa Les Gnawa sont un groupe ethnique et culturel d&rsquo;Afrique du Nord, principalement au Maroc. Ils sont descendants d&rsquo;esclaves &hellip; <\/p>\n","protected":false},"author":3,"featured_media":10994,"comment_status":"open","ping_status":"","sticky":false,"template":"","format":"standard","meta":{"jetpack_post_was_ever_published":false,"_jetpack_newsletter_access":"","_jetpack_dont_email_post_to_subs":false,"_jetpack_newsletter_tier_id":0,"_jetpack_memberships_contains_paywalled_content":false,"_jetpack_memberships_contains_paid_content":false,"footnotes":"","jetpack_publicize_message":"","jetpack_publicize_feature_enabled":true,"jetpack_social_post_already_shared":true,"jetpack_social_options":{"image_generator_settings":{"template":"highway","default_image_id":0,"font":"","enabled":false},"version":2}},"categories":[12],"tags":[1752,1753,1754],"class_list":["post-10993","post","type-post","status-publish","format-standard","has-post-thumbnail","hentry","category-souvenirs","tag-gnawa","tag-guembri","tag-krakebs"],"jetpack_publicize_connections":[],"jetpack_featured_media_url":"https:\/\/i0.wp.com\/humm.loverde.fr\/wp-content\/uploads\/2024\/08\/IMG_20240808_235745_772.jpg?fit=1024%2C641&ssl=1","jetpack_sharing_enabled":true,"jetpack_shortlink":"https:\/\/wp.me\/p9whbF-2Rj","jetpack_likes_enabled":true,"jetpack-related-posts":[{"id":2965,"url":"https:\/\/humm.loverde.fr\/?p=2965","url_meta":{"origin":10993,"position":0},"title":"Les Sept Dormants d&rsquo;\u00c9ph\u00e8se","author":"cloverde","date":"27 mai 2018","format":false,"excerpt":"Sept Dormants d'\u00c9ph\u00e8se Illustration : L'empereur D\u00e8ce ordonnant l'emmurement des Sept Dormants. D'apr\u00e8s un manuscrit du xive si\u00e8cle. Article provenant pour partie de Wikipedia. L\u00e9gende similaire \u00e0 \"la belle au bois dormant\" ou ayant servi de source? Les Sept Dormants d'\u00c9ph\u00e8se est un miracle qui semble commun aux chr\u00e9tiens et\u2026","rel":"","context":"Dans &quot;Contes&quot;","block_context":{"text":"Contes","link":"https:\/\/humm.loverde.fr\/?cat=725"},"img":{"alt_text":"","src":"https:\/\/i0.wp.com\/humm.loverde.fr\/wp-content\/uploads\/2018\/05\/IMG_4022.jpg?resize=350%2C200&ssl=1","width":350,"height":200,"srcset":"https:\/\/i0.wp.com\/humm.loverde.fr\/wp-content\/uploads\/2018\/05\/IMG_4022.jpg?resize=350%2C200&ssl=1 1x, https:\/\/i0.wp.com\/humm.loverde.fr\/wp-content\/uploads\/2018\/05\/IMG_4022.jpg?resize=525%2C300&ssl=1 1.5x, https:\/\/i0.wp.com\/humm.loverde.fr\/wp-content\/uploads\/2018\/05\/IMG_4022.jpg?resize=700%2C400&ssl=1 2x"},"classes":[]},{"id":6719,"url":"https:\/\/humm.loverde.fr\/?p=6719","url_meta":{"origin":10993,"position":1},"title":"Hier, les oiseaux &#8211; Kate Wilhelm","author":"cloverde","date":"7 octobre 2021","format":false,"excerpt":"07\/10 1977 SF 4i\u00e8me de couverture La plan\u00e8te est exsangue, ravag\u00e9e par la pollution, la guerre, la maladie. Les Sumner, de riches propri\u00e9taires terriens, pressentent que l'effondrement du monde est proche. Ils d\u00e9cident de construire \u00e0 Bear Creek, dans leur domaine de Virginie, un centre de recherches scientifiques et d'y\u2026","rel":"","context":"Dans &quot;Lectures&quot;","block_context":{"text":"Lectures","link":"https:\/\/humm.loverde.fr\/?cat=1"},"img":{"alt_text":"","src":"https:\/\/i0.wp.com\/humm.loverde.fr\/wp-content\/uploads\/2021\/09\/tGYrlchfObE-1-01-scaled.jpeg?fit=1200%2C1200&ssl=1&resize=350%2C200","width":350,"height":200,"srcset":"https:\/\/i0.wp.com\/humm.loverde.fr\/wp-content\/uploads\/2021\/09\/tGYrlchfObE-1-01-scaled.jpeg?fit=1200%2C1200&ssl=1&resize=350%2C200 1x, https:\/\/i0.wp.com\/humm.loverde.fr\/wp-content\/uploads\/2021\/09\/tGYrlchfObE-1-01-scaled.jpeg?fit=1200%2C1200&ssl=1&resize=525%2C300 1.5x, https:\/\/i0.wp.com\/humm.loverde.fr\/wp-content\/uploads\/2021\/09\/tGYrlchfObE-1-01-scaled.jpeg?fit=1200%2C1200&ssl=1&resize=700%2C400 2x, https:\/\/i0.wp.com\/humm.loverde.fr\/wp-content\/uploads\/2021\/09\/tGYrlchfObE-1-01-scaled.jpeg?fit=1200%2C1200&ssl=1&resize=1050%2C600 3x"},"classes":[]},{"id":11439,"url":"https:\/\/humm.loverde.fr\/?p=11439","url_meta":{"origin":10993,"position":2},"title":"Pete Best et l&rsquo;arachnologue","author":"cloverde","date":"16 novembre 2024","format":false,"excerpt":"L\u00e0 nous ne sommes plus dans des chansons en liaison avec les films et les s\u00e9ries mais toujours une petite relation entre musique et film. Et comme d'habitude si c'est en relation avec les Beatles \u00e7a ne risque pas de m'\u00e9chapper.Dans le film Salt, Mike est l'arachnologue qui travaille en\u2026","rel":"","context":"Dans &quot;Cin\u00e9ma&quot;","block_context":{"text":"Cin\u00e9ma","link":"https:\/\/humm.loverde.fr\/?cat=138"},"img":{"alt_text":"","src":"https:\/\/i0.wp.com\/humm.loverde.fr\/wp-content\/uploads\/2024\/09\/1000001681.jpg?fit=1024%2C427&ssl=1&resize=350%2C200","width":350,"height":200,"srcset":"https:\/\/i0.wp.com\/humm.loverde.fr\/wp-content\/uploads\/2024\/09\/1000001681.jpg?fit=1024%2C427&ssl=1&resize=350%2C200 1x, https:\/\/i0.wp.com\/humm.loverde.fr\/wp-content\/uploads\/2024\/09\/1000001681.jpg?fit=1024%2C427&ssl=1&resize=525%2C300 1.5x, https:\/\/i0.wp.com\/humm.loverde.fr\/wp-content\/uploads\/2024\/09\/1000001681.jpg?fit=1024%2C427&ssl=1&resize=700%2C400 2x"},"classes":[]},{"id":8656,"url":"https:\/\/humm.loverde.fr\/?p=8656","url_meta":{"origin":10993,"position":3},"title":"Supercookies et cookies Zombie","author":"cloverde","date":"17 ao\u00fbt 2023","format":false,"excerpt":"L'informatique de l'\u00e9t\u00e9, sans votre ordinateur, une s\u00e9rie d'articles sortis de derri\u00e8re les fagots et remis au go\u00fbt du jour. Je me suis pench\u00e9 du c\u00f4t\u00e9 des cookies et j'ai fait quelques d\u00e9couvertes. \u2022 Les cookies Tout le monde conna\u00eet les cookies que l'on peut accepter ou refuser conform\u00e9ment au\u2026","rel":"","context":"Dans &quot;Informatique&quot;","block_context":{"text":"Informatique","link":"https:\/\/humm.loverde.fr\/?cat=544"},"img":{"alt_text":"","src":"https:\/\/i0.wp.com\/humm.loverde.fr\/wp-content\/uploads\/2023\/07\/IMG_20230723_103820_858.jpg?fit=1024%2C768&ssl=1&resize=350%2C200","width":350,"height":200,"srcset":"https:\/\/i0.wp.com\/humm.loverde.fr\/wp-content\/uploads\/2023\/07\/IMG_20230723_103820_858.jpg?fit=1024%2C768&ssl=1&resize=350%2C200 1x, https:\/\/i0.wp.com\/humm.loverde.fr\/wp-content\/uploads\/2023\/07\/IMG_20230723_103820_858.jpg?fit=1024%2C768&ssl=1&resize=525%2C300 1.5x, https:\/\/i0.wp.com\/humm.loverde.fr\/wp-content\/uploads\/2023\/07\/IMG_20230723_103820_858.jpg?fit=1024%2C768&ssl=1&resize=700%2C400 2x"},"classes":[]},{"id":8883,"url":"https:\/\/humm.loverde.fr\/?p=8883","url_meta":{"origin":10993,"position":4},"title":"Stuart Turton, L&rsquo;etrange travers\u00e9e du Saardam","author":"cloverde","date":"9 septembre 2023","format":false,"excerpt":"R\u00e9sum\u00e9 1634. Le Saardam quitte les Indes orientales pour Amsterdam. \u00c0 son bord : le gouverneur de l'\u00eele de Batavia, sa femme et sa fille. Au fond de la cale, un prisonnier : le c\u00e9l\u00e8bre d\u00e9tective Samuel Pipps, victime d'une sombre affaire. Alors que la travers\u00e9e s'av\u00e8re difficile et p\u00e9rilleuse,\u2026","rel":"","context":"Dans &quot;lecture&quot;","block_context":{"text":"lecture","link":"https:\/\/humm.loverde.fr\/?cat=1068"},"img":{"alt_text":"","src":"https:\/\/i0.wp.com\/humm.loverde.fr\/wp-content\/uploads\/2023\/08\/IMG_20230813_160459_577.jpg?resize=350%2C200&ssl=1","width":350,"height":200},"classes":[]},{"id":10309,"url":"https:\/\/humm.loverde.fr\/?p=10309","url_meta":{"origin":10993,"position":5},"title":"Theda Bara","author":"kris33390","date":"21 juin 2024","format":false,"excerpt":"En marge de la lecture du livre de Walter Tevis - L'oiseau moqueur, j'ai fait une petite recherche sur une actrice, Theda Bara, au d\u00e9part juste pour v\u00e9rifier qu'elle existait, puis comme d'habitude, de lien en lien, de copi\u00e9 en coll\u00e9, je me suis \u00e9vad\u00e9 \u00e0 un moment un peu\u2026","rel":"","context":"Dans &quot;Cin\u00e9ma&quot;","block_context":{"text":"Cin\u00e9ma","link":"https:\/\/humm.loverde.fr\/?cat=138"},"img":{"alt_text":"","src":"https:\/\/i0.wp.com\/humm.loverde.fr\/wp-content\/uploads\/2024\/05\/screenshot_2024-05-11-09-30-40-826-edit_com3790089102198905133.jpg?fit=600%2C792&ssl=1&resize=350%2C200","width":350,"height":200,"srcset":"https:\/\/i0.wp.com\/humm.loverde.fr\/wp-content\/uploads\/2024\/05\/screenshot_2024-05-11-09-30-40-826-edit_com3790089102198905133.jpg?fit=600%2C792&ssl=1&resize=350%2C200 1x, https:\/\/i0.wp.com\/humm.loverde.fr\/wp-content\/uploads\/2024\/05\/screenshot_2024-05-11-09-30-40-826-edit_com3790089102198905133.jpg?fit=600%2C792&ssl=1&resize=525%2C300 1.5x"},"classes":[]}],"_links":{"self":[{"href":"https:\/\/humm.loverde.fr\/index.php?rest_route=\/wp\/v2\/posts\/10993","targetHints":{"allow":["GET"]}}],"collection":[{"href":"https:\/\/humm.loverde.fr\/index.php?rest_route=\/wp\/v2\/posts"}],"about":[{"href":"https:\/\/humm.loverde.fr\/index.php?rest_route=\/wp\/v2\/types\/post"}],"author":[{"embeddable":true,"href":"https:\/\/humm.loverde.fr\/index.php?rest_route=\/wp\/v2\/users\/3"}],"replies":[{"embeddable":true,"href":"https:\/\/humm.loverde.fr\/index.php?rest_route=%2Fwp%2Fv2%2Fcomments&post=10993"}],"version-history":[{"count":23,"href":"https:\/\/humm.loverde.fr\/index.php?rest_route=\/wp\/v2\/posts\/10993\/revisions"}],"predecessor-version":[{"id":11387,"href":"https:\/\/humm.loverde.fr\/index.php?rest_route=\/wp\/v2\/posts\/10993\/revisions\/11387"}],"wp:featuredmedia":[{"embeddable":true,"href":"https:\/\/humm.loverde.fr\/index.php?rest_route=\/wp\/v2\/media\/10994"}],"wp:attachment":[{"href":"https:\/\/humm.loverde.fr\/index.php?rest_route=%2Fwp%2Fv2%2Fmedia&parent=10993"}],"wp:term":[{"taxonomy":"category","embeddable":true,"href":"https:\/\/humm.loverde.fr\/index.php?rest_route=%2Fwp%2Fv2%2Fcategories&post=10993"},{"taxonomy":"post_tag","embeddable":true,"href":"https:\/\/humm.loverde.fr\/index.php?rest_route=%2Fwp%2Fv2%2Ftags&post=10993"}],"curies":[{"name":"wp","href":"https:\/\/api.w.org\/{rel}","templated":true}]}}