{"id":11523,"date":"2024-12-17T06:00:10","date_gmt":"2024-12-17T05:00:10","guid":{"rendered":"https:\/\/humm.loverde.fr\/?p=11523"},"modified":"2024-12-17T06:37:25","modified_gmt":"2024-12-17T05:37:25","slug":"cake-aux-flocons-davoine","status":"publish","type":"post","link":"https:\/\/humm.loverde.fr\/?p=11523","title":{"rendered":"Cake aux flocons d&rsquo;avoine"},"content":{"rendered":"<p>J&rsquo;avais achet\u00e9 des flocons d&rsquo;avoine pour faire des galettes :<br \/>\n<a href=\"https:\/\/humm.loverde.fr\/?p=11109\">https:\/\/humm.loverde.fr\/?p=11109<\/a><br \/>\nIl en restait et, comme je ne compte pas en refaire tout de suite, j&rsquo;ai cherch\u00e9 et trouv\u00e9 une recette de cake aux flocons d&rsquo;avoine.<\/p>\n<p>Voici une recette adapt\u00e9e pour un cake aux flocons d&rsquo;avoine moins sucr\u00e9, avec des raisins secs, et en utilisant seulement 125g de flocons.<br \/>\nAu d\u00e9part c&rsquo;\u00e9tait 200 g de flocons d&rsquo;avoine mais j&rsquo;ai eu peur que \u00e7a fasse trop alors j&rsquo;ai demand\u00e9 les proportions avec 125 g et peut-\u00eatre que la prochaine fois je ferai avec deux cent grammes vu qu&rsquo;il n&rsquo;\u00e9tait pas tr\u00e8s gros.<\/p>\n<p><img data-recalc-dims=\"1\" loading=\"lazy\" decoding=\"async\" data-attachment-id=\"11524\" data-permalink=\"https:\/\/humm.loverde.fr\/?attachment_id=11524\" data-orig-file=\"https:\/\/i0.wp.com\/humm.loverde.fr\/wp-content\/uploads\/2024\/10\/IMG_20241009_105632_932.jpg?fit=1280%2C576&amp;ssl=1\" data-orig-size=\"1280,576\" data-comments-opened=\"1\" data-image-meta=\"{&quot;aperture&quot;:&quot;0&quot;,&quot;credit&quot;:&quot;&quot;,&quot;camera&quot;:&quot;&quot;,&quot;caption&quot;:&quot;&quot;,&quot;created_timestamp&quot;:&quot;0&quot;,&quot;copyright&quot;:&quot;&quot;,&quot;focal_length&quot;:&quot;0&quot;,&quot;iso&quot;:&quot;0&quot;,&quot;shutter_speed&quot;:&quot;0&quot;,&quot;title&quot;:&quot;&quot;,&quot;orientation&quot;:&quot;0&quot;}\" data-image-title=\"IMG_20241009_105632_932\" data-image-description=\"\" data-image-caption=\"\" data-large-file=\"https:\/\/i0.wp.com\/humm.loverde.fr\/wp-content\/uploads\/2024\/10\/IMG_20241009_105632_932.jpg?fit=960%2C432&amp;ssl=1\" class=\"wp-image-11524 alignnone size-full\" src=\"https:\/\/i0.wp.com\/humm.loverde.fr\/wp-content\/uploads\/2024\/10\/IMG_20241009_105632_932.jpg?resize=1200%2C540&#038;ssl=1\" width=\"1200\" height=\"540\" srcset=\"https:\/\/i0.wp.com\/humm.loverde.fr\/wp-content\/uploads\/2024\/10\/IMG_20241009_105632_932.jpg?w=1280&amp;ssl=1 1280w, https:\/\/i0.wp.com\/humm.loverde.fr\/wp-content\/uploads\/2024\/10\/IMG_20241009_105632_932.jpg?resize=595%2C268&amp;ssl=1 595w, https:\/\/i0.wp.com\/humm.loverde.fr\/wp-content\/uploads\/2024\/10\/IMG_20241009_105632_932.jpg?resize=960%2C432&amp;ssl=1 960w, https:\/\/i0.wp.com\/humm.loverde.fr\/wp-content\/uploads\/2024\/10\/IMG_20241009_105632_932.jpg?resize=768%2C346&amp;ssl=1 768w\" sizes=\"auto, (max-width: 1200px) 100vw, 1200px\" \/><\/p>\n<h2>Ingr\u00e9dients :<\/h2>\n<ul>\n<li>125g de flocons d&rsquo;avoine<\/li>\n<\/ul>\n<ul>\n<li>100g de farine<\/li>\n<li>60g de sucre (ajustez selon votre pr\u00e9f\u00e9rence)<\/li>\n<li>1 sachet de levure chimique<\/li>\n<li>1\/2 cuill\u00e8re \u00e0 caf\u00e9 de cannelle<\/li>\n<li>1 pinc\u00e9e de sel<\/li>\n<li>80ml d&rsquo;huile<\/li>\n<li>2 \u0153ufs<\/li>\n<li>100ml de lait<\/li>\n<li>50g de raisins secs tremp\u00e9s dans l&rsquo;eau bouillante et essor\u00e9s.<\/li>\n<\/ul>\n<h2>Pr\u00e9paration :<\/h2>\n<p>Pr\u00e9chauffez votre four \u00e0 180\u00b0C.<br \/>\nM\u00e9langez dans un saladier les flocons d&rsquo;avoine, la farine, le sucre, la levure, la cannelle et le sel.<br \/>\nAjoutez l&rsquo;huile, les \u0153ufs et le lait. M\u00e9langez bien jusqu&rsquo;\u00e0 obtenir une p\u00e2te homog\u00e8ne.<br \/>\nIncorporez les raisins secs.<br \/>\nVersez la pr\u00e9paration dans un moule \u00e0 cake beurr\u00e9 et farin\u00e9.<br \/>\nEnfournez pendant 30 \u00e0 35 minutes, ou jusqu&rsquo;\u00e0 ce que le cake soit dor\u00e9 et que la lame d&rsquo;un couteau en ressorte s\u00e8che.<br \/>\nLaissez refroidir compl\u00e8tement avant de d\u00e9guster.<br \/>\nConseils suppl\u00e9mentaires :<br \/>\nMoins sucr\u00e9 : Si vous souhaitez encore moins de sucre, r\u00e9duisez-en la quantit\u00e9 ou utilisez un \u00e9dulcorant naturel comme le sirop d&rsquo;\u00e9rable.<br \/>\nTexture moelleuse : Pour une texture plus moelleuse, vous pouvez ajouter une compote de pommes non sucr\u00e9e.<\/p>\n<h2>Variante<\/h2>\n<p>Pour un go\u00fbt plus intense, vous pouvez ajouter des zestes d&rsquo;orange ou de citron non trait\u00e9s.<\/p>\n<h3>Verdict<\/h3>\n<p>Excellent et les raisins secs ne sont pas tomb\u00e9s sur le fond !<\/p>\n<div data-carousel-extra='{&quot;blog_id&quot;:1,&quot;permalink&quot;:&quot;https:\/\/humm.loverde.fr\/?p=11523&quot;}' id='gallery-1' class='gallery galleryid-11523 gallery-columns-3 gallery-size-thumbnail'><figure class='gallery-item'>\n\t\t\t<div class='gallery-icon landscape'>\n\t\t\t\t<a href='https:\/\/humm.loverde.fr\/?attachment_id=11524'><img loading=\"lazy\" decoding=\"async\" width=\"480\" height=\"576\" src=\"https:\/\/i0.wp.com\/humm.loverde.fr\/wp-content\/uploads\/2024\/10\/IMG_20241009_105632_932.jpg?resize=480%2C576&amp;ssl=1\" class=\"attachment-thumbnail size-thumbnail\" alt=\"\" srcset=\"https:\/\/i0.wp.com\/humm.loverde.fr\/wp-content\/uploads\/2024\/10\/IMG_20241009_105632_932.jpg?resize=480%2C576&amp;ssl=1 480w, https:\/\/i0.wp.com\/humm.loverde.fr\/wp-content\/uploads\/2024\/10\/IMG_20241009_105632_932.jpg?zoom=2&amp;resize=480%2C576&amp;ssl=1 960w\" sizes=\"auto, (max-width: 480px) 100vw, 480px\" data-attachment-id=\"11524\" data-permalink=\"https:\/\/humm.loverde.fr\/?attachment_id=11524\" data-orig-file=\"https:\/\/i0.wp.com\/humm.loverde.fr\/wp-content\/uploads\/2024\/10\/IMG_20241009_105632_932.jpg?fit=1280%2C576&amp;ssl=1\" data-orig-size=\"1280,576\" data-comments-opened=\"1\" data-image-meta=\"{&quot;aperture&quot;:&quot;0&quot;,&quot;credit&quot;:&quot;&quot;,&quot;camera&quot;:&quot;&quot;,&quot;caption&quot;:&quot;&quot;,&quot;created_timestamp&quot;:&quot;0&quot;,&quot;copyright&quot;:&quot;&quot;,&quot;focal_length&quot;:&quot;0&quot;,&quot;iso&quot;:&quot;0&quot;,&quot;shutter_speed&quot;:&quot;0&quot;,&quot;title&quot;:&quot;&quot;,&quot;orientation&quot;:&quot;0&quot;}\" data-image-title=\"IMG_20241009_105632_932\" data-image-description=\"\" data-image-caption=\"\" data-large-file=\"https:\/\/i0.wp.com\/humm.loverde.fr\/wp-content\/uploads\/2024\/10\/IMG_20241009_105632_932.jpg?fit=960%2C432&amp;ssl=1\" \/><\/a>\n\t\t\t<\/div><\/figure><figure class='gallery-item'>\n\t\t\t<div class='gallery-icon landscape'>\n\t\t\t\t<a href='https:\/\/humm.loverde.fr\/?attachment_id=11525'><img loading=\"lazy\" decoding=\"async\" width=\"480\" height=\"576\" src=\"https:\/\/i0.wp.com\/humm.loverde.fr\/wp-content\/uploads\/2024\/10\/IMG_20241009_105632_900.jpg?resize=480%2C576&amp;ssl=1\" class=\"attachment-thumbnail size-thumbnail\" alt=\"\" srcset=\"https:\/\/i0.wp.com\/humm.loverde.fr\/wp-content\/uploads\/2024\/10\/IMG_20241009_105632_900.jpg?resize=480%2C576&amp;ssl=1 480w, https:\/\/i0.wp.com\/humm.loverde.fr\/wp-content\/uploads\/2024\/10\/IMG_20241009_105632_900.jpg?zoom=2&amp;resize=480%2C576&amp;ssl=1 960w\" sizes=\"auto, (max-width: 480px) 100vw, 480px\" data-attachment-id=\"11525\" data-permalink=\"https:\/\/humm.loverde.fr\/?attachment_id=11525\" data-orig-file=\"https:\/\/i0.wp.com\/humm.loverde.fr\/wp-content\/uploads\/2024\/10\/IMG_20241009_105632_900.jpg?fit=1280%2C576&amp;ssl=1\" data-orig-size=\"1280,576\" data-comments-opened=\"1\" data-image-meta=\"{&quot;aperture&quot;:&quot;0&quot;,&quot;credit&quot;:&quot;&quot;,&quot;camera&quot;:&quot;&quot;,&quot;caption&quot;:&quot;&quot;,&quot;created_timestamp&quot;:&quot;0&quot;,&quot;copyright&quot;:&quot;&quot;,&quot;focal_length&quot;:&quot;0&quot;,&quot;iso&quot;:&quot;0&quot;,&quot;shutter_speed&quot;:&quot;0&quot;,&quot;title&quot;:&quot;&quot;,&quot;orientation&quot;:&quot;0&quot;}\" data-image-title=\"IMG_20241009_105632_900\" data-image-description=\"\" data-image-caption=\"\" data-large-file=\"https:\/\/i0.wp.com\/humm.loverde.fr\/wp-content\/uploads\/2024\/10\/IMG_20241009_105632_900.jpg?fit=960%2C432&amp;ssl=1\" \/><\/a>\n\t\t\t<\/div><\/figure>\n\t\t<\/div>\n\n","protected":false},"excerpt":{"rendered":"<p>J&rsquo;avais achet\u00e9 des flocons d&rsquo;avoine pour faire des galettes : https:\/\/humm.loverde.fr\/?p=11109 Il en restait et, comme je ne compte pas &hellip; <\/p>\n","protected":false},"author":3,"featured_media":11525,"comment_status":"open","ping_status":"","sticky":false,"template":"","format":"standard","meta":{"jetpack_post_was_ever_published":false,"_jetpack_newsletter_access":"","_jetpack_dont_email_post_to_subs":false,"_jetpack_newsletter_tier_id":0,"_jetpack_memberships_contains_paywalled_content":false,"_jetpack_memberships_contains_paid_content":false,"footnotes":"","jetpack_publicize_message":"","jetpack_publicize_feature_enabled":true,"jetpack_social_post_already_shared":true,"jetpack_social_options":{"image_generator_settings":{"template":"highway","default_image_id":0,"font":"","enabled":false},"version":2}},"categories":[1052],"tags":[329,1761,30],"class_list":["post-11523","post","type-post","status-publish","format-standard","has-post-thumbnail","hentry","category-recette","tag-cake","tag-flocons-davoine","tag-raisins-secs"],"jetpack_publicize_connections":[],"jetpack_featured_media_url":"https:\/\/i0.wp.com\/humm.loverde.fr\/wp-content\/uploads\/2024\/10\/IMG_20241009_105632_900.jpg?fit=1280%2C576&ssl=1","jetpack_sharing_enabled":true,"jetpack_shortlink":"https:\/\/wp.me\/p9whbF-2ZR","jetpack_likes_enabled":true,"jetpack-related-posts":[{"id":11109,"url":"https:\/\/humm.loverde.fr\/?p=11109","url_meta":{"origin":11523,"position":0},"title":"Galettes flocons d\u2019avoine et courgettes","author":"kris33390","date":"1 octobre 2024","format":false,"excerpt":"Ingr\u00e9dients Pour 4 personnes \u2022 300 g de Courgette \u2022 300 g de flocons d'avoine \u2022 12 cl de Lait de soja \u2022 2 Oeufs \u2022 1 Oignon ou deux \u00e9chalotes Ingr\u00e9dients salade de tomates \u2022 400 g de Tomate \u2022 100 g de Mozzarella \u2022 6 cuill\u00e8re \u00e0 soupe\u2026","rel":"","context":"Dans &quot;recette&quot;","block_context":{"text":"recette","link":"https:\/\/humm.loverde.fr\/?cat=1052"},"img":{"alt_text":"","src":"https:\/\/i0.wp.com\/humm.loverde.fr\/wp-content\/uploads\/2024\/08\/IMG_20240816_012835_848.jpg?fit=1200%2C540&ssl=1&resize=350%2C200","width":350,"height":200,"srcset":"https:\/\/i0.wp.com\/humm.loverde.fr\/wp-content\/uploads\/2024\/08\/IMG_20240816_012835_848.jpg?fit=1200%2C540&ssl=1&resize=350%2C200 1x, https:\/\/i0.wp.com\/humm.loverde.fr\/wp-content\/uploads\/2024\/08\/IMG_20240816_012835_848.jpg?fit=1200%2C540&ssl=1&resize=525%2C300 1.5x, https:\/\/i0.wp.com\/humm.loverde.fr\/wp-content\/uploads\/2024\/08\/IMG_20240816_012835_848.jpg?fit=1200%2C540&ssl=1&resize=700%2C400 2x, https:\/\/i0.wp.com\/humm.loverde.fr\/wp-content\/uploads\/2024\/08\/IMG_20240816_012835_848.jpg?fit=1200%2C540&ssl=1&resize=1050%2C600 3x"},"classes":[]},{"id":4378,"url":"https:\/\/humm.loverde.fr\/?p=4378","url_meta":{"origin":11523,"position":1},"title":"Galettes de flocons d&rsquo;avoine \u00e0 la courgette","author":"cloverde","date":"12 d\u00e9cembre 2019","format":false,"excerpt":"Galettes de flocons d'avoine \u00e0 la courgette Ingr\u00e9dients (6 personnes) 1 courgette r\u00e2p\u00e9e 2 oignons 160g de flocons d'avoine 3 \u0153ufs 1 gousse d'ail 2 cuill\u00e8res \u00e0 soupe de persil Huile d'olive 1 cuill\u00e8re \u00e0 caf\u00e9 de curry Sel, poivre Pr\u00e9paration Faire revenir les oignons \u00e9minc\u00e9s finement dans un peu\u2026","rel":"","context":"Dans &quot;Recettes&quot;","block_context":{"text":"Recettes","link":"https:\/\/humm.loverde.fr\/?cat=2"},"img":{"alt_text":"","src":"https:\/\/i0.wp.com\/humm.loverde.fr\/wp-content\/uploads\/2019\/11\/attachment-20.jpeg?fit=1200%2C675&ssl=1&resize=350%2C200","width":350,"height":200,"srcset":"https:\/\/i0.wp.com\/humm.loverde.fr\/wp-content\/uploads\/2019\/11\/attachment-20.jpeg?fit=1200%2C675&ssl=1&resize=350%2C200 1x, https:\/\/i0.wp.com\/humm.loverde.fr\/wp-content\/uploads\/2019\/11\/attachment-20.jpeg?fit=1200%2C675&ssl=1&resize=525%2C300 1.5x, https:\/\/i0.wp.com\/humm.loverde.fr\/wp-content\/uploads\/2019\/11\/attachment-20.jpeg?fit=1200%2C675&ssl=1&resize=700%2C400 2x, https:\/\/i0.wp.com\/humm.loverde.fr\/wp-content\/uploads\/2019\/11\/attachment-20.jpeg?fit=1200%2C675&ssl=1&resize=1050%2C600 3x"},"classes":[]},{"id":4717,"url":"https:\/\/humm.loverde.fr\/?p=4717","url_meta":{"origin":11523,"position":2},"title":"Les cookies de Barbara","author":"cloverde","date":"17 f\u00e9vrier 2020","format":false,"excerpt":"Les cookies de Barbara Pr\u00e9paration pour r\u00e9aliser des cookies facilement. Elle faisait partie d'un panier cadeau concoct\u00e9 par Barbara et r\u00e9alis\u00e9e le cinq janvier 2020. Il n'y a plus qu'\u00e0 ajouter le beurre fondu et l'\u0153uf. 15 Minutes de cuisson selon le four et il ne reste plus qu'\u00e0 d\u00e9guster.\u2026","rel":"","context":"Dans &quot;recette&quot;","block_context":{"text":"recette","link":"https:\/\/humm.loverde.fr\/?cat=1052"},"img":{"alt_text":"","src":"https:\/\/i0.wp.com\/humm.loverde.fr\/wp-content\/uploads\/2020\/01\/attachment-2.png?fit=800%2C450&ssl=1&resize=350%2C200","width":350,"height":200,"srcset":"https:\/\/i0.wp.com\/humm.loverde.fr\/wp-content\/uploads\/2020\/01\/attachment-2.png?fit=800%2C450&ssl=1&resize=350%2C200 1x, https:\/\/i0.wp.com\/humm.loverde.fr\/wp-content\/uploads\/2020\/01\/attachment-2.png?fit=800%2C450&ssl=1&resize=525%2C300 1.5x, https:\/\/i0.wp.com\/humm.loverde.fr\/wp-content\/uploads\/2020\/01\/attachment-2.png?fit=800%2C450&ssl=1&resize=700%2C400 2x"},"classes":[]},{"id":2772,"url":"https:\/\/humm.loverde.fr\/?p=2772","url_meta":{"origin":11523,"position":3},"title":"Galettes d&rsquo;avoine aux \u00e9pinards","author":"cloverde","date":"30 mai 2018","format":false,"excerpt":"Ingr\u00e9dients 3 oeufs 3 cuill\u00e8res \u00e0 soupe d'\u00e9pinard branche cuits 3 cuill\u00e8res \u00e0 soupe de flocons d'avoine 1 cuill\u00e8re \u00e0 soupe de ch\u00e8vre frais Sel 1 cuill\u00e8re \u00e0 caf\u00e9 de curry Pr\u00e9paration Pour 3 ou 4 personnes, dans un bol, cassez et battez les \u0153ufs. Ajoutez 3 cuill\u00e8res \u00e0 soupe\u2026","rel":"","context":"Dans &quot;Recettes&quot;","block_context":{"text":"Recettes","link":"https:\/\/humm.loverde.fr\/?cat=2"},"img":{"alt_text":"","src":"https:\/\/i0.wp.com\/humm.loverde.fr\/wp-content\/uploads\/2018\/04\/88d8e18c7ecb322ef8992d73dc9c5990.jpeg?fit=800%2C450&ssl=1&resize=350%2C200","width":350,"height":200,"srcset":"https:\/\/i0.wp.com\/humm.loverde.fr\/wp-content\/uploads\/2018\/04\/88d8e18c7ecb322ef8992d73dc9c5990.jpeg?fit=800%2C450&ssl=1&resize=350%2C200 1x, https:\/\/i0.wp.com\/humm.loverde.fr\/wp-content\/uploads\/2018\/04\/88d8e18c7ecb322ef8992d73dc9c5990.jpeg?fit=800%2C450&ssl=1&resize=525%2C300 1.5x, https:\/\/i0.wp.com\/humm.loverde.fr\/wp-content\/uploads\/2018\/04\/88d8e18c7ecb322ef8992d73dc9c5990.jpeg?fit=800%2C450&ssl=1&resize=700%2C400 2x"},"classes":[]},{"id":7191,"url":"https:\/\/humm.loverde.fr\/?p=7191","url_meta":{"origin":11523,"position":4},"title":"Galettes de courgettes","author":"cloverde","date":"30 avril 2022","format":false,"excerpt":"Une recette de ma maman qui a fait l'unanimit\u00e9 dans la famille. Cette fois-ci je l'ai r\u00e9alis\u00e9e. J'avais d\u00e9j\u00e0 fait un truc approchant avec des flocons d'avoine : galettes-de-flocons-davoine-a-la-courgette Ingr\u00e9dients \u2022 2 courgette r\u00e2p\u00e9es (le nombre d\u00e9pend de leur grosseur) \u2022 100 g de gruy\u00e8re \u2022 3 oeufs \u2022 1\u2026","rel":"","context":"Dans &quot;Recettes&quot;","block_context":{"text":"Recettes","link":"https:\/\/humm.loverde.fr\/?cat=2"},"img":{"alt_text":"","src":"https:\/\/i0.wp.com\/humm.loverde.fr\/wp-content\/uploads\/2022\/03\/IMG_20220227_124836_copy_1280x720_1-1.jpg?fit=1200%2C675&ssl=1&resize=350%2C200","width":350,"height":200,"srcset":"https:\/\/i0.wp.com\/humm.loverde.fr\/wp-content\/uploads\/2022\/03\/IMG_20220227_124836_copy_1280x720_1-1.jpg?fit=1200%2C675&ssl=1&resize=350%2C200 1x, https:\/\/i0.wp.com\/humm.loverde.fr\/wp-content\/uploads\/2022\/03\/IMG_20220227_124836_copy_1280x720_1-1.jpg?fit=1200%2C675&ssl=1&resize=525%2C300 1.5x, https:\/\/i0.wp.com\/humm.loverde.fr\/wp-content\/uploads\/2022\/03\/IMG_20220227_124836_copy_1280x720_1-1.jpg?fit=1200%2C675&ssl=1&resize=700%2C400 2x, https:\/\/i0.wp.com\/humm.loverde.fr\/wp-content\/uploads\/2022\/03\/IMG_20220227_124836_copy_1280x720_1-1.jpg?fit=1200%2C675&ssl=1&resize=1050%2C600 3x"},"classes":[]},{"id":3925,"url":"https:\/\/humm.loverde.fr\/?p=3925","url_meta":{"origin":11523,"position":5},"title":"Mantecaos","author":"cloverde","date":"9 septembre 2019","format":false,"excerpt":"Mantecaos Apr\u00e8s avoir test\u00e9 plusieurs variantes de mantecaos, poudre d'amande ajout\u00e9e, son d'avoine m\u00e9lang\u00e9 avec la farine, levure chimique pour esp\u00e9rer les rendre plus l\u00e9gers... Je suis revenu \u00e0 la recette traditionnelle, farine, sucre et huile. Je pense que l'on peut diminuer la quantit\u00e9 de sucre mais je n'ai pas\u2026","rel":"","context":"Dans &quot;Recettes&quot;","block_context":{"text":"Recettes","link":"https:\/\/humm.loverde.fr\/?cat=2"},"img":{"alt_text":"","src":"https:\/\/i0.wp.com\/humm.loverde.fr\/wp-content\/uploads\/2019\/07\/Attachment-1-3.png?fit=800%2C453&ssl=1&resize=350%2C200","width":350,"height":200,"srcset":"https:\/\/i0.wp.com\/humm.loverde.fr\/wp-content\/uploads\/2019\/07\/Attachment-1-3.png?fit=800%2C453&ssl=1&resize=350%2C200 1x, https:\/\/i0.wp.com\/humm.loverde.fr\/wp-content\/uploads\/2019\/07\/Attachment-1-3.png?fit=800%2C453&ssl=1&resize=525%2C300 1.5x, https:\/\/i0.wp.com\/humm.loverde.fr\/wp-content\/uploads\/2019\/07\/Attachment-1-3.png?fit=800%2C453&ssl=1&resize=700%2C400 2x"},"classes":[]}],"_links":{"self":[{"href":"https:\/\/humm.loverde.fr\/index.php?rest_route=\/wp\/v2\/posts\/11523","targetHints":{"allow":["GET"]}}],"collection":[{"href":"https:\/\/humm.loverde.fr\/index.php?rest_route=\/wp\/v2\/posts"}],"about":[{"href":"https:\/\/humm.loverde.fr\/index.php?rest_route=\/wp\/v2\/types\/post"}],"author":[{"embeddable":true,"href":"https:\/\/humm.loverde.fr\/index.php?rest_route=\/wp\/v2\/users\/3"}],"replies":[{"embeddable":true,"href":"https:\/\/humm.loverde.fr\/index.php?rest_route=%2Fwp%2Fv2%2Fcomments&post=11523"}],"version-history":[{"count":4,"href":"https:\/\/humm.loverde.fr\/index.php?rest_route=\/wp\/v2\/posts\/11523\/revisions"}],"predecessor-version":[{"id":11699,"href":"https:\/\/humm.loverde.fr\/index.php?rest_route=\/wp\/v2\/posts\/11523\/revisions\/11699"}],"wp:featuredmedia":[{"embeddable":true,"href":"https:\/\/humm.loverde.fr\/index.php?rest_route=\/wp\/v2\/media\/11525"}],"wp:attachment":[{"href":"https:\/\/humm.loverde.fr\/index.php?rest_route=%2Fwp%2Fv2%2Fmedia&parent=11523"}],"wp:term":[{"taxonomy":"category","embeddable":true,"href":"https:\/\/humm.loverde.fr\/index.php?rest_route=%2Fwp%2Fv2%2Fcategories&post=11523"},{"taxonomy":"post_tag","embeddable":true,"href":"https:\/\/humm.loverde.fr\/index.php?rest_route=%2Fwp%2Fv2%2Ftags&post=11523"}],"curies":[{"name":"wp","href":"https:\/\/api.w.org\/{rel}","templated":true}]}}