{"id":11543,"date":"2024-10-29T06:00:17","date_gmt":"2024-10-29T05:00:17","guid":{"rendered":"https:\/\/humm.loverde.fr\/?p=11543"},"modified":"2024-10-14T06:32:04","modified_gmt":"2024-10-14T05:32:04","slug":"gratin-dauphinois","status":"publish","type":"post","link":"https:\/\/humm.loverde.fr\/?p=11543","title":{"rendered":"Gratin dauphinois"},"content":{"rendered":"<p>Inspir\u00e9 du gratin de Marina, et sur ce dont je me suis souvenu au moment de la r\u00e9alisation.<\/p>\n<h2>Ingr\u00e9dients<\/h2>\n<p>\u2022 Pommes de terre<br \/>\n\u2022 30 cl de cr\u00e8me fra\u00eeche semi \u00e9paisse<br \/>\n\u2022 Un m\u00e9lange d&#8217;emmental et cont\u00e9 r\u00e2p\u00e9s<br \/>\n\u2022 un oignon<br \/>\n\u2022 de la chapelure<\/p>\n<p><img data-recalc-dims=\"1\" loading=\"lazy\" decoding=\"async\" data-attachment-id=\"11545\" data-permalink=\"https:\/\/humm.loverde.fr\/?attachment_id=11545\" data-orig-file=\"https:\/\/i0.wp.com\/humm.loverde.fr\/wp-content\/uploads\/2024\/10\/IMG_20241014_072816_674.jpg?fit=1280%2C576&amp;ssl=1\" data-orig-size=\"1280,576\" data-comments-opened=\"1\" data-image-meta=\"{&quot;aperture&quot;:&quot;0&quot;,&quot;credit&quot;:&quot;&quot;,&quot;camera&quot;:&quot;&quot;,&quot;caption&quot;:&quot;&quot;,&quot;created_timestamp&quot;:&quot;0&quot;,&quot;copyright&quot;:&quot;&quot;,&quot;focal_length&quot;:&quot;0&quot;,&quot;iso&quot;:&quot;0&quot;,&quot;shutter_speed&quot;:&quot;0&quot;,&quot;title&quot;:&quot;&quot;,&quot;orientation&quot;:&quot;0&quot;}\" data-image-title=\"IMG_20241014_072816_674\" data-image-description=\"\" data-image-caption=\"\" data-large-file=\"https:\/\/i0.wp.com\/humm.loverde.fr\/wp-content\/uploads\/2024\/10\/IMG_20241014_072816_674.jpg?fit=960%2C432&amp;ssl=1\" src=\"https:\/\/i0.wp.com\/humm.loverde.fr\/wp-content\/uploads\/2024\/10\/IMG_20241014_072816_674.jpg?resize=1200%2C540&#038;ssl=1\" width=\"1200\" height=\"540\" class=\"wp-image-11545 alignnone size-full\" srcset=\"https:\/\/i0.wp.com\/humm.loverde.fr\/wp-content\/uploads\/2024\/10\/IMG_20241014_072816_674.jpg?w=1280&amp;ssl=1 1280w, https:\/\/i0.wp.com\/humm.loverde.fr\/wp-content\/uploads\/2024\/10\/IMG_20241014_072816_674.jpg?resize=595%2C268&amp;ssl=1 595w, https:\/\/i0.wp.com\/humm.loverde.fr\/wp-content\/uploads\/2024\/10\/IMG_20241014_072816_674.jpg?resize=960%2C432&amp;ssl=1 960w, https:\/\/i0.wp.com\/humm.loverde.fr\/wp-content\/uploads\/2024\/10\/IMG_20241014_072816_674.jpg?resize=768%2C346&amp;ssl=1 768w\" sizes=\"auto, (max-width: 1200px) 100vw, 1200px\" \/><\/p>\n<h2>Pr\u00e9paration<\/h2>\n<p>Couper les pommes de terre en lamelles d&rsquo;au moins 2-3 mm d&rsquo;\u00e9paisseur (2).<br \/>\nCuire les pommes de terre \u00e0 la vapeur au micro-ondes (1).<\/p>\n<p><img data-recalc-dims=\"1\" loading=\"lazy\" decoding=\"async\" data-attachment-id=\"11546\" data-permalink=\"https:\/\/humm.loverde.fr\/?attachment_id=11546\" data-orig-file=\"https:\/\/i0.wp.com\/humm.loverde.fr\/wp-content\/uploads\/2024\/10\/IMG_20241014_072816_688.jpg?fit=1280%2C442&amp;ssl=1\" data-orig-size=\"1280,442\" data-comments-opened=\"1\" data-image-meta=\"{&quot;aperture&quot;:&quot;0&quot;,&quot;credit&quot;:&quot;&quot;,&quot;camera&quot;:&quot;&quot;,&quot;caption&quot;:&quot;&quot;,&quot;created_timestamp&quot;:&quot;0&quot;,&quot;copyright&quot;:&quot;&quot;,&quot;focal_length&quot;:&quot;0&quot;,&quot;iso&quot;:&quot;0&quot;,&quot;shutter_speed&quot;:&quot;0&quot;,&quot;title&quot;:&quot;&quot;,&quot;orientation&quot;:&quot;0&quot;}\" data-image-title=\"IMG_20241014_072816_688\" data-image-description=\"\" data-image-caption=\"\" data-large-file=\"https:\/\/i0.wp.com\/humm.loverde.fr\/wp-content\/uploads\/2024\/10\/IMG_20241014_072816_688.jpg?fit=960%2C332&amp;ssl=1\" src=\"https:\/\/i0.wp.com\/humm.loverde.fr\/wp-content\/uploads\/2024\/10\/IMG_20241014_072816_688.jpg?resize=1200%2C414&#038;ssl=1\" width=\"1200\" height=\"414\" class=\"wp-image-11546 alignnone size-full\" srcset=\"https:\/\/i0.wp.com\/humm.loverde.fr\/wp-content\/uploads\/2024\/10\/IMG_20241014_072816_688.jpg?w=1280&amp;ssl=1 1280w, https:\/\/i0.wp.com\/humm.loverde.fr\/wp-content\/uploads\/2024\/10\/IMG_20241014_072816_688.jpg?resize=595%2C205&amp;ssl=1 595w, https:\/\/i0.wp.com\/humm.loverde.fr\/wp-content\/uploads\/2024\/10\/IMG_20241014_072816_688.jpg?resize=960%2C332&amp;ssl=1 960w, https:\/\/i0.wp.com\/humm.loverde.fr\/wp-content\/uploads\/2024\/10\/IMG_20241014_072816_688.jpg?resize=768%2C265&amp;ssl=1 768w\" sizes=\"auto, (max-width: 1200px) 100vw, 1200px\" \/><\/p>\n<p>Faire revenir l&rsquo;oignon hach\u00e9 finement \u00e0 la po\u00eale.<\/p>\n<p>Dans un plat allant au four, disposer une couche de cr\u00e8me fra\u00eeche, la moiti\u00e9 des pommes de terre.<br \/>\nEn deuxi\u00e8me couche, l&rsquo;oignon.<br \/>\nUne troisi\u00e8me couche de cr\u00e8me fra\u00eeche.<br \/>\nUne quatri\u00e8me couche de fromage r\u00e2p\u00e9.<br \/>\nTerminer par la chapelure.<\/p>\n<p>Une vingtaine de minutes \u00e0 200\u00b0 C. Surveiller, quand les pommes de terre sont bien grill\u00e9es sur le dessus, c&rsquo;est pr\u00eat.<br \/>\nLaisser dans le four \u00e9teint et cuire les escalopes de veau.<br \/>\nServir imm\u00e9diatement apr\u00e8s la cuisson des escalopes.<\/p>\n<div data-carousel-extra='{&quot;blog_id&quot;:1,&quot;permalink&quot;:&quot;https:\/\/humm.loverde.fr\/?p=11543&quot;}' id='gallery-1' class='gallery galleryid-11543 gallery-columns-3 gallery-size-thumbnail'><figure class='gallery-item'>\n\t\t\t<div class='gallery-icon landscape'>\n\t\t\t\t<a href='https:\/\/humm.loverde.fr\/?attachment_id=11544'><img loading=\"lazy\" decoding=\"async\" width=\"480\" height=\"576\" src=\"https:\/\/i0.wp.com\/humm.loverde.fr\/wp-content\/uploads\/2024\/10\/IMG_20241014_072816_657.jpg?resize=480%2C576&amp;ssl=1\" class=\"attachment-thumbnail size-thumbnail\" alt=\"\" srcset=\"https:\/\/i0.wp.com\/humm.loverde.fr\/wp-content\/uploads\/2024\/10\/IMG_20241014_072816_657.jpg?resize=480%2C576&amp;ssl=1 480w, https:\/\/i0.wp.com\/humm.loverde.fr\/wp-content\/uploads\/2024\/10\/IMG_20241014_072816_657.jpg?zoom=2&amp;resize=480%2C576&amp;ssl=1 960w\" sizes=\"auto, (max-width: 480px) 100vw, 480px\" data-attachment-id=\"11544\" data-permalink=\"https:\/\/humm.loverde.fr\/?attachment_id=11544\" data-orig-file=\"https:\/\/i0.wp.com\/humm.loverde.fr\/wp-content\/uploads\/2024\/10\/IMG_20241014_072816_657.jpg?fit=1280%2C576&amp;ssl=1\" data-orig-size=\"1280,576\" data-comments-opened=\"1\" data-image-meta=\"{&quot;aperture&quot;:&quot;0&quot;,&quot;credit&quot;:&quot;&quot;,&quot;camera&quot;:&quot;&quot;,&quot;caption&quot;:&quot;&quot;,&quot;created_timestamp&quot;:&quot;0&quot;,&quot;copyright&quot;:&quot;&quot;,&quot;focal_length&quot;:&quot;0&quot;,&quot;iso&quot;:&quot;0&quot;,&quot;shutter_speed&quot;:&quot;0&quot;,&quot;title&quot;:&quot;&quot;,&quot;orientation&quot;:&quot;0&quot;}\" data-image-title=\"IMG_20241014_072816_657\" data-image-description=\"\" data-image-caption=\"\" data-large-file=\"https:\/\/i0.wp.com\/humm.loverde.fr\/wp-content\/uploads\/2024\/10\/IMG_20241014_072816_657.jpg?fit=960%2C432&amp;ssl=1\" \/><\/a>\n\t\t\t<\/div><\/figure><figure class='gallery-item'>\n\t\t\t<div class='gallery-icon landscape'>\n\t\t\t\t<a href='https:\/\/humm.loverde.fr\/?attachment_id=11545'><img loading=\"lazy\" decoding=\"async\" width=\"480\" height=\"576\" src=\"https:\/\/i0.wp.com\/humm.loverde.fr\/wp-content\/uploads\/2024\/10\/IMG_20241014_072816_674.jpg?resize=480%2C576&amp;ssl=1\" class=\"attachment-thumbnail size-thumbnail\" alt=\"\" srcset=\"https:\/\/i0.wp.com\/humm.loverde.fr\/wp-content\/uploads\/2024\/10\/IMG_20241014_072816_674.jpg?resize=480%2C576&amp;ssl=1 480w, https:\/\/i0.wp.com\/humm.loverde.fr\/wp-content\/uploads\/2024\/10\/IMG_20241014_072816_674.jpg?zoom=2&amp;resize=480%2C576&amp;ssl=1 960w\" sizes=\"auto, (max-width: 480px) 100vw, 480px\" data-attachment-id=\"11545\" data-permalink=\"https:\/\/humm.loverde.fr\/?attachment_id=11545\" data-orig-file=\"https:\/\/i0.wp.com\/humm.loverde.fr\/wp-content\/uploads\/2024\/10\/IMG_20241014_072816_674.jpg?fit=1280%2C576&amp;ssl=1\" data-orig-size=\"1280,576\" data-comments-opened=\"1\" data-image-meta=\"{&quot;aperture&quot;:&quot;0&quot;,&quot;credit&quot;:&quot;&quot;,&quot;camera&quot;:&quot;&quot;,&quot;caption&quot;:&quot;&quot;,&quot;created_timestamp&quot;:&quot;0&quot;,&quot;copyright&quot;:&quot;&quot;,&quot;focal_length&quot;:&quot;0&quot;,&quot;iso&quot;:&quot;0&quot;,&quot;shutter_speed&quot;:&quot;0&quot;,&quot;title&quot;:&quot;&quot;,&quot;orientation&quot;:&quot;0&quot;}\" data-image-title=\"IMG_20241014_072816_674\" data-image-description=\"\" data-image-caption=\"\" data-large-file=\"https:\/\/i0.wp.com\/humm.loverde.fr\/wp-content\/uploads\/2024\/10\/IMG_20241014_072816_674.jpg?fit=960%2C432&amp;ssl=1\" \/><\/a>\n\t\t\t<\/div><\/figure><figure class='gallery-item'>\n\t\t\t<div class='gallery-icon landscape'>\n\t\t\t\t<a href='https:\/\/humm.loverde.fr\/?attachment_id=11546'><img loading=\"lazy\" decoding=\"async\" width=\"480\" height=\"442\" src=\"https:\/\/i0.wp.com\/humm.loverde.fr\/wp-content\/uploads\/2024\/10\/IMG_20241014_072816_688.jpg?resize=480%2C442&amp;ssl=1\" class=\"attachment-thumbnail size-thumbnail\" alt=\"\" srcset=\"https:\/\/i0.wp.com\/humm.loverde.fr\/wp-content\/uploads\/2024\/10\/IMG_20241014_072816_688.jpg?resize=480%2C442&amp;ssl=1 480w, https:\/\/i0.wp.com\/humm.loverde.fr\/wp-content\/uploads\/2024\/10\/IMG_20241014_072816_688.jpg?zoom=2&amp;resize=480%2C442&amp;ssl=1 960w\" sizes=\"auto, (max-width: 480px) 100vw, 480px\" data-attachment-id=\"11546\" data-permalink=\"https:\/\/humm.loverde.fr\/?attachment_id=11546\" data-orig-file=\"https:\/\/i0.wp.com\/humm.loverde.fr\/wp-content\/uploads\/2024\/10\/IMG_20241014_072816_688.jpg?fit=1280%2C442&amp;ssl=1\" data-orig-size=\"1280,442\" data-comments-opened=\"1\" data-image-meta=\"{&quot;aperture&quot;:&quot;0&quot;,&quot;credit&quot;:&quot;&quot;,&quot;camera&quot;:&quot;&quot;,&quot;caption&quot;:&quot;&quot;,&quot;created_timestamp&quot;:&quot;0&quot;,&quot;copyright&quot;:&quot;&quot;,&quot;focal_length&quot;:&quot;0&quot;,&quot;iso&quot;:&quot;0&quot;,&quot;shutter_speed&quot;:&quot;0&quot;,&quot;title&quot;:&quot;&quot;,&quot;orientation&quot;:&quot;0&quot;}\" data-image-title=\"IMG_20241014_072816_688\" data-image-description=\"\" data-image-caption=\"\" data-large-file=\"https:\/\/i0.wp.com\/humm.loverde.fr\/wp-content\/uploads\/2024\/10\/IMG_20241014_072816_688.jpg?fit=960%2C332&amp;ssl=1\" \/><\/a>\n\t\t\t<\/div><\/figure>\n\t\t<\/div>\n\n","protected":false},"excerpt":{"rendered":"<p>Inspir\u00e9 du gratin de Marina, et sur ce dont je me suis souvenu au moment de la r\u00e9alisation. Ingr\u00e9dients \u2022 &hellip; <\/p>\n","protected":false},"author":3,"featured_media":11544,"comment_status":"open","ping_status":"","sticky":false,"template":"","format":"standard","meta":{"jetpack_post_was_ever_published":false,"_jetpack_newsletter_access":"","_jetpack_dont_email_post_to_subs":false,"_jetpack_newsletter_tier_id":0,"_jetpack_memberships_contains_paywalled_content":false,"_jetpack_memberships_contains_paid_content":false,"footnotes":"","jetpack_publicize_message":"","jetpack_publicize_feature_enabled":true,"jetpack_social_post_already_shared":true,"jetpack_social_options":{"image_generator_settings":{"template":"highway","default_image_id":0,"font":"","enabled":false},"version":2}},"categories":[1052],"tags":[100,90,54,283],"class_list":["post-11543","post","type-post","status-publish","format-standard","has-post-thumbnail","hentry","category-recette","tag-courgettes","tag-gratin","tag-porc","tag-veau"],"jetpack_publicize_connections":[],"jetpack_featured_media_url":"https:\/\/i0.wp.com\/humm.loverde.fr\/wp-content\/uploads\/2024\/10\/IMG_20241014_072816_657.jpg?fit=1280%2C576&ssl=1","jetpack_sharing_enabled":true,"jetpack_shortlink":"https:\/\/wp.me\/p9whbF-30b","jetpack_likes_enabled":true,"jetpack-related-posts":[{"id":1091,"url":"https:\/\/humm.loverde.fr\/?p=1091","url_meta":{"origin":11543,"position":0},"title":"Parmentier au choux romanesco","author":"cloverde","date":"19 avril 2016","format":false,"excerpt":"J'avais achet\u00e9 un choux romanesco pour faire quelque chose de sp\u00e9cial mais je n'ai pas eu le temps et \u00e7a pressait, donc j'ai r\u00e9alis\u00e9 un plat classique. Pour le truc sp\u00e9cial \u00e7a sera pour plus tard, peut-\u00eatre. \u00a0 \u00a0 \u00a0 \u00a0 Pour la pur\u00e9e \u00a0 Ingr\u00e9dients 1 chou romanesco 2\u2026","rel":"","context":"Dans &quot;Recettes&quot;","block_context":{"text":"Recettes","link":"https:\/\/humm.loverde.fr\/?cat=2"},"img":{"alt_text":"parmentier de choux romanesco","src":"https:\/\/i0.wp.com\/humm.loverde.fr\/wp-content\/uploads\/2016\/04\/parmentier-de-choux-romanesco-800x450.jpg?resize=350%2C200&ssl=1","width":350,"height":200,"srcset":"https:\/\/i0.wp.com\/humm.loverde.fr\/wp-content\/uploads\/2016\/04\/parmentier-de-choux-romanesco-800x450.jpg?resize=350%2C200&ssl=1 1x, https:\/\/i0.wp.com\/humm.loverde.fr\/wp-content\/uploads\/2016\/04\/parmentier-de-choux-romanesco-800x450.jpg?resize=525%2C300&ssl=1 1.5x, https:\/\/i0.wp.com\/humm.loverde.fr\/wp-content\/uploads\/2016\/04\/parmentier-de-choux-romanesco-800x450.jpg?resize=700%2C400&ssl=1 2x"},"classes":[]},{"id":8741,"url":"https:\/\/humm.loverde.fr\/?p=8741","url_meta":{"origin":11543,"position":1},"title":"Hachis parmentier pommes de terre et courgettes","author":"cloverde","date":"29 ao\u00fbt 2023","format":false,"excerpt":"Je ne sais pas chez vous mais ici les pommes de terre, qu'elles soient ch\u00e8res ou bon march\u00e9, germent tr\u00e8s rapidement. J'essaierai de les conserver au frigo la prochaine fois. Aujourd'hui il fallait \u00e9couler ces patates et quelques courgettes que j'ai achet\u00e9es en double. Petit probl\u00e8me pas de gruy\u00e8re dans\u2026","rel":"","context":"Dans &quot;Recettes&quot;","block_context":{"text":"Recettes","link":"https:\/\/humm.loverde.fr\/?cat=2"},"img":{"alt_text":"","src":"https:\/\/i0.wp.com\/humm.loverde.fr\/wp-content\/uploads\/2023\/08\/IMG_20230730_102647_373.jpg?fit=1024%2C577&ssl=1&resize=350%2C200","width":350,"height":200,"srcset":"https:\/\/i0.wp.com\/humm.loverde.fr\/wp-content\/uploads\/2023\/08\/IMG_20230730_102647_373.jpg?fit=1024%2C577&ssl=1&resize=350%2C200 1x, https:\/\/i0.wp.com\/humm.loverde.fr\/wp-content\/uploads\/2023\/08\/IMG_20230730_102647_373.jpg?fit=1024%2C577&ssl=1&resize=525%2C300 1.5x, https:\/\/i0.wp.com\/humm.loverde.fr\/wp-content\/uploads\/2023\/08\/IMG_20230730_102647_373.jpg?fit=1024%2C577&ssl=1&resize=700%2C400 2x"},"classes":[]},{"id":5863,"url":"https:\/\/humm.loverde.fr\/?p=5863","url_meta":{"origin":11543,"position":2},"title":"Gratin de crabe","author":"cloverde","date":"23 f\u00e9vrier 2021","format":false,"excerpt":"Rien \u00e0 dire ? Rien \u00e0 dire. Un peu quand m\u00eame... J'ai eu l'id\u00e9e d'un gratin de crabe en passant devant une promo de bo\u00eetes de crabes vendues par deux. Apr\u00e8s j'ai cherch\u00e9 une recette puis je suis retourn\u00e9 acheter le crabe et ce qui manquait. Ingr\u00e9dients 2 personnes 1\u2026","rel":"","context":"Dans &quot;Recettes&quot;","block_context":{"text":"Recettes","link":"https:\/\/humm.loverde.fr\/?cat=2"},"img":{"alt_text":"","src":"https:\/\/i0.wp.com\/humm.loverde.fr\/wp-content\/uploads\/2021\/01\/IMG_20210127_124922_349_copy_1280x591.jpg?fit=1200%2C554&ssl=1&resize=350%2C200","width":350,"height":200,"srcset":"https:\/\/i0.wp.com\/humm.loverde.fr\/wp-content\/uploads\/2021\/01\/IMG_20210127_124922_349_copy_1280x591.jpg?fit=1200%2C554&ssl=1&resize=350%2C200 1x, https:\/\/i0.wp.com\/humm.loverde.fr\/wp-content\/uploads\/2021\/01\/IMG_20210127_124922_349_copy_1280x591.jpg?fit=1200%2C554&ssl=1&resize=525%2C300 1.5x, https:\/\/i0.wp.com\/humm.loverde.fr\/wp-content\/uploads\/2021\/01\/IMG_20210127_124922_349_copy_1280x591.jpg?fit=1200%2C554&ssl=1&resize=700%2C400 2x, https:\/\/i0.wp.com\/humm.loverde.fr\/wp-content\/uploads\/2021\/01\/IMG_20210127_124922_349_copy_1280x591.jpg?fit=1200%2C554&ssl=1&resize=1050%2C600 3x"},"classes":[]},{"id":164,"url":"https:\/\/humm.loverde.fr\/?p=164","url_meta":{"origin":11543,"position":3},"title":"Parmentier de cabillaud","author":"cloverde","date":"7 avril 2015","format":false,"excerpt":"Le hachis Parmentier, tout le monde connais et j'en ai d\u00e9j\u00e0 fait, il faudra que je publie cette recette. Pour changer un peu et faire manger du poisson aux non amateurs, voici une recette de hachis au cabillaud. On peut utiliser n'importe quel filet de poisson. J'ai modifi\u00e9 la recette\u2026","rel":"","context":"Dans &quot;Recettes&quot;","block_context":{"text":"Recettes","link":"https:\/\/humm.loverde.fr\/?cat=2"},"img":{"alt_text":"parmentier de cabillaud 03","src":"https:\/\/i0.wp.com\/humm.loverde.fr\/wp-content\/uploads\/2015\/04\/parmentier-de-cabillaud-03-800x450.jpg?resize=350%2C200&ssl=1","width":350,"height":200,"srcset":"https:\/\/i0.wp.com\/humm.loverde.fr\/wp-content\/uploads\/2015\/04\/parmentier-de-cabillaud-03-800x450.jpg?resize=350%2C200&ssl=1 1x, https:\/\/i0.wp.com\/humm.loverde.fr\/wp-content\/uploads\/2015\/04\/parmentier-de-cabillaud-03-800x450.jpg?resize=525%2C300&ssl=1 1.5x, https:\/\/i0.wp.com\/humm.loverde.fr\/wp-content\/uploads\/2015\/04\/parmentier-de-cabillaud-03-800x450.jpg?resize=700%2C400&ssl=1 2x"},"classes":[]},{"id":5630,"url":"https:\/\/humm.loverde.fr\/?p=5630","url_meta":{"origin":11543,"position":4},"title":"Gratin saumon fum\u00e9 pomme de terre","author":"cloverde","date":"3 d\u00e9cembre 2020","format":false,"excerpt":"J'ai d\u00e9j\u00e0 fait cette recette Il y a un certain temps et je me souviens avoir commis l'erreur de mettre la totalit\u00e9 du pack de cr\u00e8me fra\u00eeche pour pas g\u00e2cher et c'\u00e9tait trop. Est-ce donc n\u00e9cessaire de republier ? Il y a quand m\u00eame quelques changements. Au lieu de faire\u2026","rel":"","context":"Dans &quot;recette&quot;","block_context":{"text":"recette","link":"https:\/\/humm.loverde.fr\/?cat=1052"},"img":{"alt_text":"","src":"https:\/\/i0.wp.com\/humm.loverde.fr\/wp-content\/uploads\/2020\/12\/attachment-1.jpeg?fit=1200%2C675&ssl=1&resize=350%2C200","width":350,"height":200,"srcset":"https:\/\/i0.wp.com\/humm.loverde.fr\/wp-content\/uploads\/2020\/12\/attachment-1.jpeg?fit=1200%2C675&ssl=1&resize=350%2C200 1x, https:\/\/i0.wp.com\/humm.loverde.fr\/wp-content\/uploads\/2020\/12\/attachment-1.jpeg?fit=1200%2C675&ssl=1&resize=525%2C300 1.5x, https:\/\/i0.wp.com\/humm.loverde.fr\/wp-content\/uploads\/2020\/12\/attachment-1.jpeg?fit=1200%2C675&ssl=1&resize=700%2C400 2x, https:\/\/i0.wp.com\/humm.loverde.fr\/wp-content\/uploads\/2020\/12\/attachment-1.jpeg?fit=1200%2C675&ssl=1&resize=1050%2C600 3x"},"classes":[]},{"id":5644,"url":"https:\/\/humm.loverde.fr\/?p=5644","url_meta":{"origin":11543,"position":5},"title":"Gratin de courgettes et pommes de terre","author":"cloverde","date":"15 d\u00e9cembre 2020","format":false,"excerpt":"Recette inspir\u00e9e du livre \"Courgettes je vous aime\" J'ai adapt\u00e9 et r\u00e9alis\u00e9 au feeling. Je ne suis pas v\u00e9g\u00e9tarien ou v\u00e9g\u00e9talien ou v\u00e9g\u00e9cequevousvoulez, et c'est pas demain la veille vu la radicalisation \u00e0 laquelle on assiste et dans laquelle veulent entra\u00eener certains ayatollahs du genre, mais il m'arrive de n'a\u2026","rel":"","context":"Dans &quot;recette&quot;","block_context":{"text":"recette","link":"https:\/\/humm.loverde.fr\/?cat=1052"},"img":{"alt_text":"","src":"https:\/\/i0.wp.com\/humm.loverde.fr\/wp-content\/uploads\/2020\/12\/attachment-7.jpeg?fit=1200%2C675&ssl=1&resize=350%2C200","width":350,"height":200,"srcset":"https:\/\/i0.wp.com\/humm.loverde.fr\/wp-content\/uploads\/2020\/12\/attachment-7.jpeg?fit=1200%2C675&ssl=1&resize=350%2C200 1x, https:\/\/i0.wp.com\/humm.loverde.fr\/wp-content\/uploads\/2020\/12\/attachment-7.jpeg?fit=1200%2C675&ssl=1&resize=525%2C300 1.5x, https:\/\/i0.wp.com\/humm.loverde.fr\/wp-content\/uploads\/2020\/12\/attachment-7.jpeg?fit=1200%2C675&ssl=1&resize=700%2C400 2x, https:\/\/i0.wp.com\/humm.loverde.fr\/wp-content\/uploads\/2020\/12\/attachment-7.jpeg?fit=1200%2C675&ssl=1&resize=1050%2C600 3x"},"classes":[]}],"_links":{"self":[{"href":"https:\/\/humm.loverde.fr\/index.php?rest_route=\/wp\/v2\/posts\/11543","targetHints":{"allow":["GET"]}}],"collection":[{"href":"https:\/\/humm.loverde.fr\/index.php?rest_route=\/wp\/v2\/posts"}],"about":[{"href":"https:\/\/humm.loverde.fr\/index.php?rest_route=\/wp\/v2\/types\/post"}],"author":[{"embeddable":true,"href":"https:\/\/humm.loverde.fr\/index.php?rest_route=\/wp\/v2\/users\/3"}],"replies":[{"embeddable":true,"href":"https:\/\/humm.loverde.fr\/index.php?rest_route=%2Fwp%2Fv2%2Fcomments&post=11543"}],"version-history":[{"count":3,"href":"https:\/\/humm.loverde.fr\/index.php?rest_route=\/wp\/v2\/posts\/11543\/revisions"}],"predecessor-version":[{"id":11549,"href":"https:\/\/humm.loverde.fr\/index.php?rest_route=\/wp\/v2\/posts\/11543\/revisions\/11549"}],"wp:featuredmedia":[{"embeddable":true,"href":"https:\/\/humm.loverde.fr\/index.php?rest_route=\/wp\/v2\/media\/11544"}],"wp:attachment":[{"href":"https:\/\/humm.loverde.fr\/index.php?rest_route=%2Fwp%2Fv2%2Fmedia&parent=11543"}],"wp:term":[{"taxonomy":"category","embeddable":true,"href":"https:\/\/humm.loverde.fr\/index.php?rest_route=%2Fwp%2Fv2%2Fcategories&post=11543"},{"taxonomy":"post_tag","embeddable":true,"href":"https:\/\/humm.loverde.fr\/index.php?rest_route=%2Fwp%2Fv2%2Ftags&post=11543"}],"curies":[{"name":"wp","href":"https:\/\/api.w.org\/{rel}","templated":true}]}}