{"id":11689,"date":"2024-12-22T06:00:02","date_gmt":"2024-12-22T05:00:02","guid":{"rendered":"https:\/\/humm.loverde.fr\/?p=11689"},"modified":"2024-12-06T11:08:14","modified_gmt":"2024-12-06T10:08:14","slug":"noel-irlandais-a-brooklyn","status":"publish","type":"post","link":"https:\/\/humm.loverde.fr\/?p=11689","title":{"rendered":"No\u00ebl irlandais \u00e0 Brooklyn"},"content":{"rendered":"<p>Je continue sur ma recherche de chansons jalonnant les films, mais cette fois le film n&rsquo;est pas le pr\u00e9texte.<br \/>\nAu d\u00e9part je ne voulais parler que du film, parce que musicalement il n&rsquo;y a pas grand chose, dans la bande son qui justifie de s&rsquo;\u00e9tendre.<br \/>\nSauf que le chant du No\u00ebl irlandais organis\u00e9 par l&rsquo;\u00e9glise a r\u00e9ussi \u00e0 m&#8217;emouvoir plus que je ne l&rsquo;aurais cru possible.<br \/>\n<em>Publication retard\u00e9e pour correspondre \u00e0 l&rsquo;\u00e9v\u00e9nement.<\/em><\/p>\n<h2>Le film, Brooklyn 2015<\/h2>\n<p><em>Dans les ann\u00e9es 50, la jeune Irlandaise, Eilis Lacey quitte son Irlande natale et sa famille pour tenter sa chance \u00e0 New York, de l&rsquo;autre c\u00f4t\u00e9 de l&rsquo;Atlantique.<\/em><br \/>\n<em>Employ\u00e9e dans un grand magasin, elle suit parall\u00e8lement des cours de comptabilit\u00e9.<\/em><br \/>\n<em>\u00c0 New York, sa rencontre avec un jeune homme lui fait vite oublier le mal du pays. (AlloCin\u00e9)<\/em><br \/>\n<em>De retour en Irlande pour raison familiale, elle est ind\u00e9cise quant \u00e0 son retour en Am\u00e9rique, sa vie est alors plus agr\u00e9able qu&rsquo;avant son d\u00e9part. Sa rencontre avec son ancienne employeuse la d\u00e9cide \u00e0 revenir pour s&rsquo;\u00e9loigner de ce qu&rsquo;elle avait fui quelques ann\u00e9es auparavant.<\/em><\/p>\n<p>Habituellement je fuis les films d&rsquo;amour romantiques.<br \/>\nMais il faut parfois tenter d&rsquo;autres choses. Je n&rsquo;ai pas regrett\u00e9 et je dois dire que quelques passages m&rsquo;ont \u00e9mu presqu&rsquo;au larmes.<\/p>\n<p><iframe loading=\"lazy\" frameborder=\"0\" width=\"560\" height=\"315\" src=\"https:\/\/www.youtube.com\/embed\/KVMA6sKGHho\" title=\"Le film, Brooklyn 2015\" allow=\"accelerometer; autoplay; clipboard-write; encrypted-media; gyroscope; picture-in-picture; web-share\" referrerpolicy=\"strict-origin-when-cross-origin\" allowfullscreen><\/iframe><\/p>\n<h2>Le chant irlandais<\/h2>\n<p>Il est interpr\u00e9t\u00e9 a capella lors du repas de No\u00ebl offert aux \u00e9migr\u00e9s irlandais \u00e0 New York. C&rsquo;est \u00ab\u00a0Casadh an tS\u00fag\u00e1in\u00a0\u00bb une chanson traditionnelle irlandaise en ga\u00e9lique. La sc\u00e8ne est particuli\u00e8rement \u00e9mouvante, soulignant le sentiment de nostalgie et d&rsquo;appartenance \u00e0 une culture et \u00e0 une patrie lointaine.<\/p>\n<p>Casadh an Ts\u00fag\u00e1in &#8211; Frankie&rsquo;s Song (larla O Lionaird)<br \/>\nCutscene &#8211; Brooklyn Movie<\/p>\n<p><iframe loading=\"lazy\" frameborder=\"0\" width=\"560\" height=\"315\" src=\"https:\/\/www.youtube.com\/embed\/5ZwneauRgX8\" title=\"Le chant irlandais\" allow=\"accelerometer; autoplay; clipboard-write; encrypted-media; gyroscope; picture-in-picture; web-share\" referrerpolicy=\"strict-origin-when-cross-origin\" allowfullscreen><\/iframe><\/p>\n<h2>Casadh an tS\u00fag\u00e1in<\/h2>\n<p>Version de la chanson, interpr\u00e9t\u00e9e par Larla \u00d3 Lion\u00e1ird de The Gloaming qui figure \u00e9galement dans le film \u00ab Brooklyn \u00bb.<\/p>\n<p><iframe loading=\"lazy\" frameborder=\"0\" width=\"560\" height=\"315\" src=\"https:\/\/www.youtube.com\/embed\/z_OGwpczFWM\" title=\"Casadh an tS\u00fag\u00e1in\" allow=\"accelerometer; autoplay; clipboard-write; encrypted-media; gyroscope; picture-in-picture; web-share\" referrerpolicy=\"strict-origin-when-cross-origin\" allowfullscreen><\/iframe><\/p>\n<p>La chanson raconte l&rsquo;histoire d&rsquo;un homme qui essaie de s\u00e9duire une jeune femme sur une plage isol\u00e9e, mais l&rsquo;issue reste incertaine. Simple dans son \u00e9vocation de la vie quotidienne, elle est pourtant charg\u00e9e de sous-entendus \u00e9motionnels.<\/p>\n<p><a href=\"http:\/\/bit.ly\/Christian_Loverde\">bit.ly\/Christian_Loverde<\/a><\/p>\n","protected":false},"excerpt":{"rendered":"<p>Je continue sur ma recherche de chansons jalonnant les films, mais cette fois le film n&rsquo;est pas le pr\u00e9texte. Au &hellip; <\/p>\n","protected":false},"author":1,"featured_media":11697,"comment_status":"open","ping_status":"","sticky":false,"template":"","format":"standard","meta":{"jetpack_post_was_ever_published":false,"_jetpack_newsletter_access":"","_jetpack_dont_email_post_to_subs":false,"_jetpack_newsletter_tier_id":0,"_jetpack_memberships_contains_paywalled_content":false,"_jetpack_memberships_contains_paid_content":false,"footnotes":"","jetpack_publicize_message":"","jetpack_publicize_feature_enabled":true,"jetpack_social_post_already_shared":true,"jetpack_social_options":{"image_generator_settings":{"template":"highway","default_image_id":0,"font":"","enabled":false},"version":2}},"categories":[233],"tags":[1814,181,1813,413],"class_list":["post-11689","post","type-post","status-publish","format-standard","has-post-thumbnail","hentry","category-musique","tag-brooklyn","tag-film","tag-irlandais","tag-noel"],"jetpack_publicize_connections":[],"jetpack_featured_media_url":"https:\/\/i0.wp.com\/humm.loverde.fr\/wp-content\/uploads\/2024\/12\/IMG_20241206_110628_882-01.jpeg?fit=1280%2C911&ssl=1","jetpack_sharing_enabled":true,"jetpack_shortlink":"https:\/\/wp.me\/p9whbF-32x","jetpack_likes_enabled":true,"jetpack-related-posts":[{"id":10752,"url":"https:\/\/humm.loverde.fr\/?p=10752","url_meta":{"origin":11689,"position":0},"title":"La Llorona","author":"kris33390","date":"22 septembre 2024","format":false,"excerpt":"Riposte, le film Film tr\u00e8s moyen mais il n'est pas l\u00e0 pour \u00e7a, c'est juste le d\u00e9clencheur. Pendant l'enterrement du p\u00e8re(*) la sc\u00e8ne est accompagn\u00e9e d'une chanson que j'avais d\u00e9couverte, interpr\u00e9t\u00e9e par Joan Baez, il y a longtemps, au point de conna\u00eetre les paroles par c\u0153ur ? Presque. La Llorona\u2026","rel":"","context":"Dans &quot;Musique&quot;","block_context":{"text":"Musique","link":"https:\/\/humm.loverde.fr\/?cat=233"},"img":{"alt_text":"","src":"https:\/\/i0.wp.com\/humm.loverde.fr\/wp-content\/uploads\/2024\/07\/IMG_20240717_133254_711.jpg?fit=800%2C533&ssl=1&resize=350%2C200","width":350,"height":200,"srcset":"https:\/\/i0.wp.com\/humm.loverde.fr\/wp-content\/uploads\/2024\/07\/IMG_20240717_133254_711.jpg?fit=800%2C533&ssl=1&resize=350%2C200 1x, https:\/\/i0.wp.com\/humm.loverde.fr\/wp-content\/uploads\/2024\/07\/IMG_20240717_133254_711.jpg?fit=800%2C533&ssl=1&resize=525%2C300 1.5x, https:\/\/i0.wp.com\/humm.loverde.fr\/wp-content\/uploads\/2024\/07\/IMG_20240717_133254_711.jpg?fit=800%2C533&ssl=1&resize=700%2C400 2x"},"classes":[]},{"id":10289,"url":"https:\/\/humm.loverde.fr\/?p=10289","url_meta":{"origin":11689,"position":1},"title":"Paul Auster","author":"kris33390","date":"5 mai 2024","format":false,"excerpt":"La mort de Paul Auster a \u00e9t\u00e9 tr\u00e8s largement \u00e9voqu\u00e9e dans les journaux t\u00e9l\u00e9vis\u00e9s, \u00e0 la radio et sur le web. Paul Auster, Bashung, Gainsbourg... le talent n'emp\u00eache pas les addictions mortelles et c'est bien dommage. Je me suis dit, tiens je ne suis pas le seul \u00e0 appr\u00e9cier cet\u2026","rel":"","context":"Dans &quot;Actuel&quot;","block_context":{"text":"Actuel","link":"https:\/\/humm.loverde.fr\/?cat=13"},"img":{"alt_text":"","src":"https:\/\/i0.wp.com\/humm.loverde.fr\/wp-content\/uploads\/2024\/05\/tc5ea352_copy_1024x683.jpg?fit=1024%2C683&ssl=1&resize=350%2C200","width":350,"height":200,"srcset":"https:\/\/i0.wp.com\/humm.loverde.fr\/wp-content\/uploads\/2024\/05\/tc5ea352_copy_1024x683.jpg?fit=1024%2C683&ssl=1&resize=350%2C200 1x, https:\/\/i0.wp.com\/humm.loverde.fr\/wp-content\/uploads\/2024\/05\/tc5ea352_copy_1024x683.jpg?fit=1024%2C683&ssl=1&resize=525%2C300 1.5x, https:\/\/i0.wp.com\/humm.loverde.fr\/wp-content\/uploads\/2024\/05\/tc5ea352_copy_1024x683.jpg?fit=1024%2C683&ssl=1&resize=700%2C400 2x"},"classes":[]},{"id":2097,"url":"https:\/\/humm.loverde.fr\/?p=2097","url_meta":{"origin":11689,"position":2},"title":"Joyeux No\u00ebl","author":"cloverde","date":"22 d\u00e9cembre 2017","format":false,"excerpt":"Au lieu de vous souhaiter de bonnes f\u00eates, ce qui est courant et banal, je pourrais vous raconter l'histoire d'un faux p\u00e8re No\u00ebl trahit par son go\u00fbt pour l'anisette mais je l'ai racont\u00e9 tellement de fois qu'elle a perdu de sa magie d'origine*. Au moment o\u00f9 j'\u00e9cris ce post j'ai\u2026","rel":"","context":"Dans &quot;Actuel&quot;","block_context":{"text":"Actuel","link":"https:\/\/humm.loverde.fr\/?cat=13"},"img":{"alt_text":"","src":"https:\/\/i0.wp.com\/humm.loverde.fr\/wp-content\/uploads\/2017\/12\/IMG_3077.jpg?fit=800%2C370&ssl=1&resize=350%2C200","width":350,"height":200,"srcset":"https:\/\/i0.wp.com\/humm.loverde.fr\/wp-content\/uploads\/2017\/12\/IMG_3077.jpg?fit=800%2C370&ssl=1&resize=350%2C200 1x, https:\/\/i0.wp.com\/humm.loverde.fr\/wp-content\/uploads\/2017\/12\/IMG_3077.jpg?fit=800%2C370&ssl=1&resize=525%2C300 1.5x, https:\/\/i0.wp.com\/humm.loverde.fr\/wp-content\/uploads\/2017\/12\/IMG_3077.jpg?fit=800%2C370&ssl=1&resize=700%2C400 2x"},"classes":[]},{"id":5718,"url":"https:\/\/humm.loverde.fr\/?p=5718","url_meta":{"origin":11689,"position":3},"title":"Une s\u00e9lection de films oubli\u00e9s","author":"cloverde","date":"14 janvier 2021","format":false,"excerpt":"J'ai lu cet article de T\u00e9l\u00e9rama propos\u00e9 par Google et vu la situation et l'impossibilit\u00e9 d'aller au cin\u00e9ma pour voir de nouveau films, m'est venu l'id\u00e9e de me plonger dans des films anciens que je n'ai s\u00fbrement pas vu. L'illustration de l'article n'a aucun rapport avec les affiches des films\u2026","rel":"","context":"Dans &quot;Cin\u00e9ma&quot;","block_context":{"text":"Cin\u00e9ma","link":"https:\/\/humm.loverde.fr\/?cat=138"},"img":{"alt_text":"","src":"https:\/\/i0.wp.com\/humm.loverde.fr\/wp-content\/uploads\/2021\/01\/IMG_9683.jpg?fit=1200%2C811&ssl=1&resize=350%2C200","width":350,"height":200,"srcset":"https:\/\/i0.wp.com\/humm.loverde.fr\/wp-content\/uploads\/2021\/01\/IMG_9683.jpg?fit=1200%2C811&ssl=1&resize=350%2C200 1x, https:\/\/i0.wp.com\/humm.loverde.fr\/wp-content\/uploads\/2021\/01\/IMG_9683.jpg?fit=1200%2C811&ssl=1&resize=525%2C300 1.5x, https:\/\/i0.wp.com\/humm.loverde.fr\/wp-content\/uploads\/2021\/01\/IMG_9683.jpg?fit=1200%2C811&ssl=1&resize=700%2C400 2x, https:\/\/i0.wp.com\/humm.loverde.fr\/wp-content\/uploads\/2021\/01\/IMG_9683.jpg?fit=1200%2C811&ssl=1&resize=1050%2C600 3x"},"classes":[]},{"id":2645,"url":"https:\/\/humm.loverde.fr\/?p=2645","url_meta":{"origin":11689,"position":4},"title":"La jeune femme, la tourterelle et le vieux crocodile","author":"cloverde","date":"18 mars 2018","format":false,"excerpt":"La jeune femme, la tourterelle et le vieux crocodile Mali, Auteur : Ousmane Diarra C'est l'histoire d'une jeune femme qui avait plut\u00f4t mal commenc\u00e9 dans la vie. Elle \u00e9tait orpheline. Sa m\u00e8re \u00e9tait morte en couche. D\u00e8s qu'elle eu l'\u00e2ge on l'a mari\u00e9. Son mari \u00e9tait un homme jaloux, tellement\u2026","rel":"","context":"Dans &quot;Contes&quot;","block_context":{"text":"Contes","link":"https:\/\/humm.loverde.fr\/?cat=725"},"img":{"alt_text":"","src":"https:\/\/i0.wp.com\/humm.loverde.fr\/wp-content\/uploads\/2018\/03\/Attachment-1.jpeg?fit=372%2C395&ssl=1&resize=350%2C200","width":350,"height":200},"classes":[]},{"id":11439,"url":"https:\/\/humm.loverde.fr\/?p=11439","url_meta":{"origin":11689,"position":5},"title":"Pete Best et l&rsquo;arachnologue","author":"cloverde","date":"16 novembre 2024","format":false,"excerpt":"L\u00e0 nous ne sommes plus dans des chansons en liaison avec les films et les s\u00e9ries mais toujours une petite relation entre musique et film. Et comme d'habitude si c'est en relation avec les Beatles \u00e7a ne risque pas de m'\u00e9chapper.Dans le film Salt, Mike est l'arachnologue qui travaille en\u2026","rel":"","context":"Dans &quot;Cin\u00e9ma&quot;","block_context":{"text":"Cin\u00e9ma","link":"https:\/\/humm.loverde.fr\/?cat=138"},"img":{"alt_text":"","src":"https:\/\/i0.wp.com\/humm.loverde.fr\/wp-content\/uploads\/2024\/09\/1000001681.jpg?fit=1024%2C427&ssl=1&resize=350%2C200","width":350,"height":200,"srcset":"https:\/\/i0.wp.com\/humm.loverde.fr\/wp-content\/uploads\/2024\/09\/1000001681.jpg?fit=1024%2C427&ssl=1&resize=350%2C200 1x, https:\/\/i0.wp.com\/humm.loverde.fr\/wp-content\/uploads\/2024\/09\/1000001681.jpg?fit=1024%2C427&ssl=1&resize=525%2C300 1.5x, https:\/\/i0.wp.com\/humm.loverde.fr\/wp-content\/uploads\/2024\/09\/1000001681.jpg?fit=1024%2C427&ssl=1&resize=700%2C400 2x"},"classes":[]}],"_links":{"self":[{"href":"https:\/\/humm.loverde.fr\/index.php?rest_route=\/wp\/v2\/posts\/11689","targetHints":{"allow":["GET"]}}],"collection":[{"href":"https:\/\/humm.loverde.fr\/index.php?rest_route=\/wp\/v2\/posts"}],"about":[{"href":"https:\/\/humm.loverde.fr\/index.php?rest_route=\/wp\/v2\/types\/post"}],"author":[{"embeddable":true,"href":"https:\/\/humm.loverde.fr\/index.php?rest_route=\/wp\/v2\/users\/1"}],"replies":[{"embeddable":true,"href":"https:\/\/humm.loverde.fr\/index.php?rest_route=%2Fwp%2Fv2%2Fcomments&post=11689"}],"version-history":[{"count":7,"href":"https:\/\/humm.loverde.fr\/index.php?rest_route=\/wp\/v2\/posts\/11689\/revisions"}],"predecessor-version":[{"id":11698,"href":"https:\/\/humm.loverde.fr\/index.php?rest_route=\/wp\/v2\/posts\/11689\/revisions\/11698"}],"wp:featuredmedia":[{"embeddable":true,"href":"https:\/\/humm.loverde.fr\/index.php?rest_route=\/wp\/v2\/media\/11697"}],"wp:attachment":[{"href":"https:\/\/humm.loverde.fr\/index.php?rest_route=%2Fwp%2Fv2%2Fmedia&parent=11689"}],"wp:term":[{"taxonomy":"category","embeddable":true,"href":"https:\/\/humm.loverde.fr\/index.php?rest_route=%2Fwp%2Fv2%2Fcategories&post=11689"},{"taxonomy":"post_tag","embeddable":true,"href":"https:\/\/humm.loverde.fr\/index.php?rest_route=%2Fwp%2Fv2%2Ftags&post=11689"}],"curies":[{"name":"wp","href":"https:\/\/api.w.org\/{rel}","templated":true}]}}