{"id":11702,"date":"2025-01-04T10:19:06","date_gmt":"2025-01-04T09:19:06","guid":{"rendered":"https:\/\/humm.loverde.fr\/?p=11702"},"modified":"2024-12-31T10:56:54","modified_gmt":"2024-12-31T09:56:54","slug":"flammekueche","status":"publish","type":"post","link":"https:\/\/humm.loverde.fr\/?p=11702","title":{"rendered":"Flammekueche"},"content":{"rendered":"<p><em>Non ce n&rsquo;est pas un retour aux fourneaux mais il me reste quelques fiches non publi\u00e9es que je vais utiliser dans les semaines qui suivent.<\/em><\/p>\n<p>Un plat vite fait que tout le monde va aimer. Pour le soir ou pour un ap\u00e9ro.<\/p>\n<h2>Ingr\u00e9dients<br \/>\n<\/h2>\n<p>\u2022 Une p\u00e2te \u00e0 flammekueche<br \/>\n\u2022 20 cl de cr\u00e8me fra\u00eeche<br \/>\n\u2022 lardons fum\u00e9s<br \/>\n\u2022 Maroilles fermier AOP<br \/>\n\u2022 1 oignon<\/p>\n<h2>Pr\u00e9paration<\/h2>\n<p>\u00c9taler la p\u00e2te dans un plat allant au four.<br \/>\nPiquer la p\u00e2te avec une fourchette.<br \/>\nR\u00e9partir l&rsquo;oignon \u00e9minc\u00e9 et Ajouter la cr\u00e8me fra\u00eeche.<\/p>\n<p>Ajouter le fromage coup\u00e9 en fines tranches de 2 \u00e0 3 mm d&rsquo;\u00e9paisseur.<br \/>\nTerminer par les lardons.<\/p>\n<p>Mettre au four \u00e0 215\u00b0C et surveiller.<\/p>\n<p>Bilan : c&rsquo;est la premi\u00e8re fois que je me r\u00e9gale autant et qui m&rsquo;a d\u00e9cid\u00e9 d\u00e9finitivement d&rsquo;\u00e9liminer les Flammekueche achet\u00e9es. Prochaine \u00e9tape, faire la p\u00e2te&#8230;<\/p>\n<p><a href=\"http:\/\/bit.ly\/Christian_Loverde\">bit.ly\/Christian_Loverde<\/a><\/p>\n<p><a href=\"https:\/\/i0.wp.com\/humm.loverde.fr\/wp-content\/uploads\/2025\/01\/IMG_20241231_101802_20.jpg?ssl=1\" rel=\"attachment wp-att-11703\"><img data-recalc-dims=\"1\" loading=\"lazy\" decoding=\"async\" data-attachment-id=\"11703\" data-permalink=\"https:\/\/humm.loverde.fr\/?attachment_id=11703\" data-orig-file=\"https:\/\/i0.wp.com\/humm.loverde.fr\/wp-content\/uploads\/2025\/01\/IMG_20241231_101802_20.jpg?fit=1280%2C576&amp;ssl=1\" data-orig-size=\"1280,576\" data-comments-opened=\"1\" data-image-meta=\"{&quot;aperture&quot;:&quot;0&quot;,&quot;credit&quot;:&quot;&quot;,&quot;camera&quot;:&quot;&quot;,&quot;caption&quot;:&quot;&quot;,&quot;created_timestamp&quot;:&quot;0&quot;,&quot;copyright&quot;:&quot;&quot;,&quot;focal_length&quot;:&quot;0&quot;,&quot;iso&quot;:&quot;0&quot;,&quot;shutter_speed&quot;:&quot;0&quot;,&quot;title&quot;:&quot;&quot;,&quot;orientation&quot;:&quot;0&quot;}\" data-image-title=\"IMG_20241231_101802_20\" data-image-description=\"\" data-image-caption=\"\" data-large-file=\"https:\/\/i0.wp.com\/humm.loverde.fr\/wp-content\/uploads\/2025\/01\/IMG_20241231_101802_20.jpg?fit=960%2C432&amp;ssl=1\" class=\"alignnone size-full wp-image-11703\" src=\"https:\/\/i0.wp.com\/humm.loverde.fr\/wp-content\/uploads\/2025\/01\/IMG_20241231_101802_20.jpg?resize=960%2C9999&#038;ssl=1\" alt=\"\" title=\"img_20241231_101802_20-jpg\" width=\"960\" height=\"9999\"><\/a><\/p>\n","protected":false},"excerpt":{"rendered":"<p>Non ce n&rsquo;est pas un retour aux fourneaux mais il me reste quelques fiches non publi\u00e9es que je vais utiliser &hellip; <\/p>\n","protected":false},"author":1,"featured_media":11703,"comment_status":"open","ping_status":"","sticky":false,"template":"","format":"standard","meta":{"jetpack_post_was_ever_published":false,"_jetpack_newsletter_access":"","_jetpack_dont_email_post_to_subs":false,"_jetpack_newsletter_tier_id":0,"_jetpack_memberships_contains_paywalled_content":false,"_jetpack_memberships_contains_paid_content":false,"footnotes":"","jetpack_publicize_message":"","jetpack_publicize_feature_enabled":true,"jetpack_social_post_already_shared":true,"jetpack_social_options":{"image_generator_settings":{"template":"highway","default_image_id":0,"font":"","enabled":false},"version":2}},"categories":[1052],"tags":[400,1815],"class_list":["post-11702","post","type-post","status-publish","format-standard","has-post-thumbnail","hentry","category-recette","tag-flammekueche","tag-maroilles-fermier-aop"],"jetpack_publicize_connections":[],"jetpack_featured_media_url":"https:\/\/i0.wp.com\/humm.loverde.fr\/wp-content\/uploads\/2025\/01\/IMG_20241231_101802_20.jpg?fit=1280%2C576&ssl=1","jetpack_sharing_enabled":true,"jetpack_shortlink":"https:\/\/wp.me\/p9whbF-32K","jetpack_likes_enabled":true,"jetpack-related-posts":[{"id":4960,"url":"https:\/\/humm.loverde.fr\/?p=4960","url_meta":{"origin":11702,"position":0},"title":"Quiche au poireau","author":"cloverde","date":"21 avril 2020","format":false,"excerpt":"Je ne sais pas si on peut appeler \u00e7a \"quiche\" mais c'est assez simple \u00e0 r\u00e9aliser et \u00e7a change un peu de la pizza. J'ai cherch\u00e9 un plat \u00e0 tarte plus petit mais je n'ai pas trouv\u00e9 et donc on en mange plusieurs fois d'affil\u00e9 pour arriver au bout. Ingr\u00e9dients\u2026","rel":"","context":"Dans &quot;recette&quot;","block_context":{"text":"recette","link":"https:\/\/humm.loverde.fr\/?cat=1052"},"img":{"alt_text":"","src":"https:\/\/i0.wp.com\/humm.loverde.fr\/wp-content\/uploads\/2020\/04\/attachment-1.png?fit=800%2C450&ssl=1&resize=350%2C200","width":350,"height":200,"srcset":"https:\/\/i0.wp.com\/humm.loverde.fr\/wp-content\/uploads\/2020\/04\/attachment-1.png?fit=800%2C450&ssl=1&resize=350%2C200 1x, https:\/\/i0.wp.com\/humm.loverde.fr\/wp-content\/uploads\/2020\/04\/attachment-1.png?fit=800%2C450&ssl=1&resize=525%2C300 1.5x, https:\/\/i0.wp.com\/humm.loverde.fr\/wp-content\/uploads\/2020\/04\/attachment-1.png?fit=800%2C450&ssl=1&resize=700%2C400 2x"},"classes":[]},{"id":9280,"url":"https:\/\/humm.loverde.fr\/?p=9280","url_meta":{"origin":11702,"position":1},"title":"Quiche au saumon, poireau et ch\u00e8vre","author":"cloverde","date":"26 d\u00e9cembre 2023","format":false,"excerpt":"Habituellement je fais \u00e7a avec des \u00e9pinards, mais l\u00e0 pas d'epinard, pas de lardons non plus, donc pour meubler un peu j'ai ajout\u00e9 le poireau d\u00e9coup\u00e9 en tout petit bout et revenu \u00e0 la po\u00eale. Depuis un certain temps j'\u00e9vitait le lait de soja mais l\u00e0, malheureusement, pas de cr\u00e8me\u2026","rel":"","context":"Dans &quot;Recettes&quot;","block_context":{"text":"Recettes","link":"https:\/\/humm.loverde.fr\/?cat=2"},"img":{"alt_text":"","src":"https:\/\/i0.wp.com\/humm.loverde.fr\/wp-content\/uploads\/2023\/11\/IMG_20231112_100118_955.jpg?fit=1200%2C540&ssl=1&resize=350%2C200","width":350,"height":200,"srcset":"https:\/\/i0.wp.com\/humm.loverde.fr\/wp-content\/uploads\/2023\/11\/IMG_20231112_100118_955.jpg?fit=1200%2C540&ssl=1&resize=350%2C200 1x, https:\/\/i0.wp.com\/humm.loverde.fr\/wp-content\/uploads\/2023\/11\/IMG_20231112_100118_955.jpg?fit=1200%2C540&ssl=1&resize=525%2C300 1.5x, https:\/\/i0.wp.com\/humm.loverde.fr\/wp-content\/uploads\/2023\/11\/IMG_20231112_100118_955.jpg?fit=1200%2C540&ssl=1&resize=700%2C400 2x, https:\/\/i0.wp.com\/humm.loverde.fr\/wp-content\/uploads\/2023\/11\/IMG_20231112_100118_955.jpg?fit=1200%2C540&ssl=1&resize=1050%2C600 3x"},"classes":[]},{"id":6124,"url":"https:\/\/humm.loverde.fr\/?p=6124","url_meta":{"origin":11702,"position":2},"title":"La Quiche","author":"cloverde","date":"30 avril 2021","format":false,"excerpt":"Je viens de d\u00e9couvrir que la quiche que je r\u00e9alise depuis toujours n'est pas lorraine mais vosgienne. La diff\u00e9rence ? Il y a du fromage r\u00e2p\u00e9 qu'on ne met pas pour la lorraine. Habituellement je met les lardons sortis du paquet, l\u00e0 ils sont pass\u00e9s par la case po\u00eale. C'\u00e9tait\u2026","rel":"","context":"Dans &quot;Recettes&quot;","block_context":{"text":"Recettes","link":"https:\/\/humm.loverde.fr\/?cat=2"},"img":{"alt_text":"","src":"https:\/\/i0.wp.com\/humm.loverde.fr\/wp-content\/uploads\/2021\/04\/IMG_20210402_102135_370.jpg?fit=1200%2C554&ssl=1&resize=350%2C200","width":350,"height":200,"srcset":"https:\/\/i0.wp.com\/humm.loverde.fr\/wp-content\/uploads\/2021\/04\/IMG_20210402_102135_370.jpg?fit=1200%2C554&ssl=1&resize=350%2C200 1x, https:\/\/i0.wp.com\/humm.loverde.fr\/wp-content\/uploads\/2021\/04\/IMG_20210402_102135_370.jpg?fit=1200%2C554&ssl=1&resize=525%2C300 1.5x, https:\/\/i0.wp.com\/humm.loverde.fr\/wp-content\/uploads\/2021\/04\/IMG_20210402_102135_370.jpg?fit=1200%2C554&ssl=1&resize=700%2C400 2x, https:\/\/i0.wp.com\/humm.loverde.fr\/wp-content\/uploads\/2021\/04\/IMG_20210402_102135_370.jpg?fit=1200%2C554&ssl=1&resize=1050%2C600 3x"},"classes":[]},{"id":7933,"url":"https:\/\/humm.loverde.fr\/?p=7933","url_meta":{"origin":11702,"position":3},"title":"Encore une quiche","author":"cloverde","date":"8 novembre 2022","format":false,"excerpt":"Je suis \u00e0 court d'id\u00e9e alors je reviens sur les classiques qui, accompagn\u00e9s d'une simple salade, peuvent faire un repas sans fioritures. Je me suis inspir\u00e9 d'une recette pr\u00e9c\u00e9dente en rempla\u00e7ant 200 g de lardons par 100 g de jambon et 100 g de lardons. Ingr\u00e9dients 1 p\u00e2te bris\u00e9e maison(*)\u2026","rel":"","context":"Dans &quot;Recettes&quot;","block_context":{"text":"Recettes","link":"https:\/\/humm.loverde.fr\/?cat=2"},"img":{"alt_text":"","src":"https:\/\/i0.wp.com\/humm.loverde.fr\/wp-content\/uploads\/2022\/11\/IMG_20221029_083841_204.jpg?fit=1024%2C576&ssl=1&resize=350%2C200","width":350,"height":200,"srcset":"https:\/\/i0.wp.com\/humm.loverde.fr\/wp-content\/uploads\/2022\/11\/IMG_20221029_083841_204.jpg?fit=1024%2C576&ssl=1&resize=350%2C200 1x, https:\/\/i0.wp.com\/humm.loverde.fr\/wp-content\/uploads\/2022\/11\/IMG_20221029_083841_204.jpg?fit=1024%2C576&ssl=1&resize=525%2C300 1.5x, https:\/\/i0.wp.com\/humm.loverde.fr\/wp-content\/uploads\/2022\/11\/IMG_20221029_083841_204.jpg?fit=1024%2C576&ssl=1&resize=700%2C400 2x"},"classes":[]},{"id":7392,"url":"https:\/\/humm.loverde.fr\/?p=7392","url_meta":{"origin":11702,"position":4},"title":"Quiche aux champignons et lardons","author":"cloverde","date":"28 mai 2022","format":false,"excerpt":"Il y avait longtemps que je n'avais pas fait de quiche. Pourquoi maintenant ? Les oeufs en direct du poulailler du Temple. J'aime bien ces pr\u00e9parations qui n'ont besoin que d'un accompagnement succinct ou pas d'accompagnement du tout. Et la pizza, on s'en est laiss\u00e9, je vais faire une pause.\u2026","rel":"","context":"Dans &quot;Recettes&quot;","block_context":{"text":"Recettes","link":"https:\/\/humm.loverde.fr\/?cat=2"},"img":{"alt_text":"","src":"https:\/\/i0.wp.com\/humm.loverde.fr\/wp-content\/uploads\/2022\/05\/IMG_20220517_083839_879.jpg?fit=1100%2C508&ssl=1&resize=350%2C200","width":350,"height":200,"srcset":"https:\/\/i0.wp.com\/humm.loverde.fr\/wp-content\/uploads\/2022\/05\/IMG_20220517_083839_879.jpg?fit=1100%2C508&ssl=1&resize=350%2C200 1x, https:\/\/i0.wp.com\/humm.loverde.fr\/wp-content\/uploads\/2022\/05\/IMG_20220517_083839_879.jpg?fit=1100%2C508&ssl=1&resize=525%2C300 1.5x, https:\/\/i0.wp.com\/humm.loverde.fr\/wp-content\/uploads\/2022\/05\/IMG_20220517_083839_879.jpg?fit=1100%2C508&ssl=1&resize=700%2C400 2x, https:\/\/i0.wp.com\/humm.loverde.fr\/wp-content\/uploads\/2022\/05\/IMG_20220517_083839_879.jpg?fit=1100%2C508&ssl=1&resize=1050%2C600 3x"},"classes":[]},{"id":8304,"url":"https:\/\/humm.loverde.fr\/?p=8304","url_meta":{"origin":11702,"position":5},"title":"Tarte aux poireaux","author":"cloverde","date":"13 juin 2023","format":false,"excerpt":"\u00c7a ressemble \u00e0 une quiche mais \u00e7a n'a pas le go\u00fbt d'une quiche, donc tarte. Cette fois j'ai utilis\u00e9 une p\u00e2te bris\u00e9e achet\u00e9e, \u00e9paisse... c'\u00e9tait marqu\u00e9 sur le paquet, 100% beurre. Ingr\u00e9dients \u2022 une p\u00e2te bris\u00e9e \u2022 deux oeufs \u2022 deux poireaux \u2022 40 cl de cr\u00e8me fra\u00eeche semi-liquide et\u2026","rel":"","context":"Dans &quot;Recettes&quot;","block_context":{"text":"Recettes","link":"https:\/\/humm.loverde.fr\/?cat=2"},"img":{"alt_text":"","src":"https:\/\/i0.wp.com\/humm.loverde.fr\/wp-content\/uploads\/2023\/04\/IMG_20230415_120121_609.jpg?fit=1200%2C540&ssl=1&resize=350%2C200","width":350,"height":200,"srcset":"https:\/\/i0.wp.com\/humm.loverde.fr\/wp-content\/uploads\/2023\/04\/IMG_20230415_120121_609.jpg?fit=1200%2C540&ssl=1&resize=350%2C200 1x, https:\/\/i0.wp.com\/humm.loverde.fr\/wp-content\/uploads\/2023\/04\/IMG_20230415_120121_609.jpg?fit=1200%2C540&ssl=1&resize=525%2C300 1.5x, https:\/\/i0.wp.com\/humm.loverde.fr\/wp-content\/uploads\/2023\/04\/IMG_20230415_120121_609.jpg?fit=1200%2C540&ssl=1&resize=700%2C400 2x, https:\/\/i0.wp.com\/humm.loverde.fr\/wp-content\/uploads\/2023\/04\/IMG_20230415_120121_609.jpg?fit=1200%2C540&ssl=1&resize=1050%2C600 3x"},"classes":[]}],"_links":{"self":[{"href":"https:\/\/humm.loverde.fr\/index.php?rest_route=\/wp\/v2\/posts\/11702","targetHints":{"allow":["GET"]}}],"collection":[{"href":"https:\/\/humm.loverde.fr\/index.php?rest_route=\/wp\/v2\/posts"}],"about":[{"href":"https:\/\/humm.loverde.fr\/index.php?rest_route=\/wp\/v2\/types\/post"}],"author":[{"embeddable":true,"href":"https:\/\/humm.loverde.fr\/index.php?rest_route=\/wp\/v2\/users\/1"}],"replies":[{"embeddable":true,"href":"https:\/\/humm.loverde.fr\/index.php?rest_route=%2Fwp%2Fv2%2Fcomments&post=11702"}],"version-history":[{"count":5,"href":"https:\/\/humm.loverde.fr\/index.php?rest_route=\/wp\/v2\/posts\/11702\/revisions"}],"predecessor-version":[{"id":11708,"href":"https:\/\/humm.loverde.fr\/index.php?rest_route=\/wp\/v2\/posts\/11702\/revisions\/11708"}],"wp:featuredmedia":[{"embeddable":true,"href":"https:\/\/humm.loverde.fr\/index.php?rest_route=\/wp\/v2\/media\/11703"}],"wp:attachment":[{"href":"https:\/\/humm.loverde.fr\/index.php?rest_route=%2Fwp%2Fv2%2Fmedia&parent=11702"}],"wp:term":[{"taxonomy":"category","embeddable":true,"href":"https:\/\/humm.loverde.fr\/index.php?rest_route=%2Fwp%2Fv2%2Fcategories&post=11702"},{"taxonomy":"post_tag","embeddable":true,"href":"https:\/\/humm.loverde.fr\/index.php?rest_route=%2Fwp%2Fv2%2Ftags&post=11702"}],"curies":[{"name":"wp","href":"https:\/\/api.w.org\/{rel}","templated":true}]}}