{"id":1253,"date":"2016-09-20T07:07:38","date_gmt":"2016-09-20T06:07:38","guid":{"rendered":"http:\/\/humm.loverde.fr\/?p=1253"},"modified":"2019-12-13T09:30:07","modified_gmt":"2019-12-13T08:30:07","slug":"brochettes-de-crevettes-geantes-et-de-noix-de-st-jacques-marinees","status":"publish","type":"post","link":"https:\/\/humm.loverde.fr\/?p=1253","title":{"rendered":"Brochettes de crevettes g\u00e9antes et de noix de St-Jacques marin\u00e9es"},"content":{"rendered":"<p><strong>Ingr\u00e9dients<\/strong><\/p>\n<ul>\n<li>Crevettes g\u00e9antes crues et noix de saint-Jacques.<\/li>\n<li>2 citrons vert.<\/li>\n<li>2 gousses d&rsquo;ail<\/li>\n<li>Un petit bouquet de persil hach\u00e9<\/li>\n<li>1\/2 cuill\u00e8re \u00e0 caf\u00e9 de piment de Cayenne (tr\u00e8s facultatif, j&rsquo;ai remplac\u00e9 par deux cuill\u00e8res \u00e0 caf\u00e9 de paprika)<\/li>\n<li>2 cuill\u00e8res \u00e0 caf\u00e9 de curcuma<\/li>\n<li>3 cuill\u00e8res \u00e0 soupe de miel<\/li>\n<li>1 cuill\u00e8re \u00e0 soupe d&rsquo;huile neutre (colza)<\/li>\n<li>Sel, poivre<\/li>\n<li>Du riz blanc 60 g\/ personne<\/li>\n<\/ul>\n<p><img data-recalc-dims=\"1\" loading=\"lazy\" decoding=\"async\" data-attachment-id=\"2397\" data-permalink=\"https:\/\/humm.loverde.fr\/?attachment_id=2397\" data-orig-file=\"https:\/\/i0.wp.com\/humm.loverde.fr\/wp-content\/uploads\/2016\/09\/IMG_3455.jpg?fit=800%2C450&amp;ssl=1\" data-orig-size=\"800,450\" data-comments-opened=\"1\" data-image-meta=\"{&quot;aperture&quot;:&quot;0&quot;,&quot;credit&quot;:&quot;&quot;,&quot;camera&quot;:&quot;&quot;,&quot;caption&quot;:&quot;&quot;,&quot;created_timestamp&quot;:&quot;0&quot;,&quot;copyright&quot;:&quot;&quot;,&quot;focal_length&quot;:&quot;0&quot;,&quot;iso&quot;:&quot;0&quot;,&quot;shutter_speed&quot;:&quot;0&quot;,&quot;title&quot;:&quot;&quot;,&quot;orientation&quot;:&quot;0&quot;}\" data-image-title=\"IMG_3455\" data-image-description=\"\" data-image-caption=\"\" data-large-file=\"https:\/\/i0.wp.com\/humm.loverde.fr\/wp-content\/uploads\/2016\/09\/IMG_3455.jpg?fit=800%2C450&amp;ssl=1\" class=\"aligncenter size-full wp-image-2397\" src=\"https:\/\/i0.wp.com\/humm.loverde.fr\/wp-content\/uploads\/2016\/09\/IMG_3455.jpg?resize=800%2C450&#038;ssl=1\" alt=\"\" width=\"800\" height=\"450\" srcset=\"https:\/\/i0.wp.com\/humm.loverde.fr\/wp-content\/uploads\/2016\/09\/IMG_3455.jpg?w=800&amp;ssl=1 800w, https:\/\/i0.wp.com\/humm.loverde.fr\/wp-content\/uploads\/2016\/09\/IMG_3455.jpg?resize=595%2C335&amp;ssl=1 595w, https:\/\/i0.wp.com\/humm.loverde.fr\/wp-content\/uploads\/2016\/09\/IMG_3455.jpg?resize=768%2C432&amp;ssl=1 768w, https:\/\/i0.wp.com\/humm.loverde.fr\/wp-content\/uploads\/2016\/09\/IMG_3455.jpg?resize=107%2C60&amp;ssl=1 107w\" sizes=\"auto, (max-width: 800px) 100vw, 800px\" \/><\/p>\n<p><strong>Pr\u00e9paration<\/strong><\/p>\n<p>1. D\u00e9cortiquer les crevettes et les embrocher avec les noix Saint-Jacques. Mes Saint Jacques \u00e9taient plut\u00f4t grosses, je les ai coup\u00e9es en deux pour qu&rsquo;elles soient cuites en m\u00eame temps que les crevettes. Les mettre dans un plat creux avec rebord.<\/p>\n<figure id=\"attachment_1255\" aria-describedby=\"caption-attachment-1255\" style=\"width: 800px\" class=\"wp-caption aligncenter\"><img data-recalc-dims=\"1\" loading=\"lazy\" decoding=\"async\" data-attachment-id=\"1255\" data-permalink=\"https:\/\/humm.loverde.fr\/?attachment_id=1255\" data-orig-file=\"https:\/\/i0.wp.com\/humm.loverde.fr\/wp-content\/uploads\/2016\/09\/Brochettes-de-crevettes-g%C3%A9antes-et-de-noix-de-St-Jacques-marin%C3%A9es-02.jpg?fit=800%2C450&amp;ssl=1\" data-orig-size=\"800,450\" data-comments-opened=\"1\" data-image-meta=\"{&quot;aperture&quot;:&quot;0&quot;,&quot;credit&quot;:&quot;&quot;,&quot;camera&quot;:&quot;&quot;,&quot;caption&quot;:&quot;&quot;,&quot;created_timestamp&quot;:&quot;0&quot;,&quot;copyright&quot;:&quot;&quot;,&quot;focal_length&quot;:&quot;0&quot;,&quot;iso&quot;:&quot;0&quot;,&quot;shutter_speed&quot;:&quot;0&quot;,&quot;title&quot;:&quot;&quot;,&quot;orientation&quot;:&quot;0&quot;}\" data-image-title=\"Brochettes de crevettes g\u00e9antes et de noix de St-Jacques marin\u00e9es 02\" data-image-description=\"&lt;p&gt;Brochettes de crevettes g\u00e9antes et de noix de St-Jacques marin\u00e9es&lt;\/p&gt;\n\" data-image-caption=\"&lt;p&gt;Brochettes de crevettes g\u00e9antes et de noix de St-Jacques marin\u00e9es&lt;\/p&gt;\n\" data-large-file=\"https:\/\/i0.wp.com\/humm.loverde.fr\/wp-content\/uploads\/2016\/09\/Brochettes-de-crevettes-g%C3%A9antes-et-de-noix-de-St-Jacques-marin%C3%A9es-02.jpg?fit=800%2C450&amp;ssl=1\" class=\"size-medium wp-image-1255\" src=\"https:\/\/i0.wp.com\/humm.loverde.fr\/wp-content\/uploads\/2016\/09\/Brochettes-de-crevettes-g%C3%A9antes-et-de-noix-de-St-Jacques-marin%C3%A9es-02.jpg?resize=800%2C450&#038;ssl=1\" alt=\"Brochettes de crevettes g\u00e9antes et de noix de St-Jacques marin\u00e9es\" width=\"800\" height=\"450\" srcset=\"https:\/\/i0.wp.com\/humm.loverde.fr\/wp-content\/uploads\/2016\/09\/Brochettes-de-crevettes-g%C3%A9antes-et-de-noix-de-St-Jacques-marin%C3%A9es-02.jpg?w=800&amp;ssl=1 800w, https:\/\/i0.wp.com\/humm.loverde.fr\/wp-content\/uploads\/2016\/09\/Brochettes-de-crevettes-g%C3%A9antes-et-de-noix-de-St-Jacques-marin%C3%A9es-02.jpg?resize=768%2C432&amp;ssl=1 768w\" sizes=\"auto, (max-width: 800px) 100vw, 800px\" \/><figcaption id=\"caption-attachment-1255\" class=\"wp-caption-text\">Brochettes de crevettes g\u00e9antes et de noix de St-Jacques marin\u00e9es<\/figcaption><\/figure>\n<p>2. La marinade.<br \/>\nPressez vos citrons. \u00c9pluchez et \u00e9crasez l&rsquo;ail. Hachez le persil. M\u00e9langez dans un bol l&rsquo;ail, l&rsquo;huile, le jus de citron, le persil hach\u00e9, 2 cuill\u00e8res \u00e0 caf\u00e9 de curcuma, le piment de Cayenne ou le paprika, les 3 cuill\u00e8res \u00e0 soupe de miel, sel et poivre. Passer au mixer.<\/p>\n<p>3.Verser la marinade sur les brochettes et laisser mariner au moins 4 heures.<\/p>\n<figure id=\"attachment_1256\" aria-describedby=\"caption-attachment-1256\" style=\"width: 800px\" class=\"wp-caption aligncenter\"><img data-recalc-dims=\"1\" loading=\"lazy\" decoding=\"async\" data-attachment-id=\"1256\" data-permalink=\"https:\/\/humm.loverde.fr\/?attachment_id=1256\" data-orig-file=\"https:\/\/i0.wp.com\/humm.loverde.fr\/wp-content\/uploads\/2016\/09\/Brochettes-de-crevettes-g%C3%A9antes-et-de-noix-de-St-Jacques-marin%C3%A9es-03.jpg?fit=800%2C450&amp;ssl=1\" data-orig-size=\"800,450\" data-comments-opened=\"1\" data-image-meta=\"{&quot;aperture&quot;:&quot;0&quot;,&quot;credit&quot;:&quot;&quot;,&quot;camera&quot;:&quot;&quot;,&quot;caption&quot;:&quot;&quot;,&quot;created_timestamp&quot;:&quot;0&quot;,&quot;copyright&quot;:&quot;&quot;,&quot;focal_length&quot;:&quot;0&quot;,&quot;iso&quot;:&quot;0&quot;,&quot;shutter_speed&quot;:&quot;0&quot;,&quot;title&quot;:&quot;&quot;,&quot;orientation&quot;:&quot;0&quot;}\" data-image-title=\"Brochettes de crevettes g\u00e9antes et de noix de St-Jacques marin\u00e9es 03\" data-image-description=\"&lt;p&gt;Brochettes de crevettes g\u00e9antes et de noix de St-Jacques marin\u00e9es&lt;\/p&gt;\n\" data-image-caption=\"&lt;p&gt;Brochettes de crevettes g\u00e9antes et de noix de St-Jacques marin\u00e9es&lt;\/p&gt;\n\" data-large-file=\"https:\/\/i0.wp.com\/humm.loverde.fr\/wp-content\/uploads\/2016\/09\/Brochettes-de-crevettes-g%C3%A9antes-et-de-noix-de-St-Jacques-marin%C3%A9es-03.jpg?fit=800%2C450&amp;ssl=1\" class=\"size-medium wp-image-1256\" src=\"https:\/\/i0.wp.com\/humm.loverde.fr\/wp-content\/uploads\/2016\/09\/Brochettes-de-crevettes-g%C3%A9antes-et-de-noix-de-St-Jacques-marin%C3%A9es-03.jpg?resize=800%2C450&#038;ssl=1\" alt=\"Brochettes de crevettes g\u00e9antes et de noix de St-Jacques\" width=\"800\" height=\"450\" srcset=\"https:\/\/i0.wp.com\/humm.loverde.fr\/wp-content\/uploads\/2016\/09\/Brochettes-de-crevettes-g%C3%A9antes-et-de-noix-de-St-Jacques-marin%C3%A9es-03.jpg?w=800&amp;ssl=1 800w, https:\/\/i0.wp.com\/humm.loverde.fr\/wp-content\/uploads\/2016\/09\/Brochettes-de-crevettes-g%C3%A9antes-et-de-noix-de-St-Jacques-marin%C3%A9es-03.jpg?resize=768%2C432&amp;ssl=1 768w\" sizes=\"auto, (max-width: 800px) 100vw, 800px\" \/><figcaption id=\"caption-attachment-1256\" class=\"wp-caption-text\">Brochettes de crevettes g\u00e9antes et de noix de St-Jacques marin\u00e9es<\/figcaption><\/figure>\n<p>4. Pour la cuisson : Faites dorer les brochettes \u00e0 la plancha ou dans une grande po\u00eale en rajoutant si n\u00e9cessaire de la marinade. Une fois cuites, servir aussit\u00f4t. On peut accompagner d&rsquo;un riz blanc de Camargue.<\/p>\n","protected":false},"excerpt":{"rendered":"<p>Ingr\u00e9dients Crevettes g\u00e9antes crues et noix de saint-Jacques. 2 citrons vert. 2 gousses d&rsquo;ail Un petit bouquet de persil hach\u00e9 &hellip; <\/p>\n","protected":false},"author":1,"featured_media":1254,"comment_status":"open","ping_status":"open","sticky":false,"template":"","format":"standard","meta":{"jetpack_post_was_ever_published":false,"_jetpack_newsletter_access":"","_jetpack_dont_email_post_to_subs":false,"_jetpack_newsletter_tier_id":0,"_jetpack_memberships_contains_paywalled_content":false,"_jetpack_memberships_contains_paid_content":false,"footnotes":"","jetpack_publicize_message":"","jetpack_publicize_feature_enabled":true,"jetpack_social_post_already_shared":false,"jetpack_social_options":{"image_generator_settings":{"template":"highway","default_image_id":0,"font":"","enabled":false},"version":2}},"categories":[2],"tags":[263,403,402],"class_list":["post-1253","post","type-post","status-publish","format-standard","has-post-thumbnail","hentry","category-recettes","tag-brochettes","tag-crevettes-geantes","tag-noix-saint-jacques"],"jetpack_publicize_connections":[],"jetpack_featured_media_url":"https:\/\/i0.wp.com\/humm.loverde.fr\/wp-content\/uploads\/2016\/09\/Brochettes-de-crevettes-g%C3%A9antes-et-de-noix-de-St-Jacques-marin%C3%A9es-01.jpg?fit=800%2C450&ssl=1","jetpack_sharing_enabled":true,"jetpack_shortlink":"https:\/\/wp.me\/p9whbF-kd","jetpack_likes_enabled":true,"jetpack-related-posts":[{"id":958,"url":"https:\/\/humm.loverde.fr\/?p=958","url_meta":{"origin":1253,"position":0},"title":"Brochettes Crevettes &#8211; Saint-Jacques","author":"cloverde","date":"2 f\u00e9vrier 2016","format":false,"excerpt":"Une entr\u00e9e un peu \u00e9labor\u00e9e pour un repas sp\u00e9cial! Tir\u00e9e de Marmiton. \u00a0 Ingr\u00e9dients (pour 4 personnes) : 8 noix de Saint-Jacques (cela d\u00e9pend du nombre de personne et du nombre de brochettes) 16 tranches fines de bacon 150 g de crevettes sauvages d\u00e9cortiqu\u00e9es et d\u00e9vein\u00e9es 1\/2 bouquet de persil\u2026","rel":"","context":"Dans &quot;Recettes&quot;","block_context":{"text":"Recettes","link":"https:\/\/humm.loverde.fr\/?cat=2"},"img":{"alt_text":"brochettes crevettes saint-jacques","src":"https:\/\/i0.wp.com\/humm.loverde.fr\/wp-content\/uploads\/2016\/01\/brochettes-crevettes-saint-jacques-5.jpg?resize=350%2C200&ssl=1","width":350,"height":200},"classes":[]},{"id":5357,"url":"https:\/\/humm.loverde.fr\/?p=5357","url_meta":{"origin":1253,"position":1},"title":"Po\u00eal\u00e9e de Saint-Jacques, crevettes aux \u00e9pices","author":"cloverde","date":"9 juin 2020","format":false,"excerpt":"Po\u00eal\u00e9e de Saint-Jacques, crevettes aux \u00e9pices Pas grand chose \u00e0 dire \u00e0 propos de cette recette, peut-\u00eatre que je ne cuisine pas tr\u00e8s souvent les Saint-Jacques. Je ne suis pas \u00e0 l'aise avec cette mati\u00e8re premi\u00e8re. J'ai tout essay\u00e9 fra\u00eeches, congel\u00e9es avec ou sans le truc orange (le corail...), po\u00eale\u2026","rel":"","context":"Dans &quot;recette&quot;","block_context":{"text":"recette","link":"https:\/\/humm.loverde.fr\/?cat=1052"},"img":{"alt_text":"","src":"https:\/\/i0.wp.com\/humm.loverde.fr\/wp-content\/uploads\/2020\/06\/attachment-32.png?fit=800%2C450&ssl=1&resize=350%2C200","width":350,"height":200,"srcset":"https:\/\/i0.wp.com\/humm.loverde.fr\/wp-content\/uploads\/2020\/06\/attachment-32.png?fit=800%2C450&ssl=1&resize=350%2C200 1x, https:\/\/i0.wp.com\/humm.loverde.fr\/wp-content\/uploads\/2020\/06\/attachment-32.png?fit=800%2C450&ssl=1&resize=525%2C300 1.5x, https:\/\/i0.wp.com\/humm.loverde.fr\/wp-content\/uploads\/2020\/06\/attachment-32.png?fit=800%2C450&ssl=1&resize=700%2C400 2x"},"classes":[]},{"id":5086,"url":"https:\/\/humm.loverde.fr\/?p=5086","url_meta":{"origin":1253,"position":2},"title":"Crevettes sauce tha\u00ef au lait de coco","author":"cloverde","date":"26 mai 2020","format":false,"excerpt":"\u00a0 Crevettes sauce tha\u00ef au lait de coco Au risque de me r\u00e9p\u00e9ter, j'aime les crevettes. Pas les crevettes vendues en gros tas et tr\u00e8s souvent en promotion cuitent dans je ne sais pas quelle eau ni \u00e0 quel endroit et nourries avec des aliments douteux ! Malheureusement pour avoir\u2026","rel":"","context":"Dans &quot;recette&quot;","block_context":{"text":"recette","link":"https:\/\/humm.loverde.fr\/?cat=1052"},"img":{"alt_text":"","src":"https:\/\/i0.wp.com\/humm.loverde.fr\/wp-content\/uploads\/2020\/05\/attachment-3.png?fit=800%2C450&ssl=1&resize=350%2C200","width":350,"height":200,"srcset":"https:\/\/i0.wp.com\/humm.loverde.fr\/wp-content\/uploads\/2020\/05\/attachment-3.png?fit=800%2C450&ssl=1&resize=350%2C200 1x, https:\/\/i0.wp.com\/humm.loverde.fr\/wp-content\/uploads\/2020\/05\/attachment-3.png?fit=800%2C450&ssl=1&resize=525%2C300 1.5x, https:\/\/i0.wp.com\/humm.loverde.fr\/wp-content\/uploads\/2020\/05\/attachment-3.png?fit=800%2C450&ssl=1&resize=700%2C400 2x"},"classes":[]},{"id":1691,"url":"https:\/\/humm.loverde.fr\/?p=1691","url_meta":{"origin":1253,"position":3},"title":"Crevettes saut\u00e9es ail et curry","author":"cloverde","date":"28 juillet 2017","format":false,"excerpt":"Il n'y a pas toujours une histoire \u00e0 associer \u00e0 une recette. L\u00e0 j'ai simplement 250 g de crevette d\u00e9cortiqu\u00e9es \u00e0 pr\u00e9parer. Elles sont sauvages mais c'est la premi\u00e8re fois que j'ach\u00e8te cette marque alors m\u00e9fiance, je vais opter pour une sauce ou une marinade bien relev\u00e9e sans \u00eatre piquante\u2026","rel":"","context":"Dans &quot;Recettes&quot;","block_context":{"text":"Recettes","link":"https:\/\/humm.loverde.fr\/?cat=2"},"img":{"alt_text":"","src":"https:\/\/i0.wp.com\/humm.loverde.fr\/wp-content\/uploads\/2017\/07\/IMG_3453.jpg?resize=350%2C200&ssl=1","width":350,"height":200,"srcset":"https:\/\/i0.wp.com\/humm.loverde.fr\/wp-content\/uploads\/2017\/07\/IMG_3453.jpg?resize=350%2C200&ssl=1 1x, https:\/\/i0.wp.com\/humm.loverde.fr\/wp-content\/uploads\/2017\/07\/IMG_3453.jpg?resize=525%2C300&ssl=1 1.5x, https:\/\/i0.wp.com\/humm.loverde.fr\/wp-content\/uploads\/2017\/07\/IMG_3453.jpg?resize=700%2C400&ssl=1 2x"},"classes":[]},{"id":991,"url":"https:\/\/humm.loverde.fr\/?p=991","url_meta":{"origin":1253,"position":4},"title":"Gratin\u00e9 de crevettes et poireau","author":"cloverde","date":"1 mars 2016","format":false,"excerpt":"Recette que j'ai r\u00e9alis\u00e9 d\u00e9j\u00e0 deux fois, avec du soja cuisine la deuxi\u00e8me fois et deux blancs de poireau, elle vient du site\u00a0http:\/\/www.uneplumedanslacuisine.com\/ Une belle entr\u00e9e que l'on peut pr\u00e9parer un peu avant. Ingr\u00e9dients pour 4 portions \u2013 25 crevettes roses moyennes cuites \u2013 1 blanc de poireau \u2013 25\u2026","rel":"","context":"Dans &quot;Recettes&quot;","block_context":{"text":"Recettes","link":"https:\/\/humm.loverde.fr\/?cat=2"},"img":{"alt_text":"","src":"https:\/\/i0.wp.com\/humm.loverde.fr\/wp-content\/uploads\/2016\/03\/IMG_3457.jpg?resize=350%2C200&ssl=1","width":350,"height":200,"srcset":"https:\/\/i0.wp.com\/humm.loverde.fr\/wp-content\/uploads\/2016\/03\/IMG_3457.jpg?resize=350%2C200&ssl=1 1x, https:\/\/i0.wp.com\/humm.loverde.fr\/wp-content\/uploads\/2016\/03\/IMG_3457.jpg?resize=525%2C300&ssl=1 1.5x, https:\/\/i0.wp.com\/humm.loverde.fr\/wp-content\/uploads\/2016\/03\/IMG_3457.jpg?resize=700%2C400&ssl=1 2x"},"classes":[]},{"id":4804,"url":"https:\/\/humm.loverde.fr\/?p=4804","url_meta":{"origin":1253,"position":5},"title":"Crevettes en brique","author":"cloverde","date":"16 mars 2020","format":false,"excerpt":"Crevettes en brique Difficile de trouver du nouveau avec des crevettes alors j'ai invent\u00e9. Rien d'extraordinaire, une marinade et un habillage avec des feuilles de briques d\u00e9coup\u00e9es en lani\u00e8res. Une entr\u00e9e-ap\u00e9ro au look nouveau et un r\u00e9gal comme d'habitude. Ingr\u00e9dients Environ 3 crevettes par personne. Des crevettes crues et sauvages\u2026","rel":"","context":"Dans &quot;recette&quot;","block_context":{"text":"recette","link":"https:\/\/humm.loverde.fr\/?cat=1052"},"img":{"alt_text":"","src":"https:\/\/i0.wp.com\/humm.loverde.fr\/wp-content\/uploads\/2020\/01\/attachment-18.png?fit=800%2C450&ssl=1&resize=350%2C200","width":350,"height":200,"srcset":"https:\/\/i0.wp.com\/humm.loverde.fr\/wp-content\/uploads\/2020\/01\/attachment-18.png?fit=800%2C450&ssl=1&resize=350%2C200 1x, https:\/\/i0.wp.com\/humm.loverde.fr\/wp-content\/uploads\/2020\/01\/attachment-18.png?fit=800%2C450&ssl=1&resize=525%2C300 1.5x, https:\/\/i0.wp.com\/humm.loverde.fr\/wp-content\/uploads\/2020\/01\/attachment-18.png?fit=800%2C450&ssl=1&resize=700%2C400 2x"},"classes":[]}],"_links":{"self":[{"href":"https:\/\/humm.loverde.fr\/index.php?rest_route=\/wp\/v2\/posts\/1253","targetHints":{"allow":["GET"]}}],"collection":[{"href":"https:\/\/humm.loverde.fr\/index.php?rest_route=\/wp\/v2\/posts"}],"about":[{"href":"https:\/\/humm.loverde.fr\/index.php?rest_route=\/wp\/v2\/types\/post"}],"author":[{"embeddable":true,"href":"https:\/\/humm.loverde.fr\/index.php?rest_route=\/wp\/v2\/users\/1"}],"replies":[{"embeddable":true,"href":"https:\/\/humm.loverde.fr\/index.php?rest_route=%2Fwp%2Fv2%2Fcomments&post=1253"}],"version-history":[{"count":5,"href":"https:\/\/humm.loverde.fr\/index.php?rest_route=\/wp\/v2\/posts\/1253\/revisions"}],"predecessor-version":[{"id":4528,"href":"https:\/\/humm.loverde.fr\/index.php?rest_route=\/wp\/v2\/posts\/1253\/revisions\/4528"}],"wp:featuredmedia":[{"embeddable":true,"href":"https:\/\/humm.loverde.fr\/index.php?rest_route=\/wp\/v2\/media\/1254"}],"wp:attachment":[{"href":"https:\/\/humm.loverde.fr\/index.php?rest_route=%2Fwp%2Fv2%2Fmedia&parent=1253"}],"wp:term":[{"taxonomy":"category","embeddable":true,"href":"https:\/\/humm.loverde.fr\/index.php?rest_route=%2Fwp%2Fv2%2Fcategories&post=1253"},{"taxonomy":"post_tag","embeddable":true,"href":"https:\/\/humm.loverde.fr\/index.php?rest_route=%2Fwp%2Fv2%2Ftags&post=1253"}],"curies":[{"name":"wp","href":"https:\/\/api.w.org\/{rel}","templated":true}]}}