{"id":1754,"date":"2017-09-30T12:49:15","date_gmt":"2017-09-30T11:49:15","guid":{"rendered":"http:\/\/humm.loverde.fr\/?p=1754"},"modified":"2019-08-02T08:33:22","modified_gmt":"2019-08-02T07:33:22","slug":"voyage-en-grece-athenes","status":"publish","type":"post","link":"https:\/\/humm.loverde.fr\/?p=1754","title":{"rendered":"Voyage en Gr\u00e8ce, Ath\u00e8nes"},"content":{"rendered":"<p>Vendredi et samedi 16 septembre 2017<\/p>\n<p>&nbsp;<\/p>\n<p>Cette \u00e9tape n&rsquo;\u00e9tait pas pr\u00e9vue mais la balade dans les Cyclades et petites Cyclades s&rsquo;\u00e9tant prolong\u00e9e le retour depuis le point de d\u00e9part n&rsquo;a pas pu se faire.<\/p>\n<p><img data-recalc-dims=\"1\" loading=\"lazy\" decoding=\"async\" data-attachment-id=\"2407\" data-permalink=\"https:\/\/humm.loverde.fr\/?attachment_id=2407\" data-orig-file=\"https:\/\/i0.wp.com\/humm.loverde.fr\/wp-content\/uploads\/2017\/09\/IMG_3463.jpg?fit=800%2C393&amp;ssl=1\" data-orig-size=\"800,393\" data-comments-opened=\"1\" data-image-meta=\"{&quot;aperture&quot;:&quot;0&quot;,&quot;credit&quot;:&quot;&quot;,&quot;camera&quot;:&quot;&quot;,&quot;caption&quot;:&quot;&quot;,&quot;created_timestamp&quot;:&quot;0&quot;,&quot;copyright&quot;:&quot;&quot;,&quot;focal_length&quot;:&quot;0&quot;,&quot;iso&quot;:&quot;0&quot;,&quot;shutter_speed&quot;:&quot;0&quot;,&quot;title&quot;:&quot;&quot;,&quot;orientation&quot;:&quot;1&quot;}\" data-image-title=\"IMG_3463\" data-image-description=\"\" data-image-caption=\"\" data-large-file=\"https:\/\/i0.wp.com\/humm.loverde.fr\/wp-content\/uploads\/2017\/09\/IMG_3463.jpg?fit=800%2C393&amp;ssl=1\" class=\"aligncenter size-full wp-image-2407\" src=\"https:\/\/i0.wp.com\/humm.loverde.fr\/wp-content\/uploads\/2017\/09\/IMG_3463.jpg?resize=800%2C393&#038;ssl=1\" alt=\"\" width=\"800\" height=\"393\" srcset=\"https:\/\/i0.wp.com\/humm.loverde.fr\/wp-content\/uploads\/2017\/09\/IMG_3463.jpg?w=800&amp;ssl=1 800w, https:\/\/i0.wp.com\/humm.loverde.fr\/wp-content\/uploads\/2017\/09\/IMG_3463.jpg?resize=595%2C292&amp;ssl=1 595w, https:\/\/i0.wp.com\/humm.loverde.fr\/wp-content\/uploads\/2017\/09\/IMG_3463.jpg?resize=768%2C377&amp;ssl=1 768w, https:\/\/i0.wp.com\/humm.loverde.fr\/wp-content\/uploads\/2017\/09\/IMG_3463.jpg?resize=122%2C60&amp;ssl=1 122w\" sizes=\"auto, (max-width: 800px) 100vw, 800px\" \/><\/p>\n<p>J&rsquo;\u00e9tais un peu triste de quitter l&rsquo;\u00e9quipe mais cela \u00e0 \u00e9t\u00e9 compens\u00e9 par une visite d&rsquo;une journ\u00e9e quasiment puisque mon avion partait le soir.<\/p>\n<p>Il faisait chaud mais je m&rsquo;en suis \u00e0 peine aper\u00e7u !<\/p>\n<p><img data-recalc-dims=\"1\" loading=\"lazy\" decoding=\"async\" data-attachment-id=\"1755\" data-permalink=\"https:\/\/humm.loverde.fr\/?attachment_id=1755\" data-orig-file=\"https:\/\/i0.wp.com\/humm.loverde.fr\/wp-content\/uploads\/2017\/09\/IMG_2432.jpg?fit=450%2C675&amp;ssl=1\" data-orig-size=\"450,675\" data-comments-opened=\"1\" data-image-meta=\"{&quot;aperture&quot;:&quot;0&quot;,&quot;credit&quot;:&quot;&quot;,&quot;camera&quot;:&quot;&quot;,&quot;caption&quot;:&quot;&quot;,&quot;created_timestamp&quot;:&quot;0&quot;,&quot;copyright&quot;:&quot;&quot;,&quot;focal_length&quot;:&quot;0&quot;,&quot;iso&quot;:&quot;0&quot;,&quot;shutter_speed&quot;:&quot;0&quot;,&quot;title&quot;:&quot;&quot;,&quot;orientation&quot;:&quot;1&quot;}\" data-image-title=\"Ath\u00e8nes\" data-image-description=\"\" data-image-caption=\"\" data-large-file=\"https:\/\/i0.wp.com\/humm.loverde.fr\/wp-content\/uploads\/2017\/09\/IMG_2432.jpg?fit=450%2C675&amp;ssl=1\" class=\"aligncenter size-full wp-image-1755\" src=\"https:\/\/i0.wp.com\/humm.loverde.fr\/wp-content\/uploads\/2017\/09\/IMG_2432.jpg?resize=450%2C675&#038;ssl=1\" alt=\"\" width=\"450\" height=\"675\" srcset=\"https:\/\/i0.wp.com\/humm.loverde.fr\/wp-content\/uploads\/2017\/09\/IMG_2432.jpg?w=450&amp;ssl=1 450w, https:\/\/i0.wp.com\/humm.loverde.fr\/wp-content\/uploads\/2017\/09\/IMG_2432.jpg?resize=400%2C600&amp;ssl=1 400w\" sizes=\"auto, (max-width: 450px) 100vw, 450px\" \/><\/p>\n<p>L&rsquo;h\u00f4tel \u00e9tait \u00e0 17 minutes \u00e0 pieds selon Google maps mais j&rsquo;ai perdu un peu de temps pour le retrouver, les rues ont des noms difficiles \u00e0 retenir et qui n&rsquo;ont pas la m\u00eame orthographe sur le plan et les plaques de rues. Et pour couronner le tout, dans le quartier o\u00f9 je me trouvais elles \u00e9taient pas trop rectangulaires.<\/p>\n","protected":false},"excerpt":{"rendered":"<p>Vendredi et samedi 16 septembre 2017 &nbsp; Cette \u00e9tape n&rsquo;\u00e9tait pas pr\u00e9vue mais la balade dans les Cyclades et petites &hellip; <\/p>\n","protected":false},"author":1,"featured_media":2407,"comment_status":"open","ping_status":"open","sticky":false,"template":"","format":"standard","meta":{"jetpack_post_was_ever_published":false,"_jetpack_newsletter_access":"","_jetpack_dont_email_post_to_subs":false,"_jetpack_newsletter_tier_id":0,"_jetpack_memberships_contains_paywalled_content":false,"_jetpack_memberships_contains_paid_content":false,"footnotes":"","jetpack_publicize_message":"","jetpack_publicize_feature_enabled":true,"jetpack_social_post_already_shared":false,"jetpack_social_options":{"image_generator_settings":{"template":"highway","default_image_id":0,"font":"","enabled":false},"version":2}},"categories":[13,836],"tags":[529,528,524,32],"class_list":["post-1754","post","type-post","status-publish","format-standard","has-post-thumbnail","hentry","category-actuel","category-voyage","tag-acropole","tag-athenes","tag-grece","tag-voyage"],"jetpack_publicize_connections":[],"jetpack_featured_media_url":"https:\/\/i0.wp.com\/humm.loverde.fr\/wp-content\/uploads\/2017\/09\/IMG_3463.jpg?fit=800%2C393&ssl=1","jetpack_sharing_enabled":true,"jetpack_shortlink":"https:\/\/wp.me\/p9whbF-si","jetpack_likes_enabled":true,"jetpack-related-posts":[{"id":1749,"url":"https:\/\/humm.loverde.fr\/?p=1749","url_meta":{"origin":1754,"position":0},"title":"Voyage en Gr\u00e8ce, Santorin","author":"cloverde","date":"26 septembre 2017","format":false,"excerpt":"Je ne vous ai pas oubli\u00e9 mais... comment dire? J'ai \u00e9t\u00e9 un peu occup\u00e9 ailleurs. Quelques jours en Gr\u00e8ce d'\u00eele en \u00eele dans les Cyclades. Un voyage inoubliable avec famille et amis. Je vais, dans les jours qui viennent \u00e9grener quelques cartes postales pas forc\u00e9ment dans l'ordre chronologique. Pour commencer\u2026","rel":"","context":"Dans &quot;Actuel&quot;","block_context":{"text":"Actuel","link":"https:\/\/humm.loverde.fr\/?cat=13"},"img":{"alt_text":"","src":"https:\/\/i0.wp.com\/humm.loverde.fr\/wp-content\/uploads\/2017\/09\/IMG_2431.jpg?resize=350%2C200&ssl=1","width":350,"height":200},"classes":[]},{"id":126,"url":"https:\/\/humm.loverde.fr\/?p=126","url_meta":{"origin":1754,"position":1},"title":"Note de lecture, Le voyage \u00e0 Liverpool","author":"cloverde","date":"5 mai 2015","format":false,"excerpt":"Livre de Jacques Colin (2003) que l'on m'a donn\u00e9 connaissant mes go\u00fbts musicaux et ma passion pour les Beatles. . R\u00e9sum\u00e9 Ma fille venait de rentrer de vacances - Tu connais les Beatles ? m'avait-elle demand\u00e9. J'avais r\u00e9pondu oui. Cl\u00e9lia d\u00e9teste les r\u00e9ponses longues. - Tu les aimes bien ?\u2026","rel":"","context":"Dans &quot;Lectures&quot;","block_context":{"text":"Lectures","link":"https:\/\/humm.loverde.fr\/?cat=1"},"img":{"alt_text":"","src":"https:\/\/i0.wp.com\/humm.loverde.fr\/wp-content\/uploads\/2015\/05\/IMG_3476.jpg?resize=350%2C200&ssl=1","width":350,"height":200,"srcset":"https:\/\/i0.wp.com\/humm.loverde.fr\/wp-content\/uploads\/2015\/05\/IMG_3476.jpg?resize=350%2C200&ssl=1 1x, https:\/\/i0.wp.com\/humm.loverde.fr\/wp-content\/uploads\/2015\/05\/IMG_3476.jpg?resize=525%2C300&ssl=1 1.5x, https:\/\/i0.wp.com\/humm.loverde.fr\/wp-content\/uploads\/2015\/05\/IMG_3476.jpg?resize=700%2C400&ssl=1 2x"},"classes":[]},{"id":10289,"url":"https:\/\/humm.loverde.fr\/?p=10289","url_meta":{"origin":1754,"position":2},"title":"Paul Auster","author":"kris33390","date":"5 mai 2024","format":false,"excerpt":"La mort de Paul Auster a \u00e9t\u00e9 tr\u00e8s largement \u00e9voqu\u00e9e dans les journaux t\u00e9l\u00e9vis\u00e9s, \u00e0 la radio et sur le web. Paul Auster, Bashung, Gainsbourg... le talent n'emp\u00eache pas les addictions mortelles et c'est bien dommage. Je me suis dit, tiens je ne suis pas le seul \u00e0 appr\u00e9cier cet\u2026","rel":"","context":"Dans &quot;Actuel&quot;","block_context":{"text":"Actuel","link":"https:\/\/humm.loverde.fr\/?cat=13"},"img":{"alt_text":"","src":"https:\/\/i0.wp.com\/humm.loverde.fr\/wp-content\/uploads\/2024\/05\/tc5ea352_copy_1024x683.jpg?fit=1024%2C683&ssl=1&resize=350%2C200","width":350,"height":200,"srcset":"https:\/\/i0.wp.com\/humm.loverde.fr\/wp-content\/uploads\/2024\/05\/tc5ea352_copy_1024x683.jpg?fit=1024%2C683&ssl=1&resize=350%2C200 1x, https:\/\/i0.wp.com\/humm.loverde.fr\/wp-content\/uploads\/2024\/05\/tc5ea352_copy_1024x683.jpg?fit=1024%2C683&ssl=1&resize=525%2C300 1.5x, https:\/\/i0.wp.com\/humm.loverde.fr\/wp-content\/uploads\/2024\/05\/tc5ea352_copy_1024x683.jpg?fit=1024%2C683&ssl=1&resize=700%2C400 2x"},"classes":[]},{"id":879,"url":"https:\/\/humm.loverde.fr\/?p=879","url_meta":{"origin":1754,"position":3},"title":"Spaghetti alla Carbonara","author":"cloverde","date":"1 d\u00e9cembre 2015","format":false,"excerpt":"La vraie recette des p\u00e2tes a la carbonara, recette italienne. Loin des adaptations fran\u00e7aises et de toutes les aberrations que l'on rencontre dans les livres et les Resto italiens en France. Tout d'abord, il n'y a pas de cr\u00e8me fra\u00eeche dans les spaghetti a la carbonara. La liste des ingr\u00e9dients\u2026","rel":"","context":"Dans &quot;Recettes&quot;","block_context":{"text":"Recettes","link":"https:\/\/humm.loverde.fr\/?cat=2"},"img":{"alt_text":"Spaghetti \u00e0 la carbonara","src":"https:\/\/i0.wp.com\/humm.loverde.fr\/wp-content\/uploads\/2015\/12\/Spaghetti-%C3%A0-la-carbonara-1.jpg?fit=800%2C450&ssl=1&resize=350%2C200","width":350,"height":200,"srcset":"https:\/\/i0.wp.com\/humm.loverde.fr\/wp-content\/uploads\/2015\/12\/Spaghetti-%C3%A0-la-carbonara-1.jpg?fit=800%2C450&ssl=1&resize=350%2C200 1x, https:\/\/i0.wp.com\/humm.loverde.fr\/wp-content\/uploads\/2015\/12\/Spaghetti-%C3%A0-la-carbonara-1.jpg?fit=800%2C450&ssl=1&resize=525%2C300 1.5x, https:\/\/i0.wp.com\/humm.loverde.fr\/wp-content\/uploads\/2015\/12\/Spaghetti-%C3%A0-la-carbonara-1.jpg?fit=800%2C450&ssl=1&resize=700%2C400 2x"},"classes":[]},{"id":3318,"url":"https:\/\/humm.loverde.fr\/?p=3318","url_meta":{"origin":1754,"position":4},"title":"Grabia (\u0393\u03c1\u03b1\u03bc\u03c0\u03b9\u03ac)","author":"cloverde","date":"14 octobre 2018","format":false,"excerpt":"Extrait d'un livre grec sur l'histoire de Karystos et des environs. Au d\u00e9part je voulais raconter l'histoire du turc et de la belle Arethis et \u00e7a s'est \u00e9toff\u00e9 au fure et \u00e0 mesure. Textes du livre et de Wikip\u00e9dia quand il n'y a pas de fautes \ud83d\ude09. \u00c7a se passe\u2026","rel":"","context":"Dans &quot;voyage&quot;","block_context":{"text":"voyage","link":"https:\/\/humm.loverde.fr\/?cat=836"},"img":{"alt_text":"","src":"https:\/\/i0.wp.com\/humm.loverde.fr\/wp-content\/uploads\/2018\/10\/a75304baa7c3e1acab046c33fb96aace.jpeg?fit=800%2C532&ssl=1&resize=350%2C200","width":350,"height":200,"srcset":"https:\/\/i0.wp.com\/humm.loverde.fr\/wp-content\/uploads\/2018\/10\/a75304baa7c3e1acab046c33fb96aace.jpeg?fit=800%2C532&ssl=1&resize=350%2C200 1x, https:\/\/i0.wp.com\/humm.loverde.fr\/wp-content\/uploads\/2018\/10\/a75304baa7c3e1acab046c33fb96aace.jpeg?fit=800%2C532&ssl=1&resize=525%2C300 1.5x, https:\/\/i0.wp.com\/humm.loverde.fr\/wp-content\/uploads\/2018\/10\/a75304baa7c3e1acab046c33fb96aace.jpeg?fit=800%2C532&ssl=1&resize=700%2C400 2x"},"classes":[]},{"id":5514,"url":"https:\/\/humm.loverde.fr\/?p=5514","url_meta":{"origin":1754,"position":5},"title":"Brochettes de poulet marin\u00e9","author":"cloverde","date":"21 ao\u00fbt 2020","format":false,"excerpt":"Les brochettes, un classique de l'\u00e9t\u00e9. J'ai essay\u00e9 toutes les viandes m\u00eame le porc ! Et finalement ma pr\u00e9f\u00e9rence va au poulet, le blanc de poulet. Bien s\u00fbr la qualit\u00e9 du poulet est le facteur d\u00e9terminant pour de bonnes brochettes. Ingr\u00e9dients pour 2 personnes 2 blancs de poulet De l'huile\u2026","rel":"","context":"Dans &quot;recette&quot;","block_context":{"text":"recette","link":"https:\/\/humm.loverde.fr\/?cat=1052"},"img":{"alt_text":"","src":"https:\/\/i0.wp.com\/humm.loverde.fr\/wp-content\/uploads\/2020\/08\/attachment-9.jpeg?fit=1200%2C675&ssl=1&resize=350%2C200","width":350,"height":200,"srcset":"https:\/\/i0.wp.com\/humm.loverde.fr\/wp-content\/uploads\/2020\/08\/attachment-9.jpeg?fit=1200%2C675&ssl=1&resize=350%2C200 1x, https:\/\/i0.wp.com\/humm.loverde.fr\/wp-content\/uploads\/2020\/08\/attachment-9.jpeg?fit=1200%2C675&ssl=1&resize=525%2C300 1.5x, https:\/\/i0.wp.com\/humm.loverde.fr\/wp-content\/uploads\/2020\/08\/attachment-9.jpeg?fit=1200%2C675&ssl=1&resize=700%2C400 2x, https:\/\/i0.wp.com\/humm.loverde.fr\/wp-content\/uploads\/2020\/08\/attachment-9.jpeg?fit=1200%2C675&ssl=1&resize=1050%2C600 3x"},"classes":[]}],"_links":{"self":[{"href":"https:\/\/humm.loverde.fr\/index.php?rest_route=\/wp\/v2\/posts\/1754","targetHints":{"allow":["GET"]}}],"collection":[{"href":"https:\/\/humm.loverde.fr\/index.php?rest_route=\/wp\/v2\/posts"}],"about":[{"href":"https:\/\/humm.loverde.fr\/index.php?rest_route=\/wp\/v2\/types\/post"}],"author":[{"embeddable":true,"href":"https:\/\/humm.loverde.fr\/index.php?rest_route=\/wp\/v2\/users\/1"}],"replies":[{"embeddable":true,"href":"https:\/\/humm.loverde.fr\/index.php?rest_route=%2Fwp%2Fv2%2Fcomments&post=1754"}],"version-history":[{"count":3,"href":"https:\/\/humm.loverde.fr\/index.php?rest_route=\/wp\/v2\/posts\/1754\/revisions"}],"predecessor-version":[{"id":2408,"href":"https:\/\/humm.loverde.fr\/index.php?rest_route=\/wp\/v2\/posts\/1754\/revisions\/2408"}],"wp:featuredmedia":[{"embeddable":true,"href":"https:\/\/humm.loverde.fr\/index.php?rest_route=\/wp\/v2\/media\/2407"}],"wp:attachment":[{"href":"https:\/\/humm.loverde.fr\/index.php?rest_route=%2Fwp%2Fv2%2Fmedia&parent=1754"}],"wp:term":[{"taxonomy":"category","embeddable":true,"href":"https:\/\/humm.loverde.fr\/index.php?rest_route=%2Fwp%2Fv2%2Fcategories&post=1754"},{"taxonomy":"post_tag","embeddable":true,"href":"https:\/\/humm.loverde.fr\/index.php?rest_route=%2Fwp%2Fv2%2Ftags&post=1754"}],"curies":[{"name":"wp","href":"https:\/\/api.w.org\/{rel}","templated":true}]}}