{"id":1832,"date":"2017-10-23T15:41:04","date_gmt":"2017-10-23T14:41:04","guid":{"rendered":"http:\/\/humm.loverde.fr\/?p=1832"},"modified":"2018-01-26T14:34:48","modified_gmt":"2018-01-26T13:34:48","slug":"les-croquants","status":"publish","type":"post","link":"https:\/\/humm.loverde.fr\/?p=1832","title":{"rendered":"Les croquants"},"content":{"rendered":"<p>Je suis dans une phase peu productive, alors j&rsquo;avais le choix entre rien publier ou pondre un article photo. \u00c7a me rappelle les romans photos de \u00ab\u00a0Nous deux\u00a0\u00bb que l&rsquo;on s&#8217;empressait de lire avec ma soeur (la grande) chaque semaine quand ma m\u00e8re l&rsquo;achetait.<\/p>\n<p>Alors voici un article photo. Ce qui est frustrant c&rsquo;est que cette recette \u00e9tait publi\u00e9e sur mon site initial qui a disparu \u00e0 cause d&rsquo;une version de php qui a chang\u00e9e chez mon h\u00e9bergeur qui est tr\u00e8s bien par ailleurs&#8230;<\/p>\n<p><img data-recalc-dims=\"1\" loading=\"lazy\" decoding=\"async\" data-attachment-id=\"1833\" data-permalink=\"https:\/\/humm.loverde.fr\/?attachment_id=1833\" data-orig-file=\"https:\/\/i0.wp.com\/humm.loverde.fr\/wp-content\/uploads\/2017\/10\/IMG_2612.jpg?fit=800%2C450&amp;ssl=1\" data-orig-size=\"800,450\" data-comments-opened=\"1\" data-image-meta=\"{&quot;aperture&quot;:&quot;0&quot;,&quot;credit&quot;:&quot;&quot;,&quot;camera&quot;:&quot;&quot;,&quot;caption&quot;:&quot;&quot;,&quot;created_timestamp&quot;:&quot;0&quot;,&quot;copyright&quot;:&quot;&quot;,&quot;focal_length&quot;:&quot;0&quot;,&quot;iso&quot;:&quot;0&quot;,&quot;shutter_speed&quot;:&quot;0&quot;,&quot;title&quot;:&quot;&quot;,&quot;orientation&quot;:&quot;1&quot;}\" data-image-title=\"Les croquants\" data-image-description=\"\" data-image-caption=\"\" data-large-file=\"https:\/\/i0.wp.com\/humm.loverde.fr\/wp-content\/uploads\/2017\/10\/IMG_2612.jpg?fit=800%2C450&amp;ssl=1\" class=\"aligncenter size-full wp-image-1833\" src=\"https:\/\/i0.wp.com\/humm.loverde.fr\/wp-content\/uploads\/2017\/10\/IMG_2612.jpg?resize=800%2C450&#038;ssl=1\" alt=\"\" width=\"800\" height=\"450\" srcset=\"https:\/\/i0.wp.com\/humm.loverde.fr\/wp-content\/uploads\/2017\/10\/IMG_2612.jpg?w=800&amp;ssl=1 800w, https:\/\/i0.wp.com\/humm.loverde.fr\/wp-content\/uploads\/2017\/10\/IMG_2612.jpg?resize=768%2C432&amp;ssl=1 768w\" sizes=\"auto, (max-width: 800px) 100vw, 800px\" \/><\/p>\n<p>La recette:<\/p>\n<p><img data-recalc-dims=\"1\" loading=\"lazy\" decoding=\"async\" data-attachment-id=\"1834\" data-permalink=\"https:\/\/humm.loverde.fr\/?attachment_id=1834\" data-orig-file=\"https:\/\/i0.wp.com\/humm.loverde.fr\/wp-content\/uploads\/2017\/10\/IMG_2613.jpg?fit=450%2C602&amp;ssl=1\" data-orig-size=\"450,602\" data-comments-opened=\"1\" data-image-meta=\"{&quot;aperture&quot;:&quot;0&quot;,&quot;credit&quot;:&quot;&quot;,&quot;camera&quot;:&quot;&quot;,&quot;caption&quot;:&quot;&quot;,&quot;created_timestamp&quot;:&quot;0&quot;,&quot;copyright&quot;:&quot;&quot;,&quot;focal_length&quot;:&quot;0&quot;,&quot;iso&quot;:&quot;0&quot;,&quot;shutter_speed&quot;:&quot;0&quot;,&quot;title&quot;:&quot;&quot;,&quot;orientation&quot;:&quot;1&quot;}\" data-image-title=\"La recette\" data-image-description=\"\" data-image-caption=\"\" data-large-file=\"https:\/\/i0.wp.com\/humm.loverde.fr\/wp-content\/uploads\/2017\/10\/IMG_2613.jpg?fit=450%2C602&amp;ssl=1\" class=\"aligncenter size-full wp-image-1834\" src=\"https:\/\/i0.wp.com\/humm.loverde.fr\/wp-content\/uploads\/2017\/10\/IMG_2613.jpg?resize=450%2C602&#038;ssl=1\" alt=\"\" width=\"450\" height=\"602\" srcset=\"https:\/\/i0.wp.com\/humm.loverde.fr\/wp-content\/uploads\/2017\/10\/IMG_2613.jpg?w=450&amp;ssl=1 450w, https:\/\/i0.wp.com\/humm.loverde.fr\/wp-content\/uploads\/2017\/10\/IMG_2613.jpg?resize=449%2C600&amp;ssl=1 449w\" sizes=\"auto, (max-width: 450px) 100vw, 450px\" \/><\/p>\n<p>Bien s\u00fbr j&rsquo;\u00e9cris comme un sagouin alors je vais faire un petit effort pour la r\u00e9alisation :<\/p>\n<p>Il faut faire des boudins de 1,5cm de diam\u00e8tre environ.<\/p>\n<p>Ensuite lorsqu&rsquo;ils sont un peut durs les sortir du four et les laisser refroidir, en g\u00e9n\u00e9ral c&rsquo;est \u00e0 mi-cuisson, pour finalement les d\u00e9couper en tranches de 1cm \u00e0 peu pr\u00e8s.<\/p>\n<p>Le four \u00e0 180\u00b0C comme d&rsquo;habitude.<\/p>\n<p>Remettre au four et les faire bien dorer.<\/p>\n<p>Avec les quantit\u00e9s indiqu\u00e9es il faudra faire 2 fourn\u00e9es.<\/p>\n<p>Remarque: on peut mettre 1 paquet et demi de levure chimique et un peu moins d&rsquo;amandes. Ceux de la photo en contiennent 150g.<\/p>\n","protected":false},"excerpt":{"rendered":"<p>Je suis dans une phase peu productive, alors j&rsquo;avais le choix entre rien publier ou pondre un article photo. \u00c7a &hellip; <\/p>\n","protected":false},"author":1,"featured_media":0,"comment_status":"open","ping_status":"open","sticky":false,"template":"","format":"standard","meta":{"jetpack_post_was_ever_published":false,"_jetpack_newsletter_access":"","_jetpack_dont_email_post_to_subs":false,"_jetpack_newsletter_tier_id":0,"_jetpack_memberships_contains_paywalled_content":false,"_jetpack_memberships_contains_paid_content":false,"footnotes":"","jetpack_publicize_message":"","jetpack_publicize_feature_enabled":true,"jetpack_social_post_already_shared":false,"jetpack_social_options":{"image_generator_settings":{"template":"highway","default_image_id":0,"font":"","enabled":false},"version":2}},"categories":[2],"tags":[538,537],"class_list":["post-1832","post","type-post","status-publish","format-standard","hentry","category-recettes","tag-amandes","tag-croquant"],"jetpack_publicize_connections":[],"jetpack_featured_media_url":"","jetpack_sharing_enabled":true,"jetpack_shortlink":"https:\/\/wp.me\/p9whbF-ty","jetpack_likes_enabled":true,"jetpack-related-posts":[{"id":4879,"url":"https:\/\/humm.loverde.fr\/?p=4879","url_meta":{"origin":1832,"position":0},"title":"Croquants aux amandes","author":"cloverde","date":"7 avril 2020","format":false,"excerpt":"Les croquants, j'adore ! Mais, excusez-moi je ne trouve pas d'autres mots, c'est assez chiant \u00e0 faire. Mon probl\u00e8me c'est que je ne sais jamais quand les sortir la premi\u00e8re fois. Alors cette fois , comme j'ai \u00e9t\u00e9 oblig\u00e9 de faire 2 fourn\u00e9es, pour la premi\u00e8re je les ai laiss\u00e9\u2026","rel":"","context":"Dans &quot;recette&quot;","block_context":{"text":"recette","link":"https:\/\/humm.loverde.fr\/?cat=1052"},"img":{"alt_text":"","src":"https:\/\/i0.wp.com\/humm.loverde.fr\/wp-content\/uploads\/2020\/03\/attachment-3.png?fit=800%2C450&ssl=1&resize=350%2C200","width":350,"height":200,"srcset":"https:\/\/i0.wp.com\/humm.loverde.fr\/wp-content\/uploads\/2020\/03\/attachment-3.png?fit=800%2C450&ssl=1&resize=350%2C200 1x, https:\/\/i0.wp.com\/humm.loverde.fr\/wp-content\/uploads\/2020\/03\/attachment-3.png?fit=800%2C450&ssl=1&resize=525%2C300 1.5x, https:\/\/i0.wp.com\/humm.loverde.fr\/wp-content\/uploads\/2020\/03\/attachment-3.png?fit=800%2C450&ssl=1&resize=700%2C400 2x"},"classes":[]},{"id":3884,"url":"https:\/\/humm.loverde.fr\/?p=3884","url_meta":{"origin":1832,"position":1},"title":"Moules marini\u00e8res","author":"cloverde","date":"29 juillet 2019","format":false,"excerpt":"Moules marini\u00e8res Les moules de bouchots ne viennent pas de Bouchot, vous le savez? Et le bouzigue c'est quoi si ce n'est pas un poteau en bois? Voici une recette simple et go\u00fbteuse qui m'a \u00e9t\u00e9 donn\u00e9 par un ex-belge, mais quand on n\u00e9 belge on le reste donc le\u2026","rel":"","context":"Dans &quot;Recettes&quot;","block_context":{"text":"Recettes","link":"https:\/\/humm.loverde.fr\/?cat=2"},"img":{"alt_text":"","src":"https:\/\/i0.wp.com\/humm.loverde.fr\/wp-content\/uploads\/2019\/06\/Attachment-1-3.png?fit=800%2C517&ssl=1&resize=350%2C200","width":350,"height":200,"srcset":"https:\/\/i0.wp.com\/humm.loverde.fr\/wp-content\/uploads\/2019\/06\/Attachment-1-3.png?fit=800%2C517&ssl=1&resize=350%2C200 1x, https:\/\/i0.wp.com\/humm.loverde.fr\/wp-content\/uploads\/2019\/06\/Attachment-1-3.png?fit=800%2C517&ssl=1&resize=525%2C300 1.5x, https:\/\/i0.wp.com\/humm.loverde.fr\/wp-content\/uploads\/2019\/06\/Attachment-1-3.png?fit=800%2C517&ssl=1&resize=700%2C400 2x"},"classes":[]},{"id":4197,"url":"https:\/\/humm.loverde.fr\/?p=4197","url_meta":{"origin":1832,"position":2},"title":"Le confusionnisme","author":"cloverde","date":"13 septembre 2019","format":false,"excerpt":"Le confusionnisme Certains de tes amis ont d\u00e9riv\u00e9s vers l'extr\u00eame-droite ces derni\u00e8res ann\u00e9es ? Comment est-ce possible? C'est la question que je me suis pos\u00e9. En me demandant quel lien il pouvait y avoir entre un Ruffin de la France Insoumise -\u00e0 priori plut\u00f4t \u00e0 gauche- qui trouve que le\u2026","rel":"","context":"Dans &quot;Actualit\u00e9&quot;","block_context":{"text":"Actualit\u00e9","link":"https:\/\/humm.loverde.fr\/?cat=661"},"img":{"alt_text":"","src":"https:\/\/i0.wp.com\/humm.loverde.fr\/wp-content\/uploads\/2019\/09\/Attachment-3.jpeg?fit=1200%2C1091&ssl=1&resize=350%2C200","width":350,"height":200,"srcset":"https:\/\/i0.wp.com\/humm.loverde.fr\/wp-content\/uploads\/2019\/09\/Attachment-3.jpeg?fit=1200%2C1091&ssl=1&resize=350%2C200 1x, https:\/\/i0.wp.com\/humm.loverde.fr\/wp-content\/uploads\/2019\/09\/Attachment-3.jpeg?fit=1200%2C1091&ssl=1&resize=525%2C300 1.5x, https:\/\/i0.wp.com\/humm.loverde.fr\/wp-content\/uploads\/2019\/09\/Attachment-3.jpeg?fit=1200%2C1091&ssl=1&resize=700%2C400 2x, https:\/\/i0.wp.com\/humm.loverde.fr\/wp-content\/uploads\/2019\/09\/Attachment-3.jpeg?fit=1200%2C1091&ssl=1&resize=1050%2C600 3x"},"classes":[]},{"id":9344,"url":"https:\/\/humm.loverde.fr\/?p=9344","url_meta":{"origin":1832,"position":3},"title":"La musique en voiture","author":"cloverde","date":"10 d\u00e9cembre 2023","format":false,"excerpt":"Au d\u00e9part je voulais \u00e9crire un truc sur le nombre de chansons stock\u00e9es dans une cl\u00e9 USB et le nombre de chansons lues par l'autoradio de ma voiture. Puis, comme d'habitude, des bribes de souvenirs ont d\u00e9barqu\u00e9es dans ma m\u00e9moire. M\u00e9moire lointaine, ce n'est pas rassurant puisque c'est celle qui\u2026","rel":"","context":"Dans &quot;Musique&quot;","block_context":{"text":"Musique","link":"https:\/\/humm.loverde.fr\/?cat=233"},"img":{"alt_text":"","src":"https:\/\/i0.wp.com\/humm.loverde.fr\/wp-content\/uploads\/2023\/12\/IMG_20231204_132741_61.jpg?fit=1200%2C554&ssl=1&resize=350%2C200","width":350,"height":200,"srcset":"https:\/\/i0.wp.com\/humm.loverde.fr\/wp-content\/uploads\/2023\/12\/IMG_20231204_132741_61.jpg?fit=1200%2C554&ssl=1&resize=350%2C200 1x, https:\/\/i0.wp.com\/humm.loverde.fr\/wp-content\/uploads\/2023\/12\/IMG_20231204_132741_61.jpg?fit=1200%2C554&ssl=1&resize=525%2C300 1.5x, https:\/\/i0.wp.com\/humm.loverde.fr\/wp-content\/uploads\/2023\/12\/IMG_20231204_132741_61.jpg?fit=1200%2C554&ssl=1&resize=700%2C400 2x, https:\/\/i0.wp.com\/humm.loverde.fr\/wp-content\/uploads\/2023\/12\/IMG_20231204_132741_61.jpg?fit=1200%2C554&ssl=1&resize=1050%2C600 3x"},"classes":[]},{"id":173,"url":"https:\/\/humm.loverde.fr\/?p=173","url_meta":{"origin":1832,"position":4},"title":"Note de lecture Meursault contre-enqu\u00eate","author":"cloverde","date":"24 f\u00e9vrier 2015","format":false,"excerpt":"Livre de Kamel Daoud Meursault est le principal personnage de l'Etranger de Camus. Le livre de Kamel Daoud parle de Meursault et du meurtre de l'arabe qui est cens\u00e9 \u00eatre le fr\u00e8re du narrateur. Voici un site qui r\u00e9sume tr\u00e8s bien le livre de Camus, si besoin. Finalement j'ai relu\u2026","rel":"","context":"Dans &quot;Lectures&quot;","block_context":{"text":"Lectures","link":"https:\/\/humm.loverde.fr\/?cat=1"},"img":{"alt_text":"","src":"https:\/\/i0.wp.com\/humm.loverde.fr\/wp-content\/uploads\/2015\/02\/IMG_3335.jpg?resize=350%2C200&ssl=1","width":350,"height":200,"srcset":"https:\/\/i0.wp.com\/humm.loverde.fr\/wp-content\/uploads\/2015\/02\/IMG_3335.jpg?resize=350%2C200&ssl=1 1x, https:\/\/i0.wp.com\/humm.loverde.fr\/wp-content\/uploads\/2015\/02\/IMG_3335.jpg?resize=525%2C300&ssl=1 1.5x, https:\/\/i0.wp.com\/humm.loverde.fr\/wp-content\/uploads\/2015\/02\/IMG_3335.jpg?resize=700%2C400&ssl=1 2x"},"classes":[]},{"id":193,"url":"https:\/\/humm.loverde.fr\/?p=193","url_meta":{"origin":1832,"position":5},"title":"Harira","author":"cloverde","date":"31 janvier 2015","format":false,"excerpt":"Recette de Humm! V1.0 du 30 avril 2012. Harira bien qui harira le dernier! La blague \u00e0 deux balles qu'on sortait \u00e0 la maison \u00e0 chaque fois qu'on mangeait la Harira. La Harira\u00a0(prononcer jrira, le j est la jota, pas facile la jota suivie d'un R comme jrira) est une\u2026","rel":"","context":"Dans &quot;Recettes&quot;","block_context":{"text":"Recettes","link":"https:\/\/humm.loverde.fr\/?cat=2"},"img":{"alt_text":"Photo du 29\/01\/2015","src":"https:\/\/i0.wp.com\/humm.loverde.fr\/wp-content\/uploads\/2015\/01\/harira-800x450.jpg?resize=350%2C200&ssl=1","width":350,"height":200,"srcset":"https:\/\/i0.wp.com\/humm.loverde.fr\/wp-content\/uploads\/2015\/01\/harira-800x450.jpg?resize=350%2C200&ssl=1 1x, https:\/\/i0.wp.com\/humm.loverde.fr\/wp-content\/uploads\/2015\/01\/harira-800x450.jpg?resize=525%2C300&ssl=1 1.5x, https:\/\/i0.wp.com\/humm.loverde.fr\/wp-content\/uploads\/2015\/01\/harira-800x450.jpg?resize=700%2C400&ssl=1 2x"},"classes":[]}],"_links":{"self":[{"href":"https:\/\/humm.loverde.fr\/index.php?rest_route=\/wp\/v2\/posts\/1832","targetHints":{"allow":["GET"]}}],"collection":[{"href":"https:\/\/humm.loverde.fr\/index.php?rest_route=\/wp\/v2\/posts"}],"about":[{"href":"https:\/\/humm.loverde.fr\/index.php?rest_route=\/wp\/v2\/types\/post"}],"author":[{"embeddable":true,"href":"https:\/\/humm.loverde.fr\/index.php?rest_route=\/wp\/v2\/users\/1"}],"replies":[{"embeddable":true,"href":"https:\/\/humm.loverde.fr\/index.php?rest_route=%2Fwp%2Fv2%2Fcomments&post=1832"}],"version-history":[{"count":9,"href":"https:\/\/humm.loverde.fr\/index.php?rest_route=\/wp\/v2\/posts\/1832\/revisions"}],"predecessor-version":[{"id":1877,"href":"https:\/\/humm.loverde.fr\/index.php?rest_route=\/wp\/v2\/posts\/1832\/revisions\/1877"}],"wp:attachment":[{"href":"https:\/\/humm.loverde.fr\/index.php?rest_route=%2Fwp%2Fv2%2Fmedia&parent=1832"}],"wp:term":[{"taxonomy":"category","embeddable":true,"href":"https:\/\/humm.loverde.fr\/index.php?rest_route=%2Fwp%2Fv2%2Fcategories&post=1832"},{"taxonomy":"post_tag","embeddable":true,"href":"https:\/\/humm.loverde.fr\/index.php?rest_route=%2Fwp%2Fv2%2Ftags&post=1832"}],"curies":[{"name":"wp","href":"https:\/\/api.w.org\/{rel}","templated":true}]}}