{"id":1949,"date":"2017-12-02T06:46:06","date_gmt":"2017-12-02T05:46:06","guid":{"rendered":"http:\/\/humm.loverde.fr\/?p=1949"},"modified":"2018-01-24T23:57:07","modified_gmt":"2018-01-24T22:57:07","slug":"aperitif-feuillete","status":"publish","type":"post","link":"https:\/\/humm.loverde.fr\/?p=1949","title":{"rendered":"Aperitif feuillet\u00e9"},"content":{"rendered":"<p>La photo raconte tout, les ingr\u00e9dients (presque) et la pr\u00e9paration.<\/p>\n<p><img data-recalc-dims=\"1\" loading=\"lazy\" decoding=\"async\" data-attachment-id=\"1950\" data-permalink=\"https:\/\/humm.loverde.fr\/?attachment_id=1950\" data-orig-file=\"https:\/\/i0.wp.com\/humm.loverde.fr\/wp-content\/uploads\/2017\/11\/IMG_2772.jpg?fit=800%2C1200&amp;ssl=1\" data-orig-size=\"800,1200\" data-comments-opened=\"1\" data-image-meta=\"{&quot;aperture&quot;:&quot;0&quot;,&quot;credit&quot;:&quot;&quot;,&quot;camera&quot;:&quot;iPad 4&quot;,&quot;caption&quot;:&quot;Processed with MOLDIV&quot;,&quot;created_timestamp&quot;:&quot;1509612132&quot;,&quot;copyright&quot;:&quot;&quot;,&quot;focal_length&quot;:&quot;0&quot;,&quot;iso&quot;:&quot;0&quot;,&quot;shutter_speed&quot;:&quot;0&quot;,&quot;title&quot;:&quot;Processed with MOLDIV&quot;,&quot;orientation&quot;:&quot;0&quot;}\" data-image-title=\"Ap\u00e9ritif feuillet\u00e9\" data-image-description=\"\" data-image-caption=\"\" data-large-file=\"https:\/\/i0.wp.com\/humm.loverde.fr\/wp-content\/uploads\/2017\/11\/IMG_2772.jpg?fit=800%2C1200&amp;ssl=1\" class=\"aligncenter size-full wp-image-1950\" src=\"https:\/\/i0.wp.com\/humm.loverde.fr\/wp-content\/uploads\/2017\/11\/IMG_2772.jpg?resize=800%2C1200&#038;ssl=1\" alt=\"\" width=\"800\" height=\"1200\" srcset=\"https:\/\/i0.wp.com\/humm.loverde.fr\/wp-content\/uploads\/2017\/11\/IMG_2772.jpg?w=800&amp;ssl=1 800w, https:\/\/i0.wp.com\/humm.loverde.fr\/wp-content\/uploads\/2017\/11\/IMG_2772.jpg?resize=595%2C893&amp;ssl=1 595w, https:\/\/i0.wp.com\/humm.loverde.fr\/wp-content\/uploads\/2017\/11\/IMG_2772.jpg?resize=768%2C1152&amp;ssl=1 768w\" sizes=\"auto, (max-width: 800px) 100vw, 800px\" \/><\/p>\n<p>Ce qu&rsquo;on ne devine pas, m\u00eame en observant bien: sur les fleurs un peu de cont\u00e9 r\u00e2p\u00e9 et deux couches de p\u00e2te feuillet\u00e9e, dans les \u00e9toiles de la truite fum\u00e9e et pour les torsades c&rsquo;est des tomates confites. Four 180\u00b0C le temps qu&rsquo;il faut.<\/p>\n<p>Les formes ne sont pas voulues au depart mais je n&rsquo;avais pas d&#8217;emporte pi\u00e8ce simplement ronds!<\/p>\n","protected":false},"excerpt":{"rendered":"<p>La photo raconte tout, les ingr\u00e9dients (presque) et la pr\u00e9paration. Ce qu&rsquo;on ne devine pas, m\u00eame en observant bien: sur &hellip; <\/p>\n","protected":false},"author":1,"featured_media":0,"comment_status":"open","ping_status":"open","sticky":false,"template":"","format":"standard","meta":{"jetpack_post_was_ever_published":false,"_jetpack_newsletter_access":"","_jetpack_dont_email_post_to_subs":false,"_jetpack_newsletter_tier_id":0,"_jetpack_memberships_contains_paywalled_content":false,"_jetpack_memberships_contains_paid_content":false,"footnotes":"","jetpack_publicize_message":"","jetpack_publicize_feature_enabled":true,"jetpack_social_post_already_shared":false,"jetpack_social_options":{"image_generator_settings":{"template":"highway","default_image_id":0,"font":"","enabled":false},"version":2}},"categories":[2],"tags":[554,162,163,556,555],"class_list":["post-1949","post","type-post","status-publish","format-standard","hentry","category-recettes","tag-conte","tag-fromage","tag-pate-feuilletee","tag-tomate-confite","tag-truite-fumee"],"jetpack_publicize_connections":[],"jetpack_featured_media_url":"","jetpack_sharing_enabled":true,"jetpack_shortlink":"https:\/\/wp.me\/p9whbF-vr","jetpack_likes_enabled":true,"jetpack-related-posts":[{"id":3158,"url":"https:\/\/humm.loverde.fr\/?p=3158","url_meta":{"origin":1949,"position":0},"title":"Feuillet\u00e9 de saumon bacon","author":"cloverde","date":"7 ao\u00fbt 2018","format":false,"excerpt":"Feuillet\u00e9 de saumon bacon Super rapide et excellente entr\u00e9e pouvant devenir un plat du soir. En r\u00e9alit\u00e9 j'ai utilis\u00e9 de la truite fum\u00e9e. Il suffit d'avoir un four et pas grand chose d'autre... ah! oui achetez ce qu'il faut. Ingr\u00e9dients \u2022 un peu moins de 4 tranches de truite fum\u00e9e,\u2026","rel":"","context":"Dans &quot;Recettes&quot;","block_context":{"text":"Recettes","link":"https:\/\/humm.loverde.fr\/?cat=2"},"img":{"alt_text":"","src":"https:\/\/i0.wp.com\/humm.loverde.fr\/wp-content\/uploads\/2018\/07\/Attachment-1-5.png?fit=800%2C450&ssl=1&resize=350%2C200","width":350,"height":200,"srcset":"https:\/\/i0.wp.com\/humm.loverde.fr\/wp-content\/uploads\/2018\/07\/Attachment-1-5.png?fit=800%2C450&ssl=1&resize=350%2C200 1x, https:\/\/i0.wp.com\/humm.loverde.fr\/wp-content\/uploads\/2018\/07\/Attachment-1-5.png?fit=800%2C450&ssl=1&resize=525%2C300 1.5x, https:\/\/i0.wp.com\/humm.loverde.fr\/wp-content\/uploads\/2018\/07\/Attachment-1-5.png?fit=800%2C450&ssl=1&resize=700%2C400 2x"},"classes":[]},{"id":5264,"url":"https:\/\/humm.loverde.fr\/?p=5264","url_meta":{"origin":1949,"position":1},"title":"Spanakopizza","author":"cloverde","date":"16 juin 2020","format":false,"excerpt":"En pr\u00e9parant les feuillet\u00e9s aux \u00e9pinards et apr\u00e8s une discussion avec la plus petite de mes petites s\u0153urs, je me suis souvenu que j'avais r\u00e9alis\u00e9 un plat \u00e0 base d'\u00e9pinards. Le recherche sur Humm! n'ayant rien donn\u00e9e j'ai fouill\u00e9 dans mes archives. Voil\u00e0 donc une recette sortie de derri\u00e8re les\u2026","rel":"","context":"Dans &quot;recette&quot;","block_context":{"text":"recette","link":"https:\/\/humm.loverde.fr\/?cat=1052"},"img":{"alt_text":"","src":"https:\/\/i0.wp.com\/humm.loverde.fr\/wp-content\/uploads\/2020\/06\/attachment-20.png?fit=800%2C450&ssl=1&resize=350%2C200","width":350,"height":200,"srcset":"https:\/\/i0.wp.com\/humm.loverde.fr\/wp-content\/uploads\/2020\/06\/attachment-20.png?fit=800%2C450&ssl=1&resize=350%2C200 1x, https:\/\/i0.wp.com\/humm.loverde.fr\/wp-content\/uploads\/2020\/06\/attachment-20.png?fit=800%2C450&ssl=1&resize=525%2C300 1.5x, https:\/\/i0.wp.com\/humm.loverde.fr\/wp-content\/uploads\/2020\/06\/attachment-20.png?fit=800%2C450&ssl=1&resize=700%2C400 2x"},"classes":[]},{"id":1930,"url":"https:\/\/humm.loverde.fr\/?p=1930","url_meta":{"origin":1949,"position":2},"title":"Tarte sal\u00e9e p\u00e2te feuillet\u00e9e","author":"cloverde","date":"20 novembre 2017","format":false,"excerpt":"Une tarte rapide qui n'est ni une pizza ni une quiche et sans cr\u00e8me. Un peu lass\u00e9 des pizza et les quiches avec lait de soja pour remplacer la cr\u00e8me ce n'est pas terrible. Le lait de soja ne supporte pas trop la cuisson au four. J'ai eu l'id\u00e9e de\u2026","rel":"","context":"Dans &quot;Recettes&quot;","block_context":{"text":"Recettes","link":"https:\/\/humm.loverde.fr\/?cat=2"},"img":{"alt_text":"","src":"https:\/\/i0.wp.com\/humm.loverde.fr\/wp-content\/uploads\/2017\/10\/IMG_2687.jpg?resize=350%2C200&ssl=1","width":350,"height":200,"srcset":"https:\/\/i0.wp.com\/humm.loverde.fr\/wp-content\/uploads\/2017\/10\/IMG_2687.jpg?resize=350%2C200&ssl=1 1x, https:\/\/i0.wp.com\/humm.loverde.fr\/wp-content\/uploads\/2017\/10\/IMG_2687.jpg?resize=525%2C300&ssl=1 1.5x, https:\/\/i0.wp.com\/humm.loverde.fr\/wp-content\/uploads\/2017\/10\/IMG_2687.jpg?resize=700%2C400&ssl=1 2x"},"classes":[]},{"id":3312,"url":"https:\/\/humm.loverde.fr\/?p=3312","url_meta":{"origin":1949,"position":3},"title":"Pizza aux \u00e9pinards","author":"cloverde","date":"23 octobre 2018","format":false,"excerpt":"\u00a0 Une recette sortie de derri\u00e8re les fagots, disparue avec Humm! V1.0 et qui m\u00e9ritait une rediffusion. Les \u00e9pinards \u00e9taient surgel\u00e9s, c'est pour \u00e7a qu'ils ont l\u00e2ch\u00e9 de l'eau \u00e0 la cuisson. On peut, bien s\u00fbr, utiliser des \u00e9pinards frais, mais on en trouve pas souvent en jeunes pousses. Ingr\u00e9dients\u2026","rel":"","context":"Dans &quot;Recettes&quot;","block_context":{"text":"Recettes","link":"https:\/\/humm.loverde.fr\/?cat=2"},"img":{"alt_text":"","src":"https:\/\/i0.wp.com\/humm.loverde.fr\/wp-content\/uploads\/2018\/10\/899e08164174eb0c3f4cb92d7bef3d9d.jpeg?fit=800%2C450&ssl=1&resize=350%2C200","width":350,"height":200,"srcset":"https:\/\/i0.wp.com\/humm.loverde.fr\/wp-content\/uploads\/2018\/10\/899e08164174eb0c3f4cb92d7bef3d9d.jpeg?fit=800%2C450&ssl=1&resize=350%2C200 1x, https:\/\/i0.wp.com\/humm.loverde.fr\/wp-content\/uploads\/2018\/10\/899e08164174eb0c3f4cb92d7bef3d9d.jpeg?fit=800%2C450&ssl=1&resize=525%2C300 1.5x, https:\/\/i0.wp.com\/humm.loverde.fr\/wp-content\/uploads\/2018\/10\/899e08164174eb0c3f4cb92d7bef3d9d.jpeg?fit=800%2C450&ssl=1&resize=700%2C400 2x"},"classes":[]},{"id":6241,"url":"https:\/\/humm.loverde.fr\/?p=6241","url_meta":{"origin":1949,"position":4},"title":"Tarte clafoutis aux cerises","author":"cloverde","date":"1 juin 2021","format":false,"excerpt":"01\/06 Je suis tomb\u00e9 sur une recette de clafoutis qui sortait de l'ordinaire, avec des abricots. Malheureusement c'est trop t\u00f4t dans la saison et ceux que j'ai achet\u00e9, s'ils m\u00fbrissent un jour, sont assez durs et ne sont pas pr\u00eats. Donc j'ai pioch\u00e9 dans la r\u00e9serve et voici un clafoutis\u2026","rel":"","context":"Dans &quot;Recettes&quot;","block_context":{"text":"Recettes","link":"https:\/\/humm.loverde.fr\/?cat=2"},"img":{"alt_text":"","src":"https:\/\/i0.wp.com\/humm.loverde.fr\/wp-content\/uploads\/2021\/05\/IMG_20210526_090850_210.jpg?fit=1200%2C554&ssl=1&resize=350%2C200","width":350,"height":200,"srcset":"https:\/\/i0.wp.com\/humm.loverde.fr\/wp-content\/uploads\/2021\/05\/IMG_20210526_090850_210.jpg?fit=1200%2C554&ssl=1&resize=350%2C200 1x, https:\/\/i0.wp.com\/humm.loverde.fr\/wp-content\/uploads\/2021\/05\/IMG_20210526_090850_210.jpg?fit=1200%2C554&ssl=1&resize=525%2C300 1.5x, https:\/\/i0.wp.com\/humm.loverde.fr\/wp-content\/uploads\/2021\/05\/IMG_20210526_090850_210.jpg?fit=1200%2C554&ssl=1&resize=700%2C400 2x, https:\/\/i0.wp.com\/humm.loverde.fr\/wp-content\/uploads\/2021\/05\/IMG_20210526_090850_210.jpg?fit=1200%2C554&ssl=1&resize=1050%2C600 3x"},"classes":[]},{"id":211,"url":"https:\/\/humm.loverde.fr\/?p=211","url_meta":{"origin":1949,"position":5},"title":"Palmiers","author":"cloverde","date":"7 f\u00e9vrier 2015","format":false,"excerpt":"Voici une recette super facile \u00e0 r\u00e9aliser. Tellement simple que pour \u00e9crire cet article je n'est pas besoin de mes notes (sauf que je ne me souviens pas de la temp\u00e9rature du four). Ingr\u00e9dients Il faut du sucre en poudre et une p\u00e2te feuillet\u00e9e de bonne qualit\u00e9 (Herta). R\u00e9alisation Mettre\u2026","rel":"","context":"Dans &quot;Recettes&quot;","block_context":{"text":"Recettes","link":"https:\/\/humm.loverde.fr\/?cat=2"},"img":{"alt_text":"","src":"https:\/\/i0.wp.com\/humm.loverde.fr\/wp-content\/uploads\/2015\/02\/palmiers01.jpg?fit=800%2C450&ssl=1&resize=350%2C200","width":350,"height":200,"srcset":"https:\/\/i0.wp.com\/humm.loverde.fr\/wp-content\/uploads\/2015\/02\/palmiers01.jpg?fit=800%2C450&ssl=1&resize=350%2C200 1x, https:\/\/i0.wp.com\/humm.loverde.fr\/wp-content\/uploads\/2015\/02\/palmiers01.jpg?fit=800%2C450&ssl=1&resize=525%2C300 1.5x, https:\/\/i0.wp.com\/humm.loverde.fr\/wp-content\/uploads\/2015\/02\/palmiers01.jpg?fit=800%2C450&ssl=1&resize=700%2C400 2x"},"classes":[]}],"_links":{"self":[{"href":"https:\/\/humm.loverde.fr\/index.php?rest_route=\/wp\/v2\/posts\/1949","targetHints":{"allow":["GET"]}}],"collection":[{"href":"https:\/\/humm.loverde.fr\/index.php?rest_route=\/wp\/v2\/posts"}],"about":[{"href":"https:\/\/humm.loverde.fr\/index.php?rest_route=\/wp\/v2\/types\/post"}],"author":[{"embeddable":true,"href":"https:\/\/humm.loverde.fr\/index.php?rest_route=\/wp\/v2\/users\/1"}],"replies":[{"embeddable":true,"href":"https:\/\/humm.loverde.fr\/index.php?rest_route=%2Fwp%2Fv2%2Fcomments&post=1949"}],"version-history":[{"count":5,"href":"https:\/\/humm.loverde.fr\/index.php?rest_route=\/wp\/v2\/posts\/1949\/revisions"}],"predecessor-version":[{"id":2037,"href":"https:\/\/humm.loverde.fr\/index.php?rest_route=\/wp\/v2\/posts\/1949\/revisions\/2037"}],"wp:attachment":[{"href":"https:\/\/humm.loverde.fr\/index.php?rest_route=%2Fwp%2Fv2%2Fmedia&parent=1949"}],"wp:term":[{"taxonomy":"category","embeddable":true,"href":"https:\/\/humm.loverde.fr\/index.php?rest_route=%2Fwp%2Fv2%2Fcategories&post=1949"},{"taxonomy":"post_tag","embeddable":true,"href":"https:\/\/humm.loverde.fr\/index.php?rest_route=%2Fwp%2Fv2%2Ftags&post=1949"}],"curies":[{"name":"wp","href":"https:\/\/api.w.org\/{rel}","templated":true}]}}