{"id":1982,"date":"2017-11-23T07:20:34","date_gmt":"2017-11-23T06:20:34","guid":{"rendered":"http:\/\/humm.loverde.fr\/?p=1982"},"modified":"2019-07-30T23:23:51","modified_gmt":"2019-07-30T22:23:51","slug":"dernieres-lectures","status":"publish","type":"post","link":"https:\/\/humm.loverde.fr\/?p=1982","title":{"rendered":"Derni\u00e8res lectures"},"content":{"rendered":"<p>Les quelques livres lus depuis le mois de juillet (2017!) que j&rsquo;ai appr\u00e9ci\u00e9s ou pas.<\/p>\n<p>Certains de ces livres \u00e9taient choisis dans le cadre du club de lecture de l&rsquo;universit\u00e9 du temps libre auquel je participe. Peut-\u00eatre que je ne les aurait pas choisis mais j&rsquo;ai parfois \u00e9t\u00e9 agr\u00e9ablement surpris.<\/p>\n<p>J&rsquo;ai tellement de bons livres \u00e0 lire que je me suis fix\u00e9 comme r\u00e8gle de ne lire qu&rsquo;un livre d&rsquo;un m\u00eame auteur. Mais comme toutes les r\u00e8gles n&rsquo;existent que pour \u00eatre transgress\u00e9e&#8230;<\/p>\n<p><img data-recalc-dims=\"1\" loading=\"lazy\" decoding=\"async\" data-attachment-id=\"1983\" data-permalink=\"https:\/\/humm.loverde.fr\/?attachment_id=1983\" data-orig-file=\"https:\/\/i0.wp.com\/humm.loverde.fr\/wp-content\/uploads\/2017\/11\/IMG_2887.jpg?fit=800%2C249&amp;ssl=1\" data-orig-size=\"800,249\" data-comments-opened=\"1\" data-image-meta=\"{&quot;aperture&quot;:&quot;0&quot;,&quot;credit&quot;:&quot;&quot;,&quot;camera&quot;:&quot;&quot;,&quot;caption&quot;:&quot;&quot;,&quot;created_timestamp&quot;:&quot;0&quot;,&quot;copyright&quot;:&quot;&quot;,&quot;focal_length&quot;:&quot;0&quot;,&quot;iso&quot;:&quot;0&quot;,&quot;shutter_speed&quot;:&quot;0&quot;,&quot;title&quot;:&quot;&quot;,&quot;orientation&quot;:&quot;1&quot;}\" data-image-title=\"Lectures\" data-image-description=\"\" data-image-caption=\"\" data-large-file=\"https:\/\/i0.wp.com\/humm.loverde.fr\/wp-content\/uploads\/2017\/11\/IMG_2887.jpg?fit=800%2C249&amp;ssl=1\" class=\"aligncenter size-full wp-image-1983\" src=\"https:\/\/i0.wp.com\/humm.loverde.fr\/wp-content\/uploads\/2017\/11\/IMG_2887.jpg?resize=800%2C249&#038;ssl=1\" alt=\"\" width=\"800\" height=\"249\" srcset=\"https:\/\/i0.wp.com\/humm.loverde.fr\/wp-content\/uploads\/2017\/11\/IMG_2887.jpg?w=800&amp;ssl=1 800w, https:\/\/i0.wp.com\/humm.loverde.fr\/wp-content\/uploads\/2017\/11\/IMG_2887.jpg?resize=595%2C185&amp;ssl=1 595w, https:\/\/i0.wp.com\/humm.loverde.fr\/wp-content\/uploads\/2017\/11\/IMG_2887.jpg?resize=768%2C239&amp;ssl=1 768w\" sizes=\"auto, (max-width: 800px) 100vw, 800px\" \/><\/p>\n<p>Mes commentaires sont ~entre~ et le symbole * pour les livres lus.<\/p>\n<p>_* <b>Barbe bleue<\/b><br \/>\n~Lecture de l&rsquo;atelier des contes. Histoire connue, \u00e7a m&rsquo;est revenu tr\u00e8s rapidement en la lisant. On le sait depuis longtemps, si on veut emp\u00eacher une action il ne faut pas l&rsquo;interdire. L&rsquo;attrait de l&rsquo;interdit, \u00ab\u00a0il est interdit d&rsquo;interdire\u00a0\u00bb&#8230;~<\/p>\n<p>-* <b>Scotlandyard chez les campeurs de Maurice Symons<\/b><br \/>\n~Petit polar anglais vite lu et qui sera vite oubli\u00e9. Tous les ingr\u00e9dients d&rsquo;un policier le traitement sans \u00e2ge pourrait m\u00eame faire croire que \u00e7a se passe de nos jours avec les bungalow et l&rsquo;animation dans un camping de bord de mer, pourtant le livre date de 1962. Livre achet\u00e9 \u00e0 Belv\u00e8s dans le P\u00e9rigord dans une boutique bazard-capharna\u00fcm tenu par un vieux papy (donc plus vieux que moi), affich\u00e9 3\u20ac dehors demand\u00e9 1\u20ac :-))))~<\/p>\n<p>&#8211; <b>Le regard de Ken Liu<\/b><br \/>\nDans son registre, celui de l\u2019investigation, Ruth Law est la meilleure. D\u2019abord parce qu\u2019elle est une femme, et que dans ce genre de boulot, on se m\u00e9fie peu des femmes. Parce qu\u2019elle ne l\u00e2che rien, non plus, ne laisse aucune place au hasard. Enfin, parce qu\u2019elle est augment\u00e9e. De mani\u00e8re extr\u00eame et totalement ill\u00e9gale. Et tant pis pour sa sant\u00e9, dont elle se moque dans les grandes largeurs \u2014 condamn\u00e9e qu\u2019elle est \u00e0 se faire manipuler par son R\u00e9gulateur, ce truc en elle qui g\u00e8re l\u2019ensemble de ses \u00e9motions, filtre ce qu\u2019elle \u00e9prouve, lui assure des id\u00e9es claires en toute circonstance. Et surtout lui \u00e9vite de trop penser. \u00c0 son ancienne vie\u2026 Celle d\u2019avant le drame\u2026<br \/>\nEt quand la m\u00e8re d\u2019une jeune femme massacr\u00e9e, \u00e9nucl\u00e9e, la contacte afin de relancer une enqu\u00eate au point mort, Ruth sent confus\u00e9ment que c\u2019est peut-\u00eatre l\u00e0 l\u2019occasion de tout remettre \u00e0 plat. Repartir \u00e0 z\u00e9ro. Mais il faudra pour cela payer le prix.<br \/>\nLe prix de la v\u00e9rit\u00e9 lib\u00e9r\u00e9e de tout filtre, tout artifice. Tout regard\u2026<\/p>\n<p>-* <b>La servante \u00e9carlate de Margaret Atwood<\/b><br \/>\nUne s\u00e9rie t\u00e9l\u00e9 en a \u00e9t\u00e9 tir\u00e9 avec des critiques excellentes.<br \/>\nLivre de 1985 r\u00e9\u00e9dit\u00e9 \u00e0 cause de la s\u00e9rie qui fait forte impression.<br \/>\nArticle du Monde:<br \/>\nDans un pr\u00e9sent qui a les caract\u00e9ristiques d\u2019une \u00ab d\u00e9mocrature \u00bb, voire d\u2019une \u00ab dictocratie \u00bb, avec un retour \u00e0 des valeurs renvoyant au XVIIe si\u00e8cle \u2013 sans compter des costumes, des couleurs et une lumi\u00e8re dignes de Vermeer \u2013, l\u2019Etat am\u00e9ricain consid\u00e8re la reproduction humaine comme un imp\u00e9ratif moral, et la fertilit\u00e9 comme une ressource nationale. Ce qui, quelle surprise, passe par la prise de contr\u00f4le des femmes, class\u00e9es en trois cat\u00e9gories : les Epouses, les Marthas ou bonnes \u00e0 tout faire, et les Servantes, sortes de poules pondeuses mises en esclavage ut\u00e9rin parce qu\u2019elles peuvent encore procr\u00e9er. Car l\u2019\u00e9tat \u00e9cologique de la plan\u00e8te a rendu une grande part de la population st\u00e9rile\u2026<br \/>\nEn savoir plus sur <a href=\"http:\/\/www.lemonde.fr\/televisions-radio\/article\/2017\/07\/04\/tv-la-servante-ecarlate-du-grand-art_5155338_1655027.html#0bOZlFfd0g8YrRVh.99\" target=\"_blank\" rel=\"noopener noreferrer\">http:\/\/www.lemonde.fr<\/a><\/p>\n<p>~Le livre date de 1985 mais on y retrouve les fascismes et extr\u00e9mismes religieux d&rsquo;aujourd&rsquo;hui : islamismes, salafisme, anti mariage pour tous, les copains \u00e0 Fillon&#8230; Le glissement perceptible de la soci\u00e9t\u00e9 vers un \u00e9tat pudibond-puritain o\u00f9 les filles s&rsquo;habillent en pantalon pour ne pas \u00eatre trait\u00e9es de putes et o\u00f9 quelques uns justifient le viol par la provocation des femmes (actualit\u00e9 du Maroc en cette fin du mois d&rsquo;ao\u00fbt 2017), pr\u00e9monitoire~<\/p>\n<p>-* <b>Les guerriers de l&rsquo;ombre parlent pour la premi\u00e8re fois<\/b>.<br \/>\n~Et ils n&rsquo;ont pas grand chose \u00e0 dire car tout doit rester secret. J&rsquo;ai abandonn\u00e9 rapidement&#8230;.<br \/>\nDommage, l&rsquo;interview de l&rsquo;auteur r\u00e9alisateur du film sur France Inter laissait pr\u00e9sager un livre plus int\u00e9ressant. Peut-\u00eatre que je n&rsquo;\u00e9tais pas bien dispos\u00e9. Et avec un apriori quand j&rsquo;ai lu tout au d\u00e9but que ce qui allait \u00eatre un peu d\u00e9voile datait des ann\u00e9es 1980.<br \/>\nSi vous voulez quelque chose de plus consistant sur le sujet regardez la s\u00e9rie fran\u00e7aise \u00ab\u00a0le bureau des l\u00e9gendes\u00a0\u00bb, c&rsquo;est une fiction tr\u00e8s bien document\u00e9e. Trois saisons, toutes d&rsquo;un excellent niveau. ~<\/p>\n<p>-* <b>Aki Shimazaki &#8211; Azami<\/b><br \/>\n~La vie d&rsquo;un japonais moyen. Cette civilisation m&rsquo;intrigue plus qu&rsquo;elle ne me fascine.<br \/>\nL&rsquo;usure dans la vie de couple, couple sexless, ma\u00eetresses, pink salons, f\u00fbzoku-ten, video-box et autres endroits pour homme \u00e0 la recherche de services sexuels. Le tout tr\u00e8s soft, \u00e0 la japonaise donc. Beaucoup de questions en suspend \u00e0 la fin.~<\/p>\n<p>_*<b>Patrick Bauwen &#8211; Le jour du chien<\/b><br \/>\n~Bon d\u00e9but, qui donne enfin Envie de lire un livre sans se poser de questions!<br \/>\nUn bon polar. Intrigue nouvelle \u00e0 chaque chapitre sans possibilit\u00e9 de deviner la suite.<br \/>\nUn tout petit peu d\u00e9\u00e7u par la fin o\u00f9 l&rsquo;on apprend des choses qui, \u00e0 mon avis, n&rsquo;\u00e9taient pas vraiment utiles.~<\/p>\n<p>_* <b>Pic &#8211; Jack Kerouac<\/b> (\u00e9d. La Petite Vemillon)<br \/>\nKerouac, c\u2019est LE ma\u00eetre absolu du roadtrip. Mais \u00e0 l\u2019ultra-classique Sur la route, pr\u00e9f\u00e9rez ce court texte m\u00e9connu du h\u00e9ros de la Beat Generation: un petit gar\u00e7on noir d\u00e9couvre les \u00c9tats-Unis au gr\u00e9 des al\u00e9as de la vie. Un Huckleberry Finn en mod\u00e8le r\u00e9duit. Lu.<br \/>\n~On s&rsquo;habitue plus ou moins rapidement aux apostrophes et contractions traduisant le langage parl\u00e9. P\u00e9riple de deux fr\u00e8res en bus, en auto-stop, en m\u00e9tro et \u00e0 pieds avec quelques rencontres de personnages hors du commun et de la soci\u00e9t\u00e9. Je m&rsquo;attendais \u00e0 un p\u00e9riple plus long avec la travers\u00e9e de 4800 km de l&rsquo;Am\u00e9rique. On reste un peu sur sa faim. Il va falloir lire \u00ab\u00a0Sur la route\u00a0\u00bb que j&rsquo;ai et que je n&rsquo;ai pas lu.~<\/p>\n<p>_ <b>Reflets dans un oeil d&rsquo;or &#8211; Carson McCullers<\/b><br \/>\nOn f\u00eate cette ann\u00e9e le centenaire de sa naissance, mais l\u2019\u00e9crivaine am\u00e9ricaine reste \u00e0 jamais la jeune femme qui publia en 1940 Le c\u0153ur est un chasseur solitaire, puis Reflets dans un \u0153il d\u2019or ou Frankie Addams. L\u2019occasion r\u00eav\u00e9e de red\u00e9couvrir une \u0153uvre pleine de gr\u00e2ce et de freaks.<\/p>\n<p>_ <b>Les d\u00e9lices de Tokyo<\/b><br \/>\n\u00ab \u00c9couter la voix des haricots \u00bb : tel est le secret de Tokue, une vieille dame aux doigts myst\u00e9rieusement d\u00e9form\u00e9s, pour r\u00e9ussir le an, la p\u00e2te de haricots rouges qui accompagne les dorayaki, des p\u00e2tisseries japonaises. Sentar\u00f4, qui a accept\u00e9 d&#8217;embaucher Tokue dans son \u00e9choppe, voit sa client\u00e8le doubler du jour au lendemain, conquise par ses talents de p\u00e2tissi\u00e8re. Mais la vieille dame cache un secret moins avouable et dispara\u00eet comme elle \u00e9tait apparue, laissant Sentar\u00f4 interpr\u00e9ter \u00e0 sa fa\u00e7on la le\u00e7on qu&rsquo;elle lui a fait partager.<br \/>\nMagnifiquement adapt\u00e9 \u00e0 l&rsquo;\u00e9cran par la cin\u00e9aste Naomi Kawase, prim\u00e9e \u00e0 Cannes, le roman de Durian Sukegawa est une ode \u00e0 la cuisine et \u00e0 la vie. Poignant, po\u00e9tique, sensuel : un r\u00e9gal.<\/p>\n<p>_ * (10%) <b>La France en automobile de Edith Wharton<\/b>. Lecture du club de lecture de l&rsquo;UTLB pour le 20 septembre.<br \/>\n~Le livre date des ann\u00e9es 1900 mais a \u00e9t\u00e9 traduit en fran\u00e7ais en 2015, la publication en poche date de 2017.<br \/>\nJe vais avoir du mal \u00e0 le commencer, apr\u00e8s \u00ab\u00a0la servante \u00e9carlate\u00a0\u00bb&#8230;<br \/>\nJe n&rsquo;aurais pas d\u00fb lire la pr\u00e9face, je ne lit jamais les pr\u00e9faces! L\u00e0 on apprend que le voyage n&rsquo;est pas une simple p\u00e9r\u00e9grination fran\u00e7aise en voiTure, il est organis\u00e9 avec domestiques et grosse intendance \u00e0 chaque \u00e9tape.<br \/>\nM\u00eame bien \u00e9crit les descriptions interminables lassent, en tout cas je n&rsquo;aime pas.~<\/p>\n<p>_ * <b>C&rsquo;est le c\u0153ur qui l\u00e2che en dernier, Margaret Atwood<\/b><br \/>\n~Je suis tomb\u00e9 par hasard sur le r\u00e9sum\u00e9 qui suit et j&rsquo;ai eu envie de le lire, d&rsquo;autant que \u00ab\u00a0La France en automobile\u00a0\u00bb roman des ann\u00e9es 1900 ne m&#8217;emballe pas plus que \u00e7a&#8230;<br \/>\nJ&rsquo;\u00e9cris ces lignes quelques mois apr\u00e8s la Lecture de ce roman. Le sujet est tr\u00e8s diff\u00e9rent du pr\u00e9c\u00e9dent livre de Margaret Atwood. Nous sommes, l\u00e0 encore, sur un essai de description de soci\u00e9t\u00e9 o\u00f9 tout fonctionne parfaitement et o\u00f9 chacun y trouve son compte, ce qui leur permet de supporter les contraintes.<br \/>\nTout commence \u00e0 foirer \u00e0 cause de la nature humaine et des personnes qui peuvent modifier les rouages de cette soci\u00e9t\u00e9.<br \/>\nLa fin tiens un peu du vaudeville et n&rsquo;est pas \u00e0 la hauteur du roman.~<\/p>\n<p>Le nouveau chef-d&rsquo;oeuvre de Margaret Atwood, l&rsquo;auteure de La Servante \u00e9carlate.<br \/>\nStan et Charmaine ont \u00e9t\u00e9 touch\u00e9s de plein fouet par la crise \u00e9conomique qui consume les \u00c9tats-Unis. Tous deux survivent gr\u00e2ce aux maigres pourboires que gagne Charmaine dans un bar sordide et se voient contraints de loger dans leur voiture&#8230; Aussi, lorsqu&rsquo;ils d\u00e9couvrent \u00e0 la t\u00e9l\u00e9vision une publicit\u00e9 pour une ville qui leur promet un toit au-dessus de leurs t\u00eates, ils signent sans r\u00e9fl\u00e9chir : ils n&rsquo;ont plus rien \u00e0 perdre.<br \/>\n\u00c0 Consilience, chacun a un travail, avec la satisfaction d&rsquo;oeuvrer pour la communaut\u00e9, et une maison. Un mois sur deux. Le reste du temps, les habitants le passent en prison&#8230; o\u00f9 ils sont \u00e9galement log\u00e9s et nourris ! Le bonheur. Mais le syst\u00e8me veut que pendant leur absence, un autre couple s&rsquo;installe chez eux avant d&rsquo;\u00eatre incarc\u00e9r\u00e9 \u00e0 son tour. Et Stan tombe bient\u00f4t sur un mot qui va le rendre fou de d\u00e9sir pour celle qui se glisse entre ses draps quand lui n&rsquo;y est pas : \u00a0\u00bb Je suis affam\u00e9e de toi. \u00a0\u00bb<br \/>\nAvec C&rsquo;est le coeur qui l\u00e2che en dernier, Margaret Atwood nous livre un roman aussi hilarant qu&rsquo;inqui\u00e9tant, une implacable satire de nos vices et travers qui nous enferment dans de viles obsessions quand le monde entier est en passe de dispara\u00eetre.<\/p>\n<p>Lu pour le club de lecture:<br \/>\n*<b>Mario Vargas Llosa: la tante Julia et le scribouillard<\/b><br \/>\nQue dire&#8230; Je vais essayer d&rsquo;\u00eatre positif. J&rsquo;ai lu ce livre facilement, l&rsquo;\u00e9criture est fluide, le contenu riche visiblement li\u00e9 aux d\u00e9buts pas si simple que \u00e7a de Vargas avec ses premiers essais d&rsquo;\u00e9criture de nouvelles.<br \/>\nL&rsquo;histoire de Varguitas est ponctu\u00e9e d&rsquo;histoires de l&rsquo;auteur de novellas de la radio. Le style est diff\u00e9rent et les sujets extr\u00eames, certaines ne se terminent pas. C&rsquo;est le c\u00f4t\u00e9 le moins int\u00e9ressant.<br \/>\nJe ne me suis pas aper\u00e7u tout de suite que ces nouvelles ne sont pas cens\u00e9es provenir de Vargas, mais avant qu&rsquo;il le dise lui-m\u00eame.<br \/>\nPeut-\u00eatre qu&rsquo;il s&rsquo;agit des premi\u00e8res nouvelles de Vargas&#8230;<\/p>\n<p>L&rsquo;histoire avec la tante tourne un peu en rond et fini par aboutir tant bien que mal. Le mariage a tenu 8 ans le contrat est rempli.<\/p>\n<p>Je ne vois pas o\u00f9 l&rsquo;auteur veut en venir avec Camacho et la confusion des personnages dans ses diff\u00e9rentes histoires. Peut-\u00eatre s&rsquo;agit-il de sa propre exp\u00e9rience des d\u00e9buts et de la n\u00e9cessit\u00e9 de travailler sans rel\u00e2che pour vivre de sa plume.<\/p>\n<p>Prochaines lectures: le dernier Dan Brown<\/p>\n<p>&nbsp;<\/p>\n","protected":false},"excerpt":{"rendered":"<p>Les quelques livres lus depuis le mois de juillet (2017!) que j&rsquo;ai appr\u00e9ci\u00e9s ou pas. Certains de ces livres \u00e9taient &hellip; <\/p>\n","protected":false},"author":1,"featured_media":1983,"comment_status":"open","ping_status":"open","sticky":false,"template":"","format":"standard","meta":{"jetpack_post_was_ever_published":false,"_jetpack_newsletter_access":"","_jetpack_dont_email_post_to_subs":false,"_jetpack_newsletter_tier_id":0,"_jetpack_memberships_contains_paywalled_content":false,"_jetpack_memberships_contains_paid_content":false,"footnotes":"","jetpack_publicize_message":"","jetpack_publicize_feature_enabled":true,"jetpack_social_post_already_shared":false,"jetpack_social_options":{"image_generator_settings":{"template":"highway","default_image_id":0,"font":"","enabled":false},"version":2}},"categories":[1],"tags":[572,566,570,573,242,569,568,571,567],"class_list":["post-1982","post","type-post","status-publish","format-standard","has-post-thumbnail","hentry","category-lectures","tag-bauwen","tag-club-de-lecture","tag-dan-brown","tag-kerouac","tag-livres","tag-margaret-atwood","tag-pic","tag-shimazaki","tag-vargas"],"jetpack_publicize_connections":[],"jetpack_featured_media_url":"https:\/\/i0.wp.com\/humm.loverde.fr\/wp-content\/uploads\/2017\/11\/IMG_2887.jpg?fit=800%2C249&ssl=1","jetpack_sharing_enabled":true,"jetpack_shortlink":"https:\/\/wp.me\/p9whbF-vY","jetpack_likes_enabled":true,"jetpack-related-posts":[{"id":4938,"url":"https:\/\/humm.loverde.fr\/?p=4938","url_meta":{"origin":1982,"position":0},"title":"Lectures du confinement","author":"cloverde","date":"4 avril 2020","format":false,"excerpt":"Comme tout le monde, je pense, je lis beaucoup, des livres, des News et des livres et des News... Je viens de terminer une relecture de Philip K. Dick, \" Le Ma\u00eetre du haut ch\u00e2teau \" voir l'article que j'ai \u00e9crit l\u00e0-dessus, paru le 28 mars : https:\/\/humm.loverde.fr\/le-maitre-du-haut-chateau\/ \u00c0 propos\u2026","rel":"","context":"Dans &quot;Actuel&quot;","block_context":{"text":"Actuel","link":"https:\/\/humm.loverde.fr\/?cat=13"},"img":{"alt_text":"","src":"https:\/\/i0.wp.com\/humm.loverde.fr\/wp-content\/uploads\/2020\/03\/attachment-14.png?fit=512%2C288&ssl=1&resize=350%2C200","width":350,"height":200},"classes":[]},{"id":8392,"url":"https:\/\/humm.loverde.fr\/?p=8392","url_meta":{"origin":1982,"position":1},"title":"Lecture &#038; Cie","author":"cloverde","date":"17 juin 2023","format":false,"excerpt":"Et vous comment lisez-vous ? Perso je ne suis pas un grand lecteur, tout juste 2 ou trois livres par mois. \u00catre membre d'un club de lecture me force \u00e0 sortir de ma zone de confort. Pas trop de contraintes, 12 livres \u00e0 lire par an, 6x2, et encore on\u2026","rel":"","context":"Dans &quot;insolite&quot;","block_context":{"text":"insolite","link":"https:\/\/humm.loverde.fr\/?cat=1422"},"img":{"alt_text":"","src":"https:\/\/i0.wp.com\/humm.loverde.fr\/wp-content\/uploads\/2023\/05\/IMG_20230428_082543_164.jpg?fit=1024%2C577&ssl=1&resize=350%2C200","width":350,"height":200,"srcset":"https:\/\/i0.wp.com\/humm.loverde.fr\/wp-content\/uploads\/2023\/05\/IMG_20230428_082543_164.jpg?fit=1024%2C577&ssl=1&resize=350%2C200 1x, https:\/\/i0.wp.com\/humm.loverde.fr\/wp-content\/uploads\/2023\/05\/IMG_20230428_082543_164.jpg?fit=1024%2C577&ssl=1&resize=525%2C300 1.5x, https:\/\/i0.wp.com\/humm.loverde.fr\/wp-content\/uploads\/2023\/05\/IMG_20230428_082543_164.jpg?fit=1024%2C577&ssl=1&resize=700%2C400 2x"},"classes":[]},{"id":3262,"url":"https:\/\/humm.loverde.fr\/?p=3262","url_meta":{"origin":1982,"position":2},"title":"Lectures de l&rsquo;\u00e9t\u00e9 2018","author":"cloverde","date":"16 septembre 2018","format":false,"excerpt":"Lectures de l'\u00e9t\u00e9 2018 Au d\u00e9but de l'\u00e9t\u00e9 j'avais plein d'envies de lectures. Comme pr\u00e9vu je n'ai pas tout lu. .-. Les envies \u2022 \"Marx et la poup\u00e9e\" et \"L'art de perdre\" qui auront une certaine r\u00e9sonance puisque parlant des racines d'un immigr\u00e9 en France et fran\u00e7ais. \u2022 Margaret Atwood,\u2026","rel":"","context":"Dans &quot;Lectures&quot;","block_context":{"text":"Lectures","link":"https:\/\/humm.loverde.fr\/?cat=1"},"img":{"alt_text":"","src":"https:\/\/i0.wp.com\/humm.loverde.fr\/wp-content\/uploads\/2018\/09\/Attachment-5-e1537079348130.jpeg?fit=800%2C498&ssl=1&resize=350%2C200","width":350,"height":200,"srcset":"https:\/\/i0.wp.com\/humm.loverde.fr\/wp-content\/uploads\/2018\/09\/Attachment-5-e1537079348130.jpeg?fit=800%2C498&ssl=1&resize=350%2C200 1x, https:\/\/i0.wp.com\/humm.loverde.fr\/wp-content\/uploads\/2018\/09\/Attachment-5-e1537079348130.jpeg?fit=800%2C498&ssl=1&resize=525%2C300 1.5x, https:\/\/i0.wp.com\/humm.loverde.fr\/wp-content\/uploads\/2018\/09\/Attachment-5-e1537079348130.jpeg?fit=800%2C498&ssl=1&resize=700%2C400 2x"},"classes":[]},{"id":5208,"url":"https:\/\/humm.loverde.fr\/?p=5208","url_meta":{"origin":1982,"position":3},"title":"Lecture confin\u00e9e : Le Ma\u00eetre du haut ch\u00e2teau","author":"cloverde","date":"25 mai 2020","format":false,"excerpt":"25 mai 2020 La troisi\u00e8me semaine du d\u00e9confinement commence. La voici illustr\u00e9e par ma troisi\u00e8me occupation \"culturelle\", la Lecture, et des livres que j'ai lu et qui valent le d\u00e9tour. Je n'ai pas lu beaucoup plus que d'habitude, peut-\u00eatre parce que je ne suis pas tomb\u00e9 sur des histoires qui\u2026","rel":"","context":"Dans &quot;Lectures&quot;","block_context":{"text":"Lectures","link":"https:\/\/humm.loverde.fr\/?cat=1"},"img":{"alt_text":"","src":"https:\/\/i0.wp.com\/humm.loverde.fr\/wp-content\/uploads\/2020\/05\/F310EA4B-4918-4AF9-A11E-B93F3E6340AE-12441-00000CBE77248CE5.jpg?fit=360%2C450&ssl=1&resize=350%2C200","width":350,"height":200},"classes":[]},{"id":7063,"url":"https:\/\/humm.loverde.fr\/?p=7063","url_meta":{"origin":1982,"position":4},"title":"La l\u00e9gende des niveaux ferm\u00e9s, Gilles Thomas","author":"cloverde","date":"5 f\u00e9vrier 2022","format":false,"excerpt":"En ce moment j'ai du mal a trouver de l'int\u00e9r\u00eat dans les livres en r\u00e9serve et ceux du club de lecture. Alors je me suis dis qu'un petit tour du c\u00f4t\u00e9 de la science-fiction devrait me redonner le go\u00fbt de la lecture perdu momentan\u00e9ment et pas seulement \u00e0 cause des\u2026","rel":"","context":"Dans &quot;Lectures&quot;","block_context":{"text":"Lectures","link":"https:\/\/humm.loverde.fr\/?cat=1"},"img":{"alt_text":"","src":"https:\/\/i0.wp.com\/humm.loverde.fr\/wp-content\/uploads\/2022\/02\/IMG_20220129_085203_665.jpg?fit=1024%2C661&ssl=1&resize=350%2C200","width":350,"height":200,"srcset":"https:\/\/i0.wp.com\/humm.loverde.fr\/wp-content\/uploads\/2022\/02\/IMG_20220129_085203_665.jpg?fit=1024%2C661&ssl=1&resize=350%2C200 1x, https:\/\/i0.wp.com\/humm.loverde.fr\/wp-content\/uploads\/2022\/02\/IMG_20220129_085203_665.jpg?fit=1024%2C661&ssl=1&resize=525%2C300 1.5x, https:\/\/i0.wp.com\/humm.loverde.fr\/wp-content\/uploads\/2022\/02\/IMG_20220129_085203_665.jpg?fit=1024%2C661&ssl=1&resize=700%2C400 2x"},"classes":[]},{"id":4848,"url":"https:\/\/humm.loverde.fr\/?p=4848","url_meta":{"origin":1982,"position":5},"title":"Angoul\u00eame 2020","author":"cloverde","date":"27 f\u00e9vrier 2020","format":false,"excerpt":"Angoul\u00eame 2020 Sortie annuelle au festival de la BD que l'on ne rate plus depuis quelques ann\u00e9es. Grand fan ou amateur occasionnel, il y en a pour tout le monde et pour tous les go\u00fbts. \u00c7a va de la BD ancienne \u00e0 la plus r\u00e9cente, des BD alternatives \u00e0 celles\u2026","rel":"","context":"Dans &quot;voyage&quot;","block_context":{"text":"voyage","link":"https:\/\/humm.loverde.fr\/?cat=836"},"img":{"alt_text":"","src":"https:\/\/i0.wp.com\/humm.loverde.fr\/wp-content\/uploads\/2020\/02\/20200202223526.jpg?fit=1200%2C1199&ssl=1&resize=350%2C200","width":350,"height":200,"srcset":"https:\/\/i0.wp.com\/humm.loverde.fr\/wp-content\/uploads\/2020\/02\/20200202223526.jpg?fit=1200%2C1199&ssl=1&resize=350%2C200 1x, https:\/\/i0.wp.com\/humm.loverde.fr\/wp-content\/uploads\/2020\/02\/20200202223526.jpg?fit=1200%2C1199&ssl=1&resize=525%2C300 1.5x, https:\/\/i0.wp.com\/humm.loverde.fr\/wp-content\/uploads\/2020\/02\/20200202223526.jpg?fit=1200%2C1199&ssl=1&resize=700%2C400 2x, https:\/\/i0.wp.com\/humm.loverde.fr\/wp-content\/uploads\/2020\/02\/20200202223526.jpg?fit=1200%2C1199&ssl=1&resize=1050%2C600 3x"},"classes":[]}],"_links":{"self":[{"href":"https:\/\/humm.loverde.fr\/index.php?rest_route=\/wp\/v2\/posts\/1982","targetHints":{"allow":["GET"]}}],"collection":[{"href":"https:\/\/humm.loverde.fr\/index.php?rest_route=\/wp\/v2\/posts"}],"about":[{"href":"https:\/\/humm.loverde.fr\/index.php?rest_route=\/wp\/v2\/types\/post"}],"author":[{"embeddable":true,"href":"https:\/\/humm.loverde.fr\/index.php?rest_route=\/wp\/v2\/users\/1"}],"replies":[{"embeddable":true,"href":"https:\/\/humm.loverde.fr\/index.php?rest_route=%2Fwp%2Fv2%2Fcomments&post=1982"}],"version-history":[{"count":5,"href":"https:\/\/humm.loverde.fr\/index.php?rest_route=\/wp\/v2\/posts\/1982\/revisions"}],"predecessor-version":[{"id":4079,"href":"https:\/\/humm.loverde.fr\/index.php?rest_route=\/wp\/v2\/posts\/1982\/revisions\/4079"}],"wp:featuredmedia":[{"embeddable":true,"href":"https:\/\/humm.loverde.fr\/index.php?rest_route=\/wp\/v2\/media\/1983"}],"wp:attachment":[{"href":"https:\/\/humm.loverde.fr\/index.php?rest_route=%2Fwp%2Fv2%2Fmedia&parent=1982"}],"wp:term":[{"taxonomy":"category","embeddable":true,"href":"https:\/\/humm.loverde.fr\/index.php?rest_route=%2Fwp%2Fv2%2Fcategories&post=1982"},{"taxonomy":"post_tag","embeddable":true,"href":"https:\/\/humm.loverde.fr\/index.php?rest_route=%2Fwp%2Fv2%2Ftags&post=1982"}],"curies":[{"name":"wp","href":"https:\/\/api.w.org\/{rel}","templated":true}]}}