{"id":2118,"date":"2018-01-31T06:18:52","date_gmt":"2018-01-31T05:18:52","guid":{"rendered":"http:\/\/humm.loverde.fr\/?p=2118"},"modified":"2019-08-01T07:17:11","modified_gmt":"2019-08-01T06:17:11","slug":"tarte-feuilletee-pommes-ou-poires","status":"publish","type":"post","link":"https:\/\/humm.loverde.fr\/?p=2118","title":{"rendered":"Tarte feuillet\u00e9e pommes ou poires"},"content":{"rendered":"<p>Je suis pass\u00e9 par ma p\u00e9riode tarte avec p\u00e2te feuillet\u00e9e. La premi\u00e8re aux pomme a \u00e9t\u00e9 tellement appr\u00e9ci\u00e9e que j&rsquo;en ai refait une peu de temps apr\u00e8s puis, pour changer, j&rsquo;ai r\u00e9cidiv\u00e9 avec une tarte aux poires.<br \/>\nBon je crois que je vais arr\u00eater pour un moment les tartes feuillet\u00e9es.<\/p>\n<p><img data-recalc-dims=\"1\" loading=\"lazy\" decoding=\"async\" data-attachment-id=\"2119\" data-permalink=\"https:\/\/humm.loverde.fr\/?attachment_id=2119\" data-orig-file=\"https:\/\/i0.wp.com\/humm.loverde.fr\/wp-content\/uploads\/2017\/12\/IMG_3093.jpg?fit=800%2C450&amp;ssl=1\" data-orig-size=\"800,450\" data-comments-opened=\"1\" data-image-meta=\"{&quot;aperture&quot;:&quot;0&quot;,&quot;credit&quot;:&quot;&quot;,&quot;camera&quot;:&quot;&quot;,&quot;caption&quot;:&quot;&quot;,&quot;created_timestamp&quot;:&quot;0&quot;,&quot;copyright&quot;:&quot;&quot;,&quot;focal_length&quot;:&quot;0&quot;,&quot;iso&quot;:&quot;0&quot;,&quot;shutter_speed&quot;:&quot;0&quot;,&quot;title&quot;:&quot;&quot;,&quot;orientation&quot;:&quot;1&quot;}\" data-image-title=\"Tarte aux pommes\" data-image-description=\"\" data-image-caption=\"\" data-large-file=\"https:\/\/i0.wp.com\/humm.loverde.fr\/wp-content\/uploads\/2017\/12\/IMG_3093.jpg?fit=800%2C450&amp;ssl=1\" class=\"aligncenter size-full wp-image-2119\" src=\"https:\/\/i0.wp.com\/humm.loverde.fr\/wp-content\/uploads\/2017\/12\/IMG_3093.jpg?resize=800%2C450&#038;ssl=1\" alt=\"\" width=\"800\" height=\"450\" srcset=\"https:\/\/i0.wp.com\/humm.loverde.fr\/wp-content\/uploads\/2017\/12\/IMG_3093.jpg?w=800&amp;ssl=1 800w, https:\/\/i0.wp.com\/humm.loverde.fr\/wp-content\/uploads\/2017\/12\/IMG_3093.jpg?resize=595%2C335&amp;ssl=1 595w, https:\/\/i0.wp.com\/humm.loverde.fr\/wp-content\/uploads\/2017\/12\/IMG_3093.jpg?resize=768%2C432&amp;ssl=1 768w, https:\/\/i0.wp.com\/humm.loverde.fr\/wp-content\/uploads\/2017\/12\/IMG_3093.jpg?resize=107%2C60&amp;ssl=1 107w\" sizes=\"auto, (max-width: 800px) 100vw, 800px\" \/><\/p>\n<p><b>Ingr\u00e9dients<\/b><br \/>\n* une p\u00e2te feuillet\u00e9e rectangulaire, \u00e7a existe et c&rsquo;est nouveau!<br \/>\n* 4 ou 5 pommes ou poires.<br \/>\n* du sucre roux<br \/>\n* des framboises pour la garniture mais c&rsquo;est facultatif<\/p>\n<p><img data-recalc-dims=\"1\" loading=\"lazy\" decoding=\"async\" data-attachment-id=\"2120\" data-permalink=\"https:\/\/humm.loverde.fr\/?attachment_id=2120\" data-orig-file=\"https:\/\/i0.wp.com\/humm.loverde.fr\/wp-content\/uploads\/2017\/12\/IMG_3092.jpg?fit=800%2C450&amp;ssl=1\" data-orig-size=\"800,450\" data-comments-opened=\"1\" data-image-meta=\"{&quot;aperture&quot;:&quot;0&quot;,&quot;credit&quot;:&quot;&quot;,&quot;camera&quot;:&quot;&quot;,&quot;caption&quot;:&quot;&quot;,&quot;created_timestamp&quot;:&quot;0&quot;,&quot;copyright&quot;:&quot;&quot;,&quot;focal_length&quot;:&quot;0&quot;,&quot;iso&quot;:&quot;0&quot;,&quot;shutter_speed&quot;:&quot;0&quot;,&quot;title&quot;:&quot;&quot;,&quot;orientation&quot;:&quot;1&quot;}\" data-image-title=\"Tarte aux poires\" data-image-description=\"\" data-image-caption=\"\" data-large-file=\"https:\/\/i0.wp.com\/humm.loverde.fr\/wp-content\/uploads\/2017\/12\/IMG_3092.jpg?fit=800%2C450&amp;ssl=1\" class=\"aligncenter size-full wp-image-2120\" src=\"https:\/\/i0.wp.com\/humm.loverde.fr\/wp-content\/uploads\/2017\/12\/IMG_3092.jpg?resize=800%2C450&#038;ssl=1\" alt=\"\" width=\"800\" height=\"450\" srcset=\"https:\/\/i0.wp.com\/humm.loverde.fr\/wp-content\/uploads\/2017\/12\/IMG_3092.jpg?w=800&amp;ssl=1 800w, https:\/\/i0.wp.com\/humm.loverde.fr\/wp-content\/uploads\/2017\/12\/IMG_3092.jpg?resize=595%2C335&amp;ssl=1 595w, https:\/\/i0.wp.com\/humm.loverde.fr\/wp-content\/uploads\/2017\/12\/IMG_3092.jpg?resize=768%2C432&amp;ssl=1 768w, https:\/\/i0.wp.com\/humm.loverde.fr\/wp-content\/uploads\/2017\/12\/IMG_3092.jpg?resize=107%2C60&amp;ssl=1 107w\" sizes=\"auto, (max-width: 800px) 100vw, 800px\" \/><\/p>\n<p><b>R\u00e9alisation<\/b><br \/>\n\u00c9taler la p\u00e2te et la piquer avec une fourchette.<br \/>\nSaupoudrez un peu de sucre dessus.<br \/>\n\u00c9pluchez et couper en lamelles pas trop fine \u00e0 placer sur la p\u00e2te le plus serr\u00e9 possible en laissant une marge d&rsquo;au moins 1 cm. Saupoudrez de sucre sur le dessus sans abuser.<br \/>\nPr\u00e9voir une plaque avec rebords parce que le sucre <del>risque<\/del> va couler et je vous laisse deviner le boulot de nettoyage!<\/p>\n<p>Des pommes, des poires et des&#8230;<\/p>\n<p><img data-recalc-dims=\"1\" loading=\"lazy\" decoding=\"async\" data-attachment-id=\"2124\" data-permalink=\"https:\/\/humm.loverde.fr\/?attachment_id=2124\" data-orig-file=\"https:\/\/i0.wp.com\/humm.loverde.fr\/wp-content\/uploads\/2018\/12\/IMG_3095.jpg?fit=800%2C531&amp;ssl=1\" data-orig-size=\"800,531\" data-comments-opened=\"1\" data-image-meta=\"{&quot;aperture&quot;:&quot;0&quot;,&quot;credit&quot;:&quot;&quot;,&quot;camera&quot;:&quot;&quot;,&quot;caption&quot;:&quot;&quot;,&quot;created_timestamp&quot;:&quot;0&quot;,&quot;copyright&quot;:&quot;&quot;,&quot;focal_length&quot;:&quot;0&quot;,&quot;iso&quot;:&quot;0&quot;,&quot;shutter_speed&quot;:&quot;0&quot;,&quot;title&quot;:&quot;&quot;,&quot;orientation&quot;:&quot;1&quot;}\" data-image-title=\"Scoubidou\" data-image-description=\"\" data-image-caption=\"\" data-large-file=\"https:\/\/i0.wp.com\/humm.loverde.fr\/wp-content\/uploads\/2018\/12\/IMG_3095.jpg?fit=800%2C531&amp;ssl=1\" class=\"aligncenter size-full wp-image-2124\" src=\"https:\/\/i0.wp.com\/humm.loverde.fr\/wp-content\/uploads\/2018\/12\/IMG_3095.jpg?resize=800%2C531&#038;ssl=1\" alt=\"\" width=\"800\" height=\"531\" srcset=\"https:\/\/i0.wp.com\/humm.loverde.fr\/wp-content\/uploads\/2018\/12\/IMG_3095.jpg?w=800&amp;ssl=1 800w, https:\/\/i0.wp.com\/humm.loverde.fr\/wp-content\/uploads\/2018\/12\/IMG_3095.jpg?resize=595%2C395&amp;ssl=1 595w, https:\/\/i0.wp.com\/humm.loverde.fr\/wp-content\/uploads\/2018\/12\/IMG_3095.jpg?resize=768%2C510&amp;ssl=1 768w, https:\/\/i0.wp.com\/humm.loverde.fr\/wp-content\/uploads\/2018\/12\/IMG_3095.jpg?resize=90%2C60&amp;ssl=1 90w\" sizes=\"auto, (max-width: 800px) 100vw, 800px\" \/><\/p>\n<p>Je n&rsquo;ai pas pu r\u00e9sister !<\/p>\n<div class=\"jetpack-video-wrapper\"><span class=\"embed-youtube\" style=\"text-align:center; display: block;\"><iframe loading=\"lazy\" class=\"youtube-player\" width=\"1200\" height=\"675\" src=\"https:\/\/www.youtube.com\/embed\/NUDgGSje4Ew?version=3&#038;rel=1&#038;showsearch=0&#038;showinfo=1&#038;iv_load_policy=1&#038;fs=1&#038;hl=fr-FR&#038;autohide=2&#038;wmode=transparent\" allowfullscreen=\"true\" style=\"border:0;\" sandbox=\"allow-scripts allow-same-origin allow-popups allow-presentation allow-popups-to-escape-sandbox\"><\/iframe><\/span><\/div>\n","protected":false},"excerpt":{"rendered":"<p>Je suis pass\u00e9 par ma p\u00e9riode tarte avec p\u00e2te feuillet\u00e9e. La premi\u00e8re aux pomme a \u00e9t\u00e9 tellement appr\u00e9ci\u00e9e que j&rsquo;en &hellip; <\/p>\n","protected":false},"author":1,"featured_media":2119,"comment_status":"open","ping_status":"open","sticky":false,"template":"","format":"standard","meta":{"jetpack_post_was_ever_published":false,"_jetpack_newsletter_access":"","_jetpack_dont_email_post_to_subs":false,"_jetpack_newsletter_tier_id":0,"_jetpack_memberships_contains_paywalled_content":false,"_jetpack_memberships_contains_paid_content":false,"footnotes":"","jetpack_publicize_message":"","jetpack_publicize_feature_enabled":true,"jetpack_social_post_already_shared":true,"jetpack_social_options":{"image_generator_settings":{"template":"highway","default_image_id":0,"font":"","enabled":false},"version":2}},"categories":[2],"tags":[551,599,73,600,237],"class_list":["post-2118","post","type-post","status-publish","format-standard","has-post-thumbnail","hentry","category-recettes","tag-feuilletee","tag-poire","tag-pomme","tag-scoubidou","tag-tarte"],"jetpack_publicize_connections":[],"jetpack_featured_media_url":"https:\/\/i0.wp.com\/humm.loverde.fr\/wp-content\/uploads\/2017\/12\/IMG_3093.jpg?fit=800%2C450&ssl=1","jetpack_sharing_enabled":true,"jetpack_shortlink":"https:\/\/wp.me\/p9whbF-ya","jetpack_likes_enabled":true,"jetpack-related-posts":[{"id":5690,"url":"https:\/\/humm.loverde.fr\/?p=5690","url_meta":{"origin":2118,"position":0},"title":"Tarte pomme poire","author":"cloverde","date":"2 janvier 2021","format":false,"excerpt":"Pas vraiment une recette mais la photo sublime cette tarte qui n'a rien d'exceptionnel, surtout que j'ai utilis\u00e9 une p\u00e2te sabl\u00e9e achet\u00e9e. Ingr\u00e9dients des pommes et des poires (https:\/\/youtu.be\/NUDgGSje4Ew ) De la compote de pomme Une p\u00e2te sabl\u00e9e Du sucre non raffin\u00e9 Un peu de miel Liquide Pr\u00e9paration \u00c9taler la\u2026","rel":"","context":"Dans &quot;Recettes&quot;","block_context":{"text":"Recettes","link":"https:\/\/humm.loverde.fr\/?cat=2"},"img":{"alt_text":"","src":"https:\/\/i0.wp.com\/humm.loverde.fr\/wp-content\/uploads\/2020\/12\/attachment-19.jpeg?fit=1200%2C675&ssl=1&resize=350%2C200","width":350,"height":200,"srcset":"https:\/\/i0.wp.com\/humm.loverde.fr\/wp-content\/uploads\/2020\/12\/attachment-19.jpeg?fit=1200%2C675&ssl=1&resize=350%2C200 1x, https:\/\/i0.wp.com\/humm.loverde.fr\/wp-content\/uploads\/2020\/12\/attachment-19.jpeg?fit=1200%2C675&ssl=1&resize=525%2C300 1.5x, https:\/\/i0.wp.com\/humm.loverde.fr\/wp-content\/uploads\/2020\/12\/attachment-19.jpeg?fit=1200%2C675&ssl=1&resize=700%2C400 2x, https:\/\/i0.wp.com\/humm.loverde.fr\/wp-content\/uploads\/2020\/12\/attachment-19.jpeg?fit=1200%2C675&ssl=1&resize=1050%2C600 3x"},"classes":[]},{"id":759,"url":"https:\/\/humm.loverde.fr\/?p=759","url_meta":{"origin":2118,"position":1},"title":"Tartes rapides aux fruits","author":"cloverde","date":"6 octobre 2015","format":false,"excerpt":"\u00a0 Inspir\u00e9 d'une recette pr\u00e9sent\u00e9e par Laurent Mariotte \u00e0 la t\u00e9l\u00e9. J'ai fait deux essais, concluants. \u00a0 \u00a0 Ingr\u00e9dients Une p\u00e2te feuillet\u00e9e Des fruits, les abricots je les ai cuit quelques minute dans l'eau Du sucre brun \u00a0 \u00a0 D\u00e9couper la p\u00e2te en ronds avec un emporte pi\u00e8ce. Avec le\u2026","rel":"","context":"Dans &quot;Recettes&quot;","block_context":{"text":"Recettes","link":"https:\/\/humm.loverde.fr\/?cat=2"},"img":{"alt_text":"Tartes rapides aux fruits","src":"https:\/\/i0.wp.com\/humm.loverde.fr\/wp-content\/uploads\/2015\/08\/Tartes-rapides-aux-fruits-1-600x600.jpg?resize=350%2C200&ssl=1","width":350,"height":200,"srcset":"https:\/\/i0.wp.com\/humm.loverde.fr\/wp-content\/uploads\/2015\/08\/Tartes-rapides-aux-fruits-1-600x600.jpg?resize=350%2C200&ssl=1 1x, https:\/\/i0.wp.com\/humm.loverde.fr\/wp-content\/uploads\/2015\/08\/Tartes-rapides-aux-fruits-1-600x600.jpg?resize=525%2C300&ssl=1 1.5x"},"classes":[]},{"id":6241,"url":"https:\/\/humm.loverde.fr\/?p=6241","url_meta":{"origin":2118,"position":2},"title":"Tarte clafoutis aux cerises","author":"cloverde","date":"1 juin 2021","format":false,"excerpt":"01\/06 Je suis tomb\u00e9 sur une recette de clafoutis qui sortait de l'ordinaire, avec des abricots. Malheureusement c'est trop t\u00f4t dans la saison et ceux que j'ai achet\u00e9, s'ils m\u00fbrissent un jour, sont assez durs et ne sont pas pr\u00eats. Donc j'ai pioch\u00e9 dans la r\u00e9serve et voici un clafoutis\u2026","rel":"","context":"Dans &quot;Recettes&quot;","block_context":{"text":"Recettes","link":"https:\/\/humm.loverde.fr\/?cat=2"},"img":{"alt_text":"","src":"https:\/\/i0.wp.com\/humm.loverde.fr\/wp-content\/uploads\/2021\/05\/IMG_20210526_090850_210.jpg?fit=1200%2C554&ssl=1&resize=350%2C200","width":350,"height":200,"srcset":"https:\/\/i0.wp.com\/humm.loverde.fr\/wp-content\/uploads\/2021\/05\/IMG_20210526_090850_210.jpg?fit=1200%2C554&ssl=1&resize=350%2C200 1x, https:\/\/i0.wp.com\/humm.loverde.fr\/wp-content\/uploads\/2021\/05\/IMG_20210526_090850_210.jpg?fit=1200%2C554&ssl=1&resize=525%2C300 1.5x, https:\/\/i0.wp.com\/humm.loverde.fr\/wp-content\/uploads\/2021\/05\/IMG_20210526_090850_210.jpg?fit=1200%2C554&ssl=1&resize=700%2C400 2x, https:\/\/i0.wp.com\/humm.loverde.fr\/wp-content\/uploads\/2021\/05\/IMG_20210526_090850_210.jpg?fit=1200%2C554&ssl=1&resize=1050%2C600 3x"},"classes":[]},{"id":3361,"url":"https:\/\/humm.loverde.fr\/?p=3361","url_meta":{"origin":2118,"position":3},"title":"Tarte aux figues","author":"cloverde","date":"30 octobre 2018","format":false,"excerpt":"Tarte aux figues Ingr\u00e9dients \u2022 1 rouleau de p\u00e2te feuillet\u00e9e ou une p\u00e2te \u00e0 tarte sabl\u00e9e, maison de pr\u00e9f\u00e9rence \u2022 800 g de figue fra\u00eeches bien m\u00fbres \u2022 50 g de poudre d'amande \u2022 100 g de sucre \u2022 2 cuill\u00e8res \u00e0 soupe de miel \u2022 1 orange \u2022 Grand-marnier\u2026","rel":"","context":"Dans &quot;Recettes&quot;","block_context":{"text":"Recettes","link":"https:\/\/humm.loverde.fr\/?cat=2"},"img":{"alt_text":"","src":"https:\/\/i0.wp.com\/humm.loverde.fr\/wp-content\/uploads\/2018\/11\/Attachment-1-1.png?fit=640%2C360&ssl=1&resize=350%2C200","width":350,"height":200,"srcset":"https:\/\/i0.wp.com\/humm.loverde.fr\/wp-content\/uploads\/2018\/11\/Attachment-1-1.png?fit=640%2C360&ssl=1&resize=350%2C200 1x, https:\/\/i0.wp.com\/humm.loverde.fr\/wp-content\/uploads\/2018\/11\/Attachment-1-1.png?fit=640%2C360&ssl=1&resize=525%2C300 1.5x"},"classes":[]},{"id":684,"url":"https:\/\/humm.loverde.fr\/?p=684","url_meta":{"origin":2118,"position":4},"title":"Tarte au citron","author":"cloverde","date":"28 juillet 2015","format":false,"excerpt":"La tarte au citron, un grand classique. Je viens de m'apercevoir que je ne l'ai jamais publi\u00e9e et pourtant mang\u00e9 de nombreuses fois depuis que je tiens ce blog. Recette de Fran\u00e7oise, r\u00e9alisation de ma moiti\u00e9, moi j'ai pris les photos! Ingr\u00e9dients une p\u00e2te sabl\u00e9e 1,5 verre d'eau une cuill\u00e8re\u2026","rel":"","context":"Dans &quot;Recettes&quot;","block_context":{"text":"Recettes","link":"https:\/\/humm.loverde.fr\/?cat=2"},"img":{"alt_text":"tarte au citron","src":"https:\/\/i0.wp.com\/humm.loverde.fr\/wp-content\/uploads\/2015\/07\/tarte-au-citron-2-800x450.jpg?resize=350%2C200&ssl=1","width":350,"height":200,"srcset":"https:\/\/i0.wp.com\/humm.loverde.fr\/wp-content\/uploads\/2015\/07\/tarte-au-citron-2-800x450.jpg?resize=350%2C200&ssl=1 1x, https:\/\/i0.wp.com\/humm.loverde.fr\/wp-content\/uploads\/2015\/07\/tarte-au-citron-2-800x450.jpg?resize=525%2C300&ssl=1 1.5x, https:\/\/i0.wp.com\/humm.loverde.fr\/wp-content\/uploads\/2015\/07\/tarte-au-citron-2-800x450.jpg?resize=700%2C400&ssl=1 2x"},"classes":[]},{"id":1930,"url":"https:\/\/humm.loverde.fr\/?p=1930","url_meta":{"origin":2118,"position":5},"title":"Tarte sal\u00e9e p\u00e2te feuillet\u00e9e","author":"cloverde","date":"20 novembre 2017","format":false,"excerpt":"Une tarte rapide qui n'est ni une pizza ni une quiche et sans cr\u00e8me. Un peu lass\u00e9 des pizza et les quiches avec lait de soja pour remplacer la cr\u00e8me ce n'est pas terrible. Le lait de soja ne supporte pas trop la cuisson au four. J'ai eu l'id\u00e9e de\u2026","rel":"","context":"Dans &quot;Recettes&quot;","block_context":{"text":"Recettes","link":"https:\/\/humm.loverde.fr\/?cat=2"},"img":{"alt_text":"","src":"https:\/\/i0.wp.com\/humm.loverde.fr\/wp-content\/uploads\/2017\/10\/IMG_2687.jpg?resize=350%2C200&ssl=1","width":350,"height":200,"srcset":"https:\/\/i0.wp.com\/humm.loverde.fr\/wp-content\/uploads\/2017\/10\/IMG_2687.jpg?resize=350%2C200&ssl=1 1x, https:\/\/i0.wp.com\/humm.loverde.fr\/wp-content\/uploads\/2017\/10\/IMG_2687.jpg?resize=525%2C300&ssl=1 1.5x, https:\/\/i0.wp.com\/humm.loverde.fr\/wp-content\/uploads\/2017\/10\/IMG_2687.jpg?resize=700%2C400&ssl=1 2x"},"classes":[]}],"_links":{"self":[{"href":"https:\/\/humm.loverde.fr\/index.php?rest_route=\/wp\/v2\/posts\/2118","targetHints":{"allow":["GET"]}}],"collection":[{"href":"https:\/\/humm.loverde.fr\/index.php?rest_route=\/wp\/v2\/posts"}],"about":[{"href":"https:\/\/humm.loverde.fr\/index.php?rest_route=\/wp\/v2\/types\/post"}],"author":[{"embeddable":true,"href":"https:\/\/humm.loverde.fr\/index.php?rest_route=\/wp\/v2\/users\/1"}],"replies":[{"embeddable":true,"href":"https:\/\/humm.loverde.fr\/index.php?rest_route=%2Fwp%2Fv2%2Fcomments&post=2118"}],"version-history":[{"count":5,"href":"https:\/\/humm.loverde.fr\/index.php?rest_route=\/wp\/v2\/posts\/2118\/revisions"}],"predecessor-version":[{"id":2421,"href":"https:\/\/humm.loverde.fr\/index.php?rest_route=\/wp\/v2\/posts\/2118\/revisions\/2421"}],"wp:featuredmedia":[{"embeddable":true,"href":"https:\/\/humm.loverde.fr\/index.php?rest_route=\/wp\/v2\/media\/2119"}],"wp:attachment":[{"href":"https:\/\/humm.loverde.fr\/index.php?rest_route=%2Fwp%2Fv2%2Fmedia&parent=2118"}],"wp:term":[{"taxonomy":"category","embeddable":true,"href":"https:\/\/humm.loverde.fr\/index.php?rest_route=%2Fwp%2Fv2%2Fcategories&post=2118"},{"taxonomy":"post_tag","embeddable":true,"href":"https:\/\/humm.loverde.fr\/index.php?rest_route=%2Fwp%2Fv2%2Ftags&post=2118"}],"curies":[{"name":"wp","href":"https:\/\/api.w.org\/{rel}","templated":true}]}}