{"id":2781,"date":"2018-05-19T06:27:32","date_gmt":"2018-05-19T05:27:32","guid":{"rendered":"http:\/\/humm.loverde.fr\/?p=2781"},"modified":"2019-08-02T08:25:02","modified_gmt":"2019-08-02T07:25:02","slug":"spaghettis-aux-crevettes-et-a-lail","status":"publish","type":"post","link":"https:\/\/humm.loverde.fr\/?p=2781","title":{"rendered":"Spaghettis aux crevettes et \u00e0 l&rsquo;ail"},"content":{"rendered":"<p><a href=\"https:\/\/i0.wp.com\/humm.loverde.fr\/wp-content\/uploads\/2018\/04\/17769da7cbaeb5fb9981e1da97d0e846.jpeg?ssl=1\" rel=\"attachment wp-att-2782\"><img data-recalc-dims=\"1\" loading=\"lazy\" decoding=\"async\" data-attachment-id=\"2782\" data-permalink=\"https:\/\/humm.loverde.fr\/?attachment_id=2782\" data-orig-file=\"https:\/\/i0.wp.com\/humm.loverde.fr\/wp-content\/uploads\/2018\/04\/17769da7cbaeb5fb9981e1da97d0e846.jpeg?fit=800%2C450&amp;ssl=1\" data-orig-size=\"800,450\" data-comments-opened=\"1\" data-image-meta=\"{&quot;aperture&quot;:&quot;0&quot;,&quot;credit&quot;:&quot;&quot;,&quot;camera&quot;:&quot;&quot;,&quot;caption&quot;:&quot;&quot;,&quot;created_timestamp&quot;:&quot;0&quot;,&quot;copyright&quot;:&quot;&quot;,&quot;focal_length&quot;:&quot;0&quot;,&quot;iso&quot;:&quot;0&quot;,&quot;shutter_speed&quot;:&quot;0&quot;,&quot;title&quot;:&quot;&quot;,&quot;orientation&quot;:&quot;1&quot;}\" data-image-title=\"17769da7cbaeb5fb9981e1da97d0e846\" data-image-description=\"\" data-image-caption=\"\" data-large-file=\"https:\/\/i0.wp.com\/humm.loverde.fr\/wp-content\/uploads\/2018\/04\/17769da7cbaeb5fb9981e1da97d0e846.jpeg?fit=800%2C450&amp;ssl=1\" class=\"alignnone size-full wp-image-2782\" title=\"17769da7cbaeb5fb9981e1da97d0e846-jpeg\" src=\"https:\/\/i0.wp.com\/humm.loverde.fr\/wp-content\/uploads\/2018\/04\/17769da7cbaeb5fb9981e1da97d0e846.jpeg?resize=960%2C9999&#038;ssl=1\" alt=\"\" width=\"960\" height=\"9999\" \/><\/a><\/p>\n<p><strong>INGR\u00c9DIENTS :<\/strong><\/p>\n<ul>\n<li>250 g de spaghettis.<\/li>\n<li>500 g de crevettes moyennes d\u00e9cortiqu\u00e9es.<\/li>\n<li>Du poivre noir fra\u00eechement moulu.<\/li>\n<li>2 cuill\u00e8res \u00e0 soupe d&rsquo;huile d&rsquo;olive<\/li>\n<li>4 gousses d\u2019ail hach\u00e9es.<\/li>\n<li>\u00bd cuill\u00e8re \u00e0 caf\u00e9 d\u2019origan s\u00e9ch\u00e9.<\/li>\n<li>\u00bd cuill\u00e8re \u00e0 caf\u00e9 de curcuma.<\/li>\n<li>1\/2 bouquet de persil frais.<\/li>\n<li>30 g de parmesan.<\/li>\n<\/ul>\n<p><strong>PR\u00c9PARATION :<\/strong><\/p>\n<p><strong>1.<\/strong> Dans une grande casserole d\u2019eau bouillante sal\u00e9e, faites cuire vos spaghettis al dente. \u00c9gouttez-les et garder une partie de l&rsquo;eau de cuisson.<\/p>\n<p><strong>2.<\/strong> Assaisonnez vos crevettes avec du sel et du poivre selon votre go\u00fbt.<\/p>\n<p><strong>3.<\/strong> Dans une grande po\u00eale \u00e0 feu moyen faire cuire l\u2019ail et persil, l\u2019origan et le curcuma.Laissez cuire en remuant r\u00e9guli\u00e8rement pendant 1-2 minutes.<\/p>\n<p><strong>4.<\/strong> Ajoutez les crevettes et continuez \u00e0 faire cuire en remuant de temps en temps jusqu\u2019\u00e0 ce qu\u2019elles prennent une couleur rose.<\/p>\n<p><strong>5.<\/strong> Incorporez les p\u00e2tes. Ajoutez l&rsquo;eau de cuisson des p\u00e2tes pour \u00e9viter que le m\u00e9lange soit trop sec. Feu fort une \u00e0 deux minutes.<\/p>\n<p><strong>6.<\/strong> Server imm\u00e9diatement et parsemer de parmesan.<\/p>\n<table width=\"100%\" cellspacing=\"0\" cellpadding=\"0\">\n<tbody>\n<tr>\n<td>Evernote vous aide \u00e0 vous souvenir de tout et \u00e0 vous organiser sans effort. <a href=\"https:\/\/www.evernote.com\/getit?utm_source=service&amp;utm_medium=email&amp;utm_content=emailNote&amp;email_name=emailNote&amp;email_guid=0105f2ed-3836-4cc3-a763-6fbcad16208c&amp;email_link=download_app\">T\u00e9l\u00e9charger Evernote<\/a>.<\/td>\n<\/tr>\n<\/tbody>\n<\/table>\n","protected":false},"excerpt":{"rendered":"<p>INGR\u00c9DIENTS : 250 g de spaghettis. 500 g de crevettes moyennes d\u00e9cortiqu\u00e9es. Du poivre noir fra\u00eechement moulu. 2 cuill\u00e8res \u00e0 &hellip; <\/p>\n","protected":false},"author":1,"featured_media":2782,"comment_status":"open","ping_status":"closed","sticky":false,"template":"","format":"standard","meta":{"jetpack_post_was_ever_published":false,"_jetpack_newsletter_access":"","_jetpack_dont_email_post_to_subs":false,"_jetpack_newsletter_tier_id":0,"_jetpack_memberships_contains_paywalled_content":false,"_jetpack_memberships_contains_paid_content":false,"footnotes":"","jetpack_publicize_message":"","jetpack_publicize_feature_enabled":true,"jetpack_social_post_already_shared":true,"jetpack_social_options":{"image_generator_settings":{"template":"highway","default_image_id":0,"font":"","enabled":false},"version":2}},"categories":[2],"tags":[348,264,634],"class_list":["post-2781","post","type-post","status-publish","format-standard","has-post-thumbnail","hentry","category-recettes","tag-ail","tag-crevettes","tag-spaghettis"],"jetpack_publicize_connections":[],"jetpack_featured_media_url":"https:\/\/i0.wp.com\/humm.loverde.fr\/wp-content\/uploads\/2018\/04\/17769da7cbaeb5fb9981e1da97d0e846.jpeg?fit=800%2C450&ssl=1","jetpack_sharing_enabled":true,"jetpack_shortlink":"https:\/\/wp.me\/p9whbF-IR","jetpack_likes_enabled":true,"jetpack-related-posts":[{"id":998,"url":"https:\/\/humm.loverde.fr\/?p=998","url_meta":{"origin":2781,"position":0},"title":"Spaghetti aux crevettes","author":"cloverde","date":"8 mars 2016","format":false,"excerpt":"Ingredients Des spaghetti pour 2 personnes. 2 cas de beurre 250 g de petites crevettes roses d\u00e9cortiqu\u00e9es. 2 gousses d'ailleurs \u00e9minc\u00e9es. 1 cuill\u00e8re \u00e0 caf\u00e9 de paprika 60 ml de bouillon de poulet. Le jus d'un citron fra\u00eechement press\u00e9 Pas de sel, il est d\u00e9j\u00e0 dans le bouillon, poivre Zest\u2026","rel":"","context":"Dans &quot;Recettes&quot;","block_context":{"text":"Recettes","link":"https:\/\/humm.loverde.fr\/?cat=2"},"img":{"alt_text":"Spaghetti aux crevettes","src":"https:\/\/i0.wp.com\/humm.loverde.fr\/wp-content\/uploads\/2016\/02\/Spaghetti-aux-crevettes-1-800x450.jpg?resize=350%2C200&ssl=1","width":350,"height":200,"srcset":"https:\/\/i0.wp.com\/humm.loverde.fr\/wp-content\/uploads\/2016\/02\/Spaghetti-aux-crevettes-1-800x450.jpg?resize=350%2C200&ssl=1 1x, https:\/\/i0.wp.com\/humm.loverde.fr\/wp-content\/uploads\/2016\/02\/Spaghetti-aux-crevettes-1-800x450.jpg?resize=525%2C300&ssl=1 1.5x, https:\/\/i0.wp.com\/humm.loverde.fr\/wp-content\/uploads\/2016\/02\/Spaghetti-aux-crevettes-1-800x450.jpg?resize=700%2C400&ssl=1 2x"},"classes":[]},{"id":3223,"url":"https:\/\/humm.loverde.fr\/?p=3223","url_meta":{"origin":2781,"position":1},"title":"Spaghettoni et crevettes en sauce tomate \u00e0 la fondue d&rsquo;aubergines","author":"cloverde","date":"25 septembre 2018","format":false,"excerpt":"Spaghettoni et crevettes en sauce tomate \u00e0 la fondue d'aubergines Recette de Anne-Marie T. qui se reconna\u00eetra, du groupe \"Pour les fans de la cuisine pied-noir \" qui pr\u00e9sente des recettes pas seulement \"de l\u00e0-bas \". Adapt\u00e9e parce que n'ayant pas tous les ingr\u00e9dients un dimanche matin, j'ai \u00e9t\u00e9 oblig\u00e9\u2026","rel":"","context":"Dans &quot;Recettes&quot;","block_context":{"text":"Recettes","link":"https:\/\/humm.loverde.fr\/?cat=2"},"img":{"alt_text":"","src":"https:\/\/i0.wp.com\/humm.loverde.fr\/wp-content\/uploads\/2018\/08\/Attachment-1-2.png?fit=800%2C450&ssl=1&resize=350%2C200","width":350,"height":200,"srcset":"https:\/\/i0.wp.com\/humm.loverde.fr\/wp-content\/uploads\/2018\/08\/Attachment-1-2.png?fit=800%2C450&ssl=1&resize=350%2C200 1x, https:\/\/i0.wp.com\/humm.loverde.fr\/wp-content\/uploads\/2018\/08\/Attachment-1-2.png?fit=800%2C450&ssl=1&resize=525%2C300 1.5x, https:\/\/i0.wp.com\/humm.loverde.fr\/wp-content\/uploads\/2018\/08\/Attachment-1-2.png?fit=800%2C450&ssl=1&resize=700%2C400 2x"},"classes":[]},{"id":1253,"url":"https:\/\/humm.loverde.fr\/?p=1253","url_meta":{"origin":2781,"position":2},"title":"Brochettes de crevettes g\u00e9antes et de noix de St-Jacques marin\u00e9es","author":"cloverde","date":"20 septembre 2016","format":false,"excerpt":"Ingr\u00e9dients Crevettes g\u00e9antes crues et noix de saint-Jacques. 2 citrons vert. 2 gousses d'ail Un petit bouquet de persil hach\u00e9 1\/2 cuill\u00e8re \u00e0 caf\u00e9 de piment de Cayenne (tr\u00e8s facultatif, j'ai remplac\u00e9 par deux cuill\u00e8res \u00e0 caf\u00e9 de paprika) 2 cuill\u00e8res \u00e0 caf\u00e9 de curcuma 3 cuill\u00e8res \u00e0 soupe de\u2026","rel":"","context":"Dans &quot;Recettes&quot;","block_context":{"text":"Recettes","link":"https:\/\/humm.loverde.fr\/?cat=2"},"img":{"alt_text":"Brochettes de crevettes g\u00e9antes et de noix de St-Jacques marin\u00e9es","src":"https:\/\/i0.wp.com\/humm.loverde.fr\/wp-content\/uploads\/2016\/09\/Brochettes-de-crevettes-g%C3%A9antes-et-de-noix-de-St-Jacques-marin%C3%A9es-01.jpg?fit=800%2C450&ssl=1&resize=350%2C200","width":350,"height":200,"srcset":"https:\/\/i0.wp.com\/humm.loverde.fr\/wp-content\/uploads\/2016\/09\/Brochettes-de-crevettes-g%C3%A9antes-et-de-noix-de-St-Jacques-marin%C3%A9es-01.jpg?fit=800%2C450&ssl=1&resize=350%2C200 1x, https:\/\/i0.wp.com\/humm.loverde.fr\/wp-content\/uploads\/2016\/09\/Brochettes-de-crevettes-g%C3%A9antes-et-de-noix-de-St-Jacques-marin%C3%A9es-01.jpg?fit=800%2C450&ssl=1&resize=525%2C300 1.5x, https:\/\/i0.wp.com\/humm.loverde.fr\/wp-content\/uploads\/2016\/09\/Brochettes-de-crevettes-g%C3%A9antes-et-de-noix-de-St-Jacques-marin%C3%A9es-01.jpg?fit=800%2C450&ssl=1&resize=700%2C400 2x"},"classes":[]},{"id":5329,"url":"https:\/\/humm.loverde.fr\/?p=5329","url_meta":{"origin":2781,"position":3},"title":"Linguine \u00e0 la sauce cr\u00e9meuse crevettes parmesan et champignons","author":"cloverde","date":"30 juin 2020","format":false,"excerpt":"Linguine \u00e0 la sauce cr\u00e9meuse crevettes parmesan et champignons C'est la premi\u00e8re fois que j'ach\u00e8te des linguine ! Jusqu'ici je m'en tenais aux spaghetti ou plus gros, mes pr\u00e9f\u00e9r\u00e9s, les spaghetoni (n\u00b07 chez Barilla). Il faut que je fasse un voeux ? Bien s\u00fbr que non, vous le savez bien,\u2026","rel":"","context":"Dans &quot;recette&quot;","block_context":{"text":"recette","link":"https:\/\/humm.loverde.fr\/?cat=1052"},"img":{"alt_text":"","src":"https:\/\/i0.wp.com\/humm.loverde.fr\/wp-content\/uploads\/2020\/06\/attachment-27.png?fit=800%2C450&ssl=1&resize=350%2C200","width":350,"height":200,"srcset":"https:\/\/i0.wp.com\/humm.loverde.fr\/wp-content\/uploads\/2020\/06\/attachment-27.png?fit=800%2C450&ssl=1&resize=350%2C200 1x, https:\/\/i0.wp.com\/humm.loverde.fr\/wp-content\/uploads\/2020\/06\/attachment-27.png?fit=800%2C450&ssl=1&resize=525%2C300 1.5x, https:\/\/i0.wp.com\/humm.loverde.fr\/wp-content\/uploads\/2020\/06\/attachment-27.png?fit=800%2C450&ssl=1&resize=700%2C400 2x"},"classes":[]},{"id":991,"url":"https:\/\/humm.loverde.fr\/?p=991","url_meta":{"origin":2781,"position":4},"title":"Gratin\u00e9 de crevettes et poireau","author":"cloverde","date":"1 mars 2016","format":false,"excerpt":"Recette que j'ai r\u00e9alis\u00e9 d\u00e9j\u00e0 deux fois, avec du soja cuisine la deuxi\u00e8me fois et deux blancs de poireau, elle vient du site\u00a0http:\/\/www.uneplumedanslacuisine.com\/ Une belle entr\u00e9e que l'on peut pr\u00e9parer un peu avant. Ingr\u00e9dients pour 4 portions \u2013 25 crevettes roses moyennes cuites \u2013 1 blanc de poireau \u2013 25\u2026","rel":"","context":"Dans &quot;Recettes&quot;","block_context":{"text":"Recettes","link":"https:\/\/humm.loverde.fr\/?cat=2"},"img":{"alt_text":"","src":"https:\/\/i0.wp.com\/humm.loverde.fr\/wp-content\/uploads\/2016\/03\/IMG_3457.jpg?resize=350%2C200&ssl=1","width":350,"height":200,"srcset":"https:\/\/i0.wp.com\/humm.loverde.fr\/wp-content\/uploads\/2016\/03\/IMG_3457.jpg?resize=350%2C200&ssl=1 1x, https:\/\/i0.wp.com\/humm.loverde.fr\/wp-content\/uploads\/2016\/03\/IMG_3457.jpg?resize=525%2C300&ssl=1 1.5x, https:\/\/i0.wp.com\/humm.loverde.fr\/wp-content\/uploads\/2016\/03\/IMG_3457.jpg?resize=700%2C400&ssl=1 2x"},"classes":[]},{"id":1691,"url":"https:\/\/humm.loverde.fr\/?p=1691","url_meta":{"origin":2781,"position":5},"title":"Crevettes saut\u00e9es ail et curry","author":"cloverde","date":"28 juillet 2017","format":false,"excerpt":"Il n'y a pas toujours une histoire \u00e0 associer \u00e0 une recette. L\u00e0 j'ai simplement 250 g de crevette d\u00e9cortiqu\u00e9es \u00e0 pr\u00e9parer. Elles sont sauvages mais c'est la premi\u00e8re fois que j'ach\u00e8te cette marque alors m\u00e9fiance, je vais opter pour une sauce ou une marinade bien relev\u00e9e sans \u00eatre piquante\u2026","rel":"","context":"Dans &quot;Recettes&quot;","block_context":{"text":"Recettes","link":"https:\/\/humm.loverde.fr\/?cat=2"},"img":{"alt_text":"","src":"https:\/\/i0.wp.com\/humm.loverde.fr\/wp-content\/uploads\/2017\/07\/IMG_3453.jpg?resize=350%2C200&ssl=1","width":350,"height":200,"srcset":"https:\/\/i0.wp.com\/humm.loverde.fr\/wp-content\/uploads\/2017\/07\/IMG_3453.jpg?resize=350%2C200&ssl=1 1x, https:\/\/i0.wp.com\/humm.loverde.fr\/wp-content\/uploads\/2017\/07\/IMG_3453.jpg?resize=525%2C300&ssl=1 1.5x, https:\/\/i0.wp.com\/humm.loverde.fr\/wp-content\/uploads\/2017\/07\/IMG_3453.jpg?resize=700%2C400&ssl=1 2x"},"classes":[]}],"_links":{"self":[{"href":"https:\/\/humm.loverde.fr\/index.php?rest_route=\/wp\/v2\/posts\/2781","targetHints":{"allow":["GET"]}}],"collection":[{"href":"https:\/\/humm.loverde.fr\/index.php?rest_route=\/wp\/v2\/posts"}],"about":[{"href":"https:\/\/humm.loverde.fr\/index.php?rest_route=\/wp\/v2\/types\/post"}],"author":[{"embeddable":true,"href":"https:\/\/humm.loverde.fr\/index.php?rest_route=\/wp\/v2\/users\/1"}],"replies":[{"embeddable":true,"href":"https:\/\/humm.loverde.fr\/index.php?rest_route=%2Fwp%2Fv2%2Fcomments&post=2781"}],"version-history":[{"count":2,"href":"https:\/\/humm.loverde.fr\/index.php?rest_route=\/wp\/v2\/posts\/2781\/revisions"}],"predecessor-version":[{"id":2784,"href":"https:\/\/humm.loverde.fr\/index.php?rest_route=\/wp\/v2\/posts\/2781\/revisions\/2784"}],"wp:featuredmedia":[{"embeddable":true,"href":"https:\/\/humm.loverde.fr\/index.php?rest_route=\/wp\/v2\/media\/2782"}],"wp:attachment":[{"href":"https:\/\/humm.loverde.fr\/index.php?rest_route=%2Fwp%2Fv2%2Fmedia&parent=2781"}],"wp:term":[{"taxonomy":"category","embeddable":true,"href":"https:\/\/humm.loverde.fr\/index.php?rest_route=%2Fwp%2Fv2%2Fcategories&post=2781"},{"taxonomy":"post_tag","embeddable":true,"href":"https:\/\/humm.loverde.fr\/index.php?rest_route=%2Fwp%2Fv2%2Ftags&post=2781"}],"curies":[{"name":"wp","href":"https:\/\/api.w.org\/{rel}","templated":true}]}}