{"id":2908,"date":"2018-04-26T06:37:21","date_gmt":"2018-04-26T05:37:21","guid":{"rendered":"http:\/\/humm.loverde.fr\/?p=2908"},"modified":"2019-08-02T08:25:55","modified_gmt":"2019-08-02T07:25:55","slug":"feuilletes-aux-saint-jacques","status":"publish","type":"post","link":"https:\/\/humm.loverde.fr\/?p=2908","title":{"rendered":"Feuillet\u00e9s aux Saint-Jacques"},"content":{"rendered":"<p><strong><a href=\"https:\/\/i0.wp.com\/humm.loverde.fr\/wp-content\/uploads\/2018\/04\/58e98a62449c76e5132e51838f211b1a.jpeg?ssl=1\" rel=\"attachment wp-att-2912\"><img data-recalc-dims=\"1\" loading=\"lazy\" decoding=\"async\" data-attachment-id=\"2912\" data-permalink=\"https:\/\/humm.loverde.fr\/?attachment_id=2912\" data-orig-file=\"https:\/\/i0.wp.com\/humm.loverde.fr\/wp-content\/uploads\/2018\/04\/58e98a62449c76e5132e51838f211b1a.jpeg?fit=800%2C450&amp;ssl=1\" data-orig-size=\"800,450\" data-comments-opened=\"1\" data-image-meta=\"{&quot;aperture&quot;:&quot;0&quot;,&quot;credit&quot;:&quot;&quot;,&quot;camera&quot;:&quot;&quot;,&quot;caption&quot;:&quot;&quot;,&quot;created_timestamp&quot;:&quot;0&quot;,&quot;copyright&quot;:&quot;&quot;,&quot;focal_length&quot;:&quot;0&quot;,&quot;iso&quot;:&quot;0&quot;,&quot;shutter_speed&quot;:&quot;0&quot;,&quot;title&quot;:&quot;&quot;,&quot;orientation&quot;:&quot;1&quot;}\" data-image-title=\"58e98a62449c76e5132e51838f211b1a\" data-image-description=\"\" data-image-caption=\"\" data-large-file=\"https:\/\/i0.wp.com\/humm.loverde.fr\/wp-content\/uploads\/2018\/04\/58e98a62449c76e5132e51838f211b1a.jpeg?fit=800%2C450&amp;ssl=1\" class=\"alignnone size-full wp-image-2912\" title=\"58e98a62449c76e5132e51838f211b1a-jpeg\" src=\"https:\/\/i0.wp.com\/humm.loverde.fr\/wp-content\/uploads\/2018\/04\/58e98a62449c76e5132e51838f211b1a.jpeg?resize=960%2C9999&#038;ssl=1\" alt=\"\" width=\"960\" height=\"9999\" \/><\/a><br \/>\n<\/strong><\/p>\n<p><strong>Ingr\u00e9dients<\/strong><\/p>\n<ul>\n<li>3 noix de Saint-Jacques par feuillet\u00e9<\/li>\n<li>2 blancs de poireaux<\/li>\n<li>2 rouleaux de p\u00e2te feuillet\u00e9e<\/li>\n<li>4 tranches fines de lard<\/li>\n<li>20 cl de cr\u00e8me fra\u00eeche<\/li>\n<li>1 jaune d&rsquo;oeuf<\/li>\n<li>sel et poivre<\/li>\n<li>Quelques brins de ciboulette<\/li>\n<\/ul>\n<p><a href=\"https:\/\/i0.wp.com\/humm.loverde.fr\/wp-content\/uploads\/2018\/04\/961d0262183f6d51a662f3de173f2ca8.jpeg?ssl=1\" rel=\"attachment wp-att-2910\"><img data-recalc-dims=\"1\" loading=\"lazy\" decoding=\"async\" data-attachment-id=\"2910\" data-permalink=\"https:\/\/humm.loverde.fr\/?attachment_id=2910\" data-orig-file=\"https:\/\/i0.wp.com\/humm.loverde.fr\/wp-content\/uploads\/2018\/04\/961d0262183f6d51a662f3de173f2ca8.jpeg?fit=800%2C450&amp;ssl=1\" data-orig-size=\"800,450\" data-comments-opened=\"1\" data-image-meta=\"{&quot;aperture&quot;:&quot;0&quot;,&quot;credit&quot;:&quot;&quot;,&quot;camera&quot;:&quot;&quot;,&quot;caption&quot;:&quot;&quot;,&quot;created_timestamp&quot;:&quot;0&quot;,&quot;copyright&quot;:&quot;&quot;,&quot;focal_length&quot;:&quot;0&quot;,&quot;iso&quot;:&quot;0&quot;,&quot;shutter_speed&quot;:&quot;0&quot;,&quot;title&quot;:&quot;&quot;,&quot;orientation&quot;:&quot;1&quot;}\" data-image-title=\"961d0262183f6d51a662f3de173f2ca8\" data-image-description=\"\" data-image-caption=\"\" data-large-file=\"https:\/\/i0.wp.com\/humm.loverde.fr\/wp-content\/uploads\/2018\/04\/961d0262183f6d51a662f3de173f2ca8.jpeg?fit=800%2C450&amp;ssl=1\" class=\"alignnone size-full wp-image-2910\" title=\"961d0262183f6d51a662f3de173f2ca8-jpeg\" src=\"https:\/\/i0.wp.com\/humm.loverde.fr\/wp-content\/uploads\/2018\/04\/961d0262183f6d51a662f3de173f2ca8.jpeg?resize=960%2C9999&#038;ssl=1\" alt=\"\" width=\"960\" height=\"9999\" \/><\/a><\/p>\n<p><strong>Pr\u00e9paration<\/strong><br \/>\nEtaler la p\u00e2te feuillet\u00e9e. Se munir de 2 emporte-pi\u00e8ces ronds de diam\u00e8tres diff\u00e9rents. Tailler 2 ronds de m\u00eame diam\u00e8tre puis retailler l&rsquo;un des 2 avec l&#8217;emporte-pi\u00e8ce plus petit.<\/p>\n<p>Badigeonner le rond plein avec le jaune d&rsquo;oeuf battu avec un peu d&rsquo;eau puis d\u00e9poser le rond \u00e9vid\u00e9 dessus, bien ajuster les bords. Badigeonner de jaune d&rsquo;oeuf le cercle sup\u00e9rieur. Mettre \u00e0 cuire au four une vingtaine de minutes \u00e0 180\u00b0. Quand les feuillet\u00e9s sont cuits, d\u00e9couper le dessus du rond central qui a gonfl\u00e9 et le retirer. Reserver.<\/p>\n<p><a href=\"https:\/\/i0.wp.com\/humm.loverde.fr\/wp-content\/uploads\/2018\/04\/be4eab78f2874318fa5ea66525e62ce2.jpeg?ssl=1\" rel=\"attachment wp-att-2911\"><img data-recalc-dims=\"1\" loading=\"lazy\" decoding=\"async\" data-attachment-id=\"2911\" data-permalink=\"https:\/\/humm.loverde.fr\/?attachment_id=2911\" data-orig-file=\"https:\/\/i0.wp.com\/humm.loverde.fr\/wp-content\/uploads\/2018\/04\/be4eab78f2874318fa5ea66525e62ce2.jpeg?fit=800%2C450&amp;ssl=1\" data-orig-size=\"800,450\" data-comments-opened=\"1\" data-image-meta=\"{&quot;aperture&quot;:&quot;0&quot;,&quot;credit&quot;:&quot;&quot;,&quot;camera&quot;:&quot;&quot;,&quot;caption&quot;:&quot;&quot;,&quot;created_timestamp&quot;:&quot;0&quot;,&quot;copyright&quot;:&quot;&quot;,&quot;focal_length&quot;:&quot;0&quot;,&quot;iso&quot;:&quot;0&quot;,&quot;shutter_speed&quot;:&quot;0&quot;,&quot;title&quot;:&quot;&quot;,&quot;orientation&quot;:&quot;1&quot;}\" data-image-title=\"be4eab78f2874318fa5ea66525e62ce2\" data-image-description=\"\" data-image-caption=\"\" data-large-file=\"https:\/\/i0.wp.com\/humm.loverde.fr\/wp-content\/uploads\/2018\/04\/be4eab78f2874318fa5ea66525e62ce2.jpeg?fit=800%2C450&amp;ssl=1\" class=\"alignnone size-full wp-image-2911\" title=\"be4eab78f2874318fa5ea66525e62ce2-jpeg\" src=\"https:\/\/i0.wp.com\/humm.loverde.fr\/wp-content\/uploads\/2018\/04\/be4eab78f2874318fa5ea66525e62ce2.jpeg?resize=960%2C9999&#038;ssl=1\" alt=\"\" width=\"960\" height=\"9999\" \/><\/a><\/p>\n<p>Disposer le lard ou la pancetta sur du papier sulfuris\u00e9 et les faire s\u00e8cher au four micro-onde 4 minutes environ,jusqu&rsquo;\u00e0 ce qu&rsquo;ils soient bien croustillants.<br \/>\nEmincer les blancs de poireaux et les faire revenir \u00e0 la po\u00eble dans de l&rsquo;huile. Lorsqu&rsquo;ils sont tendres, ajouter la cr\u00e8me fraiche puis reserver au chaud.<\/p>\n<p>Faire cuire doucement les noix de saint jacques dans une po\u00eale avec un m\u00e9lange huile et beurre afin de les dorer mais il ne faut pas trop les cuire, 4 minutes sur chaque face sont suffisantes. Saler, poivrer.<\/p>\n<p><a href=\"https:\/\/i0.wp.com\/humm.loverde.fr\/wp-content\/uploads\/2018\/04\/2ea048dbc84b77fa41a5d40e40aea90b.jpeg?ssl=1\" rel=\"attachment wp-att-2909\"><img data-recalc-dims=\"1\" loading=\"lazy\" decoding=\"async\" data-attachment-id=\"2909\" data-permalink=\"https:\/\/humm.loverde.fr\/?attachment_id=2909\" data-orig-file=\"https:\/\/i0.wp.com\/humm.loverde.fr\/wp-content\/uploads\/2018\/04\/2ea048dbc84b77fa41a5d40e40aea90b.jpeg?fit=800%2C450&amp;ssl=1\" data-orig-size=\"800,450\" data-comments-opened=\"1\" data-image-meta=\"{&quot;aperture&quot;:&quot;0&quot;,&quot;credit&quot;:&quot;&quot;,&quot;camera&quot;:&quot;&quot;,&quot;caption&quot;:&quot;&quot;,&quot;created_timestamp&quot;:&quot;0&quot;,&quot;copyright&quot;:&quot;&quot;,&quot;focal_length&quot;:&quot;0&quot;,&quot;iso&quot;:&quot;0&quot;,&quot;shutter_speed&quot;:&quot;0&quot;,&quot;title&quot;:&quot;&quot;,&quot;orientation&quot;:&quot;1&quot;}\" data-image-title=\"2ea048dbc84b77fa41a5d40e40aea90b\" data-image-description=\"\" data-image-caption=\"\" data-large-file=\"https:\/\/i0.wp.com\/humm.loverde.fr\/wp-content\/uploads\/2018\/04\/2ea048dbc84b77fa41a5d40e40aea90b.jpeg?fit=800%2C450&amp;ssl=1\" class=\"alignnone size-full wp-image-2909\" title=\"2ea048dbc84b77fa41a5d40e40aea90b-jpeg\" src=\"https:\/\/i0.wp.com\/humm.loverde.fr\/wp-content\/uploads\/2018\/04\/2ea048dbc84b77fa41a5d40e40aea90b.jpeg?resize=960%2C9999&#038;ssl=1\" alt=\"\" width=\"960\" height=\"9999\" \/><\/a><\/p>\n<p>Dresser les coques : au fond de chaque fond en p\u00e2te feuillet\u00e9e, mettre un peu de fondue de poireaux puis 4 ou 5 noix de saint jacques, remettre de la fondue, placer le lard croustillant dessus puis r\u00e9partir les noix restantes (1 ou 2). D\u00e9corer avec le brin de ciboulette.<\/p>\n<p>Source:\u00a0<a href=\"http:\/\/cuisine.journaldesfemmes.fr\/recette\/305638-feuillete-de-saint-jacques-aux-poireaux\" target=\"_blank\" rel=\"noopener noreferrer\">http:\/\/cuisine.journaldesfemmes.fr\/recette\/305638-feuillete-de-saint-jacques-aux-poireaux\u00a0<\/a><\/p>\n<table width=\"100%\" cellspacing=\"0\" cellpadding=\"0\">\n<tbody>\n<tr>\n<td>Evernote vous aide \u00e0 vous souvenir de tout et \u00e0 vous organiser sans effort. <a href=\"https:\/\/www.evernote.com\/getit?utm_source=service&amp;utm_medium=email&amp;utm_content=emailNote&amp;email_name=emailNote&amp;email_guid=5cf9a132-017c-41b7-948d-cb1ae1e9fe52&amp;email_link=download_app\">T\u00e9l\u00e9charger Evernote<\/a>.<\/td>\n<\/tr>\n<\/tbody>\n<\/table>\n","protected":false},"excerpt":{"rendered":"<p>Ingr\u00e9dients 3 noix de Saint-Jacques par feuillet\u00e9 2 blancs de poireaux 2 rouleaux de p\u00e2te feuillet\u00e9e 4 tranches fines de &hellip; <\/p>\n","protected":false},"author":1,"featured_media":2912,"comment_status":"open","ping_status":"closed","sticky":false,"template":"","format":"standard","meta":{"jetpack_post_was_ever_published":false,"_jetpack_newsletter_access":"","_jetpack_dont_email_post_to_subs":false,"_jetpack_newsletter_tier_id":0,"_jetpack_memberships_contains_paywalled_content":false,"_jetpack_memberships_contains_paid_content":false,"footnotes":"","jetpack_publicize_message":"","jetpack_publicize_feature_enabled":true,"jetpack_social_post_already_shared":true,"jetpack_social_options":{"image_generator_settings":{"template":"highway","default_image_id":0,"font":"","enabled":false},"version":2}},"categories":[2],"tags":[604,650,339],"class_list":["post-2908","post","type-post","status-publish","format-standard","has-post-thumbnail","hentry","category-recettes","tag-feuillete","tag-poireau","tag-saint-jacques"],"jetpack_publicize_connections":[],"jetpack_featured_media_url":"https:\/\/i0.wp.com\/humm.loverde.fr\/wp-content\/uploads\/2018\/04\/58e98a62449c76e5132e51838f211b1a.jpeg?fit=800%2C450&ssl=1","jetpack_sharing_enabled":true,"jetpack_shortlink":"https:\/\/wp.me\/p9whbF-KU","jetpack_likes_enabled":true,"jetpack-related-posts":[{"id":958,"url":"https:\/\/humm.loverde.fr\/?p=958","url_meta":{"origin":2908,"position":0},"title":"Brochettes Crevettes &#8211; Saint-Jacques","author":"cloverde","date":"2 f\u00e9vrier 2016","format":false,"excerpt":"Une entr\u00e9e un peu \u00e9labor\u00e9e pour un repas sp\u00e9cial! Tir\u00e9e de Marmiton. \u00a0 Ingr\u00e9dients (pour 4 personnes) : 8 noix de Saint-Jacques (cela d\u00e9pend du nombre de personne et du nombre de brochettes) 16 tranches fines de bacon 150 g de crevettes sauvages d\u00e9cortiqu\u00e9es et d\u00e9vein\u00e9es 1\/2 bouquet de persil\u2026","rel":"","context":"Dans &quot;Recettes&quot;","block_context":{"text":"Recettes","link":"https:\/\/humm.loverde.fr\/?cat=2"},"img":{"alt_text":"brochettes crevettes saint-jacques","src":"https:\/\/i0.wp.com\/humm.loverde.fr\/wp-content\/uploads\/2016\/01\/brochettes-crevettes-saint-jacques-5.jpg?resize=350%2C200&ssl=1","width":350,"height":200},"classes":[]},{"id":5357,"url":"https:\/\/humm.loverde.fr\/?p=5357","url_meta":{"origin":2908,"position":1},"title":"Po\u00eal\u00e9e de Saint-Jacques, crevettes aux \u00e9pices","author":"cloverde","date":"9 juin 2020","format":false,"excerpt":"Po\u00eal\u00e9e de Saint-Jacques, crevettes aux \u00e9pices Pas grand chose \u00e0 dire \u00e0 propos de cette recette, peut-\u00eatre que je ne cuisine pas tr\u00e8s souvent les Saint-Jacques. Je ne suis pas \u00e0 l'aise avec cette mati\u00e8re premi\u00e8re. J'ai tout essay\u00e9 fra\u00eeches, congel\u00e9es avec ou sans le truc orange (le corail...), po\u00eale\u2026","rel":"","context":"Dans &quot;recette&quot;","block_context":{"text":"recette","link":"https:\/\/humm.loverde.fr\/?cat=1052"},"img":{"alt_text":"","src":"https:\/\/i0.wp.com\/humm.loverde.fr\/wp-content\/uploads\/2020\/06\/attachment-32.png?fit=800%2C450&ssl=1&resize=350%2C200","width":350,"height":200,"srcset":"https:\/\/i0.wp.com\/humm.loverde.fr\/wp-content\/uploads\/2020\/06\/attachment-32.png?fit=800%2C450&ssl=1&resize=350%2C200 1x, https:\/\/i0.wp.com\/humm.loverde.fr\/wp-content\/uploads\/2020\/06\/attachment-32.png?fit=800%2C450&ssl=1&resize=525%2C300 1.5x, https:\/\/i0.wp.com\/humm.loverde.fr\/wp-content\/uploads\/2020\/06\/attachment-32.png?fit=800%2C450&ssl=1&resize=700%2C400 2x"},"classes":[]},{"id":1253,"url":"https:\/\/humm.loverde.fr\/?p=1253","url_meta":{"origin":2908,"position":2},"title":"Brochettes de crevettes g\u00e9antes et de noix de St-Jacques marin\u00e9es","author":"cloverde","date":"20 septembre 2016","format":false,"excerpt":"Ingr\u00e9dients Crevettes g\u00e9antes crues et noix de saint-Jacques. 2 citrons vert. 2 gousses d'ail Un petit bouquet de persil hach\u00e9 1\/2 cuill\u00e8re \u00e0 caf\u00e9 de piment de Cayenne (tr\u00e8s facultatif, j'ai remplac\u00e9 par deux cuill\u00e8res \u00e0 caf\u00e9 de paprika) 2 cuill\u00e8res \u00e0 caf\u00e9 de curcuma 3 cuill\u00e8res \u00e0 soupe de\u2026","rel":"","context":"Dans &quot;Recettes&quot;","block_context":{"text":"Recettes","link":"https:\/\/humm.loverde.fr\/?cat=2"},"img":{"alt_text":"Brochettes de crevettes g\u00e9antes et de noix de St-Jacques marin\u00e9es","src":"https:\/\/i0.wp.com\/humm.loverde.fr\/wp-content\/uploads\/2016\/09\/Brochettes-de-crevettes-g%C3%A9antes-et-de-noix-de-St-Jacques-marin%C3%A9es-01.jpg?fit=800%2C450&ssl=1&resize=350%2C200","width":350,"height":200,"srcset":"https:\/\/i0.wp.com\/humm.loverde.fr\/wp-content\/uploads\/2016\/09\/Brochettes-de-crevettes-g%C3%A9antes-et-de-noix-de-St-Jacques-marin%C3%A9es-01.jpg?fit=800%2C450&ssl=1&resize=350%2C200 1x, https:\/\/i0.wp.com\/humm.loverde.fr\/wp-content\/uploads\/2016\/09\/Brochettes-de-crevettes-g%C3%A9antes-et-de-noix-de-St-Jacques-marin%C3%A9es-01.jpg?fit=800%2C450&ssl=1&resize=525%2C300 1.5x, https:\/\/i0.wp.com\/humm.loverde.fr\/wp-content\/uploads\/2016\/09\/Brochettes-de-crevettes-g%C3%A9antes-et-de-noix-de-St-Jacques-marin%C3%A9es-01.jpg?fit=800%2C450&ssl=1&resize=700%2C400 2x"},"classes":[]},{"id":556,"url":"https:\/\/humm.loverde.fr\/?p=556","url_meta":{"origin":2908,"position":3},"title":"Friands au jambon et fromage","author":"cloverde","date":"9 juin 2015","format":false,"excerpt":"Friands jambon et fromage Ingr\u00e9dients 1carr\u00e9 feuillet\u00e9 par personne 1\/2 tranche de jambon par feuillet\u00e9 Comt\u00e9 r\u00e2p\u00e9 1 cuill\u00e8re \u00e0 soupe de\u00a0cr\u00e8me\u00a0fra\u00eeche par feuillet\u00e9 1 jaune d\u2019\u0153uf poivre Pr\u00e9paration Sur la moiti\u00e9 d\u2019un carr\u00e9 feuillet\u00e9, d\u00e9poser une demi tranche de jambon, parsemer avec du comt\u00e9, et ajouter une cuill\u00e8re \u00e0\u2026","rel":"","context":"Dans &quot;Recettes&quot;","block_context":{"text":"Recettes","link":"https:\/\/humm.loverde.fr\/?cat=2"},"img":{"alt_text":"friands au jambon et fromage 1","src":"https:\/\/i0.wp.com\/humm.loverde.fr\/wp-content\/uploads\/2015\/05\/friands-au-jambon-et-fromage-1-800x450.jpg?resize=350%2C200&ssl=1","width":350,"height":200,"srcset":"https:\/\/i0.wp.com\/humm.loverde.fr\/wp-content\/uploads\/2015\/05\/friands-au-jambon-et-fromage-1-800x450.jpg?resize=350%2C200&ssl=1 1x, https:\/\/i0.wp.com\/humm.loverde.fr\/wp-content\/uploads\/2015\/05\/friands-au-jambon-et-fromage-1-800x450.jpg?resize=525%2C300&ssl=1 1.5x, https:\/\/i0.wp.com\/humm.loverde.fr\/wp-content\/uploads\/2015\/05\/friands-au-jambon-et-fromage-1-800x450.jpg?resize=700%2C400&ssl=1 2x"},"classes":[]},{"id":3158,"url":"https:\/\/humm.loverde.fr\/?p=3158","url_meta":{"origin":2908,"position":4},"title":"Feuillet\u00e9 de saumon bacon","author":"cloverde","date":"7 ao\u00fbt 2018","format":false,"excerpt":"Feuillet\u00e9 de saumon bacon Super rapide et excellente entr\u00e9e pouvant devenir un plat du soir. En r\u00e9alit\u00e9 j'ai utilis\u00e9 de la truite fum\u00e9e. Il suffit d'avoir un four et pas grand chose d'autre... ah! oui achetez ce qu'il faut. Ingr\u00e9dients \u2022 un peu moins de 4 tranches de truite fum\u00e9e,\u2026","rel":"","context":"Dans &quot;Recettes&quot;","block_context":{"text":"Recettes","link":"https:\/\/humm.loverde.fr\/?cat=2"},"img":{"alt_text":"","src":"https:\/\/i0.wp.com\/humm.loverde.fr\/wp-content\/uploads\/2018\/07\/Attachment-1-5.png?fit=800%2C450&ssl=1&resize=350%2C200","width":350,"height":200,"srcset":"https:\/\/i0.wp.com\/humm.loverde.fr\/wp-content\/uploads\/2018\/07\/Attachment-1-5.png?fit=800%2C450&ssl=1&resize=350%2C200 1x, https:\/\/i0.wp.com\/humm.loverde.fr\/wp-content\/uploads\/2018\/07\/Attachment-1-5.png?fit=800%2C450&ssl=1&resize=525%2C300 1.5x, https:\/\/i0.wp.com\/humm.loverde.fr\/wp-content\/uploads\/2018\/07\/Attachment-1-5.png?fit=800%2C450&ssl=1&resize=700%2C400 2x"},"classes":[]},{"id":1949,"url":"https:\/\/humm.loverde.fr\/?p=1949","url_meta":{"origin":2908,"position":5},"title":"Aperitif feuillet\u00e9","author":"cloverde","date":"2 d\u00e9cembre 2017","format":false,"excerpt":"La photo raconte tout, les ingr\u00e9dients (presque) et la pr\u00e9paration. Ce qu'on ne devine pas, m\u00eame en observant bien: sur les fleurs un peu de cont\u00e9 r\u00e2p\u00e9 et deux couches de p\u00e2te feuillet\u00e9e, dans les \u00e9toiles de la truite fum\u00e9e et pour les torsades c'est des tomates confites. Four 180\u00b0C\u2026","rel":"","context":"Dans &quot;Recettes&quot;","block_context":{"text":"Recettes","link":"https:\/\/humm.loverde.fr\/?cat=2"},"img":{"alt_text":"","src":"https:\/\/i0.wp.com\/humm.loverde.fr\/wp-content\/uploads\/2017\/11\/IMG_2772.jpg?resize=350%2C200&ssl=1","width":350,"height":200,"srcset":"https:\/\/i0.wp.com\/humm.loverde.fr\/wp-content\/uploads\/2017\/11\/IMG_2772.jpg?resize=350%2C200&ssl=1 1x, https:\/\/i0.wp.com\/humm.loverde.fr\/wp-content\/uploads\/2017\/11\/IMG_2772.jpg?resize=525%2C300&ssl=1 1.5x, https:\/\/i0.wp.com\/humm.loverde.fr\/wp-content\/uploads\/2017\/11\/IMG_2772.jpg?resize=700%2C400&ssl=1 2x"},"classes":[]}],"_links":{"self":[{"href":"https:\/\/humm.loverde.fr\/index.php?rest_route=\/wp\/v2\/posts\/2908","targetHints":{"allow":["GET"]}}],"collection":[{"href":"https:\/\/humm.loverde.fr\/index.php?rest_route=\/wp\/v2\/posts"}],"about":[{"href":"https:\/\/humm.loverde.fr\/index.php?rest_route=\/wp\/v2\/types\/post"}],"author":[{"embeddable":true,"href":"https:\/\/humm.loverde.fr\/index.php?rest_route=\/wp\/v2\/users\/1"}],"replies":[{"embeddable":true,"href":"https:\/\/humm.loverde.fr\/index.php?rest_route=%2Fwp%2Fv2%2Fcomments&post=2908"}],"version-history":[{"count":5,"href":"https:\/\/humm.loverde.fr\/index.php?rest_route=\/wp\/v2\/posts\/2908\/revisions"}],"predecessor-version":[{"id":4066,"href":"https:\/\/humm.loverde.fr\/index.php?rest_route=\/wp\/v2\/posts\/2908\/revisions\/4066"}],"wp:featuredmedia":[{"embeddable":true,"href":"https:\/\/humm.loverde.fr\/index.php?rest_route=\/wp\/v2\/media\/2912"}],"wp:attachment":[{"href":"https:\/\/humm.loverde.fr\/index.php?rest_route=%2Fwp%2Fv2%2Fmedia&parent=2908"}],"wp:term":[{"taxonomy":"category","embeddable":true,"href":"https:\/\/humm.loverde.fr\/index.php?rest_route=%2Fwp%2Fv2%2Fcategories&post=2908"},{"taxonomy":"post_tag","embeddable":true,"href":"https:\/\/humm.loverde.fr\/index.php?rest_route=%2Fwp%2Fv2%2Ftags&post=2908"}],"curies":[{"name":"wp","href":"https:\/\/api.w.org\/{rel}","templated":true}]}}