{"id":2923,"date":"2018-06-19T06:51:56","date_gmt":"2018-06-19T05:51:56","guid":{"rendered":"http:\/\/humm.loverde.fr\/?p=2923"},"modified":"2019-08-02T08:23:34","modified_gmt":"2019-08-02T07:23:34","slug":"madeleines-de-commercy","status":"publish","type":"post","link":"https:\/\/humm.loverde.fr\/?p=2923","title":{"rendered":"Madeleines de Commercy"},"content":{"rendered":"<p>Madeleines de Commercy<\/p>\n<p>Il y avait longtemps que ma moiti\u00e9 n&rsquo;en avait pas fait. La recette est toujours la m\u00eame mais le r\u00e9sultat est rarement identique, allez savoir pourquoi !<br \/>\nLes moules en ferraille sont \u00e0 la poubelle depuis belle lurette mais ceux qui restent en T\u00e9flon mou sont tellement vieux qu&rsquo;ils collent plus ou moins m\u00eame avec du beurre et de la farine.<br \/>\nDonc ils ne vont pas tarder de trouver le chemin de la poubelle!<br \/>\nEn attendant il a fallu trouver quelques madeleines pr\u00e9sentables pour la photo. Finalement il y en avait plus que ce que j&rsquo;imaginais.<\/p>\n<p><img data-recalc-dims=\"1\" loading=\"lazy\" decoding=\"async\" data-attachment-id=\"2924\" data-permalink=\"https:\/\/humm.loverde.fr\/?attachment_id=2924\" data-orig-file=\"https:\/\/i0.wp.com\/humm.loverde.fr\/wp-content\/uploads\/2018\/04\/Attachment-1-4.png?fit=800%2C450&amp;ssl=1\" data-orig-size=\"800,450\" data-comments-opened=\"1\" data-image-meta=\"{&quot;aperture&quot;:&quot;0&quot;,&quot;credit&quot;:&quot;&quot;,&quot;camera&quot;:&quot;&quot;,&quot;caption&quot;:&quot;&quot;,&quot;created_timestamp&quot;:&quot;0&quot;,&quot;copyright&quot;:&quot;&quot;,&quot;focal_length&quot;:&quot;0&quot;,&quot;iso&quot;:&quot;0&quot;,&quot;shutter_speed&quot;:&quot;0&quot;,&quot;title&quot;:&quot;&quot;,&quot;orientation&quot;:&quot;0&quot;}\" data-image-title=\"Attachment-1\" data-image-description=\"\" data-image-caption=\"\" data-large-file=\"https:\/\/i0.wp.com\/humm.loverde.fr\/wp-content\/uploads\/2018\/04\/Attachment-1-4.png?fit=800%2C450&amp;ssl=1\" class=\"aligncenter size-full wp-image-2924\" src=\"https:\/\/i0.wp.com\/humm.loverde.fr\/wp-content\/uploads\/2018\/04\/Attachment-1-4.png?resize=800%2C450&#038;ssl=1\" alt=\"\" width=\"800\" height=\"450\" srcset=\"https:\/\/i0.wp.com\/humm.loverde.fr\/wp-content\/uploads\/2018\/04\/Attachment-1-4.png?w=800&amp;ssl=1 800w, https:\/\/i0.wp.com\/humm.loverde.fr\/wp-content\/uploads\/2018\/04\/Attachment-1-4.png?resize=595%2C335&amp;ssl=1 595w, https:\/\/i0.wp.com\/humm.loverde.fr\/wp-content\/uploads\/2018\/04\/Attachment-1-4.png?resize=768%2C432&amp;ssl=1 768w\" sizes=\"auto, (max-width: 800px) 100vw, 800px\" \/><\/p>\n<p>Ingr\u00e9dients<br \/>\n* 3 oeufs;<br \/>\n* 220 g de sucre;<br \/>\n* 220 g de farine;<br \/>\n* 1 cuil. \u00e0 c. de levure chimique;<br \/>\n*175 g de beurre;<br \/>\n* 1 citron, sel.<\/p>\n<p>Pr\u00e9paration<br \/>\nTravaillez les oeufs entiers avec<br \/>\nCuisson: 15 min par fourn\u00e9e le sucre, une pinc\u00e9e de sel et la<br \/>\nPour 20 pl\u00e8ces environ levure, ajoutez peu \u00e0 peu lebeurre fondu et lafarine tamis\u00e9e en alternant. Ajoutez un peu de jus de citron.<br \/>\nPr\u00e9chauffez le four th. 6 (180 \u00b0C).<br \/>\nBeurrez et farinez les moules \u00e0 madeleine, r\u00e9partissez la p\u00e2te, faites cuire<br \/>\nenviron 15 min, pour qu&rsquo;elle soient gonfl\u00e9es et dor\u00e9es.<br \/>\nPr\u00e9paration: 10 min<\/p>\n<div data-carousel-extra='{&quot;blog_id&quot;:1,&quot;permalink&quot;:&quot;https:\/\/humm.loverde.fr\/?p=2923&quot;}' id='gallery-1' class='gallery galleryid-2923 gallery-columns-3 gallery-size-thumbnail'><figure class='gallery-item'>\n\t\t\t<div class='gallery-icon landscape'>\n\t\t\t\t<a href='https:\/\/humm.loverde.fr\/?attachment_id=2924'><img loading=\"lazy\" decoding=\"async\" width=\"480\" height=\"450\" src=\"https:\/\/i0.wp.com\/humm.loverde.fr\/wp-content\/uploads\/2018\/04\/Attachment-1-4.png?resize=480%2C450&amp;ssl=1\" class=\"attachment-thumbnail size-thumbnail\" alt=\"\" data-attachment-id=\"2924\" data-permalink=\"https:\/\/humm.loverde.fr\/?attachment_id=2924\" data-orig-file=\"https:\/\/i0.wp.com\/humm.loverde.fr\/wp-content\/uploads\/2018\/04\/Attachment-1-4.png?fit=800%2C450&amp;ssl=1\" data-orig-size=\"800,450\" data-comments-opened=\"1\" data-image-meta=\"{&quot;aperture&quot;:&quot;0&quot;,&quot;credit&quot;:&quot;&quot;,&quot;camera&quot;:&quot;&quot;,&quot;caption&quot;:&quot;&quot;,&quot;created_timestamp&quot;:&quot;0&quot;,&quot;copyright&quot;:&quot;&quot;,&quot;focal_length&quot;:&quot;0&quot;,&quot;iso&quot;:&quot;0&quot;,&quot;shutter_speed&quot;:&quot;0&quot;,&quot;title&quot;:&quot;&quot;,&quot;orientation&quot;:&quot;0&quot;}\" data-image-title=\"Attachment-1\" data-image-description=\"\" data-image-caption=\"\" data-large-file=\"https:\/\/i0.wp.com\/humm.loverde.fr\/wp-content\/uploads\/2018\/04\/Attachment-1-4.png?fit=800%2C450&amp;ssl=1\" \/><\/a>\n\t\t\t<\/div><\/figure><figure class='gallery-item'>\n\t\t\t<div class='gallery-icon landscape'>\n\t\t\t\t<a href='https:\/\/humm.loverde.fr\/?attachment_id=2925'><img loading=\"lazy\" decoding=\"async\" width=\"480\" height=\"450\" src=\"https:\/\/i0.wp.com\/humm.loverde.fr\/wp-content\/uploads\/2018\/04\/Attachment-2-2.png?resize=480%2C450&amp;ssl=1\" class=\"attachment-thumbnail size-thumbnail\" alt=\"\" data-attachment-id=\"2925\" data-permalink=\"https:\/\/humm.loverde.fr\/?attachment_id=2925\" data-orig-file=\"https:\/\/i0.wp.com\/humm.loverde.fr\/wp-content\/uploads\/2018\/04\/Attachment-2-2.png?fit=800%2C450&amp;ssl=1\" data-orig-size=\"800,450\" data-comments-opened=\"1\" data-image-meta=\"{&quot;aperture&quot;:&quot;0&quot;,&quot;credit&quot;:&quot;&quot;,&quot;camera&quot;:&quot;&quot;,&quot;caption&quot;:&quot;&quot;,&quot;created_timestamp&quot;:&quot;0&quot;,&quot;copyright&quot;:&quot;&quot;,&quot;focal_length&quot;:&quot;0&quot;,&quot;iso&quot;:&quot;0&quot;,&quot;shutter_speed&quot;:&quot;0&quot;,&quot;title&quot;:&quot;&quot;,&quot;orientation&quot;:&quot;0&quot;}\" data-image-title=\"Attachment-2\" data-image-description=\"\" data-image-caption=\"\" data-large-file=\"https:\/\/i0.wp.com\/humm.loverde.fr\/wp-content\/uploads\/2018\/04\/Attachment-2-2.png?fit=800%2C450&amp;ssl=1\" \/><\/a>\n\t\t\t<\/div><\/figure>\n\t\t<\/div>\n\n<table border=\"0\" cellspacing=\"0\" cellpadding=\"0\">\n<tbody>\n<tr>\n<td>\n<table border=\"0\" cellspacing=\"0\" cellpadding=\"0\">\n<tbody>\n<tr>\n<td align=\"left\" valign=\"top\">Christian Loverde<\/td>\n<\/tr>\n<tr>\n<td align=\"left\" valign=\"top\"><\/td>\n<\/tr>\n<\/tbody>\n<\/table>\n<\/td>\n<\/tr>\n<tr>\n<td><a href=\"https:\/\/linkkle.com\/Kris33390\">https:\/\/linkkle.com\/Kris33390<\/a><img loading=\"lazy\" decoding=\"async\" src=\"https:\/\/about.me\/t\/sig?u=ChristianLoverde\" alt=\"sig?u=ChristianLoverde\" width=\"1\" height=\"1\" \/><\/td>\n<\/tr>\n<\/tbody>\n<\/table>\n","protected":false},"excerpt":{"rendered":"<p>Madeleines de Commercy Il y avait longtemps que ma moiti\u00e9 n&rsquo;en avait pas fait. La recette est toujours la m\u00eame &hellip; <\/p>\n","protected":false},"author":1,"featured_media":2924,"comment_status":"open","ping_status":"closed","sticky":false,"template":"","format":"standard","meta":{"jetpack_post_was_ever_published":false,"_jetpack_newsletter_access":"","_jetpack_dont_email_post_to_subs":false,"_jetpack_newsletter_tier_id":0,"_jetpack_memberships_contains_paywalled_content":false,"_jetpack_memberships_contains_paid_content":false,"footnotes":"","jetpack_publicize_message":"","jetpack_publicize_feature_enabled":true,"jetpack_social_post_already_shared":true,"jetpack_social_options":{"image_generator_settings":{"template":"highway","default_image_id":0,"font":"","enabled":false},"version":2}},"categories":[2],"tags":[733,732],"class_list":["post-2923","post","type-post","status-publish","format-standard","has-post-thumbnail","hentry","category-recettes","tag-commercy","tag-madeleines"],"jetpack_publicize_connections":[],"jetpack_featured_media_url":"https:\/\/i0.wp.com\/humm.loverde.fr\/wp-content\/uploads\/2018\/04\/Attachment-1-4.png?fit=800%2C450&ssl=1","jetpack_sharing_enabled":true,"jetpack_shortlink":"https:\/\/wp.me\/p9whbF-L9","jetpack_likes_enabled":true,"jetpack-related-posts":[{"id":5542,"url":"https:\/\/humm.loverde.fr\/?p=5542","url_meta":{"origin":2923,"position":0},"title":"Nouvelles madeleines","author":"cloverde","date":"4 septembre 2020","format":false,"excerpt":"Je voulais \u00e9crire un commentaire sur la recette d\u00e9j\u00e0 publi\u00e9e (https:\/\/humm.loverde.fr\/madeleines-de-commercy\/) mais les ingr\u00e9dients sont diff\u00e9rends et de nouvelles plaques de cuisson font que je publie une nouvelle recette un peu simplifi\u00e9e. La levure chimique n'est pas dans la liste des ingr\u00e9dients mais j'en ai mis un paquet quand m\u00eame\u2026","rel":"","context":"Dans &quot;recette&quot;","block_context":{"text":"recette","link":"https:\/\/humm.loverde.fr\/?cat=1052"},"img":{"alt_text":"","src":"https:\/\/i0.wp.com\/humm.loverde.fr\/wp-content\/uploads\/2020\/09\/attachment-1.jpeg?fit=1200%2C675&ssl=1&resize=350%2C200","width":350,"height":200,"srcset":"https:\/\/i0.wp.com\/humm.loverde.fr\/wp-content\/uploads\/2020\/09\/attachment-1.jpeg?fit=1200%2C675&ssl=1&resize=350%2C200 1x, https:\/\/i0.wp.com\/humm.loverde.fr\/wp-content\/uploads\/2020\/09\/attachment-1.jpeg?fit=1200%2C675&ssl=1&resize=525%2C300 1.5x, https:\/\/i0.wp.com\/humm.loverde.fr\/wp-content\/uploads\/2020\/09\/attachment-1.jpeg?fit=1200%2C675&ssl=1&resize=700%2C400 2x, https:\/\/i0.wp.com\/humm.loverde.fr\/wp-content\/uploads\/2020\/09\/attachment-1.jpeg?fit=1200%2C675&ssl=1&resize=1050%2C600 3x"},"classes":[]},{"id":1369,"url":"https:\/\/humm.loverde.fr\/?p=1369","url_meta":{"origin":2923,"position":1},"title":"Pancakes classiques","author":"cloverde","date":"17 f\u00e9vrier 2017","format":false,"excerpt":"On peut les trouver dans le commerce, bien s\u00fbr ! Mais, vous vous en doutez, \u00e7a n'est pas du tout la m\u00eame chose... Si j'en refait, je diviserais les doses par deux, car pour deux c'\u00e9tait trop. Ingr\u00e9dients pour 4 personnes 250 g de farine 75 g de sucre 50\u2026","rel":"","context":"Dans &quot;Recettes&quot;","block_context":{"text":"Recettes","link":"https:\/\/humm.loverde.fr\/?cat=2"},"img":{"alt_text":"","src":"https:\/\/i0.wp.com\/humm.loverde.fr\/wp-content\/uploads\/2017\/01\/IMG_0881.jpg?fit=800%2C597&ssl=1&resize=350%2C200","width":350,"height":200,"srcset":"https:\/\/i0.wp.com\/humm.loverde.fr\/wp-content\/uploads\/2017\/01\/IMG_0881.jpg?fit=800%2C597&ssl=1&resize=350%2C200 1x, https:\/\/i0.wp.com\/humm.loverde.fr\/wp-content\/uploads\/2017\/01\/IMG_0881.jpg?fit=800%2C597&ssl=1&resize=525%2C300 1.5x, https:\/\/i0.wp.com\/humm.loverde.fr\/wp-content\/uploads\/2017\/01\/IMG_0881.jpg?fit=800%2C597&ssl=1&resize=700%2C400 2x"},"classes":[]},{"id":9192,"url":"https:\/\/humm.loverde.fr\/?p=9192","url_meta":{"origin":2923,"position":2},"title":"Cake aux raisins secs","author":"cloverde","date":"14 novembre 2023","format":false,"excerpt":"Je n'ai pas v\u00e9rifi\u00e9 mais des cakes j'en ai fait beaucoup(*) et de toute sorte et je comme je ne sais pas trop faire autre chose je m'en suis un peu lass\u00e9. Ce cake aux raisins secs me semble presque nouveau et de toute fa\u00e7on je n'avais que \u00e7a (les\u2026","rel":"","context":"Dans &quot;Recettes&quot;","block_context":{"text":"Recettes","link":"https:\/\/humm.loverde.fr\/?cat=2"},"img":{"alt_text":"","src":"https:\/\/i0.wp.com\/humm.loverde.fr\/wp-content\/uploads\/2023\/10\/IMG_20231008_091846_96.jpg?fit=1200%2C540&ssl=1&resize=350%2C200","width":350,"height":200,"srcset":"https:\/\/i0.wp.com\/humm.loverde.fr\/wp-content\/uploads\/2023\/10\/IMG_20231008_091846_96.jpg?fit=1200%2C540&ssl=1&resize=350%2C200 1x, https:\/\/i0.wp.com\/humm.loverde.fr\/wp-content\/uploads\/2023\/10\/IMG_20231008_091846_96.jpg?fit=1200%2C540&ssl=1&resize=525%2C300 1.5x, https:\/\/i0.wp.com\/humm.loverde.fr\/wp-content\/uploads\/2023\/10\/IMG_20231008_091846_96.jpg?fit=1200%2C540&ssl=1&resize=700%2C400 2x, https:\/\/i0.wp.com\/humm.loverde.fr\/wp-content\/uploads\/2023\/10\/IMG_20231008_091846_96.jpg?fit=1200%2C540&ssl=1&resize=1050%2C600 3x"},"classes":[]},{"id":6594,"url":"https:\/\/humm.loverde.fr\/?p=6594","url_meta":{"origin":2923,"position":3},"title":"Cake au fruit confits et aux noix","author":"cloverde","date":"28 septembre 2021","format":false,"excerpt":"28\/09 Je vous avais averti ! Je ne sais pas faire grand chose d'autre que des cakes. Je ne peux qu'innover dans l'accomodement. Cette fois ci j'ai ajout\u00e9 des noix aux fruits confits. Pourquoi ? J'avais des cerneaux de noix en pr\u00e9vision d'une pr\u00e9paration de salade assez \u00e9labor\u00e9e que j'ai\u2026","rel":"","context":"Dans &quot;Recettes&quot;","block_context":{"text":"Recettes","link":"https:\/\/humm.loverde.fr\/?cat=2"},"img":{"alt_text":"","src":"https:\/\/i0.wp.com\/humm.loverde.fr\/wp-content\/uploads\/2021\/09\/IMG_20210829_153504_632_copy_1280x591.jpg?fit=1200%2C554&ssl=1&resize=350%2C200","width":350,"height":200,"srcset":"https:\/\/i0.wp.com\/humm.loverde.fr\/wp-content\/uploads\/2021\/09\/IMG_20210829_153504_632_copy_1280x591.jpg?fit=1200%2C554&ssl=1&resize=350%2C200 1x, https:\/\/i0.wp.com\/humm.loverde.fr\/wp-content\/uploads\/2021\/09\/IMG_20210829_153504_632_copy_1280x591.jpg?fit=1200%2C554&ssl=1&resize=525%2C300 1.5x, https:\/\/i0.wp.com\/humm.loverde.fr\/wp-content\/uploads\/2021\/09\/IMG_20210829_153504_632_copy_1280x591.jpg?fit=1200%2C554&ssl=1&resize=700%2C400 2x, https:\/\/i0.wp.com\/humm.loverde.fr\/wp-content\/uploads\/2021\/09\/IMG_20210829_153504_632_copy_1280x591.jpg?fit=1200%2C554&ssl=1&resize=1050%2C600 3x"},"classes":[]},{"id":7938,"url":"https:\/\/humm.loverde.fr\/?p=7938","url_meta":{"origin":2923,"position":4},"title":"Encore un cake","author":"cloverde","date":"15 novembre 2022","format":false,"excerpt":"Un peu marre des viennoiseries trop grasses, des biscuits sp\u00e9cial petit d\u00e9jeuner class\u00e9 mauvais par Yuka, biscottes beurre confiture c'est pas mieux avec trop de sucre. Donc un retour aux sources avec un cake au fruit confits, il y avait longtemps que je n'en avais fait. J'ai v\u00e9rifi\u00e9 que ces\u2026","rel":"","context":"Dans &quot;Recettes&quot;","block_context":{"text":"Recettes","link":"https:\/\/humm.loverde.fr\/?cat=2"},"img":{"alt_text":"","src":"https:\/\/i0.wp.com\/humm.loverde.fr\/wp-content\/uploads\/2022\/11\/IMG_20221029_084407_207.jpg?fit=1200%2C540&ssl=1&resize=350%2C200","width":350,"height":200,"srcset":"https:\/\/i0.wp.com\/humm.loverde.fr\/wp-content\/uploads\/2022\/11\/IMG_20221029_084407_207.jpg?fit=1200%2C540&ssl=1&resize=350%2C200 1x, https:\/\/i0.wp.com\/humm.loverde.fr\/wp-content\/uploads\/2022\/11\/IMG_20221029_084407_207.jpg?fit=1200%2C540&ssl=1&resize=525%2C300 1.5x, https:\/\/i0.wp.com\/humm.loverde.fr\/wp-content\/uploads\/2022\/11\/IMG_20221029_084407_207.jpg?fit=1200%2C540&ssl=1&resize=700%2C400 2x, https:\/\/i0.wp.com\/humm.loverde.fr\/wp-content\/uploads\/2022\/11\/IMG_20221029_084407_207.jpg?fit=1200%2C540&ssl=1&resize=1050%2C600 3x"},"classes":[]},{"id":3971,"url":"https:\/\/humm.loverde.fr\/?p=3971","url_meta":{"origin":2923,"position":5},"title":"La Mona","author":"cloverde","date":"4 octobre 2019","format":false,"excerpt":"La Mona Depuis que j'ai adh\u00e9r\u00e9 au groupe \"Recettes pieds-noirs\" j'ai appris que la mona \u00e9tait la brioche que les pieds-noirs d'origine espagnole faisaient \u00e0 P\u00e2ques. Comme vous le savez je suis ath\u00e9e, mais \u00e7a n'emp\u00eache pas de suivre les traditions. Surtout que j'avais des oranges non trait\u00e9es (pour le\u2026","rel":"","context":"Dans &quot;Recettes&quot;","block_context":{"text":"Recettes","link":"https:\/\/humm.loverde.fr\/?cat=2"},"img":{"alt_text":"","src":"https:\/\/i0.wp.com\/humm.loverde.fr\/wp-content\/uploads\/2019\/07\/Attachment-1-8.png?fit=800%2C450&ssl=1&resize=350%2C200","width":350,"height":200,"srcset":"https:\/\/i0.wp.com\/humm.loverde.fr\/wp-content\/uploads\/2019\/07\/Attachment-1-8.png?fit=800%2C450&ssl=1&resize=350%2C200 1x, https:\/\/i0.wp.com\/humm.loverde.fr\/wp-content\/uploads\/2019\/07\/Attachment-1-8.png?fit=800%2C450&ssl=1&resize=525%2C300 1.5x, https:\/\/i0.wp.com\/humm.loverde.fr\/wp-content\/uploads\/2019\/07\/Attachment-1-8.png?fit=800%2C450&ssl=1&resize=700%2C400 2x"},"classes":[]}],"_links":{"self":[{"href":"https:\/\/humm.loverde.fr\/index.php?rest_route=\/wp\/v2\/posts\/2923","targetHints":{"allow":["GET"]}}],"collection":[{"href":"https:\/\/humm.loverde.fr\/index.php?rest_route=\/wp\/v2\/posts"}],"about":[{"href":"https:\/\/humm.loverde.fr\/index.php?rest_route=\/wp\/v2\/types\/post"}],"author":[{"embeddable":true,"href":"https:\/\/humm.loverde.fr\/index.php?rest_route=\/wp\/v2\/users\/1"}],"replies":[{"embeddable":true,"href":"https:\/\/humm.loverde.fr\/index.php?rest_route=%2Fwp%2Fv2%2Fcomments&post=2923"}],"version-history":[{"count":3,"href":"https:\/\/humm.loverde.fr\/index.php?rest_route=\/wp\/v2\/posts\/2923\/revisions"}],"predecessor-version":[{"id":2928,"href":"https:\/\/humm.loverde.fr\/index.php?rest_route=\/wp\/v2\/posts\/2923\/revisions\/2928"}],"wp:featuredmedia":[{"embeddable":true,"href":"https:\/\/humm.loverde.fr\/index.php?rest_route=\/wp\/v2\/media\/2924"}],"wp:attachment":[{"href":"https:\/\/humm.loverde.fr\/index.php?rest_route=%2Fwp%2Fv2%2Fmedia&parent=2923"}],"wp:term":[{"taxonomy":"category","embeddable":true,"href":"https:\/\/humm.loverde.fr\/index.php?rest_route=%2Fwp%2Fv2%2Fcategories&post=2923"},{"taxonomy":"post_tag","embeddable":true,"href":"https:\/\/humm.loverde.fr\/index.php?rest_route=%2Fwp%2Fv2%2Ftags&post=2923"}],"curies":[{"name":"wp","href":"https:\/\/api.w.org\/{rel}","templated":true}]}}