{"id":3108,"date":"2018-07-22T06:31:51","date_gmt":"2018-07-22T05:31:51","guid":{"rendered":"http:\/\/humm.loverde.fr\/?p=3108"},"modified":"2019-12-13T09:30:37","modified_gmt":"2019-12-13T08:30:37","slug":"le-nez-de-pinocchio","status":"publish","type":"post","link":"https:\/\/humm.loverde.fr\/?p=3108","title":{"rendered":"Le nez de Pinocchio"},"content":{"rendered":"<p>Le nez de Pinocchio<\/p>\n<p>&nbsp;<\/p>\n<p><img data-recalc-dims=\"1\" loading=\"lazy\" decoding=\"async\" data-attachment-id=\"3113\" data-permalink=\"https:\/\/humm.loverde.fr\/?attachment_id=3113\" data-orig-file=\"https:\/\/i0.wp.com\/humm.loverde.fr\/wp-content\/uploads\/2018\/07\/pinnochio-500px.jpg?fit=500%2C779&amp;ssl=1\" data-orig-size=\"500,779\" data-comments-opened=\"1\" data-image-meta=\"{&quot;aperture&quot;:&quot;0&quot;,&quot;credit&quot;:&quot;&quot;,&quot;camera&quot;:&quot;&quot;,&quot;caption&quot;:&quot;&quot;,&quot;created_timestamp&quot;:&quot;0&quot;,&quot;copyright&quot;:&quot;&quot;,&quot;focal_length&quot;:&quot;0&quot;,&quot;iso&quot;:&quot;0&quot;,&quot;shutter_speed&quot;:&quot;0&quot;,&quot;title&quot;:&quot;&quot;,&quot;orientation&quot;:&quot;1&quot;}\" data-image-title=\"pinnochio-500px\" data-image-description=\"\" data-image-caption=\"\" data-large-file=\"https:\/\/i0.wp.com\/humm.loverde.fr\/wp-content\/uploads\/2018\/07\/pinnochio-500px.jpg?fit=500%2C779&amp;ssl=1\" class=\"aligncenter size-full wp-image-3113\" src=\"https:\/\/i0.wp.com\/humm.loverde.fr\/wp-content\/uploads\/2018\/07\/pinnochio-500px.jpg?resize=500%2C779&#038;ssl=1\" alt=\"\" width=\"500\" height=\"779\" \/><\/p>\n<p>Entendu dans l&rsquo;\u00e9mission de la 6 un peu nunuche, mais qui fait bien rire parfois, avec les deux vieux ex\u00e9crables, la bricoleuse, la fofolle et son mari au ch\u00f4mage et la jeune qui se tape un vieux plein de fric.<\/p>\n<p>Et les deux autres qui aiment bien se mettre en situation pour pimenter leur jeu de l&rsquo;amour et pas du hasard.<\/p>\n<p>Pinocchio rencontre une belle et dans leur mise en sc\u00e8ne de la s\u00e9duction il fait un bon mot plut\u00f4t d\u00e9plac\u00e9:<br \/>\n&#8211; mon nez va s&rsquo;allonger<\/p>\n<p>Le jeu de mot am\u00e8ne forc\u00e9ment la r\u00e9action de la belle et refroidi son \u00e9lan prometteur:<br \/>\n&#8211; Non, non et non! Ce n&rsquo;est pas possible pour Pinocchio de dire \u00e7a! Car, si ton nez s&rsquo;allonge c&rsquo;est que tu mens donc tu ne peut pas annoncer qu&rsquo;il va s&rsquo;allonger, ce serait dire la v\u00e9rit\u00e9 or ton nez ne s&rsquo;allonge que quand tu mens.<\/p>\n<p>Logique&#8230;<\/p>\n<p>Si vous voulez aller plus loin demandez-vous \u00e0 quoi pense vraiment Pinochio&#8230;<\/p>\n<p>&nbsp;<\/p>\n<table border=\"0\" cellspacing=\"0\" cellpadding=\"0\">\n<tbody>\n<tr>\n<td>\n<table border=\"0\" cellspacing=\"0\" cellpadding=\"0\">\n<tbody>\n<tr>\n<td align=\"left\" valign=\"top\">Christian Loverde<\/td>\n<\/tr>\n<tr>\n<td align=\"left\" valign=\"top\"><\/td>\n<\/tr>\n<\/tbody>\n<\/table>\n<\/td>\n<\/tr>\n<tr>\n<td><a href=\"https:\/\/linkkle.com\/Kris33390\">https:\/\/linkkle.com\/Kris33390<\/a><img loading=\"lazy\" decoding=\"async\" src=\"https:\/\/about.me\/t\/sig?u=ChristianLoverde\" alt=\"sig?u=ChristianLoverde\" width=\"1\" height=\"1\" \/><\/td>\n<\/tr>\n<\/tbody>\n<\/table>\n","protected":false},"excerpt":{"rendered":"<p>Le nez de Pinocchio &nbsp; Entendu dans l&rsquo;\u00e9mission de la 6 un peu nunuche, mais qui fait bien rire parfois, &hellip; <\/p>\n","protected":false},"author":1,"featured_media":3113,"comment_status":"open","ping_status":"closed","sticky":false,"template":"","format":"standard","meta":{"jetpack_post_was_ever_published":false,"_jetpack_newsletter_access":"","_jetpack_dont_email_post_to_subs":false,"_jetpack_newsletter_tier_id":0,"_jetpack_memberships_contains_paywalled_content":false,"_jetpack_memberships_contains_paid_content":false,"footnotes":"","jetpack_publicize_message":"","jetpack_publicize_feature_enabled":true,"jetpack_social_post_already_shared":true,"jetpack_social_options":{"image_generator_settings":{"template":"highway","default_image_id":0,"font":"","enabled":false},"version":2}},"categories":[725,1],"tags":[780,626,779,781],"class_list":["post-3108","post","type-post","status-publish","format-standard","has-post-thumbnail","hentry","category-contes","category-lectures","tag-blagues","tag-contes","tag-pinocchio","tag-tele"],"jetpack_publicize_connections":[],"jetpack_featured_media_url":"https:\/\/i0.wp.com\/humm.loverde.fr\/wp-content\/uploads\/2018\/07\/pinnochio-500px.jpg?fit=500%2C779&ssl=1","jetpack_sharing_enabled":true,"jetpack_shortlink":"https:\/\/wp.me\/p9whbF-O8","jetpack_likes_enabled":true,"jetpack-related-posts":[{"id":2274,"url":"https:\/\/humm.loverde.fr\/?p=2274","url_meta":{"origin":3108,"position":0},"title":"Les deux amis de Bagdad","author":"cloverde","date":"4 f\u00e9vrier 2018","format":false,"excerpt":"Quand la ville de Bagdad \u00e9tait encore une ville, quand Bagdad s\u2019appelait encore la Cit\u00e9 de la Paix, vivaient deux commer\u00e7ants li\u00e9s par une amiti\u00e9 profonde. Depuis tout petit, ils \u00e9taient amis. Ils avaient jou\u00e9 ensemble dans les rues du quartier, ils avaient \u00e9t\u00e9 \u00e0 l\u2019\u00e9cole ensemble. Ils avaient ouvert\u2026","rel":"","context":"Dans &quot;Contes&quot;","block_context":{"text":"Contes","link":"https:\/\/humm.loverde.fr\/?cat=725"},"img":{"alt_text":"","src":"https:\/\/i0.wp.com\/humm.loverde.fr\/wp-content\/uploads\/2018\/02\/IMG_3285.jpg?fit=643%2C616&ssl=1&resize=350%2C200","width":350,"height":200,"srcset":"https:\/\/i0.wp.com\/humm.loverde.fr\/wp-content\/uploads\/2018\/02\/IMG_3285.jpg?fit=643%2C616&ssl=1&resize=350%2C200 1x, https:\/\/i0.wp.com\/humm.loverde.fr\/wp-content\/uploads\/2018\/02\/IMG_3285.jpg?fit=643%2C616&ssl=1&resize=525%2C300 1.5x"},"classes":[]},{"id":7789,"url":"https:\/\/humm.loverde.fr\/?p=7789","url_meta":{"origin":3108,"position":1},"title":"Les deux chemins","author":"cloverde","date":"20 ao\u00fbt 2022","format":false,"excerpt":"Ma br\u00e8ve incursion dans le domaine des contes m'a permis de d\u00e9couvrir que j'aimais bien le c\u00f4t\u00e9 r\u00e9-\u00e9criture, pratique habituelle chez les conteurs et que raconter en comit\u00e9 restreint \u00e9tait int\u00e9ressant mais pas en public ! Je l'ai fait quand m\u00eame, il faut parfois sortir de sa zone de confort.\u2026","rel":"","context":"Dans &quot;Contes&quot;","block_context":{"text":"Contes","link":"https:\/\/humm.loverde.fr\/?cat=725"},"img":{"alt_text":"","src":"https:\/\/i0.wp.com\/humm.loverde.fr\/wp-content\/uploads\/2022\/08\/IMG_20220722_101804_778-01.jpeg?fit=1000%2C597&ssl=1&resize=350%2C200","width":350,"height":200,"srcset":"https:\/\/i0.wp.com\/humm.loverde.fr\/wp-content\/uploads\/2022\/08\/IMG_20220722_101804_778-01.jpeg?fit=1000%2C597&ssl=1&resize=350%2C200 1x, https:\/\/i0.wp.com\/humm.loverde.fr\/wp-content\/uploads\/2022\/08\/IMG_20220722_101804_778-01.jpeg?fit=1000%2C597&ssl=1&resize=525%2C300 1.5x, https:\/\/i0.wp.com\/humm.loverde.fr\/wp-content\/uploads\/2022\/08\/IMG_20220722_101804_778-01.jpeg?fit=1000%2C597&ssl=1&resize=700%2C400 2x"},"classes":[]},{"id":2645,"url":"https:\/\/humm.loverde.fr\/?p=2645","url_meta":{"origin":3108,"position":2},"title":"La jeune femme, la tourterelle et le vieux crocodile","author":"cloverde","date":"18 mars 2018","format":false,"excerpt":"La jeune femme, la tourterelle et le vieux crocodile Mali, Auteur : Ousmane Diarra C'est l'histoire d'une jeune femme qui avait plut\u00f4t mal commenc\u00e9 dans la vie. Elle \u00e9tait orpheline. Sa m\u00e8re \u00e9tait morte en couche. D\u00e8s qu'elle eu l'\u00e2ge on l'a mari\u00e9. Son mari \u00e9tait un homme jaloux, tellement\u2026","rel":"","context":"Dans &quot;Contes&quot;","block_context":{"text":"Contes","link":"https:\/\/humm.loverde.fr\/?cat=725"},"img":{"alt_text":"","src":"https:\/\/i0.wp.com\/humm.loverde.fr\/wp-content\/uploads\/2018\/03\/Attachment-1.jpeg?fit=372%2C395&ssl=1&resize=350%2C200","width":350,"height":200},"classes":[]},{"id":3035,"url":"https:\/\/humm.loverde.fr\/?p=3035","url_meta":{"origin":3108,"position":3},"title":"Les deux chemins","author":"cloverde","date":"24 juin 2018","format":false,"excerpt":"Les deux chemins remani\u00e9 le 22 mai 2018 C'est l'histoire de deux copains, amis d'enfance. Ils sont voisins et ont fait presque toute leur scolarit\u00e9 dans les m\u00eames classes. Le premier est grand et costaud, genre Hulk quand ils d\u00e9chire ses pantalons, mais en plus calme. Il s'appelle Luc. Le\u2026","rel":"","context":"Dans &quot;Contes&quot;","block_context":{"text":"Contes","link":"https:\/\/humm.loverde.fr\/?cat=725"},"img":{"alt_text":"","src":"https:\/\/i0.wp.com\/humm.loverde.fr\/wp-content\/uploads\/2018\/05\/Attachment-1-3.png?fit=865%2C543&ssl=1&resize=350%2C200","width":350,"height":200,"srcset":"https:\/\/i0.wp.com\/humm.loverde.fr\/wp-content\/uploads\/2018\/05\/Attachment-1-3.png?fit=865%2C543&ssl=1&resize=350%2C200 1x, https:\/\/i0.wp.com\/humm.loverde.fr\/wp-content\/uploads\/2018\/05\/Attachment-1-3.png?fit=865%2C543&ssl=1&resize=525%2C300 1.5x, https:\/\/i0.wp.com\/humm.loverde.fr\/wp-content\/uploads\/2018\/05\/Attachment-1-3.png?fit=865%2C543&ssl=1&resize=700%2C400 2x"},"classes":[]},{"id":2653,"url":"https:\/\/humm.loverde.fr\/?p=2653","url_meta":{"origin":3108,"position":4},"title":"Le convoiteux et l&rsquo;envieux","author":"cloverde","date":"1 avril 2018","format":false,"excerpt":"Le convoiteux et l'envieux Il y a un peu plus de cent ans vivaient deux compagnons assez pervers. Le premier enviait tout chez les autres, leur r\u00e9ussite, leur situation, leur argent, on va l'appeler... l'envieux. Le deuxi\u00e8me convoitait tous les biens d'autrui et rien ne pouvait le rassasier, on l'appellera...\u2026","rel":"","context":"Dans &quot;Contes&quot;","block_context":{"text":"Contes","link":"https:\/\/humm.loverde.fr\/?cat=725"},"img":{"alt_text":"","src":"https:\/\/i0.wp.com\/humm.loverde.fr\/wp-content\/uploads\/2018\/04\/Attachment-1.png?resize=350%2C200&ssl=1","width":350,"height":200,"srcset":"https:\/\/i0.wp.com\/humm.loverde.fr\/wp-content\/uploads\/2018\/04\/Attachment-1.png?resize=350%2C200&ssl=1 1x, https:\/\/i0.wp.com\/humm.loverde.fr\/wp-content\/uploads\/2018\/04\/Attachment-1.png?resize=525%2C300&ssl=1 1.5x, https:\/\/i0.wp.com\/humm.loverde.fr\/wp-content\/uploads\/2018\/04\/Attachment-1.png?resize=700%2C400&ssl=1 2x"},"classes":[]},{"id":2437,"url":"https:\/\/humm.loverde.fr\/?p=2437","url_meta":{"origin":3108,"position":5},"title":"Le Soleil, la Lune et Thalie","author":"cloverde","date":"18 f\u00e9vrier 2018","format":false,"excerpt":"Le Soleil, la Lune et Thalie Giambattista Basile po\u00e8te mariniste italien (1566 \u2013 1632) Sole, luna e Tali Pentamerone, journ\u00e9e v, conte 5. Il y avait une fois un seigneur qui eut une fille nomm\u00e9e Thalie. Il fit venir les savants et les devins du royaume pour tirer son horoscope.\u2026","rel":"","context":"Dans &quot;Contes&quot;","block_context":{"text":"Contes","link":"https:\/\/humm.loverde.fr\/?cat=725"},"img":{"alt_text":"","src":"https:\/\/i0.wp.com\/humm.loverde.fr\/wp-content\/uploads\/2018\/02\/Attachment-1-2.png?fit=800%2C533&ssl=1&resize=350%2C200","width":350,"height":200,"srcset":"https:\/\/i0.wp.com\/humm.loverde.fr\/wp-content\/uploads\/2018\/02\/Attachment-1-2.png?fit=800%2C533&ssl=1&resize=350%2C200 1x, https:\/\/i0.wp.com\/humm.loverde.fr\/wp-content\/uploads\/2018\/02\/Attachment-1-2.png?fit=800%2C533&ssl=1&resize=525%2C300 1.5x, https:\/\/i0.wp.com\/humm.loverde.fr\/wp-content\/uploads\/2018\/02\/Attachment-1-2.png?fit=800%2C533&ssl=1&resize=700%2C400 2x"},"classes":[]}],"_links":{"self":[{"href":"https:\/\/humm.loverde.fr\/index.php?rest_route=\/wp\/v2\/posts\/3108","targetHints":{"allow":["GET"]}}],"collection":[{"href":"https:\/\/humm.loverde.fr\/index.php?rest_route=\/wp\/v2\/posts"}],"about":[{"href":"https:\/\/humm.loverde.fr\/index.php?rest_route=\/wp\/v2\/types\/post"}],"author":[{"embeddable":true,"href":"https:\/\/humm.loverde.fr\/index.php?rest_route=\/wp\/v2\/users\/1"}],"replies":[{"embeddable":true,"href":"https:\/\/humm.loverde.fr\/index.php?rest_route=%2Fwp%2Fv2%2Fcomments&post=3108"}],"version-history":[{"count":4,"href":"https:\/\/humm.loverde.fr\/index.php?rest_route=\/wp\/v2\/posts\/3108\/revisions"}],"predecessor-version":[{"id":4534,"href":"https:\/\/humm.loverde.fr\/index.php?rest_route=\/wp\/v2\/posts\/3108\/revisions\/4534"}],"wp:featuredmedia":[{"embeddable":true,"href":"https:\/\/humm.loverde.fr\/index.php?rest_route=\/wp\/v2\/media\/3113"}],"wp:attachment":[{"href":"https:\/\/humm.loverde.fr\/index.php?rest_route=%2Fwp%2Fv2%2Fmedia&parent=3108"}],"wp:term":[{"taxonomy":"category","embeddable":true,"href":"https:\/\/humm.loverde.fr\/index.php?rest_route=%2Fwp%2Fv2%2Fcategories&post=3108"},{"taxonomy":"post_tag","embeddable":true,"href":"https:\/\/humm.loverde.fr\/index.php?rest_route=%2Fwp%2Fv2%2Ftags&post=3108"}],"curies":[{"name":"wp","href":"https:\/\/api.w.org\/{rel}","templated":true}]}}