{"id":3122,"date":"2018-07-24T06:39:47","date_gmt":"2018-07-24T05:39:47","guid":{"rendered":"http:\/\/humm.loverde.fr\/?p=3122"},"modified":"2019-07-30T08:14:47","modified_gmt":"2019-07-30T07:14:47","slug":"la-capounata","status":"publish","type":"post","link":"https:\/\/humm.loverde.fr\/?p=3122","title":{"rendered":"La capounata"},"content":{"rendered":"<p>La capounata<\/p>\n<p><img data-recalc-dims=\"1\" loading=\"lazy\" decoding=\"async\" data-attachment-id=\"3124\" data-permalink=\"https:\/\/humm.loverde.fr\/?attachment_id=3124\" data-orig-file=\"https:\/\/i0.wp.com\/humm.loverde.fr\/wp-content\/uploads\/2018\/07\/Attachment-2.png?fit=800%2C450&amp;ssl=1\" data-orig-size=\"800,450\" data-comments-opened=\"1\" data-image-meta=\"{&quot;aperture&quot;:&quot;0&quot;,&quot;credit&quot;:&quot;&quot;,&quot;camera&quot;:&quot;&quot;,&quot;caption&quot;:&quot;&quot;,&quot;created_timestamp&quot;:&quot;0&quot;,&quot;copyright&quot;:&quot;&quot;,&quot;focal_length&quot;:&quot;0&quot;,&quot;iso&quot;:&quot;0&quot;,&quot;shutter_speed&quot;:&quot;0&quot;,&quot;title&quot;:&quot;&quot;,&quot;orientation&quot;:&quot;0&quot;}\" data-image-title=\"Attachment-2\" data-image-description=\"\" data-image-caption=\"\" data-large-file=\"https:\/\/i0.wp.com\/humm.loverde.fr\/wp-content\/uploads\/2018\/07\/Attachment-2.png?fit=800%2C450&amp;ssl=1\" class=\"aligncenter size-full wp-image-3124\" src=\"https:\/\/i0.wp.com\/humm.loverde.fr\/wp-content\/uploads\/2018\/07\/Attachment-2.png?resize=800%2C450&#038;ssl=1\" alt=\"\" width=\"800\" height=\"450\" srcset=\"https:\/\/i0.wp.com\/humm.loverde.fr\/wp-content\/uploads\/2018\/07\/Attachment-2.png?w=800&amp;ssl=1 800w, https:\/\/i0.wp.com\/humm.loverde.fr\/wp-content\/uploads\/2018\/07\/Attachment-2.png?resize=595%2C335&amp;ssl=1 595w, https:\/\/i0.wp.com\/humm.loverde.fr\/wp-content\/uploads\/2018\/07\/Attachment-2.png?resize=768%2C432&amp;ssl=1 768w\" sizes=\"auto, (max-width: 800px) 100vw, 800px\" \/><\/p>\n<p>Normalement c&rsquo;est caponata mais chez nous on dit capounata. D&rsquo;apr\u00e8s ma cousine, qui se reconna\u00eetra, la prononciation capou&#8230; est de Sicile, l\u00e0 o\u00f9 sont nos origines.<br \/>\nDans la famille il y a deux \u00e9coles, les olives noires et les olives vertes. Chez nous c&rsquo;est olives noires, chez ma tante c&rsquo;est vertes.<br \/>\nCe n&rsquo;est pas trop un plat d&rsquo;\u00e9t\u00e9 mais \u00e7a se mange froid. Je n&rsquo;en avais pas r\u00e9alis\u00e9 depuis longtemps parce que l&rsquo;aubergine est un vrai buvard \u00e0 huile et m\u00eame si on \u00e9limine le trop plein cela reste gras malgr\u00e9 tout.<\/p>\n<p>Ingredients<br \/>\n\u2022 3 aubergines<br \/>\n\u2022 1 oignon<br \/>\n\u2022 La moiti\u00e9 d&rsquo;une demie branche de c\u00e9leri. Je n&rsquo;aime pas mais il en faut&#8230;<br \/>\n\u2022 Une petite bo\u00eete de concentr\u00e9 de tomate. Dans la Photo il y en a deux mais une suffit.<br \/>\n\u2022 30 g de c\u00e2pres (environ la moiti\u00e9 du pot)<br \/>\n\u2022 La moiti\u00e9 d&rsquo;un pot d&rsquo;olives noires d\u00e9noyaut\u00e9es \u00e0 la grecque<br \/>\n\u2022 une cuill\u00e8re \u00e0 soupe de vinaigre de x\u00e9r\u00e8s<br \/>\n\u2022 Pas de sel, les olives sont d\u00e9j\u00e0 tr\u00e8s sal\u00e9es.<br \/>\n\u2022 Poivre du moulin<\/p>\n<p>Pr\u00e9paration<br \/>\n\u00c9plucher et couper en petits morceaux l&rsquo;aubergine, l&rsquo;oignon et le c\u00e9leri.<br \/>\nFaire revenir les aubergines dans de l&rsquo;huile d&rsquo;olive puis ajouter l&rsquo;oignon et le c\u00e9leri.<br \/>\nPour finir ajouter le concentr\u00e9, les c\u00e2pres, les olives noirtes coup\u00e9es en deux et le vinaigre.<br \/>\nLaisser mijoter environ 1 h (1\/2h + 1\/2h). \u00c9gouttez l&rsquo;huile \u00e0 la fin.<br \/>\nComme \u00e7a se mange froid, c&rsquo;est mieux de la pr\u00e9parer la veille. Mais on peut aussi la manger chaude. Quand ma m\u00e8re va lire \u00e7a elle va pousser des grands cris&#8230;<\/p>\n<p>Anecdote:<br \/>\nQuand on mangeait la capounata \u00e0 la maison mon p\u00e8re chantait la chanson de Guy Marchand avec un petit changement!<br \/>\nC&rsquo;\u00e9tait l&rsquo;\u00e9poque de \u00ab\u00a0Juanita Banana \u00a0\u00bb o\u00f9 les chanteurs ne se prenaient pas au s\u00e9rieux.<br \/>\n<a href=\"https:\/\/youtu.be\/y50wtXQNvwc\">https:\/\/youtu.be\/y50wtXQNvwc<\/a><\/p>\n<div data-carousel-extra='{&quot;blog_id&quot;:1,&quot;permalink&quot;:&quot;https:\/\/humm.loverde.fr\/?p=3122&quot;}' id='gallery-1' class='gallery galleryid-3122 gallery-columns-3 gallery-size-thumbnail'><figure class='gallery-item'>\n\t\t\t<div class='gallery-icon landscape'>\n\t\t\t\t<a href='https:\/\/humm.loverde.fr\/?attachment_id=3123'><img loading=\"lazy\" decoding=\"async\" width=\"480\" height=\"450\" src=\"https:\/\/i0.wp.com\/humm.loverde.fr\/wp-content\/uploads\/2018\/07\/Attachment-1.png?resize=480%2C450&amp;ssl=1\" class=\"attachment-thumbnail size-thumbnail\" alt=\"\" data-attachment-id=\"3123\" data-permalink=\"https:\/\/humm.loverde.fr\/?attachment_id=3123\" data-orig-file=\"https:\/\/i0.wp.com\/humm.loverde.fr\/wp-content\/uploads\/2018\/07\/Attachment-1.png?fit=800%2C450&amp;ssl=1\" data-orig-size=\"800,450\" data-comments-opened=\"1\" data-image-meta=\"{&quot;aperture&quot;:&quot;0&quot;,&quot;credit&quot;:&quot;&quot;,&quot;camera&quot;:&quot;&quot;,&quot;caption&quot;:&quot;&quot;,&quot;created_timestamp&quot;:&quot;0&quot;,&quot;copyright&quot;:&quot;&quot;,&quot;focal_length&quot;:&quot;0&quot;,&quot;iso&quot;:&quot;0&quot;,&quot;shutter_speed&quot;:&quot;0&quot;,&quot;title&quot;:&quot;&quot;,&quot;orientation&quot;:&quot;0&quot;}\" data-image-title=\"Attachment-1\" data-image-description=\"\" data-image-caption=\"\" data-large-file=\"https:\/\/i0.wp.com\/humm.loverde.fr\/wp-content\/uploads\/2018\/07\/Attachment-1.png?fit=800%2C450&amp;ssl=1\" \/><\/a>\n\t\t\t<\/div><\/figure><figure class='gallery-item'>\n\t\t\t<div class='gallery-icon landscape'>\n\t\t\t\t<a href='https:\/\/humm.loverde.fr\/?attachment_id=3124'><img loading=\"lazy\" decoding=\"async\" width=\"480\" height=\"450\" src=\"https:\/\/i0.wp.com\/humm.loverde.fr\/wp-content\/uploads\/2018\/07\/Attachment-2.png?resize=480%2C450&amp;ssl=1\" class=\"attachment-thumbnail size-thumbnail\" alt=\"\" data-attachment-id=\"3124\" data-permalink=\"https:\/\/humm.loverde.fr\/?attachment_id=3124\" data-orig-file=\"https:\/\/i0.wp.com\/humm.loverde.fr\/wp-content\/uploads\/2018\/07\/Attachment-2.png?fit=800%2C450&amp;ssl=1\" data-orig-size=\"800,450\" data-comments-opened=\"1\" data-image-meta=\"{&quot;aperture&quot;:&quot;0&quot;,&quot;credit&quot;:&quot;&quot;,&quot;camera&quot;:&quot;&quot;,&quot;caption&quot;:&quot;&quot;,&quot;created_timestamp&quot;:&quot;0&quot;,&quot;copyright&quot;:&quot;&quot;,&quot;focal_length&quot;:&quot;0&quot;,&quot;iso&quot;:&quot;0&quot;,&quot;shutter_speed&quot;:&quot;0&quot;,&quot;title&quot;:&quot;&quot;,&quot;orientation&quot;:&quot;0&quot;}\" data-image-title=\"Attachment-2\" data-image-description=\"\" data-image-caption=\"\" data-large-file=\"https:\/\/i0.wp.com\/humm.loverde.fr\/wp-content\/uploads\/2018\/07\/Attachment-2.png?fit=800%2C450&amp;ssl=1\" \/><\/a>\n\t\t\t<\/div><\/figure><figure class='gallery-item'>\n\t\t\t<div class='gallery-icon landscape'>\n\t\t\t\t<a href='https:\/\/humm.loverde.fr\/?attachment_id=3125'><img loading=\"lazy\" decoding=\"async\" width=\"480\" height=\"450\" src=\"https:\/\/i0.wp.com\/humm.loverde.fr\/wp-content\/uploads\/2018\/07\/Attachment-3.png?resize=480%2C450&amp;ssl=1\" class=\"attachment-thumbnail size-thumbnail\" alt=\"\" data-attachment-id=\"3125\" data-permalink=\"https:\/\/humm.loverde.fr\/?attachment_id=3125\" data-orig-file=\"https:\/\/i0.wp.com\/humm.loverde.fr\/wp-content\/uploads\/2018\/07\/Attachment-3.png?fit=800%2C450&amp;ssl=1\" data-orig-size=\"800,450\" data-comments-opened=\"1\" data-image-meta=\"{&quot;aperture&quot;:&quot;0&quot;,&quot;credit&quot;:&quot;&quot;,&quot;camera&quot;:&quot;&quot;,&quot;caption&quot;:&quot;&quot;,&quot;created_timestamp&quot;:&quot;0&quot;,&quot;copyright&quot;:&quot;&quot;,&quot;focal_length&quot;:&quot;0&quot;,&quot;iso&quot;:&quot;0&quot;,&quot;shutter_speed&quot;:&quot;0&quot;,&quot;title&quot;:&quot;&quot;,&quot;orientation&quot;:&quot;0&quot;}\" data-image-title=\"Attachment-3\" data-image-description=\"\" data-image-caption=\"\" data-large-file=\"https:\/\/i0.wp.com\/humm.loverde.fr\/wp-content\/uploads\/2018\/07\/Attachment-3.png?fit=800%2C450&amp;ssl=1\" \/><\/a>\n\t\t\t<\/div><\/figure>\n\t\t<\/div>\n\n<table border=\"0\" cellspacing=\"0\" cellpadding=\"0\">\n<tbody>\n<tr>\n<td>\n<table border=\"0\" cellspacing=\"0\" cellpadding=\"0\">\n<tbody>\n<tr>\n<td align=\"left\" valign=\"top\">Christian Loverde<\/td>\n<\/tr>\n<tr>\n<td align=\"left\" valign=\"top\"><\/td>\n<\/tr>\n<\/tbody>\n<\/table>\n<\/td>\n<\/tr>\n<tr>\n<td><a href=\"https:\/\/linkkle.com\/Kris33390\">https:\/\/linkkle.com\/Kris33390<\/a><img loading=\"lazy\" decoding=\"async\" src=\"https:\/\/about.me\/t\/sig?u=ChristianLoverde\" alt=\"sig?u=ChristianLoverde\" width=\"1\" height=\"1\" \/><\/td>\n<\/tr>\n<\/tbody>\n<\/table>\n","protected":false},"excerpt":{"rendered":"<p>La capounata Normalement c&rsquo;est caponata mais chez nous on dit capounata. D&rsquo;apr\u00e8s ma cousine, qui se reconna\u00eetra, la prononciation capou&#8230; &hellip; <\/p>\n","protected":false},"author":1,"featured_media":3124,"comment_status":"open","ping_status":"closed","sticky":false,"template":"","format":"standard","meta":{"jetpack_post_was_ever_published":false,"_jetpack_newsletter_access":"","_jetpack_dont_email_post_to_subs":false,"_jetpack_newsletter_tier_id":0,"_jetpack_memberships_contains_paywalled_content":false,"_jetpack_memberships_contains_paid_content":false,"footnotes":"","jetpack_publicize_message":"","jetpack_publicize_feature_enabled":true,"jetpack_social_post_already_shared":true,"jetpack_social_options":{"image_generator_settings":{"template":"highway","default_image_id":0,"font":"","enabled":false},"version":2}},"categories":[2],"tags":[784,782,783],"class_list":["post-3122","post","type-post","status-publish","format-standard","has-post-thumbnail","hentry","category-recettes","tag-aubergines","tag-caponata","tag-capounata"],"jetpack_publicize_connections":[],"jetpack_featured_media_url":"https:\/\/i0.wp.com\/humm.loverde.fr\/wp-content\/uploads\/2018\/07\/Attachment-2.png?fit=800%2C450&ssl=1","jetpack_sharing_enabled":true,"jetpack_shortlink":"https:\/\/wp.me\/p9whbF-Om","jetpack_likes_enabled":true,"jetpack-related-posts":[{"id":9074,"url":"https:\/\/humm.loverde.fr\/?p=9074","url_meta":{"origin":3122,"position":0},"title":"La capounata","author":"cloverde","date":"26 septembre 2023","format":false,"excerpt":"Recette d\u00e9j\u00e0 publi\u00e9e, il y a 5 ans, mais quand on aime on ne compte pas. J'ai un peu r\u00e9duit les quantit\u00e9s. Normalement c'est caponata mais chez nous, origine sicilienne, on dit capounata. Dans la famille il y a deux \u00e9coles, les olives noires et les olives vertes. Chez nous\u2026","rel":"","context":"Dans &quot;recette&quot;","block_context":{"text":"recette","link":"https:\/\/humm.loverde.fr\/?cat=1052"},"img":{"alt_text":"","src":"https:\/\/i0.wp.com\/humm.loverde.fr\/wp-content\/uploads\/2023\/09\/IMG_20230917_083126_678.jpg?fit=1200%2C540&ssl=1&resize=350%2C200","width":350,"height":200,"srcset":"https:\/\/i0.wp.com\/humm.loverde.fr\/wp-content\/uploads\/2023\/09\/IMG_20230917_083126_678.jpg?fit=1200%2C540&ssl=1&resize=350%2C200 1x, https:\/\/i0.wp.com\/humm.loverde.fr\/wp-content\/uploads\/2023\/09\/IMG_20230917_083126_678.jpg?fit=1200%2C540&ssl=1&resize=525%2C300 1.5x, https:\/\/i0.wp.com\/humm.loverde.fr\/wp-content\/uploads\/2023\/09\/IMG_20230917_083126_678.jpg?fit=1200%2C540&ssl=1&resize=700%2C400 2x, https:\/\/i0.wp.com\/humm.loverde.fr\/wp-content\/uploads\/2023\/09\/IMG_20230917_083126_678.jpg?fit=1200%2C540&ssl=1&resize=1050%2C600 3x"},"classes":[]},{"id":6208,"url":"https:\/\/humm.loverde.fr\/?p=6208","url_meta":{"origin":3122,"position":1},"title":"Spaghettis \u00e0 la sicilienne","author":"cloverde","date":"26 mai 2021","format":false,"excerpt":"26\/05 Chez les marocains, le vendredi c'est couscous. Chez les isra\u00e9lites, le samedi c'est la dafina et chez les italiens, le dimanche c'est les p\u00e2tes. Des p\u00e2tes, des p\u00e2tes oui mais sans sauce tomate pour changer. Difficile d'innover dans ce domaine ! Toute ressemblance avec une pub est volontaire. POUR\u2026","rel":"","context":"Dans &quot;Recettes&quot;","block_context":{"text":"Recettes","link":"https:\/\/humm.loverde.fr\/?cat=2"},"img":{"alt_text":"","src":"https:\/\/i0.wp.com\/humm.loverde.fr\/wp-content\/uploads\/2021\/05\/IMG_20210502_131838_980_copy_1280x591.jpg?fit=1200%2C554&ssl=1&resize=350%2C200","width":350,"height":200,"srcset":"https:\/\/i0.wp.com\/humm.loverde.fr\/wp-content\/uploads\/2021\/05\/IMG_20210502_131838_980_copy_1280x591.jpg?fit=1200%2C554&ssl=1&resize=350%2C200 1x, https:\/\/i0.wp.com\/humm.loverde.fr\/wp-content\/uploads\/2021\/05\/IMG_20210502_131838_980_copy_1280x591.jpg?fit=1200%2C554&ssl=1&resize=525%2C300 1.5x, https:\/\/i0.wp.com\/humm.loverde.fr\/wp-content\/uploads\/2021\/05\/IMG_20210502_131838_980_copy_1280x591.jpg?fit=1200%2C554&ssl=1&resize=700%2C400 2x, https:\/\/i0.wp.com\/humm.loverde.fr\/wp-content\/uploads\/2021\/05\/IMG_20210502_131838_980_copy_1280x591.jpg?fit=1200%2C554&ssl=1&resize=1050%2C600 3x"},"classes":[]},{"id":7866,"url":"https:\/\/humm.loverde.fr\/?p=7866","url_meta":{"origin":3122,"position":2},"title":"Fusilli tomate olives noires","author":"cloverde","date":"1 novembre 2022","format":false,"excerpt":"Un plat vite fait avec les ingr\u00e9dients qui sont toujours en r\u00e9serve. Pour le soir si vous avez une petite faim c'est pas mal. Chez Panzani ils appellent \u00e7a des Torti. Dans le verre c'est pas du coca \ud83e\udd2b. Ingr\u00e9dients Des fusilli 3 minutes, 2 poign\u00e9es par personne 10 olives\u2026","rel":"","context":"Dans &quot;Recettes&quot;","block_context":{"text":"Recettes","link":"https:\/\/humm.loverde.fr\/?cat=2"},"img":{"alt_text":"","src":"https:\/\/i0.wp.com\/humm.loverde.fr\/wp-content\/uploads\/2022\/09\/IMG_20220919_101747_857.jpg?fit=1200%2C554&ssl=1&resize=350%2C200","width":350,"height":200,"srcset":"https:\/\/i0.wp.com\/humm.loverde.fr\/wp-content\/uploads\/2022\/09\/IMG_20220919_101747_857.jpg?fit=1200%2C554&ssl=1&resize=350%2C200 1x, https:\/\/i0.wp.com\/humm.loverde.fr\/wp-content\/uploads\/2022\/09\/IMG_20220919_101747_857.jpg?fit=1200%2C554&ssl=1&resize=525%2C300 1.5x, https:\/\/i0.wp.com\/humm.loverde.fr\/wp-content\/uploads\/2022\/09\/IMG_20220919_101747_857.jpg?fit=1200%2C554&ssl=1&resize=700%2C400 2x, https:\/\/i0.wp.com\/humm.loverde.fr\/wp-content\/uploads\/2022\/09\/IMG_20220919_101747_857.jpg?fit=1200%2C554&ssl=1&resize=1050%2C600 3x"},"classes":[]},{"id":6755,"url":"https:\/\/humm.loverde.fr\/?p=6755","url_meta":{"origin":3122,"position":3},"title":"Fougasse aux olives noires et tomates confites","author":"cloverde","date":"23 novembre 2021","format":false,"excerpt":"23\/11 Tout est dans le titre, que vais-je dire de plus ? Vous savez faire du pain alors le reste va quasiment de soi. Pour le pain je ne peux vous donner les quantit\u00e9s exactes puisque je fais au pif mais si vous suivez bien vous verrez, c'est inratable. Ingr\u00e9dients\u2026","rel":"","context":"Dans &quot;Recettes&quot;","block_context":{"text":"Recettes","link":"https:\/\/humm.loverde.fr\/?cat=2"},"img":{"alt_text":"","src":"https:\/\/i0.wp.com\/humm.loverde.fr\/wp-content\/uploads\/2021\/10\/IMG_20211006_125531_copy_1280x591-1.jpg?fit=1200%2C554&ssl=1&resize=350%2C200","width":350,"height":200,"srcset":"https:\/\/i0.wp.com\/humm.loverde.fr\/wp-content\/uploads\/2021\/10\/IMG_20211006_125531_copy_1280x591-1.jpg?fit=1200%2C554&ssl=1&resize=350%2C200 1x, https:\/\/i0.wp.com\/humm.loverde.fr\/wp-content\/uploads\/2021\/10\/IMG_20211006_125531_copy_1280x591-1.jpg?fit=1200%2C554&ssl=1&resize=525%2C300 1.5x, https:\/\/i0.wp.com\/humm.loverde.fr\/wp-content\/uploads\/2021\/10\/IMG_20211006_125531_copy_1280x591-1.jpg?fit=1200%2C554&ssl=1&resize=700%2C400 2x, https:\/\/i0.wp.com\/humm.loverde.fr\/wp-content\/uploads\/2021\/10\/IMG_20211006_125531_copy_1280x591-1.jpg?fit=1200%2C554&ssl=1&resize=1050%2C600 3x"},"classes":[]},{"id":9285,"url":"https:\/\/humm.loverde.fr\/?p=9285","url_meta":{"origin":3122,"position":4},"title":"Pizza \u00e9paisse 5 fromages","author":"cloverde","date":"2 janvier 2024","format":false,"excerpt":"D'habitude je n'ai pas la patience mais cette fois-ci j'ai fait exactement ce qui doit \u00eatre fait : lever de la p\u00e2te en boule puis \u00e9talement puis encore lev\u00e9 de la p\u00e2te avant de la garnir. R\u00e9sultats : une p\u00e2te \u00e9paisse souple et pas du tout s\u00e8che. Le temps s'y\u2026","rel":"","context":"Dans &quot;Recettes&quot;","block_context":{"text":"Recettes","link":"https:\/\/humm.loverde.fr\/?cat=2"},"img":{"alt_text":"","src":"https:\/\/i0.wp.com\/humm.loverde.fr\/wp-content\/uploads\/2023\/11\/IMG_20231112_100146_461.jpg?fit=1024%2C576&ssl=1&resize=350%2C200","width":350,"height":200,"srcset":"https:\/\/i0.wp.com\/humm.loverde.fr\/wp-content\/uploads\/2023\/11\/IMG_20231112_100146_461.jpg?fit=1024%2C576&ssl=1&resize=350%2C200 1x, https:\/\/i0.wp.com\/humm.loverde.fr\/wp-content\/uploads\/2023\/11\/IMG_20231112_100146_461.jpg?fit=1024%2C576&ssl=1&resize=525%2C300 1.5x, https:\/\/i0.wp.com\/humm.loverde.fr\/wp-content\/uploads\/2023\/11\/IMG_20231112_100146_461.jpg?fit=1024%2C576&ssl=1&resize=700%2C400 2x"},"classes":[]},{"id":529,"url":"https:\/\/humm.loverde.fr\/?p=529","url_meta":{"origin":3122,"position":5},"title":"La nouvelle pizza","author":"cloverde","date":"30 juin 2015","format":false,"excerpt":"Avant je faisais revenir de la tomate dans une po\u00eale avec un oignon hach\u00e9 finement pour la garniture. Puis j'ajoutais des olives noires et un peu de fromage. C'\u00e9tait tr\u00e8s bon mais un peu long \u00e0 r\u00e9aliser. Donc voici une recette simplifi\u00e9e mais dix fois meilleures que dans les camions.\u2026","rel":"","context":"Dans &quot;Recettes&quot;","block_context":{"text":"Recettes","link":"https:\/\/humm.loverde.fr\/?cat=2"},"img":{"alt_text":"La nouvelle pizza","src":"https:\/\/i0.wp.com\/humm.loverde.fr\/wp-content\/uploads\/2015\/04\/La-nouvelle-pizza-600x600.jpg?resize=350%2C200&ssl=1","width":350,"height":200,"srcset":"https:\/\/i0.wp.com\/humm.loverde.fr\/wp-content\/uploads\/2015\/04\/La-nouvelle-pizza-600x600.jpg?resize=350%2C200&ssl=1 1x, https:\/\/i0.wp.com\/humm.loverde.fr\/wp-content\/uploads\/2015\/04\/La-nouvelle-pizza-600x600.jpg?resize=525%2C300&ssl=1 1.5x"},"classes":[]}],"_links":{"self":[{"href":"https:\/\/humm.loverde.fr\/index.php?rest_route=\/wp\/v2\/posts\/3122","targetHints":{"allow":["GET"]}}],"collection":[{"href":"https:\/\/humm.loverde.fr\/index.php?rest_route=\/wp\/v2\/posts"}],"about":[{"href":"https:\/\/humm.loverde.fr\/index.php?rest_route=\/wp\/v2\/types\/post"}],"author":[{"embeddable":true,"href":"https:\/\/humm.loverde.fr\/index.php?rest_route=\/wp\/v2\/users\/1"}],"replies":[{"embeddable":true,"href":"https:\/\/humm.loverde.fr\/index.php?rest_route=%2Fwp%2Fv2%2Fcomments&post=3122"}],"version-history":[{"count":2,"href":"https:\/\/humm.loverde.fr\/index.php?rest_route=\/wp\/v2\/posts\/3122\/revisions"}],"predecessor-version":[{"id":3128,"href":"https:\/\/humm.loverde.fr\/index.php?rest_route=\/wp\/v2\/posts\/3122\/revisions\/3128"}],"wp:featuredmedia":[{"embeddable":true,"href":"https:\/\/humm.loverde.fr\/index.php?rest_route=\/wp\/v2\/media\/3124"}],"wp:attachment":[{"href":"https:\/\/humm.loverde.fr\/index.php?rest_route=%2Fwp%2Fv2%2Fmedia&parent=3122"}],"wp:term":[{"taxonomy":"category","embeddable":true,"href":"https:\/\/humm.loverde.fr\/index.php?rest_route=%2Fwp%2Fv2%2Fcategories&post=3122"},{"taxonomy":"post_tag","embeddable":true,"href":"https:\/\/humm.loverde.fr\/index.php?rest_route=%2Fwp%2Fv2%2Ftags&post=3122"}],"curies":[{"name":"wp","href":"https:\/\/api.w.org\/{rel}","templated":true}]}}