{"id":3135,"date":"2018-07-31T05:57:12","date_gmt":"2018-07-31T04:57:12","guid":{"rendered":"http:\/\/humm.loverde.fr\/?p=3135"},"modified":"2019-08-02T08:21:59","modified_gmt":"2019-08-02T07:21:59","slug":"gateau-aux-amandes","status":"publish","type":"post","link":"https:\/\/humm.loverde.fr\/?p=3135","title":{"rendered":"G\u00e2teau aux amandes"},"content":{"rendered":"<p>G\u00e2teau aux amandes<\/p>\n<p><img data-recalc-dims=\"1\" loading=\"lazy\" decoding=\"async\" data-attachment-id=\"3136\" data-permalink=\"https:\/\/humm.loverde.fr\/?attachment_id=3136\" data-orig-file=\"https:\/\/i0.wp.com\/humm.loverde.fr\/wp-content\/uploads\/2018\/07\/Attachment-1-1.png?fit=800%2C450&amp;ssl=1\" data-orig-size=\"800,450\" data-comments-opened=\"1\" data-image-meta=\"{&quot;aperture&quot;:&quot;0&quot;,&quot;credit&quot;:&quot;&quot;,&quot;camera&quot;:&quot;&quot;,&quot;caption&quot;:&quot;&quot;,&quot;created_timestamp&quot;:&quot;0&quot;,&quot;copyright&quot;:&quot;&quot;,&quot;focal_length&quot;:&quot;0&quot;,&quot;iso&quot;:&quot;0&quot;,&quot;shutter_speed&quot;:&quot;0&quot;,&quot;title&quot;:&quot;&quot;,&quot;orientation&quot;:&quot;0&quot;}\" data-image-title=\"Attachment-1\" data-image-description=\"\" data-image-caption=\"\" data-large-file=\"https:\/\/i0.wp.com\/humm.loverde.fr\/wp-content\/uploads\/2018\/07\/Attachment-1-1.png?fit=800%2C450&amp;ssl=1\" class=\"aligncenter size-full wp-image-3136\" src=\"https:\/\/i0.wp.com\/humm.loverde.fr\/wp-content\/uploads\/2018\/07\/Attachment-1-1.png?resize=800%2C450&#038;ssl=1\" alt=\"\" width=\"800\" height=\"450\" srcset=\"https:\/\/i0.wp.com\/humm.loverde.fr\/wp-content\/uploads\/2018\/07\/Attachment-1-1.png?w=800&amp;ssl=1 800w, https:\/\/i0.wp.com\/humm.loverde.fr\/wp-content\/uploads\/2018\/07\/Attachment-1-1.png?resize=595%2C335&amp;ssl=1 595w, https:\/\/i0.wp.com\/humm.loverde.fr\/wp-content\/uploads\/2018\/07\/Attachment-1-1.png?resize=768%2C432&amp;ssl=1 768w\" sizes=\"auto, (max-width: 800px) 100vw, 800px\" \/><\/p>\n<p>Un petit retour aux recettes traditionnelles.<br \/>\nG\u00e2teau ou cake aux amandes, j&rsquo;adore et \u00e7a vaut toutes les cochonneries qu&rsquo;on peut acheter pour le petit d\u00e9jeuner.<br \/>\nLa recette initiale \u00e9tait dans Humm! V1.0 et donc perdue. J&rsquo;en ai trouv\u00e9 une dans un petit livre de la maison d&rsquo;\u00e9dition First, en g\u00e9n\u00e9ral je ne suis jamais d\u00e9\u00e7u avec ces recettes. Les sujets sont assez restreint et il faut plusieurs livres, il y a tous les domaines et m\u00eame un petit livre sur les tajines!<\/p>\n<p>Ingr\u00e9dients<br \/>\n\u2022 3 \u0153ufs<br \/>\n\u2022 150 g de farine<br \/>\n\u2022 150 g de sucre<br \/>\n\u2022 1 sachet de levure chimique<br \/>\n\u2022 150 g d&rsquo;amandes avec la peau pass\u00e9es au mixer juste avant. \u00c9vitez les amandes vendues en poudre.<br \/>\n\u2022 60 g de beurre (ou de succ\u00e9dan\u00e9 \u00e0 base de graisse v\u00e9g\u00e9tale sans huile de palme) et un peu plus pour le moule.<\/p>\n<p>Pr\u00e9paration<br \/>\nJ&rsquo;ai chang\u00e9 l&rsquo;ordre des produits m\u00e9lang\u00e9s car si on met la farine et les \u0153ufs en premier, il y a de fortes chances qu&rsquo;on se retrouve avec des grumeaux.<\/p>\n<p>M\u00e9langer le sucre et les \u0153ufs jusqu&rsquo;\u00e0 compl\u00e8te homog\u00e9n\u00e9it\u00e9. \u00c9ventuellement vous pouvez monter les blancs en neige apr\u00e8s les avoir s\u00e9par\u00e9s des jaunes. Comme il y a de la levure c&rsquo;est facultatif et \u00e7a permet d&rsquo;avoir moins d&rsquo;ustensiles \u00e0 nettoyer&#8230;<br \/>\nDans ma recette perdue il y avait plus d&rsquo;\u0153ufs donc plus de blancs et pas besoin de levure.<br \/>\nAjouter le beurre fondu puis la farine et pour finir les amandes.<br \/>\nBeurrez-farinez le moule et mettre au four pr\u00e9alablement chauff\u00e9 \u00e0 180\u00b0C.<br \/>\nJe ne donne jamais le temps de cuisson car cela d\u00e9pend du four, il faut conter environ 40 minutes. Mais le moyen le plus s\u00fbr c&rsquo;est le test du couteau qui doit ressortir sec.<\/p>\n<div data-carousel-extra='{&quot;blog_id&quot;:1,&quot;permalink&quot;:&quot;https:\/\/humm.loverde.fr\/?p=3135&quot;}' id='gallery-1' class='gallery galleryid-3135 gallery-columns-3 gallery-size-thumbnail'><figure class='gallery-item'>\n\t\t\t<div class='gallery-icon landscape'>\n\t\t\t\t<a href='https:\/\/humm.loverde.fr\/?attachment_id=3136'><img loading=\"lazy\" decoding=\"async\" width=\"480\" height=\"450\" src=\"https:\/\/i0.wp.com\/humm.loverde.fr\/wp-content\/uploads\/2018\/07\/Attachment-1-1.png?resize=480%2C450&amp;ssl=1\" class=\"attachment-thumbnail size-thumbnail\" alt=\"\" data-attachment-id=\"3136\" data-permalink=\"https:\/\/humm.loverde.fr\/?attachment_id=3136\" data-orig-file=\"https:\/\/i0.wp.com\/humm.loverde.fr\/wp-content\/uploads\/2018\/07\/Attachment-1-1.png?fit=800%2C450&amp;ssl=1\" data-orig-size=\"800,450\" data-comments-opened=\"1\" data-image-meta=\"{&quot;aperture&quot;:&quot;0&quot;,&quot;credit&quot;:&quot;&quot;,&quot;camera&quot;:&quot;&quot;,&quot;caption&quot;:&quot;&quot;,&quot;created_timestamp&quot;:&quot;0&quot;,&quot;copyright&quot;:&quot;&quot;,&quot;focal_length&quot;:&quot;0&quot;,&quot;iso&quot;:&quot;0&quot;,&quot;shutter_speed&quot;:&quot;0&quot;,&quot;title&quot;:&quot;&quot;,&quot;orientation&quot;:&quot;0&quot;}\" data-image-title=\"Attachment-1\" data-image-description=\"\" data-image-caption=\"\" data-large-file=\"https:\/\/i0.wp.com\/humm.loverde.fr\/wp-content\/uploads\/2018\/07\/Attachment-1-1.png?fit=800%2C450&amp;ssl=1\" \/><\/a>\n\t\t\t<\/div><\/figure><figure class='gallery-item'>\n\t\t\t<div class='gallery-icon landscape'>\n\t\t\t\t<a href='https:\/\/humm.loverde.fr\/?attachment_id=3137'><img loading=\"lazy\" decoding=\"async\" width=\"480\" height=\"450\" src=\"https:\/\/i0.wp.com\/humm.loverde.fr\/wp-content\/uploads\/2018\/07\/Attachment-2-1.png?resize=480%2C450&amp;ssl=1\" class=\"attachment-thumbnail size-thumbnail\" alt=\"\" data-attachment-id=\"3137\" data-permalink=\"https:\/\/humm.loverde.fr\/?attachment_id=3137\" data-orig-file=\"https:\/\/i0.wp.com\/humm.loverde.fr\/wp-content\/uploads\/2018\/07\/Attachment-2-1.png?fit=800%2C450&amp;ssl=1\" data-orig-size=\"800,450\" data-comments-opened=\"1\" data-image-meta=\"{&quot;aperture&quot;:&quot;0&quot;,&quot;credit&quot;:&quot;&quot;,&quot;camera&quot;:&quot;&quot;,&quot;caption&quot;:&quot;&quot;,&quot;created_timestamp&quot;:&quot;0&quot;,&quot;copyright&quot;:&quot;&quot;,&quot;focal_length&quot;:&quot;0&quot;,&quot;iso&quot;:&quot;0&quot;,&quot;shutter_speed&quot;:&quot;0&quot;,&quot;title&quot;:&quot;&quot;,&quot;orientation&quot;:&quot;0&quot;}\" data-image-title=\"Attachment-2\" data-image-description=\"\" data-image-caption=\"\" data-large-file=\"https:\/\/i0.wp.com\/humm.loverde.fr\/wp-content\/uploads\/2018\/07\/Attachment-2-1.png?fit=800%2C450&amp;ssl=1\" \/><\/a>\n\t\t\t<\/div><\/figure>\n\t\t<\/div>\n\n<table border=\"0\" cellspacing=\"0\" cellpadding=\"0\">\n<tbody>\n<tr>\n<td>\n<table border=\"0\" cellspacing=\"0\" cellpadding=\"0\">\n<tbody>\n<tr>\n<td align=\"left\" valign=\"top\">Christian Loverde<\/td>\n<\/tr>\n<tr>\n<td align=\"left\" valign=\"top\"><\/td>\n<\/tr>\n<\/tbody>\n<\/table>\n<\/td>\n<\/tr>\n<tr>\n<td><a href=\"https:\/\/linkkle.com\/Kris33390\">https:\/\/linkkle.com\/Kris33390<\/a><img loading=\"lazy\" decoding=\"async\" src=\"https:\/\/about.me\/t\/sig?u=ChristianLoverde\" alt=\"sig?u=ChristianLoverde\" width=\"1\" height=\"1\" \/><\/td>\n<\/tr>\n<\/tbody>\n<\/table>\n","protected":false},"excerpt":{"rendered":"<p>G\u00e2teau aux amandes Un petit retour aux recettes traditionnelles. G\u00e2teau ou cake aux amandes, j&rsquo;adore et \u00e7a vaut toutes les &hellip; <\/p>\n","protected":false},"author":1,"featured_media":3136,"comment_status":"open","ping_status":"closed","sticky":false,"template":"","format":"standard","meta":{"jetpack_post_was_ever_published":false,"_jetpack_newsletter_access":"","_jetpack_dont_email_post_to_subs":false,"_jetpack_newsletter_tier_id":0,"_jetpack_memberships_contains_paywalled_content":false,"_jetpack_memberships_contains_paid_content":false,"footnotes":"","jetpack_publicize_message":"","jetpack_publicize_feature_enabled":true,"jetpack_social_post_already_shared":true,"jetpack_social_options":{"image_generator_settings":{"template":"highway","default_image_id":0,"font":"","enabled":false},"version":2}},"categories":[2],"tags":[538,329,456,419],"class_list":["post-3135","post","type-post","status-publish","format-standard","has-post-thumbnail","hentry","category-recettes","tag-amandes","tag-cake","tag-gateau","tag-petit-dejeuner"],"jetpack_publicize_connections":[],"jetpack_featured_media_url":"https:\/\/i0.wp.com\/humm.loverde.fr\/wp-content\/uploads\/2018\/07\/Attachment-1-1.png?fit=800%2C450&ssl=1","jetpack_sharing_enabled":true,"jetpack_shortlink":"https:\/\/wp.me\/p9whbF-Oz","jetpack_likes_enabled":true,"jetpack-related-posts":[{"id":7970,"url":"https:\/\/humm.loverde.fr\/?p=7970","url_meta":{"origin":3135,"position":0},"title":"G\u00e2teau sicilien \u00e0 l\u2019orange et aux amandes","author":"cloverde","date":"29 novembre 2022","format":false,"excerpt":"Je ne sais plus o\u00f9 j'ai trouv\u00e9 cette recette, peut \u00eatre sur Facebook dans un groupe de cuisine o\u00f9 je ne poste pas grand chose mais que je lit souvent. Ingr\u00e9dients \u2022 4 \u0153ufs \u2022 125 g d\u2019amandes en poudre \u2022 30 g de farine \u2022 le zeste finement hach\u00e9\u2026","rel":"","context":"Dans &quot;Recettes&quot;","block_context":{"text":"Recettes","link":"https:\/\/humm.loverde.fr\/?cat=2"},"img":{"alt_text":"","src":"https:\/\/i0.wp.com\/humm.loverde.fr\/wp-content\/uploads\/2022\/11\/IMG_20221121_084031_193-scaled.jpg?fit=1200%2C675&ssl=1&resize=350%2C200","width":350,"height":200,"srcset":"https:\/\/i0.wp.com\/humm.loverde.fr\/wp-content\/uploads\/2022\/11\/IMG_20221121_084031_193-scaled.jpg?fit=1200%2C675&ssl=1&resize=350%2C200 1x, https:\/\/i0.wp.com\/humm.loverde.fr\/wp-content\/uploads\/2022\/11\/IMG_20221121_084031_193-scaled.jpg?fit=1200%2C675&ssl=1&resize=525%2C300 1.5x, https:\/\/i0.wp.com\/humm.loverde.fr\/wp-content\/uploads\/2022\/11\/IMG_20221121_084031_193-scaled.jpg?fit=1200%2C675&ssl=1&resize=700%2C400 2x, https:\/\/i0.wp.com\/humm.loverde.fr\/wp-content\/uploads\/2022\/11\/IMG_20221121_084031_193-scaled.jpg?fit=1200%2C675&ssl=1&resize=1050%2C600 3x"},"classes":[]},{"id":75,"url":"https:\/\/humm.loverde.fr\/?p=75","url_meta":{"origin":3135,"position":1},"title":"Galette des rois un peu sp\u00e9ciale","author":"cloverde","date":"3 f\u00e9vrier 2015","format":false,"excerpt":"Bon, c'est un peu tard pour la galette mais je n'avais pas de place dans ma programmation. La galette, on y \u00e9chappe pas, mais j'adore la frangipane qui malheureusement est toujours accompagn\u00e9e de p\u00e2te feuillet\u00e9, ce qui ajoute du gras au gras. L'autre galette genre brioche je n'aime pas trop\u2026","rel":"","context":"Dans &quot;Recettes&quot;","block_context":{"text":"Recettes","link":"https:\/\/humm.loverde.fr\/?cat=2"},"img":{"alt_text":"galette des rois un peu sp\u00e9ciale 01","src":"https:\/\/i0.wp.com\/humm.loverde.fr\/wp-content\/uploads\/2015\/01\/galette-des-rois-un-peu-sp%C3%A9ciale-01-800x450.jpg?resize=350%2C200&ssl=1","width":350,"height":200,"srcset":"https:\/\/i0.wp.com\/humm.loverde.fr\/wp-content\/uploads\/2015\/01\/galette-des-rois-un-peu-sp%C3%A9ciale-01-800x450.jpg?resize=350%2C200&ssl=1 1x, https:\/\/i0.wp.com\/humm.loverde.fr\/wp-content\/uploads\/2015\/01\/galette-des-rois-un-peu-sp%C3%A9ciale-01-800x450.jpg?resize=525%2C300&ssl=1 1.5x, https:\/\/i0.wp.com\/humm.loverde.fr\/wp-content\/uploads\/2015\/01\/galette-des-rois-un-peu-sp%C3%A9ciale-01-800x450.jpg?resize=700%2C400&ssl=1 2x"},"classes":[]},{"id":3199,"url":"https:\/\/humm.loverde.fr\/?p=3199","url_meta":{"origin":3135,"position":2},"title":"Tajine de poulet aux figues fraiches.","author":"cloverde","date":"4 septembre 2018","format":false,"excerpt":"Tajine de poulet aux figues fraiches. Les figues sont tardives cette ann\u00e9e. Voici une recette de tajine d\u00e9di\u00e9e aux figues de la voisine. Elles ne sont pas trait\u00e9es donc \u00e0 consommer sans mod\u00e9ration. Ingr\u00e9dients \u2022 1 poulet d\u00e9coup\u00e9 \u2022 1 oignon \u00e9minc\u00e9 \u2022 2 grosses gousses d\u2019ail hach\u00e9es \u2022 Huile\u2026","rel":"","context":"Dans &quot;Recettes&quot;","block_context":{"text":"Recettes","link":"https:\/\/humm.loverde.fr\/?cat=2"},"img":{"alt_text":"","src":"https:\/\/i0.wp.com\/humm.loverde.fr\/wp-content\/uploads\/2018\/08\/Attachment-2.png?fit=800%2C450&ssl=1&resize=350%2C200","width":350,"height":200,"srcset":"https:\/\/i0.wp.com\/humm.loverde.fr\/wp-content\/uploads\/2018\/08\/Attachment-2.png?fit=800%2C450&ssl=1&resize=350%2C200 1x, https:\/\/i0.wp.com\/humm.loverde.fr\/wp-content\/uploads\/2018\/08\/Attachment-2.png?fit=800%2C450&ssl=1&resize=525%2C300 1.5x, https:\/\/i0.wp.com\/humm.loverde.fr\/wp-content\/uploads\/2018\/08\/Attachment-2.png?fit=800%2C450&ssl=1&resize=700%2C400 2x"},"classes":[]},{"id":6806,"url":"https:\/\/humm.loverde.fr\/?p=6806","url_meta":{"origin":3135,"position":3},"title":"Pesto amandes basilic","author":"cloverde","date":"30 novembre 2021","format":false,"excerpt":"Normalement il faut des pignons de pin mais comme je n'en ai pas je vais remplacer par des amandes grill\u00e9es sal\u00e9es au four que j'avais pr\u00e9par\u00e9 pour un ap\u00e9ritif festif. De toute fa\u00e7on je me dis qu'il vaut mieux des amandes pr\u00e9par\u00e9es que des pignons qui viennent d'on ne sais\u2026","rel":"","context":"Dans &quot;Recettes&quot;","block_context":{"text":"Recettes","link":"https:\/\/humm.loverde.fr\/?cat=2"},"img":{"alt_text":"","src":"https:\/\/i0.wp.com\/humm.loverde.fr\/wp-content\/uploads\/2021\/11\/IMG_20211101_125053_525_copy_1280x591-01-1.jpeg?fit=1200%2C554&ssl=1&resize=350%2C200","width":350,"height":200,"srcset":"https:\/\/i0.wp.com\/humm.loverde.fr\/wp-content\/uploads\/2021\/11\/IMG_20211101_125053_525_copy_1280x591-01-1.jpeg?fit=1200%2C554&ssl=1&resize=350%2C200 1x, https:\/\/i0.wp.com\/humm.loverde.fr\/wp-content\/uploads\/2021\/11\/IMG_20211101_125053_525_copy_1280x591-01-1.jpeg?fit=1200%2C554&ssl=1&resize=525%2C300 1.5x, https:\/\/i0.wp.com\/humm.loverde.fr\/wp-content\/uploads\/2021\/11\/IMG_20211101_125053_525_copy_1280x591-01-1.jpeg?fit=1200%2C554&ssl=1&resize=700%2C400 2x, https:\/\/i0.wp.com\/humm.loverde.fr\/wp-content\/uploads\/2021\/11\/IMG_20211101_125053_525_copy_1280x591-01-1.jpeg?fit=1200%2C554&ssl=1&resize=1050%2C600 3x"},"classes":[]},{"id":9293,"url":"https:\/\/humm.loverde.fr\/?p=9293","url_meta":{"origin":3135,"position":4},"title":"Cake au noisettes","author":"cloverde","date":"30 janvier 2024","format":false,"excerpt":"D'habitude je fais ce cake avec des amandes enti\u00e8res et mix\u00e9es. Quand j'ai vu ces noisettes en poudre qui avaient l'air de sortir de mon mixeur, je n'ai pas h\u00e9sit\u00e9. La recette est la m\u00eame, il suffit de remplacer la poudre d'amandes par de la poudre de noisettes. Ingr\u00e9dients \u2022\u2026","rel":"","context":"Dans &quot;Recettes&quot;","block_context":{"text":"Recettes","link":"https:\/\/humm.loverde.fr\/?cat=2"},"img":{"alt_text":"","src":"https:\/\/i0.wp.com\/humm.loverde.fr\/wp-content\/uploads\/2023\/11\/IMG_20231112_100234_185.jpg?fit=1200%2C540&ssl=1&resize=350%2C200","width":350,"height":200,"srcset":"https:\/\/i0.wp.com\/humm.loverde.fr\/wp-content\/uploads\/2023\/11\/IMG_20231112_100234_185.jpg?fit=1200%2C540&ssl=1&resize=350%2C200 1x, https:\/\/i0.wp.com\/humm.loverde.fr\/wp-content\/uploads\/2023\/11\/IMG_20231112_100234_185.jpg?fit=1200%2C540&ssl=1&resize=525%2C300 1.5x, https:\/\/i0.wp.com\/humm.loverde.fr\/wp-content\/uploads\/2023\/11\/IMG_20231112_100234_185.jpg?fit=1200%2C540&ssl=1&resize=700%2C400 2x, https:\/\/i0.wp.com\/humm.loverde.fr\/wp-content\/uploads\/2023\/11\/IMG_20231112_100234_185.jpg?fit=1200%2C540&ssl=1&resize=1050%2C600 3x"},"classes":[]},{"id":7274,"url":"https:\/\/humm.loverde.fr\/?p=7274","url_meta":{"origin":3135,"position":5},"title":"Poulpe, fenouil et amandes blanches","author":"cloverde","date":"26 avril 2022","format":false,"excerpt":"Encore une recette en provenance d'une revue sp\u00e9cialis\u00e9e, il n'y a pas que le web dans la vie \ud83d\ude0f J'ai quand m\u00eame un peu modifi\u00e9, simplifi\u00e9. Si vous \u00eates moins que 4, il suffit de r\u00e9duire les quantit\u00e9s \ud83d\udd75\ufe0f. Ingr\u00e9dients 4 personnes \u2022 2 citrons jaunes non trait\u00e9s \u2022 600\u2026","rel":"","context":"Dans &quot;Recettes&quot;","block_context":{"text":"Recettes","link":"https:\/\/humm.loverde.fr\/?cat=2"},"img":{"alt_text":"","src":"https:\/\/i0.wp.com\/humm.loverde.fr\/wp-content\/uploads\/2022\/03\/IMG_20220326_161006_847.jpg?fit=1200%2C675&ssl=1&resize=350%2C200","width":350,"height":200,"srcset":"https:\/\/i0.wp.com\/humm.loverde.fr\/wp-content\/uploads\/2022\/03\/IMG_20220326_161006_847.jpg?fit=1200%2C675&ssl=1&resize=350%2C200 1x, https:\/\/i0.wp.com\/humm.loverde.fr\/wp-content\/uploads\/2022\/03\/IMG_20220326_161006_847.jpg?fit=1200%2C675&ssl=1&resize=525%2C300 1.5x, https:\/\/i0.wp.com\/humm.loverde.fr\/wp-content\/uploads\/2022\/03\/IMG_20220326_161006_847.jpg?fit=1200%2C675&ssl=1&resize=700%2C400 2x, https:\/\/i0.wp.com\/humm.loverde.fr\/wp-content\/uploads\/2022\/03\/IMG_20220326_161006_847.jpg?fit=1200%2C675&ssl=1&resize=1050%2C600 3x"},"classes":[]}],"_links":{"self":[{"href":"https:\/\/humm.loverde.fr\/index.php?rest_route=\/wp\/v2\/posts\/3135","targetHints":{"allow":["GET"]}}],"collection":[{"href":"https:\/\/humm.loverde.fr\/index.php?rest_route=\/wp\/v2\/posts"}],"about":[{"href":"https:\/\/humm.loverde.fr\/index.php?rest_route=\/wp\/v2\/types\/post"}],"author":[{"embeddable":true,"href":"https:\/\/humm.loverde.fr\/index.php?rest_route=\/wp\/v2\/users\/1"}],"replies":[{"embeddable":true,"href":"https:\/\/humm.loverde.fr\/index.php?rest_route=%2Fwp%2Fv2%2Fcomments&post=3135"}],"version-history":[{"count":2,"href":"https:\/\/humm.loverde.fr\/index.php?rest_route=\/wp\/v2\/posts\/3135\/revisions"}],"predecessor-version":[{"id":3139,"href":"https:\/\/humm.loverde.fr\/index.php?rest_route=\/wp\/v2\/posts\/3135\/revisions\/3139"}],"wp:featuredmedia":[{"embeddable":true,"href":"https:\/\/humm.loverde.fr\/index.php?rest_route=\/wp\/v2\/media\/3136"}],"wp:attachment":[{"href":"https:\/\/humm.loverde.fr\/index.php?rest_route=%2Fwp%2Fv2%2Fmedia&parent=3135"}],"wp:term":[{"taxonomy":"category","embeddable":true,"href":"https:\/\/humm.loverde.fr\/index.php?rest_route=%2Fwp%2Fv2%2Fcategories&post=3135"},{"taxonomy":"post_tag","embeddable":true,"href":"https:\/\/humm.loverde.fr\/index.php?rest_route=%2Fwp%2Fv2%2Ftags&post=3135"}],"curies":[{"name":"wp","href":"https:\/\/api.w.org\/{rel}","templated":true}]}}