{"id":3211,"date":"2018-09-18T10:19:43","date_gmt":"2018-09-18T09:19:43","guid":{"rendered":"http:\/\/humm.loverde.fr\/?p=3211"},"modified":"2019-08-02T08:20:39","modified_gmt":"2019-08-02T07:20:39","slug":"cake-au-pralin-et-pepites-de-chocolat","status":"publish","type":"post","link":"https:\/\/humm.loverde.fr\/?p=3211","title":{"rendered":"Cake au pralin et p\u00e9pites de chocolat"},"content":{"rendered":"<p>Cake au pralin et p\u00e9pites de chocolat<\/p>\n<p>Le cake au pralin, j&rsquo;ai d\u00e9j\u00e0 fait plusieurs fois. Alors comment se renouveler?<br \/>\nJe n&rsquo;ai pas \u00e9t\u00e9 bien loin, j&rsquo;ai ajout\u00e9 des p\u00e9pites au chocolat noir, bio s&rsquo;il vous pla\u00eet!<br \/>\nPetite improvisisation donc. Vous vous doutez bien que si je publie cette recette in\u00e9dite c&rsquo;est que j&rsquo;ai go\u00fbt\u00e9 et que je me suis r\u00e9gal\u00e9. Je m&rsquo;avance un peu car au moment o\u00f9 j&rsquo;\u00e9cris le cake est en train de cuire.<br \/>\nFinalement il est succulent. Les p\u00e9pites n&rsquo;en ont fait qu&rsquo;\u00e0 leur t\u00eate, \u00e9videmment, et se sont donn\u00e9 rendez-vous sur le fond!<\/p>\n<p><img data-recalc-dims=\"1\" loading=\"lazy\" decoding=\"async\" data-attachment-id=\"3212\" data-permalink=\"https:\/\/humm.loverde.fr\/?attachment_id=3212\" data-orig-file=\"https:\/\/i0.wp.com\/humm.loverde.fr\/wp-content\/uploads\/2018\/08\/Attachment-1.jpeg?fit=2432%2C1368&amp;ssl=1\" data-orig-size=\"2432,1368\" data-comments-opened=\"1\" data-image-meta=\"{&quot;aperture&quot;:&quot;2&quot;,&quot;credit&quot;:&quot;&quot;,&quot;camera&quot;:&quot;SUPER&quot;,&quot;caption&quot;:&quot;&quot;,&quot;created_timestamp&quot;:&quot;1533326093&quot;,&quot;copyright&quot;:&quot;&quot;,&quot;focal_length&quot;:&quot;3.5&quot;,&quot;iso&quot;:&quot;190&quot;,&quot;shutter_speed&quot;:&quot;0.080001000325106&quot;,&quot;title&quot;:&quot;&quot;,&quot;orientation&quot;:&quot;1&quot;}\" data-image-title=\"Cake au pralin\" data-image-description=\"\" data-image-caption=\"\" data-large-file=\"https:\/\/i0.wp.com\/humm.loverde.fr\/wp-content\/uploads\/2018\/08\/Attachment-1.jpeg?fit=960%2C540&amp;ssl=1\" class=\"aligncenter size-large wp-image-3212\" src=\"https:\/\/i0.wp.com\/humm.loverde.fr\/wp-content\/uploads\/2018\/08\/Attachment-1.jpeg?resize=640%2C360&#038;ssl=1\" alt=\"\" width=\"640\" height=\"360\" srcset=\"https:\/\/i0.wp.com\/humm.loverde.fr\/wp-content\/uploads\/2018\/08\/Attachment-1.jpeg?resize=960%2C540&amp;ssl=1 960w, https:\/\/i0.wp.com\/humm.loverde.fr\/wp-content\/uploads\/2018\/08\/Attachment-1.jpeg?resize=595%2C335&amp;ssl=1 595w, https:\/\/i0.wp.com\/humm.loverde.fr\/wp-content\/uploads\/2018\/08\/Attachment-1.jpeg?resize=768%2C432&amp;ssl=1 768w, https:\/\/i0.wp.com\/humm.loverde.fr\/wp-content\/uploads\/2018\/08\/Attachment-1.jpeg?resize=1320%2C743&amp;ssl=1 1320w, https:\/\/i0.wp.com\/humm.loverde.fr\/wp-content\/uploads\/2018\/08\/Attachment-1.jpeg?w=2400&amp;ssl=1 2400w\" sizes=\"auto, (max-width: 640px) 100vw, 640px\" \/><\/p>\n<p>Ingr\u00e9dients<br \/>\n* 3 \u0153ufs<br \/>\n* 125 g de beurre fondu<br \/>\n* 125 g de sucre en poudre<br \/>\n* 125 g de farine<br \/>\n* 100 g de pralin<br \/>\n* 50 g de p\u00e9pites de chocolat<br \/>\n* 1 sachet de levure chimique<br \/>\n* 1 cuill\u00e8re \u00e0 soupe de ruhm, facultatif.<\/p>\n<p>Pr\u00e9paration<br \/>\nPr\u00e9chauffer le four \u00e0 190\u00b0C. D&rsquo;habitude je met 180\u00b0C mais je trouve qu&rsquo;\u00e0 190 le cake a une belle cro\u00fbte tout en \u00e9tant moelleux \u00e0 l&rsquo;int\u00e9rieur.<\/p>\n<p>Passez au fouet le m\u00e9lange sucre et oeufs. Puis ajoutez le beurre, la farine, le pralin et pour finir les p\u00e9pites de chocolat. Encore un petit coup de fouet pour bien homog\u00e9n\u00e9iser le tout.<br \/>\nComme c&rsquo;\u00e9tait un peu \u00e9pais j&rsquo;ai ajout\u00e9 une bonne rasade de rhum, une fois n&rsquo;est pas coutume!<br \/>\nRemplir un moule \u00e0 cake beurr\u00e9-farin\u00e9 avec le m\u00e9lange qui ne doit pas \u00eatre trop \u00e9pais.<br \/>\nNormalement je devrais donner une dur\u00e9e, donc 30 minutes environ. Mais le plus s\u00fbr c&rsquo;est de surveiller et quand on a l&rsquo;impression que c&rsquo;est cuit faire le test du couteau qui doit ressortir parfaitement sec apr\u00e8s avoir \u00e9t\u00e9 plant\u00e9 dans le cake. Bon, il ne faut pas faire 50 tests! mais deux ou trois ne laissent pas de trace.<br \/>\nRemarque<br \/>\nLe ruhm donne un cachet particulier mais je pense que c&rsquo;est \u00e0 cause de lui et de la p\u00e2te trop moelleuse que les p\u00e9pites de chocolat se sont retrouv\u00e9es au fond.<\/p>\n<p>&nbsp;<\/p>\n<table border=\"0\" cellspacing=\"0\" cellpadding=\"0\">\n<tbody>\n<tr>\n<td>\n<table border=\"0\" cellspacing=\"0\" cellpadding=\"0\">\n<tbody>\n<tr>\n<td align=\"left\" valign=\"top\">Christian Loverde<\/td>\n<\/tr>\n<tr>\n<td align=\"left\" valign=\"top\"><\/td>\n<\/tr>\n<\/tbody>\n<\/table>\n<\/td>\n<\/tr>\n<tr>\n<td><a href=\"https:\/\/linkkle.com\/Kris33390\">https:\/\/linkkle.com\/Kris33390<\/a><img loading=\"lazy\" decoding=\"async\" src=\"https:\/\/about.me\/t\/sig?u=ChristianLoverde\" alt=\"sig?u=ChristianLoverde\" width=\"1\" height=\"1\" \/><\/td>\n<\/tr>\n<\/tbody>\n<\/table>\n","protected":false},"excerpt":{"rendered":"<p>Cake au pralin et p\u00e9pites de chocolat Le cake au pralin, j&rsquo;ai d\u00e9j\u00e0 fait plusieurs fois. Alors comment se renouveler? &hellip; <\/p>\n","protected":false},"author":1,"featured_media":3212,"comment_status":"open","ping_status":"closed","sticky":false,"template":"","format":"standard","meta":{"jetpack_post_was_ever_published":false,"_jetpack_newsletter_access":"","_jetpack_dont_email_post_to_subs":false,"_jetpack_newsletter_tier_id":0,"_jetpack_memberships_contains_paywalled_content":false,"_jetpack_memberships_contains_paid_content":false,"footnotes":"","jetpack_publicize_message":"","jetpack_publicize_feature_enabled":true,"jetpack_social_post_already_shared":true,"jetpack_social_options":{"image_generator_settings":{"template":"highway","default_image_id":0,"font":"","enabled":false},"version":2}},"categories":[2],"tags":[329,457,806,805],"class_list":["post-3211","post","type-post","status-publish","format-standard","has-post-thumbnail","hentry","category-recettes","tag-cake","tag-chocolat","tag-pepites","tag-pralin"],"jetpack_publicize_connections":[],"jetpack_featured_media_url":"https:\/\/i0.wp.com\/humm.loverde.fr\/wp-content\/uploads\/2018\/08\/Attachment-1.jpeg?fit=2432%2C1368&ssl=1","jetpack_sharing_enabled":true,"jetpack_shortlink":"https:\/\/wp.me\/p9whbF-PN","jetpack_likes_enabled":true,"jetpack-related-posts":[{"id":8300,"url":"https:\/\/humm.loverde.fr\/?p=8300","url_meta":{"origin":3211,"position":0},"title":"Cake marbr\u00e9 chocolat-pralin","author":"cloverde","date":"6 juin 2023","format":false,"excerpt":"J'h\u00e9sitais entre cake marbr\u00e9 et cake au pralin et j'ai finalement fait un marbr\u00e9 chocolat-pralin. Comme il y a 100g de pralin en plus par rapport \u00e0 un marbr\u00e9 classique j'ai gonfl\u00e9 les ingr\u00e9dients. Ingr\u00e9dients \u2022 4 oeufs \u2022 165 g de farine \u2022 165 g de sucre \u2022 150\u2026","rel":"","context":"Dans &quot;Recettes&quot;","block_context":{"text":"Recettes","link":"https:\/\/humm.loverde.fr\/?cat=2"},"img":{"alt_text":"","src":"https:\/\/i0.wp.com\/humm.loverde.fr\/wp-content\/uploads\/2023\/04\/IMG_20230415_094147_692.jpg?fit=1200%2C540&ssl=1&resize=350%2C200","width":350,"height":200,"srcset":"https:\/\/i0.wp.com\/humm.loverde.fr\/wp-content\/uploads\/2023\/04\/IMG_20230415_094147_692.jpg?fit=1200%2C540&ssl=1&resize=350%2C200 1x, https:\/\/i0.wp.com\/humm.loverde.fr\/wp-content\/uploads\/2023\/04\/IMG_20230415_094147_692.jpg?fit=1200%2C540&ssl=1&resize=525%2C300 1.5x, https:\/\/i0.wp.com\/humm.loverde.fr\/wp-content\/uploads\/2023\/04\/IMG_20230415_094147_692.jpg?fit=1200%2C540&ssl=1&resize=700%2C400 2x, https:\/\/i0.wp.com\/humm.loverde.fr\/wp-content\/uploads\/2023\/04\/IMG_20230415_094147_692.jpg?fit=1200%2C540&ssl=1&resize=1050%2C600 3x"},"classes":[]},{"id":8547,"url":"https:\/\/humm.loverde.fr\/?p=8547","url_meta":{"origin":3211,"position":1},"title":"Mantecaos au pralin","author":"cloverde","date":"29 juillet 2023","format":false,"excerpt":"Vous vous souvenez de mon cake marbr\u00e9 chocolat - pralin du 6 juin ? https:\/\/humm.loverde.fr\/cake-marbre-chocolat-pralin\/ Cette manie d'acheter en gros... bon faut pas trop exag\u00e9rer, le sachet de 200 g au lieu du sachet habituel de 100 g. En plus je n'ai m\u00eame pas v\u00e9rifi\u00e9 si c'\u00e9tait plus avantageux c\u00f4t\u00e9\u2026","rel":"","context":"Dans &quot;recette&quot;","block_context":{"text":"recette","link":"https:\/\/humm.loverde.fr\/?cat=1052"},"img":{"alt_text":"","src":"https:\/\/i0.wp.com\/humm.loverde.fr\/wp-content\/uploads\/2023\/06\/IMG_20230622_083233_36.jpg?fit=1200%2C540&ssl=1&resize=350%2C200","width":350,"height":200,"srcset":"https:\/\/i0.wp.com\/humm.loverde.fr\/wp-content\/uploads\/2023\/06\/IMG_20230622_083233_36.jpg?fit=1200%2C540&ssl=1&resize=350%2C200 1x, https:\/\/i0.wp.com\/humm.loverde.fr\/wp-content\/uploads\/2023\/06\/IMG_20230622_083233_36.jpg?fit=1200%2C540&ssl=1&resize=525%2C300 1.5x, https:\/\/i0.wp.com\/humm.loverde.fr\/wp-content\/uploads\/2023\/06\/IMG_20230622_083233_36.jpg?fit=1200%2C540&ssl=1&resize=700%2C400 2x, https:\/\/i0.wp.com\/humm.loverde.fr\/wp-content\/uploads\/2023\/06\/IMG_20230622_083233_36.jpg?fit=1200%2C540&ssl=1&resize=1050%2C600 3x"},"classes":[]},{"id":9702,"url":"https:\/\/humm.loverde.fr\/?p=9702","url_meta":{"origin":3211,"position":2},"title":"Cookies aux p\u00e9pites de chocolat","author":"cloverde","date":"13 f\u00e9vrier 2024","format":false,"excerpt":"J'avais achet\u00e9 des p\u00e9pites de chocolat pour les utiliser je sais plus o\u00f9 et je ne les ai pas utilis\u00e9es, alors j'ai fait la recette qui \u00e9tait marqu\u00e9e sur le paquet. Il n'y avait que 100 g de p\u00e9pites de chocolat alors je n'ai mis que 100 g. Ingr\u00e9dients pour\u2026","rel":"","context":"Dans &quot;Recettes&quot;","block_context":{"text":"Recettes","link":"https:\/\/humm.loverde.fr\/?cat=2"},"img":{"alt_text":"","src":"https:\/\/i0.wp.com\/humm.loverde.fr\/wp-content\/uploads\/2024\/02\/IMG_20240206_083153_591.jpg?fit=1200%2C540&ssl=1&resize=350%2C200","width":350,"height":200,"srcset":"https:\/\/i0.wp.com\/humm.loverde.fr\/wp-content\/uploads\/2024\/02\/IMG_20240206_083153_591.jpg?fit=1200%2C540&ssl=1&resize=350%2C200 1x, https:\/\/i0.wp.com\/humm.loverde.fr\/wp-content\/uploads\/2024\/02\/IMG_20240206_083153_591.jpg?fit=1200%2C540&ssl=1&resize=525%2C300 1.5x, https:\/\/i0.wp.com\/humm.loverde.fr\/wp-content\/uploads\/2024\/02\/IMG_20240206_083153_591.jpg?fit=1200%2C540&ssl=1&resize=700%2C400 2x, https:\/\/i0.wp.com\/humm.loverde.fr\/wp-content\/uploads\/2024\/02\/IMG_20240206_083153_591.jpg?fit=1200%2C540&ssl=1&resize=1050%2C600 3x"},"classes":[]},{"id":10381,"url":"https:\/\/humm.loverde.fr\/?p=10381","url_meta":{"origin":3211,"position":3},"title":"G\u00e2teau \u00e0 la banane","author":"cloverde","date":"18 juin 2024","format":false,"excerpt":"Recette envoy\u00e9e par ma maman qui aime toujours faire des d\u00e9couvertes pour changer de la routine du traditionnel. \u00c7a tombe bien parce que les bananes m\u00fbrissent toujours trop vite. Ingr\u00e9dients 3 bananes bien m\u00fbres \u00e9cras\u00e9es 100g de sucre en poudre 200g de farine 1 paquet de levure chimique 1 cuill\u00e8re\u2026","rel":"","context":"Dans &quot;Recettes&quot;","block_context":{"text":"Recettes","link":"https:\/\/humm.loverde.fr\/?cat=2"},"img":{"alt_text":"","src":"https:\/\/i0.wp.com\/humm.loverde.fr\/wp-content\/uploads\/2024\/05\/IMG_20240524_155348_267.jpg?fit=1200%2C540&ssl=1&resize=350%2C200","width":350,"height":200,"srcset":"https:\/\/i0.wp.com\/humm.loverde.fr\/wp-content\/uploads\/2024\/05\/IMG_20240524_155348_267.jpg?fit=1200%2C540&ssl=1&resize=350%2C200 1x, https:\/\/i0.wp.com\/humm.loverde.fr\/wp-content\/uploads\/2024\/05\/IMG_20240524_155348_267.jpg?fit=1200%2C540&ssl=1&resize=525%2C300 1.5x, https:\/\/i0.wp.com\/humm.loverde.fr\/wp-content\/uploads\/2024\/05\/IMG_20240524_155348_267.jpg?fit=1200%2C540&ssl=1&resize=700%2C400 2x, https:\/\/i0.wp.com\/humm.loverde.fr\/wp-content\/uploads\/2024\/05\/IMG_20240524_155348_267.jpg?fit=1200%2C540&ssl=1&resize=1050%2C600 3x"},"classes":[]},{"id":8080,"url":"https:\/\/humm.loverde.fr\/?p=8080","url_meta":{"origin":3211,"position":4},"title":"Cake marbr\u00e9 facile","author":"cloverde","date":"7 f\u00e9vrier 2023","format":false,"excerpt":"Ce cake n'\u00e9tait pas pr\u00e9vu au programme mais le chocolat en poudre que nous avons trouv\u00e9 ne convenant pas pour un bon chocolat chaud, il fallait bien en faire quelque chose. C'est quand m\u00eame la premi\u00e8re fois que je cuit un cake \u00e0 160\u00b0C Ingr\u00e9dients \u2022 3 \u0153ufs \u2022 150\u2026","rel":"","context":"Dans &quot;Recettes&quot;","block_context":{"text":"Recettes","link":"https:\/\/humm.loverde.fr\/?cat=2"},"img":{"alt_text":"","src":"https:\/\/i0.wp.com\/humm.loverde.fr\/wp-content\/uploads\/2023\/02\/IMG_20230207_004937_844.jpg?fit=1024%2C602&ssl=1&resize=350%2C200","width":350,"height":200,"srcset":"https:\/\/i0.wp.com\/humm.loverde.fr\/wp-content\/uploads\/2023\/02\/IMG_20230207_004937_844.jpg?fit=1024%2C602&ssl=1&resize=350%2C200 1x, https:\/\/i0.wp.com\/humm.loverde.fr\/wp-content\/uploads\/2023\/02\/IMG_20230207_004937_844.jpg?fit=1024%2C602&ssl=1&resize=525%2C300 1.5x, https:\/\/i0.wp.com\/humm.loverde.fr\/wp-content\/uploads\/2023\/02\/IMG_20230207_004937_844.jpg?fit=1024%2C602&ssl=1&resize=700%2C400 2x"},"classes":[]},{"id":3529,"url":"https:\/\/humm.loverde.fr\/?p=3529","url_meta":{"origin":3211,"position":5},"title":"Cake marbr\u00e9","author":"cloverde","date":"29 janvier 2019","format":false,"excerpt":"Cake marbr\u00e9 Envie de cake mais pas grand chose dans les placards ni dans le frigo, pas de fruits confits, pas de raisins secs, rien, nada ! Mais du cacao en poudre et les ingr\u00e9dients de base qu'il y a dans une maison m\u00eame quand le frigo est quasiment vide\u2026","rel":"","context":"Dans &quot;Recettes&quot;","block_context":{"text":"Recettes","link":"https:\/\/humm.loverde.fr\/?cat=2"},"img":{"alt_text":"","src":"https:\/\/i0.wp.com\/humm.loverde.fr\/wp-content\/uploads\/2019\/01\/attachment-2-1.png?fit=800%2C450&ssl=1&resize=350%2C200","width":350,"height":200,"srcset":"https:\/\/i0.wp.com\/humm.loverde.fr\/wp-content\/uploads\/2019\/01\/attachment-2-1.png?fit=800%2C450&ssl=1&resize=350%2C200 1x, https:\/\/i0.wp.com\/humm.loverde.fr\/wp-content\/uploads\/2019\/01\/attachment-2-1.png?fit=800%2C450&ssl=1&resize=525%2C300 1.5x, https:\/\/i0.wp.com\/humm.loverde.fr\/wp-content\/uploads\/2019\/01\/attachment-2-1.png?fit=800%2C450&ssl=1&resize=700%2C400 2x"},"classes":[]}],"_links":{"self":[{"href":"https:\/\/humm.loverde.fr\/index.php?rest_route=\/wp\/v2\/posts\/3211","targetHints":{"allow":["GET"]}}],"collection":[{"href":"https:\/\/humm.loverde.fr\/index.php?rest_route=\/wp\/v2\/posts"}],"about":[{"href":"https:\/\/humm.loverde.fr\/index.php?rest_route=\/wp\/v2\/types\/post"}],"author":[{"embeddable":true,"href":"https:\/\/humm.loverde.fr\/index.php?rest_route=\/wp\/v2\/users\/1"}],"replies":[{"embeddable":true,"href":"https:\/\/humm.loverde.fr\/index.php?rest_route=%2Fwp%2Fv2%2Fcomments&post=3211"}],"version-history":[{"count":2,"href":"https:\/\/humm.loverde.fr\/index.php?rest_route=\/wp\/v2\/posts\/3211\/revisions"}],"predecessor-version":[{"id":3215,"href":"https:\/\/humm.loverde.fr\/index.php?rest_route=\/wp\/v2\/posts\/3211\/revisions\/3215"}],"wp:featuredmedia":[{"embeddable":true,"href":"https:\/\/humm.loverde.fr\/index.php?rest_route=\/wp\/v2\/media\/3212"}],"wp:attachment":[{"href":"https:\/\/humm.loverde.fr\/index.php?rest_route=%2Fwp%2Fv2%2Fmedia&parent=3211"}],"wp:term":[{"taxonomy":"category","embeddable":true,"href":"https:\/\/humm.loverde.fr\/index.php?rest_route=%2Fwp%2Fv2%2Fcategories&post=3211"},{"taxonomy":"post_tag","embeddable":true,"href":"https:\/\/humm.loverde.fr\/index.php?rest_route=%2Fwp%2Fv2%2Ftags&post=3211"}],"curies":[{"name":"wp","href":"https:\/\/api.w.org\/{rel}","templated":true}]}}