{"id":3216,"date":"2018-09-02T10:28:19","date_gmt":"2018-09-02T09:28:19","guid":{"rendered":"http:\/\/humm.loverde.fr\/?p=3216"},"modified":"2019-07-30T07:37:40","modified_gmt":"2019-07-30T06:37:40","slug":"la-musique-de-la-tache","status":"publish","type":"post","link":"https:\/\/humm.loverde.fr\/?p=3216","title":{"rendered":"La musique de la tache"},"content":{"rendered":"<p>La musique de la tache, livre de Philip Roth<\/p>\n<p><img data-recalc-dims=\"1\" loading=\"lazy\" decoding=\"async\" data-attachment-id=\"3217\" data-permalink=\"https:\/\/humm.loverde.fr\/?attachment_id=3217\" data-orig-file=\"https:\/\/i0.wp.com\/humm.loverde.fr\/wp-content\/uploads\/2018\/08\/Attachment-1-1.jpeg?fit=1280%2C1182&amp;ssl=1\" data-orig-size=\"1280,1182\" data-comments-opened=\"1\" data-image-meta=\"{&quot;aperture&quot;:&quot;0&quot;,&quot;credit&quot;:&quot;&quot;,&quot;camera&quot;:&quot;&quot;,&quot;caption&quot;:&quot;&quot;,&quot;created_timestamp&quot;:&quot;0&quot;,&quot;copyright&quot;:&quot;&quot;,&quot;focal_length&quot;:&quot;0&quot;,&quot;iso&quot;:&quot;0&quot;,&quot;shutter_speed&quot;:&quot;0&quot;,&quot;title&quot;:&quot;&quot;,&quot;orientation&quot;:&quot;1&quot;}\" data-image-title=\"La musique de la tache de Philip Roth\" data-image-description=\"\" data-image-caption=\"\" data-large-file=\"https:\/\/i0.wp.com\/humm.loverde.fr\/wp-content\/uploads\/2018\/08\/Attachment-1-1.jpeg?fit=960%2C887&amp;ssl=1\" class=\"aligncenter size-large wp-image-3217\" src=\"https:\/\/i0.wp.com\/humm.loverde.fr\/wp-content\/uploads\/2018\/08\/Attachment-1-1.jpeg?resize=640%2C591&#038;ssl=1\" alt=\"\" width=\"640\" height=\"591\" srcset=\"https:\/\/i0.wp.com\/humm.loverde.fr\/wp-content\/uploads\/2018\/08\/Attachment-1-1.jpeg?resize=960%2C887&amp;ssl=1 960w, https:\/\/i0.wp.com\/humm.loverde.fr\/wp-content\/uploads\/2018\/08\/Attachment-1-1.jpeg?resize=595%2C549&amp;ssl=1 595w, https:\/\/i0.wp.com\/humm.loverde.fr\/wp-content\/uploads\/2018\/08\/Attachment-1-1.jpeg?resize=768%2C709&amp;ssl=1 768w, https:\/\/i0.wp.com\/humm.loverde.fr\/wp-content\/uploads\/2018\/08\/Attachment-1-1.jpeg?w=1280&amp;ssl=1 1280w\" sizes=\"auto, (max-width: 640px) 100vw, 640px\" \/><\/p>\n<p>.-. Le film<br \/>\nEn cherchant plus de d\u00e9tail sur le livre pour savoir, ce que j&rsquo;apprends arriv\u00e9 au tiers du livre, si Coleman est noir, je suis tomb\u00e9 sur le film \u00ab\u00a0La couleur du mensonge\u00a0\u00bb<br \/>\n<a href=\"https:\/\/www.youtube.com\/watch?v=kLA7g4c4NUw\">https:\/\/www.youtube.com\/watch?v=kLA7g4c4NUw<\/a><br \/>\nsorti en 2003 adaptation du livre sorti lui en 2002. Film moyennement appr\u00e9ci\u00e9 par les critiques. Pass\u00e9 \u00e0 la t\u00e9l\u00e9 le lundi 30 juillet 2018 \u00e0 20h55 sur \u00d4.<\/p>\n<p>.-. Le livre<br \/>\nUN LIVRE AM\u00c9RICAIN POUR L&rsquo;\u00c9T\u00c9 mercredi 20 juillet 2016<br \/>\n<a href=\"https:\/\/www.franceinter.fr\/emissions\/un-livre-americain-pour-l-ete\/un-livre-americain-pour-l-ete-20-juillet-2016\">https:\/\/www.franceinter.fr\/emissions\/un-livre-americain-pour-l-ete\/un-livre-americain-pour-l-ete-20-juillet-2016<\/a><\/p>\n<p>.-. Le sujet initial de cette note<br \/>\nLe livre est ponctu\u00e9 de citations musicales bien document\u00e9es sur les diff\u00e9rentes \u00e9poques du r\u00e9cit. Ce qui m&rsquo;a donn\u00e9 l&rsquo;id\u00e9e d&rsquo;en faire l&rsquo;inventaire avec des extraits du texte pour le contexte.<\/p>\n<p>1. \u00ab Curieusement, me dit-il, la \u00ab grande musique \u00bb entendue toute sa vie d\u2019adulte ne l\u2019avait jamais remu\u00e9 comme ce bon vieux swing le faisait encore aujourd\u2019hui : \u00ab Tout sto\u00efcisme m\u2019abandonne, et alors mon d\u00e9sir de ne pas mourir, de ne jamais mourir est presque insupportable. Et il me suffit d\u2019\u00e9couter Vaughn Monroe. \u00bb<br \/>\n<a href=\"https:\/\/youtu.be\/b7q9G6hhGs4\">https:\/\/youtu.be\/b7q9G6hhGs4<\/a><\/p>\n<p>2. \u00ab Certains soirs, chaque phrase de chaque chanson prenait un sens si bizarrement capital qu\u2019il finissait par se mettre \u00e0 danser tout seul le fox-trot, cette danse monotone, sans inspiration, o\u00f9 il suffisait de tra\u00eener les pieds et de se laisser porter par le rythme, mais aussi cette danse fabuleusement efficace pour se mettre dans l\u2019ambiance quand il la dansait avec les filles du lyc\u00e9e d\u2019East Orange, contre lesquelles il plaquait \u00e0 travers son pantalon ses premi\u00e8res \u00e9rections dignes de ce nom. Pendant qu\u2019il dansait, me dit-il, rien de ce qu\u2019il \u00e9prouvait n\u2019\u00e9tait simul\u00e9, ni la terreur (de l\u2019an\u00e9antissement) ni l\u2019extase (\u00e0 l\u2019\u00e9coute de \u00ab Tu soupires et c\u2019est une chanson, tu parles et j\u2019entends des violons \u00bb). \u00bb (You sigh and it&rsquo;s a song, you speak and I hear violins)<br \/>\n<a href=\"https:\/\/youtu.be\/JRp1LZOk05o\">https:\/\/youtu.be\/JRp1LZOk05o<\/a><\/p>\n<p>3. Les larmes qu\u2019il versait \u00e9taient spontan\u00e9es, m\u00eame s\u2019il \u00e9tait le premier surpris de constater que d\u00e8s qu\u2019il entendait Helen O\u2019Connell et Bob Eberly chanter les strophes altern\u00e9es de Green Eyes<br \/>\n<a href=\"https:\/\/youtu.be\/pbAlu3krd4w\">https:\/\/youtu.be\/pbAlu3krd4w<\/a><\/p>\n<p>4. Toute r\u00e9sistance l\u2019abandonnait, et m\u00eame s\u2019il n\u2019en revenait pas de constater combien il \u00e9tait facile pour Jimmy et Tommy Dorsey de le transformer en vieillard vuln\u00e9rable, personnage qu\u2019il n\u2019aurait jamais cru \u00eatre.<br \/>\n<a href=\"https:\/\/youtu.be\/OIO4rlaWPTI\">https:\/\/youtu.be\/OIO4rlaWPTI<\/a><\/p>\n<p>5. Mais que les gens n\u00e9s en 1926 essaient un peu de rester tout seuls chez eux un samedi soir de 1998, et d\u2019\u00e9couter Dick Haymes chanter These Little White Lies. \u00bb<br \/>\n<a href=\"https:\/\/youtu.be\/TYKP0yfGWBI\">https:\/\/youtu.be\/TYKP0yfGWBI<\/a><\/p>\n<p>6.<br \/>\n\u00ab Lorsque je me suis gliss\u00e9 chez lui par la porte-moustiquaire de la cuisine, sur le c\u00f4t\u00e9 de la maison, Coleman \u00e9tait en train de faire la vaisselle de son d\u00eener. Comme il \u00e9tait pench\u00e9 sur l\u2019\u00e9vier, que le robinet coulait, que la radio jouait \u00e0 tue-t\u00eate, et qu\u2019il chantait avec Frank Sinatra jeune Everything Happens to Me, il ne m\u2019a pas entendu entrer. \u00bb<br \/>\n\u00ab Frank Sinatra jeune Everything Happens to Me \u00bb<br \/>\n<a href=\"https:\/\/youtu.be\/q9HfWEB38Ow\">https:\/\/youtu.be\/q9HfWEB38Ow<\/a><\/p>\n<p>7. Mais bient\u00f4t, apr\u00e8s d\u2019autres \u00e9changes, si j\u2019arrive \u00e0 trouver ce que je veux dire.\u201d (\u201cPr\u00eate\u201d \u00e0 quoi, je ne saurais pas dire. Pas seulement \u00e0 faire l\u2019amour. Pr\u00eate \u00e0 \u00eatre.) Mais \u00e0 ce moment-l\u00e0, Coleman, tu as fondu sur moi, tu as travers\u00e9 la moiti\u00e9 de la pi\u00e8ce en un clin d\u2019\u0153il ; j\u2019\u00e9tais sid\u00e9r\u00e9e, mais ravie. C\u2019\u00e9tait trop t\u00f4t, mais \u00e7a ne l\u2019\u00e9tait pas.<br \/>\nIl a cess\u00e9 de lire en entendant, \u00e0 la radio, les premi\u00e8res mesures de Bewitched, Bothered and Bewildered chant\u00e9 par Sinatra. \u00ab Il faut que je danse, dit-il, vous dansez ?<br \/>\nFrank Sinatra \u00ab\u00a0Bewitched, Bothered and Bewildered \u00a0\u00bb<br \/>\n<a href=\"https:\/\/youtu.be\/ZWkOgsPv0bg\">https:\/\/youtu.be\/ZWkOgsPv0bg<\/a><\/p>\n<p>8. De plus, en 1937, pour le 4-Juillet, malgr\u00e9 le prix des billets, Mr Silk les emmena tous au Music Box Theatre de Broadway pour voir George M. Cohan dans I\u2019d Rather Be Right.<br \/>\n<a href=\"https:\/\/youtu.be\/bV-U1DJxsAM\">https:\/\/youtu.be\/bV-U1DJxsAM<\/a><\/p>\n<p>9. \u00ab Elle \u00e9tait en train de se d\u00e9shabiller ; la radio marchait \u2014 c\u2019\u00e9tait Symphony Sid \u2014 et d\u2019abord, pour la mettre en train, pour la mettre dans l\u2019ambiance, il y eut Count Basie et une bande de musiciens de jazz qui jammaient sur Lady Be Good, un enregistrement live, d\u00e9brid\u00e9 ; apr\u00e8s quoi, encore du Gershwin, la version de The Man I Love par Artie Shaw, avec Roy Eldridge pour faire monter la pression. \u00bb<br \/>\nSymphonie Sid<br \/>\n<a href=\"https:\/\/youtu.be\/I2Va1tDBeKc\">https:\/\/youtu.be\/I2Va1tDBeKc<\/a><\/p>\n<p>Count Basie Lady be good<br \/>\n<a href=\"https:\/\/youtu.be\/OMcOqypA9tA\">https:\/\/youtu.be\/OMcOqypA9tA<\/a><\/p>\n<p>The man i love artie shaw<\/p>\n<p>10.<br \/>\n\u00ab Danse pour moi.<br \/>\nIls sont ensemble depuis six mois, \u00e0 peu pr\u00e8s, alors un soir, il lui dit : \u00ab Allez, danse pour moi \u00bb, et dans la chambre, il met le CD de The Man I Love, celui avec les arrangements d\u2019Artie Shaw, et Roy Eldridge \u00e0 la trompette. Danse pour moi, dit-il en desserrant son \u00e9treinte et en lui d\u00e9signant le plancher, au pied du lit. Et elle, sans se troubler, se l\u00e8ve de ce lit o\u00f9 elle \u00e9tait en train de sentir l\u2019odeur, l\u2019odeur de Coleman d\u00e9shabill\u00e9, de son corps dor\u00e9 au soleil ; elle se l\u00e8ve de ce lit o\u00f9 elle \u00e9tait blottie, nich\u00e9e contre son flanc nu, les dents et la langue encore toutes blanches de son foutre, sa main pos\u00e9e doigts \u00e9cart\u00e9s sur le bas-ventre de cet homme, la touffe de poils cr\u00e9pus et poisseux. \u00bb<br \/>\n<a href=\"https:\/\/youtu.be\/OvHmR5Oxr5c\">https:\/\/youtu.be\/OvHmR5Oxr5c<\/a><br \/>\n<a href=\"https:\/\/youtu.be\/oh4ntia0hOE\">https:\/\/youtu.be\/oh4ntia0hOE<\/a><\/p>\n<p>11.<br \/>\n\u00ab Entre Bronfman pour jouer Prokofiev \u00e0 un tel tempo, avec une telle fougue qu\u2019il met ma morbidit\u00e9 K.-O. \u00bb<br \/>\nYefin Bronfman, Prokofiev:<br \/>\n<a href=\"https:\/\/youtu.be\/t0MnPEjosl0\">https:\/\/youtu.be\/t0MnPEjosl0<\/a><\/p>\n<p>12.<br \/>\n\u00ab Lorsque Keble, descendu de l\u2019estrade, a serr\u00e9 la main \u00e0 chacun des enfants Silk avant de retourner \u00e0 sa place, ce geste simple n\u2019a fait qu\u2019intensifier l\u2019exaltation presque violente n\u00e9e de son discours. Qu\u2019allait-il se passer \u00e0 pr\u00e9sent ? Pendant un instant, ce fut le vide. Le silence, le cercueil, la foule ivre d\u2019\u00e9motion. Puis Lisa s\u2019est lev\u00e9e, a mont\u00e9 les quelques marches et, depuis le lutrin, a annonc\u00e9 : \u00ab Le dernier mouvement de la Troisi\u00e8me Symphonie de Mahler. \u00bb C\u2019est tout. Ils ont fait sauter tous les verrous. Ils ont pass\u00e9 du Mahler. \u00bb<br \/>\n<a href=\"https:\/\/youtu.be\/fevecMO0pKE\">https:\/\/youtu.be\/fevecMO0pKE<\/a><\/p>\n<p>\u00ab Pour ma part, en tout cas, je crois que rien d\u2019autre au monde n\u2019aurait pu me d\u00e9chirer autant, sauf d\u2019entendre Steena Palsson dans sa version de The Man I Love, tel qu\u2019elle l\u2019avait interpr\u00e9t\u00e9 au pied du lit de Coleman, dans Sullivan Street, en 1948. \u00bb<\/p>\n<p>Extraits de : Philip, Roth. \u00ab La Tache. \u00bb Folio, 2011-09-24T22:00:00+00:00. iBooks.<br \/>\nCe contenu est peut-\u00eatre prot\u00e9g\u00e9 par des droits d\u2019auteur.<\/p>\n<p>.-. Toutes les vid\u00e9os dans une playlist:<br \/>\n<a href=\"https:\/\/www.youtube.com\/playlist?list=PLBb1SVPWohwmyq9bCmo2QFYAw-pE24qzk\">https:\/\/www.youtube.com\/playlist?list=PLBb1SVPWohwmyq9bCmo2QFYAw-pE24qzk<\/a><\/p>\n<p>.-. Pour finir, un petit clin d&rsquo;\u0153il de L\u00e9o Ferr\u00e9: \u00e9coutez \u00e0 partir de 2:06<br \/>\n<a href=\"https:\/\/youtu.be\/7zmaNt8Ifaw\">https:\/\/youtu.be\/7zmaNt8Ifaw<\/a><\/p>\n<table border=\"0\" cellspacing=\"0\" cellpadding=\"0\">\n<tbody>\n<tr>\n<td>\n<table border=\"0\" cellspacing=\"0\" cellpadding=\"0\">\n<tbody>\n<tr>\n<td align=\"left\" valign=\"top\">Christian Loverde<\/td>\n<\/tr>\n<tr>\n<td align=\"left\" valign=\"top\"><\/td>\n<\/tr>\n<\/tbody>\n<\/table>\n<\/td>\n<\/tr>\n<tr>\n<td><a href=\"https:\/\/linkkle.com\/Kris33390\">https:\/\/linkkle.com\/Kris33390<\/a><img loading=\"lazy\" decoding=\"async\" src=\"https:\/\/about.me\/t\/sig?u=ChristianLoverde\" alt=\"sig?u=ChristianLoverde\" width=\"1\" height=\"1\" \/><\/td>\n<\/tr>\n<\/tbody>\n<\/table>\n","protected":false},"excerpt":{"rendered":"<p>La musique de la tache, livre de Philip Roth .-. Le film En cherchant plus de d\u00e9tail sur le livre &hellip; <\/p>\n","protected":false},"author":1,"featured_media":3217,"comment_status":"open","ping_status":"closed","sticky":false,"template":"","format":"standard","meta":{"jetpack_post_was_ever_published":false,"_jetpack_newsletter_access":"","_jetpack_dont_email_post_to_subs":false,"_jetpack_newsletter_tier_id":0,"_jetpack_memberships_contains_paywalled_content":false,"_jetpack_memberships_contains_paid_content":false,"footnotes":"","jetpack_publicize_message":"","jetpack_publicize_feature_enabled":true,"jetpack_social_post_already_shared":true,"jetpack_social_options":{"image_generator_settings":{"template":"highway","default_image_id":0,"font":"","enabled":false},"version":2}},"categories":[233],"tags":[181,808,809,405,807],"class_list":["post-3216","post","type-post","status-publish","format-standard","has-post-thumbnail","hentry","category-musique","tag-film","tag-la-tache","tag-livre","tag-musique","tag-philip-roth"],"jetpack_publicize_connections":[],"jetpack_featured_media_url":"https:\/\/i0.wp.com\/humm.loverde.fr\/wp-content\/uploads\/2018\/08\/Attachment-1-1.jpeg?fit=1280%2C1182&ssl=1","jetpack_sharing_enabled":true,"jetpack_shortlink":"https:\/\/wp.me\/p9whbF-PS","jetpack_likes_enabled":true,"jetpack-related-posts":[{"id":517,"url":"https:\/\/humm.loverde.fr\/?p=517","url_meta":{"origin":3216,"position":0},"title":"La l\u00e9gende du pianiste sur l&rsquo;oc\u00e9an","author":"cloverde","date":"2 mai 2015","format":false,"excerpt":"La leggenda del pianista sull'oceano est un\u00a0film italien\u00a0r\u00e9alis\u00e9 par\u00a0Giuseppe Tornatore et sorti en\u00a01998. Il est tir\u00e9 d'une pi\u00e8ce th\u00e9\u00e2trale sous forme de monologue,\u00a0Novecento\u00a0(c'est-\u00e0-dire 1900, publi\u00e9 en\u00a01994), d'Alessandro Baricco. Source wikimachin. \u00a0 \u00c0 l'aube du\u00a0xxe\u00a0si\u00e8cle, dans une salle de banquet vide, Danny, l'un des machinistes du paquebot\u00a0Virginian, d\u00e9couvre un b\u00e9b\u00e9 abandonn\u00e9.\u2026","rel":"","context":"Dans &quot;Cin\u00e9ma&quot;","block_context":{"text":"Cin\u00e9ma","link":"https:\/\/humm.loverde.fr\/?cat=138"},"img":{"alt_text":"","src":"https:\/\/i0.wp.com\/humm.loverde.fr\/wp-content\/uploads\/2015\/05\/IMG_3478.jpg?resize=350%2C200&ssl=1","width":350,"height":200,"srcset":"https:\/\/i0.wp.com\/humm.loverde.fr\/wp-content\/uploads\/2015\/05\/IMG_3478.jpg?resize=350%2C200&ssl=1 1x, https:\/\/i0.wp.com\/humm.loverde.fr\/wp-content\/uploads\/2015\/05\/IMG_3478.jpg?resize=525%2C300&ssl=1 1.5x, https:\/\/i0.wp.com\/humm.loverde.fr\/wp-content\/uploads\/2015\/05\/IMG_3478.jpg?resize=700%2C400&ssl=1 2x"},"classes":[]},{"id":4749,"url":"https:\/\/humm.loverde.fr\/?p=4749","url_meta":{"origin":3216,"position":1},"title":"Martin Eden","author":"cloverde","date":"23 janvier 2020","format":false,"excerpt":"Martin Eden \u00c0 l'origine c'est un livre de Jack London que j'avais pr\u00e9vu de lire. \u00c7a tombe bien il est sorti un film italien projet\u00e9 au Zoetrope pour lequel Lucas Marinelli \u00e0 obtenu la coupe Volpi du meilleur acteur \u00e0 la mostra de Venise 2019. Film de Pietro Marcello Drame\u2026","rel":"","context":"Dans &quot;lecture&quot;","block_context":{"text":"lecture","link":"https:\/\/humm.loverde.fr\/?cat=1068"},"img":{"alt_text":"","src":"https:\/\/i0.wp.com\/humm.loverde.fr\/wp-content\/uploads\/2020\/01\/attachment-11.png?fit=450%2C600&ssl=1&resize=350%2C200","width":350,"height":200},"classes":[]},{"id":7943,"url":"https:\/\/humm.loverde.fr\/?p=7943","url_meta":{"origin":3216,"position":2},"title":"Une playlist","author":"cloverde","date":"12 novembre 2022","format":false,"excerpt":"La lecture de \"Au paradis je demeure\" de Attica Locke m'a fait (re)d\u00e9couvrir le blues du sud des \u00e9tats-unis. Qu'elle soit interpr\u00e9t\u00e9e par un noir ou un blanc, et, bien que cette musique ne fasse pas partie d'un quelconque h\u00e9ritage culturel, j'y reviens souvent parce que je suis attir\u00e9 par\u2026","rel":"","context":"Dans &quot;Musique&quot;","block_context":{"text":"Musique","link":"https:\/\/humm.loverde.fr\/?cat=233"},"img":{"alt_text":"","src":"https:\/\/i0.wp.com\/humm.loverde.fr\/wp-content\/uploads\/2022\/11\/IMG_20221109_123929_728.jpg?fit=1080%2C1080&ssl=1&resize=350%2C200","width":350,"height":200,"srcset":"https:\/\/i0.wp.com\/humm.loverde.fr\/wp-content\/uploads\/2022\/11\/IMG_20221109_123929_728.jpg?fit=1080%2C1080&ssl=1&resize=350%2C200 1x, https:\/\/i0.wp.com\/humm.loverde.fr\/wp-content\/uploads\/2022\/11\/IMG_20221109_123929_728.jpg?fit=1080%2C1080&ssl=1&resize=525%2C300 1.5x, https:\/\/i0.wp.com\/humm.loverde.fr\/wp-content\/uploads\/2022\/11\/IMG_20221109_123929_728.jpg?fit=1080%2C1080&ssl=1&resize=700%2C400 2x, https:\/\/i0.wp.com\/humm.loverde.fr\/wp-content\/uploads\/2022\/11\/IMG_20221109_123929_728.jpg?fit=1080%2C1080&ssl=1&resize=1050%2C600 3x"},"classes":[]},{"id":3262,"url":"https:\/\/humm.loverde.fr\/?p=3262","url_meta":{"origin":3216,"position":3},"title":"Lectures de l&rsquo;\u00e9t\u00e9 2018","author":"cloverde","date":"16 septembre 2018","format":false,"excerpt":"Lectures de l'\u00e9t\u00e9 2018 Au d\u00e9but de l'\u00e9t\u00e9 j'avais plein d'envies de lectures. Comme pr\u00e9vu je n'ai pas tout lu. .-. Les envies \u2022 \"Marx et la poup\u00e9e\" et \"L'art de perdre\" qui auront une certaine r\u00e9sonance puisque parlant des racines d'un immigr\u00e9 en France et fran\u00e7ais. \u2022 Margaret Atwood,\u2026","rel":"","context":"Dans &quot;Lectures&quot;","block_context":{"text":"Lectures","link":"https:\/\/humm.loverde.fr\/?cat=1"},"img":{"alt_text":"","src":"https:\/\/i0.wp.com\/humm.loverde.fr\/wp-content\/uploads\/2018\/09\/Attachment-5-e1537079348130.jpeg?fit=800%2C498&ssl=1&resize=350%2C200","width":350,"height":200,"srcset":"https:\/\/i0.wp.com\/humm.loverde.fr\/wp-content\/uploads\/2018\/09\/Attachment-5-e1537079348130.jpeg?fit=800%2C498&ssl=1&resize=350%2C200 1x, https:\/\/i0.wp.com\/humm.loverde.fr\/wp-content\/uploads\/2018\/09\/Attachment-5-e1537079348130.jpeg?fit=800%2C498&ssl=1&resize=525%2C300 1.5x, https:\/\/i0.wp.com\/humm.loverde.fr\/wp-content\/uploads\/2018\/09\/Attachment-5-e1537079348130.jpeg?fit=800%2C498&ssl=1&resize=700%2C400 2x"},"classes":[]},{"id":4938,"url":"https:\/\/humm.loverde.fr\/?p=4938","url_meta":{"origin":3216,"position":4},"title":"Lectures du confinement","author":"cloverde","date":"4 avril 2020","format":false,"excerpt":"Comme tout le monde, je pense, je lis beaucoup, des livres, des News et des livres et des News... Je viens de terminer une relecture de Philip K. Dick, \" Le Ma\u00eetre du haut ch\u00e2teau \" voir l'article que j'ai \u00e9crit l\u00e0-dessus, paru le 28 mars : https:\/\/humm.loverde.fr\/le-maitre-du-haut-chateau\/ \u00c0 propos\u2026","rel":"","context":"Dans &quot;Actuel&quot;","block_context":{"text":"Actuel","link":"https:\/\/humm.loverde.fr\/?cat=13"},"img":{"alt_text":"","src":"https:\/\/i0.wp.com\/humm.loverde.fr\/wp-content\/uploads\/2020\/03\/attachment-14.png?fit=512%2C288&ssl=1&resize=350%2C200","width":350,"height":200},"classes":[]},{"id":1982,"url":"https:\/\/humm.loverde.fr\/?p=1982","url_meta":{"origin":3216,"position":5},"title":"Derni\u00e8res lectures","author":"cloverde","date":"23 novembre 2017","format":false,"excerpt":"Les quelques livres lus depuis le mois de juillet (2017!) que j'ai appr\u00e9ci\u00e9s ou pas. Certains de ces livres \u00e9taient choisis dans le cadre du club de lecture de l'universit\u00e9 du temps libre auquel je participe. Peut-\u00eatre que je ne les aurait pas choisis mais j'ai parfois \u00e9t\u00e9 agr\u00e9ablement surpris.\u2026","rel":"","context":"Dans &quot;Lectures&quot;","block_context":{"text":"Lectures","link":"https:\/\/humm.loverde.fr\/?cat=1"},"img":{"alt_text":"","src":"https:\/\/i0.wp.com\/humm.loverde.fr\/wp-content\/uploads\/2017\/11\/IMG_2887.jpg?fit=800%2C249&ssl=1&resize=350%2C200","width":350,"height":200,"srcset":"https:\/\/i0.wp.com\/humm.loverde.fr\/wp-content\/uploads\/2017\/11\/IMG_2887.jpg?fit=800%2C249&ssl=1&resize=350%2C200 1x, https:\/\/i0.wp.com\/humm.loverde.fr\/wp-content\/uploads\/2017\/11\/IMG_2887.jpg?fit=800%2C249&ssl=1&resize=525%2C300 1.5x, https:\/\/i0.wp.com\/humm.loverde.fr\/wp-content\/uploads\/2017\/11\/IMG_2887.jpg?fit=800%2C249&ssl=1&resize=700%2C400 2x"},"classes":[]}],"_links":{"self":[{"href":"https:\/\/humm.loverde.fr\/index.php?rest_route=\/wp\/v2\/posts\/3216","targetHints":{"allow":["GET"]}}],"collection":[{"href":"https:\/\/humm.loverde.fr\/index.php?rest_route=\/wp\/v2\/posts"}],"about":[{"href":"https:\/\/humm.loverde.fr\/index.php?rest_route=\/wp\/v2\/types\/post"}],"author":[{"embeddable":true,"href":"https:\/\/humm.loverde.fr\/index.php?rest_route=\/wp\/v2\/users\/1"}],"replies":[{"embeddable":true,"href":"https:\/\/humm.loverde.fr\/index.php?rest_route=%2Fwp%2Fv2%2Fcomments&post=3216"}],"version-history":[{"count":5,"href":"https:\/\/humm.loverde.fr\/index.php?rest_route=\/wp\/v2\/posts\/3216\/revisions"}],"predecessor-version":[{"id":3222,"href":"https:\/\/humm.loverde.fr\/index.php?rest_route=\/wp\/v2\/posts\/3216\/revisions\/3222"}],"wp:featuredmedia":[{"embeddable":true,"href":"https:\/\/humm.loverde.fr\/index.php?rest_route=\/wp\/v2\/media\/3217"}],"wp:attachment":[{"href":"https:\/\/humm.loverde.fr\/index.php?rest_route=%2Fwp%2Fv2%2Fmedia&parent=3216"}],"wp:term":[{"taxonomy":"category","embeddable":true,"href":"https:\/\/humm.loverde.fr\/index.php?rest_route=%2Fwp%2Fv2%2Fcategories&post=3216"},{"taxonomy":"post_tag","embeddable":true,"href":"https:\/\/humm.loverde.fr\/index.php?rest_route=%2Fwp%2Fv2%2Ftags&post=3216"}],"curies":[{"name":"wp","href":"https:\/\/api.w.org\/{rel}","templated":true}]}}