{"id":3318,"date":"2018-10-14T06:33:17","date_gmt":"2018-10-14T05:33:17","guid":{"rendered":"http:\/\/humm.loverde.fr\/?p=3318"},"modified":"2019-07-28T08:03:01","modified_gmt":"2019-07-28T07:03:01","slug":"grabia-%ce%b3%cf%81%ce%b1%ce%bc%cf%80%ce%b9%ce%ac","status":"publish","type":"post","link":"https:\/\/humm.loverde.fr\/?p=3318","title":{"rendered":"Grabia (\u0393\u03c1\u03b1\u03bc\u03c0\u03b9\u03ac)"},"content":{"rendered":"<p>Extrait d&rsquo;un livre grec sur l&rsquo;histoire de Karystos et des environs. Au d\u00e9part je voulais raconter l&rsquo;histoire du turc et de la belle Arethis et \u00e7a s&rsquo;est \u00e9toff\u00e9 au fure et \u00e0 mesure. Textes du livre et de Wikip\u00e9dia quand il n&rsquo;y a pas de fautes &#x1f609;.<\/p>\n<p>\u00c7a se passe en Gr\u00e8ce sur l&rsquo;\u00eele d&rsquo;Eub\u00e9e, deuxi\u00e8me \u00eele par sa superficie , apr\u00e8s la Cr\u00eate.<\/p>\n<p>.-. Grampi\u00e1 (prononcer Grabia) Mekoun\u00edda.<\/p>\n<p>La route Agios Nikolaos de Karystos (rue Aiolou) nous emm\u00e8ne \u00e0 Dumnonia.<br \/>\n<a href=\"https:\/\/i0.wp.com\/humm.loverde.fr\/wp-content\/uploads\/2018\/10\/3c1109bb8b0cf8d11685abd095d38889.jpeg?ssl=1\" rel=\"attachment wp-att-3335\"><img data-recalc-dims=\"1\" loading=\"lazy\" decoding=\"async\" data-attachment-id=\"3335\" data-permalink=\"https:\/\/humm.loverde.fr\/?attachment_id=3335\" data-orig-file=\"https:\/\/i0.wp.com\/humm.loverde.fr\/wp-content\/uploads\/2018\/10\/3c1109bb8b0cf8d11685abd095d38889.jpeg?fit=800%2C450&amp;ssl=1\" data-orig-size=\"800,450\" data-comments-opened=\"1\" data-image-meta=\"{&quot;aperture&quot;:&quot;0&quot;,&quot;credit&quot;:&quot;&quot;,&quot;camera&quot;:&quot;&quot;,&quot;caption&quot;:&quot;&quot;,&quot;created_timestamp&quot;:&quot;0&quot;,&quot;copyright&quot;:&quot;&quot;,&quot;focal_length&quot;:&quot;0&quot;,&quot;iso&quot;:&quot;0&quot;,&quot;shutter_speed&quot;:&quot;0&quot;,&quot;title&quot;:&quot;&quot;,&quot;orientation&quot;:&quot;1&quot;}\" data-image-title=\"3c1109bb8b0cf8d11685abd095d38889\" data-image-description=\"\" data-image-caption=\"\" data-large-file=\"https:\/\/i0.wp.com\/humm.loverde.fr\/wp-content\/uploads\/2018\/10\/3c1109bb8b0cf8d11685abd095d38889.jpeg?fit=800%2C450&amp;ssl=1\" class=\"alignnone size-full wp-image-3335\" title=\"3c1109bb8b0cf8d11685abd095d38889-jpeg\" src=\"https:\/\/i0.wp.com\/humm.loverde.fr\/wp-content\/uploads\/2018\/10\/3c1109bb8b0cf8d11685abd095d38889.jpeg?resize=960%2C9999&#038;ssl=1\" alt=\"\" width=\"960\" height=\"9999\" \/><\/a><\/p>\n<p>Apr\u00e8s le pont de Dremonia, la route m\u00e8ne \u00e0 Grampia et \u00e0 Malkounida. Puis continue vers le ch\u00e2teau, Castello Rosso (\u039a\u03bf\u03ba\u03ba\u03b9\u03b7\u03bf\u03ba\u03b1\u03c3\u03c4\u03c1\u03bf &#8211; ch\u00e2teau rouge), forteresse franque du XIIIe si\u00e8cle \u00e0 courte distance \u00e0 pied de Myli \u00e0 4 km de Karystos, dans l&rsquo;int\u00e9rieur des terres. Construit en 1030 occup\u00e9 par les v\u00e9nitiens en 1210.<\/p>\n<p><a href=\"https:\/\/i0.wp.com\/humm.loverde.fr\/wp-content\/uploads\/2018\/10\/a75304baa7c3e1acab046c33fb96aace.jpeg?ssl=1\" rel=\"attachment wp-att-3333\"><img data-recalc-dims=\"1\" loading=\"lazy\" decoding=\"async\" data-attachment-id=\"3333\" data-permalink=\"https:\/\/humm.loverde.fr\/?attachment_id=3333\" data-orig-file=\"https:\/\/i0.wp.com\/humm.loverde.fr\/wp-content\/uploads\/2018\/10\/a75304baa7c3e1acab046c33fb96aace.jpeg?fit=800%2C532&amp;ssl=1\" data-orig-size=\"800,532\" data-comments-opened=\"1\" data-image-meta=\"{&quot;aperture&quot;:&quot;0&quot;,&quot;credit&quot;:&quot;&quot;,&quot;camera&quot;:&quot;&quot;,&quot;caption&quot;:&quot;&quot;,&quot;created_timestamp&quot;:&quot;0&quot;,&quot;copyright&quot;:&quot;&quot;,&quot;focal_length&quot;:&quot;0&quot;,&quot;iso&quot;:&quot;0&quot;,&quot;shutter_speed&quot;:&quot;0&quot;,&quot;title&quot;:&quot;&quot;,&quot;orientation&quot;:&quot;1&quot;}\" data-image-title=\"a75304baa7c3e1acab046c33fb96aace\" data-image-description=\"\" data-image-caption=\"\" data-large-file=\"https:\/\/i0.wp.com\/humm.loverde.fr\/wp-content\/uploads\/2018\/10\/a75304baa7c3e1acab046c33fb96aace.jpeg?fit=800%2C532&amp;ssl=1\" class=\"alignnone size-full wp-image-3333\" title=\"a75304baa7c3e1acab046c33fb96aace-jpeg\" src=\"https:\/\/i0.wp.com\/humm.loverde.fr\/wp-content\/uploads\/2018\/10\/a75304baa7c3e1acab046c33fb96aace.jpeg?resize=960%2C9999&#038;ssl=1\" alt=\"\" width=\"960\" height=\"9999\" \/><\/a><\/p>\n<p>Apr\u00e8s avoir visit\u00e9 le ch\u00e2teau dont l&rsquo;enceinte ext\u00e9rieure a \u00e9t\u00e9 termin\u00e9e en 1821, la descente de son c\u00f4t\u00e9 ouest m\u00e8ne \u00e0 Grampia.<\/p>\n<p>A la place de l&rsquo;\u00e9glise de Sainte-Sophie \u00e9tait une mosqu\u00e9e turque.<br \/>\n\u0399\u03b5\u03c1\u03cc\u03c2 \u039d\u03b1\u03cc\u03c2 \u0391\u03b3\u03af\u03b1\u03c2 \u03a3\u03bf\u03c6\u03af\u03b1\u03c2, Grampia 340 01, Gr\u00e8ce<br \/>\n<a href=\"https:\/\/i0.wp.com\/humm.loverde.fr\/wp-content\/uploads\/2018\/10\/1877d271f5a787d98c802ff586eebd9f.jpeg?ssl=1\" rel=\"attachment wp-att-3326\"><img data-recalc-dims=\"1\" loading=\"lazy\" decoding=\"async\" data-attachment-id=\"3326\" data-permalink=\"https:\/\/humm.loverde.fr\/?attachment_id=3326\" data-orig-file=\"https:\/\/i0.wp.com\/humm.loverde.fr\/wp-content\/uploads\/2018\/10\/1877d271f5a787d98c802ff586eebd9f.jpeg?fit=350%2C622&amp;ssl=1\" data-orig-size=\"350,622\" data-comments-opened=\"1\" data-image-meta=\"{&quot;aperture&quot;:&quot;0&quot;,&quot;credit&quot;:&quot;&quot;,&quot;camera&quot;:&quot;&quot;,&quot;caption&quot;:&quot;&quot;,&quot;created_timestamp&quot;:&quot;0&quot;,&quot;copyright&quot;:&quot;&quot;,&quot;focal_length&quot;:&quot;0&quot;,&quot;iso&quot;:&quot;0&quot;,&quot;shutter_speed&quot;:&quot;0&quot;,&quot;title&quot;:&quot;&quot;,&quot;orientation&quot;:&quot;1&quot;}\" data-image-title=\"1877d271f5a787d98c802ff586eebd9f\" data-image-description=\"\" data-image-caption=\"\" data-large-file=\"https:\/\/i0.wp.com\/humm.loverde.fr\/wp-content\/uploads\/2018\/10\/1877d271f5a787d98c802ff586eebd9f.jpeg?fit=350%2C622&amp;ssl=1\" class=\"alignnone size-full wp-image-3326\" title=\"1877d271f5a787d98c802ff586eebd9f-jpeg\" src=\"https:\/\/i0.wp.com\/humm.loverde.fr\/wp-content\/uploads\/2018\/10\/1877d271f5a787d98c802ff586eebd9f.jpeg?resize=960%2C9999&#038;ssl=1\" alt=\"\" width=\"960\" height=\"9999\" \/><\/a><\/p>\n<p>Des cinq fontaines pr\u00e8s de l&rsquo;\u00e9glise,<br \/>\n<a href=\"https:\/\/i0.wp.com\/humm.loverde.fr\/wp-content\/uploads\/2018\/10\/8535d4a3277d65f07302c37a09dff09b.jpeg?ssl=1\" rel=\"attachment wp-att-3332\"><img data-recalc-dims=\"1\" loading=\"lazy\" decoding=\"async\" data-attachment-id=\"3332\" data-permalink=\"https:\/\/humm.loverde.fr\/?attachment_id=3332\" data-orig-file=\"https:\/\/i0.wp.com\/humm.loverde.fr\/wp-content\/uploads\/2018\/10\/8535d4a3277d65f07302c37a09dff09b.jpeg?fit=800%2C450&amp;ssl=1\" data-orig-size=\"800,450\" data-comments-opened=\"1\" data-image-meta=\"{&quot;aperture&quot;:&quot;0&quot;,&quot;credit&quot;:&quot;&quot;,&quot;camera&quot;:&quot;&quot;,&quot;caption&quot;:&quot;&quot;,&quot;created_timestamp&quot;:&quot;0&quot;,&quot;copyright&quot;:&quot;&quot;,&quot;focal_length&quot;:&quot;0&quot;,&quot;iso&quot;:&quot;0&quot;,&quot;shutter_speed&quot;:&quot;0&quot;,&quot;title&quot;:&quot;&quot;,&quot;orientation&quot;:&quot;1&quot;}\" data-image-title=\"8535d4a3277d65f07302c37a09dff09b\" data-image-description=\"\" data-image-caption=\"\" data-large-file=\"https:\/\/i0.wp.com\/humm.loverde.fr\/wp-content\/uploads\/2018\/10\/8535d4a3277d65f07302c37a09dff09b.jpeg?fit=800%2C450&amp;ssl=1\" class=\"alignnone size-full wp-image-3332\" title=\"8535d4a3277d65f07302c37a09dff09b-jpeg\" src=\"https:\/\/i0.wp.com\/humm.loverde.fr\/wp-content\/uploads\/2018\/10\/8535d4a3277d65f07302c37a09dff09b.jpeg?resize=960%2C9999&#038;ssl=1\" alt=\"\" width=\"960\" height=\"9999\" \/><\/a><\/p>\n<p>un chemin vers l&rsquo;ouest descend<br \/>\n<a href=\"https:\/\/i0.wp.com\/humm.loverde.fr\/wp-content\/uploads\/2018\/10\/325730e102542296ef6b1ad8ea1717aa.jpeg?ssl=1\" rel=\"attachment wp-att-3327\"><img data-recalc-dims=\"1\" loading=\"lazy\" decoding=\"async\" data-attachment-id=\"3327\" data-permalink=\"https:\/\/humm.loverde.fr\/?attachment_id=3327\" data-orig-file=\"https:\/\/i0.wp.com\/humm.loverde.fr\/wp-content\/uploads\/2018\/10\/325730e102542296ef6b1ad8ea1717aa.jpeg?fit=350%2C622&amp;ssl=1\" data-orig-size=\"350,622\" data-comments-opened=\"1\" data-image-meta=\"{&quot;aperture&quot;:&quot;0&quot;,&quot;credit&quot;:&quot;&quot;,&quot;camera&quot;:&quot;&quot;,&quot;caption&quot;:&quot;&quot;,&quot;created_timestamp&quot;:&quot;0&quot;,&quot;copyright&quot;:&quot;&quot;,&quot;focal_length&quot;:&quot;0&quot;,&quot;iso&quot;:&quot;0&quot;,&quot;shutter_speed&quot;:&quot;0&quot;,&quot;title&quot;:&quot;&quot;,&quot;orientation&quot;:&quot;1&quot;}\" data-image-title=\"325730e102542296ef6b1ad8ea1717aa\" data-image-description=\"\" data-image-caption=\"\" data-large-file=\"https:\/\/i0.wp.com\/humm.loverde.fr\/wp-content\/uploads\/2018\/10\/325730e102542296ef6b1ad8ea1717aa.jpeg?fit=350%2C622&amp;ssl=1\" class=\"alignnone size-full wp-image-3327\" title=\"325730e102542296ef6b1ad8ea1717aa-jpeg\" src=\"https:\/\/i0.wp.com\/humm.loverde.fr\/wp-content\/uploads\/2018\/10\/325730e102542296ef6b1ad8ea1717aa.jpeg?resize=960%2C9999&#038;ssl=1\" alt=\"\" width=\"960\" height=\"9999\" \/><\/a><\/p>\n<p>vers la belle propri\u00e9t\u00e9 de Saravanou, propri\u00e9t\u00e9 du Turc Mustafa Osman, chef de garnison, jusqu&rsquo;en 1833 et qui a chang\u00e9 de propri\u00e9taire dans les ann\u00e9es 90.<\/p>\n<p><a href=\"https:\/\/i0.wp.com\/humm.loverde.fr\/wp-content\/uploads\/2018\/10\/a91cb242a157040d38f4c0c99f7ffbd3.jpeg?ssl=1\" rel=\"attachment wp-att-3328\"><img data-recalc-dims=\"1\" loading=\"lazy\" decoding=\"async\" data-attachment-id=\"3328\" data-permalink=\"https:\/\/humm.loverde.fr\/?attachment_id=3328\" data-orig-file=\"https:\/\/i0.wp.com\/humm.loverde.fr\/wp-content\/uploads\/2018\/10\/a91cb242a157040d38f4c0c99f7ffbd3.jpeg?fit=800%2C532&amp;ssl=1\" data-orig-size=\"800,532\" data-comments-opened=\"1\" data-image-meta=\"{&quot;aperture&quot;:&quot;0&quot;,&quot;credit&quot;:&quot;&quot;,&quot;camera&quot;:&quot;&quot;,&quot;caption&quot;:&quot;&quot;,&quot;created_timestamp&quot;:&quot;0&quot;,&quot;copyright&quot;:&quot;&quot;,&quot;focal_length&quot;:&quot;0&quot;,&quot;iso&quot;:&quot;0&quot;,&quot;shutter_speed&quot;:&quot;0&quot;,&quot;title&quot;:&quot;&quot;,&quot;orientation&quot;:&quot;1&quot;}\" data-image-title=\"a91cb242a157040d38f4c0c99f7ffbd3\" data-image-description=\"\" data-image-caption=\"\" data-large-file=\"https:\/\/i0.wp.com\/humm.loverde.fr\/wp-content\/uploads\/2018\/10\/a91cb242a157040d38f4c0c99f7ffbd3.jpeg?fit=800%2C532&amp;ssl=1\" class=\"alignnone size-full wp-image-3328\" title=\"a91cb242a157040d38f4c0c99f7ffbd3-jpeg\" src=\"https:\/\/i0.wp.com\/humm.loverde.fr\/wp-content\/uploads\/2018\/10\/a91cb242a157040d38f4c0c99f7ffbd3.jpeg?resize=960%2C9999&#038;ssl=1\" alt=\"\" width=\"960\" height=\"9999\" \/><\/a><\/p>\n<p>.-. Plusieurs histoires circulent \u00e0 propos de ce chef de garnison turc.<\/p>\n<ul>\n<li>Version du livre:<\/li>\n<\/ul>\n<p>Le turc avait kidnapp\u00e9 une petite femme grecque pour son harem. Apr\u00e8s sa lib\u00e9ration elle est revenue et l&rsquo;a assassin\u00e9.<\/p>\n<ul>\n<li>Version racont\u00e9 par les gens du coin:<\/li>\n<\/ul>\n<p>Lors de l\u2019occupation turque en Gr\u00e8ce, \u00e0 Karystos sur l\u2019\u00eele d\u2019Eub\u00e9e, le chef de garnison est tomb\u00e9 amoureux d\u2019une jeune grecque de 13 ans qui se nommait Arethis.<br \/>\nIl demande sa main aux parents qui refusent bien entendu. Il d\u00e9cide alors de l\u2019enlever. Les villageois se concertent pour organiser une exp\u00e9dition en vue de la r\u00e9cup\u00e9rer.<br \/>\nLe turc en ayant entendu parler emm\u00e8ne Arethis sur son cheval et prend la fuite vers Halkida, s\u2019en suit une \u00e9chauffour\u00e9e et la jeune fille est tu\u00e9e.<\/p>\n<p><a href=\"https:\/\/i0.wp.com\/humm.loverde.fr\/wp-content\/uploads\/2018\/10\/5ca4bf84651c271a9bf0b3718ceefe3e.jpeg?ssl=1\" rel=\"attachment wp-att-3336\"><img data-recalc-dims=\"1\" loading=\"lazy\" decoding=\"async\" data-attachment-id=\"3336\" data-permalink=\"https:\/\/humm.loverde.fr\/?attachment_id=3336\" data-orig-file=\"https:\/\/i0.wp.com\/humm.loverde.fr\/wp-content\/uploads\/2018\/10\/5ca4bf84651c271a9bf0b3718ceefe3e.jpeg?fit=800%2C532&amp;ssl=1\" data-orig-size=\"800,532\" data-comments-opened=\"1\" data-image-meta=\"{&quot;aperture&quot;:&quot;0&quot;,&quot;credit&quot;:&quot;&quot;,&quot;camera&quot;:&quot;&quot;,&quot;caption&quot;:&quot;&quot;,&quot;created_timestamp&quot;:&quot;0&quot;,&quot;copyright&quot;:&quot;&quot;,&quot;focal_length&quot;:&quot;0&quot;,&quot;iso&quot;:&quot;0&quot;,&quot;shutter_speed&quot;:&quot;0&quot;,&quot;title&quot;:&quot;&quot;,&quot;orientation&quot;:&quot;1&quot;}\" data-image-title=\"5ca4bf84651c271a9bf0b3718ceefe3e\" data-image-description=\"\" data-image-caption=\"\" data-large-file=\"https:\/\/i0.wp.com\/humm.loverde.fr\/wp-content\/uploads\/2018\/10\/5ca4bf84651c271a9bf0b3718ceefe3e.jpeg?fit=800%2C532&amp;ssl=1\" class=\"alignnone size-full wp-image-3336\" title=\"5ca4bf84651c271a9bf0b3718ceefe3e-jpeg\" src=\"https:\/\/i0.wp.com\/humm.loverde.fr\/wp-content\/uploads\/2018\/10\/5ca4bf84651c271a9bf0b3718ceefe3e.jpeg?resize=960%2C9999&#038;ssl=1\" alt=\"\" width=\"960\" height=\"9999\" \/><\/a><\/p>\n<p>Le turc fait construire une fontaine \u00e0 son nom \u00e0 l\u2019endroit o\u00f9 elle est morte.<br \/>\n<a href=\"https:\/\/i0.wp.com\/humm.loverde.fr\/wp-content\/uploads\/2018\/10\/f5fc432fa00cd90fda26e86de221c830.jpeg?ssl=1\" rel=\"attachment wp-att-3337\"><img data-recalc-dims=\"1\" loading=\"lazy\" decoding=\"async\" data-attachment-id=\"3337\" data-permalink=\"https:\/\/humm.loverde.fr\/?attachment_id=3337\" data-orig-file=\"https:\/\/i0.wp.com\/humm.loverde.fr\/wp-content\/uploads\/2018\/10\/f5fc432fa00cd90fda26e86de221c830.jpeg?fit=800%2C532&amp;ssl=1\" data-orig-size=\"800,532\" data-comments-opened=\"1\" data-image-meta=\"{&quot;aperture&quot;:&quot;0&quot;,&quot;credit&quot;:&quot;&quot;,&quot;camera&quot;:&quot;&quot;,&quot;caption&quot;:&quot;&quot;,&quot;created_timestamp&quot;:&quot;0&quot;,&quot;copyright&quot;:&quot;&quot;,&quot;focal_length&quot;:&quot;0&quot;,&quot;iso&quot;:&quot;0&quot;,&quot;shutter_speed&quot;:&quot;0&quot;,&quot;title&quot;:&quot;&quot;,&quot;orientation&quot;:&quot;1&quot;}\" data-image-title=\"f5fc432fa00cd90fda26e86de221c830\" data-image-description=\"\" data-image-caption=\"\" data-large-file=\"https:\/\/i0.wp.com\/humm.loverde.fr\/wp-content\/uploads\/2018\/10\/f5fc432fa00cd90fda26e86de221c830.jpeg?fit=800%2C532&amp;ssl=1\" class=\"alignnone size-full wp-image-3337\" title=\"f5fc432fa00cd90fda26e86de221c830-jpeg\" src=\"https:\/\/i0.wp.com\/humm.loverde.fr\/wp-content\/uploads\/2018\/10\/f5fc432fa00cd90fda26e86de221c830.jpeg?resize=960%2C9999&#038;ssl=1\" alt=\"\" width=\"960\" height=\"9999\" \/><\/a><\/p>\n<p>Fontaine d\u00e9mont\u00e9e et remont\u00e9e apr\u00e8s l&rsquo;\u00e9largissement de la route en 2007<\/p>\n<p>\u00c9criture de la plaque de la fontaine:<br \/>\n<a href=\"https:\/\/i0.wp.com\/humm.loverde.fr\/wp-content\/uploads\/2018\/10\/c02b72f17a9d80603a79fd7d91627fc2.jpeg?ssl=1\" rel=\"attachment wp-att-3323\"><img data-recalc-dims=\"1\" loading=\"lazy\" decoding=\"async\" data-attachment-id=\"3323\" data-permalink=\"https:\/\/humm.loverde.fr\/?attachment_id=3323\" data-orig-file=\"https:\/\/i0.wp.com\/humm.loverde.fr\/wp-content\/uploads\/2018\/10\/c02b72f17a9d80603a79fd7d91627fc2.jpeg?fit=800%2C532&amp;ssl=1\" data-orig-size=\"800,532\" data-comments-opened=\"1\" data-image-meta=\"{&quot;aperture&quot;:&quot;0&quot;,&quot;credit&quot;:&quot;&quot;,&quot;camera&quot;:&quot;&quot;,&quot;caption&quot;:&quot;&quot;,&quot;created_timestamp&quot;:&quot;0&quot;,&quot;copyright&quot;:&quot;&quot;,&quot;focal_length&quot;:&quot;0&quot;,&quot;iso&quot;:&quot;0&quot;,&quot;shutter_speed&quot;:&quot;0&quot;,&quot;title&quot;:&quot;&quot;,&quot;orientation&quot;:&quot;1&quot;}\" data-image-title=\"c02b72f17a9d80603a79fd7d91627fc2\" data-image-description=\"\" data-image-caption=\"\" data-large-file=\"https:\/\/i0.wp.com\/humm.loverde.fr\/wp-content\/uploads\/2018\/10\/c02b72f17a9d80603a79fd7d91627fc2.jpeg?fit=800%2C532&amp;ssl=1\" class=\"alignnone size-full wp-image-3323\" title=\"c02b72f17a9d80603a79fd7d91627fc2-jpeg\" src=\"https:\/\/i0.wp.com\/humm.loverde.fr\/wp-content\/uploads\/2018\/10\/c02b72f17a9d80603a79fd7d91627fc2.jpeg?resize=960%2C9999&#038;ssl=1\" alt=\"\" width=\"960\" height=\"9999\" \/><\/a><\/p>\n<p>Traduction approximative<br \/>\nLE SOUFFLE D&rsquo;ARETIS<br \/>\nR\u00c9ALIS\u00c9 PAR MUSTAFA IMPIS HASSAN<br \/>\nEN M\u00c9MOIRE DE LA FEMME, ARETIS,<br \/>\nEN 1218 (ANN\u00c9E CHR\u00c9TIENNE 1802)<br \/>\nTRADUCTION PR\u00c9CISE DE L&rsquo;ARABE<br \/>\nSIGNATURE EN MARBRE<br \/>\nASSOCIATION CULTURELLE<br \/>\n\u00ab\u00a0CASTELLO ROSSO\u00a0\u00bb<\/p>\n<p>.-. Pour ceux qui souhaitent marcher, la visite du ch\u00e2teau s&rsquo;impose.<\/p>\n<p><a href=\"https:\/\/i0.wp.com\/humm.loverde.fr\/wp-content\/uploads\/2018\/10\/70ab5804c672fa07bc45993428d292ea.jpeg?ssl=1\" rel=\"attachment wp-att-3329\"><img data-recalc-dims=\"1\" loading=\"lazy\" decoding=\"async\" data-attachment-id=\"3329\" data-permalink=\"https:\/\/humm.loverde.fr\/?attachment_id=3329\" data-orig-file=\"https:\/\/i0.wp.com\/humm.loverde.fr\/wp-content\/uploads\/2018\/10\/70ab5804c672fa07bc45993428d292ea.jpeg?fit=800%2C450&amp;ssl=1\" data-orig-size=\"800,450\" data-comments-opened=\"1\" data-image-meta=\"{&quot;aperture&quot;:&quot;0&quot;,&quot;credit&quot;:&quot;&quot;,&quot;camera&quot;:&quot;&quot;,&quot;caption&quot;:&quot;&quot;,&quot;created_timestamp&quot;:&quot;0&quot;,&quot;copyright&quot;:&quot;&quot;,&quot;focal_length&quot;:&quot;0&quot;,&quot;iso&quot;:&quot;0&quot;,&quot;shutter_speed&quot;:&quot;0&quot;,&quot;title&quot;:&quot;&quot;,&quot;orientation&quot;:&quot;1&quot;}\" data-image-title=\"70ab5804c672fa07bc45993428d292ea\" data-image-description=\"\" data-image-caption=\"\" data-large-file=\"https:\/\/i0.wp.com\/humm.loverde.fr\/wp-content\/uploads\/2018\/10\/70ab5804c672fa07bc45993428d292ea.jpeg?fit=800%2C450&amp;ssl=1\" class=\"alignnone size-full wp-image-3329\" title=\"70ab5804c672fa07bc45993428d292ea-jpeg\" src=\"https:\/\/i0.wp.com\/humm.loverde.fr\/wp-content\/uploads\/2018\/10\/70ab5804c672fa07bc45993428d292ea.jpeg?resize=960%2C9999&#038;ssl=1\" alt=\"\" width=\"960\" height=\"9999\" \/><\/a><\/p>\n<p>L&rsquo;aqueduc qui passe derri\u00e8re le chateau transportait autrefois l&rsquo;eau de source des montagnes jusqu&rsquo;au Bourtzi de Karystos.<\/p>\n<p><a href=\"https:\/\/i0.wp.com\/humm.loverde.fr\/wp-content\/uploads\/2018\/10\/fc41fe720d372310180de6d7884e6ce2.jpeg?ssl=1\" rel=\"attachment wp-att-3324\"><img data-recalc-dims=\"1\" loading=\"lazy\" decoding=\"async\" data-attachment-id=\"3324\" data-permalink=\"https:\/\/humm.loverde.fr\/?attachment_id=3324\" data-orig-file=\"https:\/\/i0.wp.com\/humm.loverde.fr\/wp-content\/uploads\/2018\/10\/fc41fe720d372310180de6d7884e6ce2.jpeg?fit=800%2C532&amp;ssl=1\" data-orig-size=\"800,532\" data-comments-opened=\"1\" data-image-meta=\"{&quot;aperture&quot;:&quot;0&quot;,&quot;credit&quot;:&quot;&quot;,&quot;camera&quot;:&quot;&quot;,&quot;caption&quot;:&quot;&quot;,&quot;created_timestamp&quot;:&quot;0&quot;,&quot;copyright&quot;:&quot;&quot;,&quot;focal_length&quot;:&quot;0&quot;,&quot;iso&quot;:&quot;0&quot;,&quot;shutter_speed&quot;:&quot;0&quot;,&quot;title&quot;:&quot;&quot;,&quot;orientation&quot;:&quot;1&quot;}\" data-image-title=\"fc41fe720d372310180de6d7884e6ce2\" data-image-description=\"\" data-image-caption=\"\" data-large-file=\"https:\/\/i0.wp.com\/humm.loverde.fr\/wp-content\/uploads\/2018\/10\/fc41fe720d372310180de6d7884e6ce2.jpeg?fit=800%2C532&amp;ssl=1\" class=\"alignnone size-full wp-image-3324\" title=\"fc41fe720d372310180de6d7884e6ce2-jpeg\" src=\"https:\/\/i0.wp.com\/humm.loverde.fr\/wp-content\/uploads\/2018\/10\/fc41fe720d372310180de6d7884e6ce2.jpeg?resize=960%2C9999&#038;ssl=1\" alt=\"\" width=\"960\" height=\"9999\" \/><\/a><\/p>\n<p>Du ch\u00e2teau, vous avez une vue magnifique sur Karystos et l&rsquo;ensemble du Golfe.<\/p>\n<p><a href=\"https:\/\/i0.wp.com\/humm.loverde.fr\/wp-content\/uploads\/2018\/10\/867261390bb01bd576b0ae077258f583.jpeg?ssl=1\" rel=\"attachment wp-att-3321\"><img data-recalc-dims=\"1\" loading=\"lazy\" decoding=\"async\" data-attachment-id=\"3321\" data-permalink=\"https:\/\/humm.loverde.fr\/?attachment_id=3321\" data-orig-file=\"https:\/\/i0.wp.com\/humm.loverde.fr\/wp-content\/uploads\/2018\/10\/867261390bb01bd576b0ae077258f583.jpeg?fit=800%2C372&amp;ssl=1\" data-orig-size=\"800,372\" data-comments-opened=\"1\" data-image-meta=\"{&quot;aperture&quot;:&quot;0&quot;,&quot;credit&quot;:&quot;&quot;,&quot;camera&quot;:&quot;&quot;,&quot;caption&quot;:&quot;&quot;,&quot;created_timestamp&quot;:&quot;0&quot;,&quot;copyright&quot;:&quot;&quot;,&quot;focal_length&quot;:&quot;0&quot;,&quot;iso&quot;:&quot;0&quot;,&quot;shutter_speed&quot;:&quot;0&quot;,&quot;title&quot;:&quot;&quot;,&quot;orientation&quot;:&quot;1&quot;}\" data-image-title=\"867261390bb01bd576b0ae077258f583\" data-image-description=\"\" data-image-caption=\"\" data-large-file=\"https:\/\/i0.wp.com\/humm.loverde.fr\/wp-content\/uploads\/2018\/10\/867261390bb01bd576b0ae077258f583.jpeg?fit=800%2C372&amp;ssl=1\" class=\"alignnone size-full wp-image-3321\" title=\"867261390bb01bd576b0ae077258f583-jpeg\" src=\"https:\/\/i0.wp.com\/humm.loverde.fr\/wp-content\/uploads\/2018\/10\/867261390bb01bd576b0ae077258f583.jpeg?resize=960%2C9999&#038;ssl=1\" alt=\"\" width=\"960\" height=\"9999\" \/><\/a><\/p>\n<p>.-. Les colonnes<br \/>\nPour les courageux qu&rsquo;une heure et demie de mont\u00e9e et un peu moins en descente n&rsquo;effraie pas, il ne faut pas rater les colonnes.<br \/>\nEn amont de la vall\u00e9e de Mili, se trouve une carri\u00e8re romaine du IIe si\u00e8cle, o\u00f9 l&rsquo;on peut encore voir des colonnes de marbre monolithiques gigantesques d&rsquo;environ 12 m de long, taill\u00e9es dans le roc datant des premiers si\u00e8cles de notre \u00e8re &#8211; le nom grec du site, Kylindroi, cylindre.<\/p>\n<p><a href=\"https:\/\/i0.wp.com\/humm.loverde.fr\/wp-content\/uploads\/2018\/10\/6acf0679e27a000a6035207ce8185171.jpeg?ssl=1\" rel=\"attachment wp-att-3334\"><img data-recalc-dims=\"1\" loading=\"lazy\" decoding=\"async\" data-attachment-id=\"3334\" data-permalink=\"https:\/\/humm.loverde.fr\/?attachment_id=3334\" data-orig-file=\"https:\/\/i0.wp.com\/humm.loverde.fr\/wp-content\/uploads\/2018\/10\/6acf0679e27a000a6035207ce8185171.jpeg?fit=800%2C450&amp;ssl=1\" data-orig-size=\"800,450\" data-comments-opened=\"1\" data-image-meta=\"{&quot;aperture&quot;:&quot;0&quot;,&quot;credit&quot;:&quot;&quot;,&quot;camera&quot;:&quot;&quot;,&quot;caption&quot;:&quot;&quot;,&quot;created_timestamp&quot;:&quot;0&quot;,&quot;copyright&quot;:&quot;&quot;,&quot;focal_length&quot;:&quot;0&quot;,&quot;iso&quot;:&quot;0&quot;,&quot;shutter_speed&quot;:&quot;0&quot;,&quot;title&quot;:&quot;&quot;,&quot;orientation&quot;:&quot;1&quot;}\" data-image-title=\"6acf0679e27a000a6035207ce8185171\" data-image-description=\"\" data-image-caption=\"\" data-large-file=\"https:\/\/i0.wp.com\/humm.loverde.fr\/wp-content\/uploads\/2018\/10\/6acf0679e27a000a6035207ce8185171.jpeg?fit=800%2C450&amp;ssl=1\" class=\"alignnone size-full wp-image-3334\" title=\"6acf0679e27a000a6035207ce8185171-jpeg\" src=\"https:\/\/i0.wp.com\/humm.loverde.fr\/wp-content\/uploads\/2018\/10\/6acf0679e27a000a6035207ce8185171.jpeg?resize=960%2C9999&#038;ssl=1\" alt=\"\" width=\"960\" height=\"9999\" \/><\/a><\/p>\n<p>Dans les temps anciens, la r\u00e9gion de Karystos \u00e9tait r\u00e9put\u00e9e pour son marbre.<br \/>\nLes anciennes carri\u00e8res se trouvent sur le versant sud du Massif du Mont Ochi, entre les villages de Mekounida et d&rsquo;Aetos. L&rsquo;activit\u00e9 d&rsquo;extraction du marbre \u00e9tait si intense qu&rsquo;\u00e0 Marmari, le poste principal pour l&rsquo;exportation du marbre de Karystos, il y avait un temple d\u00e9di\u00e9 au dieu du marbre Apollon.<\/p>\n<p><a href=\"https:\/\/i0.wp.com\/humm.loverde.fr\/wp-content\/uploads\/2018\/10\/eb7eee13fac3891b8748068f72dcccbf.jpeg?ssl=1\" rel=\"attachment wp-att-3322\"><img data-recalc-dims=\"1\" loading=\"lazy\" decoding=\"async\" data-attachment-id=\"3322\" data-permalink=\"https:\/\/humm.loverde.fr\/?attachment_id=3322\" data-orig-file=\"https:\/\/i0.wp.com\/humm.loverde.fr\/wp-content\/uploads\/2018\/10\/eb7eee13fac3891b8748068f72dcccbf.jpeg?fit=800%2C532&amp;ssl=1\" data-orig-size=\"800,532\" data-comments-opened=\"1\" data-image-meta=\"{&quot;aperture&quot;:&quot;0&quot;,&quot;credit&quot;:&quot;&quot;,&quot;camera&quot;:&quot;&quot;,&quot;caption&quot;:&quot;&quot;,&quot;created_timestamp&quot;:&quot;0&quot;,&quot;copyright&quot;:&quot;&quot;,&quot;focal_length&quot;:&quot;0&quot;,&quot;iso&quot;:&quot;0&quot;,&quot;shutter_speed&quot;:&quot;0&quot;,&quot;title&quot;:&quot;&quot;,&quot;orientation&quot;:&quot;1&quot;}\" data-image-title=\"eb7eee13fac3891b8748068f72dcccbf\" data-image-description=\"\" data-image-caption=\"\" data-large-file=\"https:\/\/i0.wp.com\/humm.loverde.fr\/wp-content\/uploads\/2018\/10\/eb7eee13fac3891b8748068f72dcccbf.jpeg?fit=800%2C532&amp;ssl=1\" class=\"alignnone size-full wp-image-3322\" title=\"eb7eee13fac3891b8748068f72dcccbf-jpeg\" src=\"https:\/\/i0.wp.com\/humm.loverde.fr\/wp-content\/uploads\/2018\/10\/eb7eee13fac3891b8748068f72dcccbf.jpeg?resize=960%2C9999&#038;ssl=1\" alt=\"\" width=\"960\" height=\"9999\" \/><\/a><\/p>\n<p>L&rsquo;exploitation intensive du marbre a surtout \u00e9t\u00e9 importante \u00e0 l&rsquo;\u00e9poque romaine. A l&rsquo;\u00e9poque de Jules C\u00e9sar et d&rsquo;Auguste, le marbre de Karystos \u00e9tait tr\u00e8s demand\u00e9 \u00e0 Rome principalement pour la construction de piliers monolithiques. On l&rsquo;utilisait aussi pour paver les sols et les murs. Aujourd&rsquo;hui encore, on peut admirer les piliers monolithiques en marbre de Karystos \u00e0 la Biblioth\u00e8que d&rsquo;Hadrien \u00e0 Monastiraki (Ath\u00e8nes) ainsi qu&rsquo;\u00e0 l&rsquo;Agora Romaine \u00e0 Rome.<\/p>\n<p><a href=\"https:\/\/i0.wp.com\/humm.loverde.fr\/wp-content\/uploads\/2018\/10\/d0cabdb841037b6ab8fb7a37ed9cb5d7.jpeg?ssl=1\" rel=\"attachment wp-att-3331\"><img data-recalc-dims=\"1\" loading=\"lazy\" decoding=\"async\" data-attachment-id=\"3331\" data-permalink=\"https:\/\/humm.loverde.fr\/?attachment_id=3331\" data-orig-file=\"https:\/\/i0.wp.com\/humm.loverde.fr\/wp-content\/uploads\/2018\/10\/d0cabdb841037b6ab8fb7a37ed9cb5d7.jpeg?fit=800%2C532&amp;ssl=1\" data-orig-size=\"800,532\" data-comments-opened=\"1\" data-image-meta=\"{&quot;aperture&quot;:&quot;0&quot;,&quot;credit&quot;:&quot;&quot;,&quot;camera&quot;:&quot;&quot;,&quot;caption&quot;:&quot;&quot;,&quot;created_timestamp&quot;:&quot;0&quot;,&quot;copyright&quot;:&quot;&quot;,&quot;focal_length&quot;:&quot;0&quot;,&quot;iso&quot;:&quot;0&quot;,&quot;shutter_speed&quot;:&quot;0&quot;,&quot;title&quot;:&quot;&quot;,&quot;orientation&quot;:&quot;1&quot;}\" data-image-title=\"d0cabdb841037b6ab8fb7a37ed9cb5d7\" data-image-description=\"\" data-image-caption=\"\" data-large-file=\"https:\/\/i0.wp.com\/humm.loverde.fr\/wp-content\/uploads\/2018\/10\/d0cabdb841037b6ab8fb7a37ed9cb5d7.jpeg?fit=800%2C532&amp;ssl=1\" class=\"alignnone size-full wp-image-3331\" title=\"d0cabdb841037b6ab8fb7a37ed9cb5d7-jpeg\" src=\"https:\/\/i0.wp.com\/humm.loverde.fr\/wp-content\/uploads\/2018\/10\/d0cabdb841037b6ab8fb7a37ed9cb5d7.jpeg?resize=960%2C9999&#038;ssl=1\" alt=\"\" width=\"960\" height=\"9999\" \/><\/a><\/p>\n<p>Une alerte militaire et la chute possible de l&#8217;empire romain au 3\u00e8me si\u00e8cle ap.JC ont entra\u00een\u00e9 le retrait des Romains de la r\u00e9gion et la fin de l&rsquo;exploitation des carri\u00e8res.<br \/>\nLes montagnes du sud de l&rsquo;ile d&rsquo;Eub\u00e9e contiennent du schiste et du marbre. Le marbre que l&rsquo;on rencontre dans la r\u00e9gion se distingue par une stratification tr\u00e8s prononc\u00e9e et par la couleur d&rsquo;un gris verd\u00e2tre marqu\u00e9 par des veines blanches ondul\u00e9es, d&rsquo;o\u00f9 le nom de marbre cipolin en italien cipollino, parce que l&rsquo;aspect g\u00e9n\u00e9ral de ce marbre rappelle la coupe de l&rsquo;oignon (cipolla).<br \/>\n<a href=\"https:\/\/i0.wp.com\/humm.loverde.fr\/wp-content\/uploads\/2018\/10\/c33d8b45d69d50af61bbdb4d2e5fd819.jpeg?ssl=1\" rel=\"attachment wp-att-3325\"><img data-recalc-dims=\"1\" loading=\"lazy\" decoding=\"async\" data-attachment-id=\"3325\" data-permalink=\"https:\/\/humm.loverde.fr\/?attachment_id=3325\" data-orig-file=\"https:\/\/i0.wp.com\/humm.loverde.fr\/wp-content\/uploads\/2018\/10\/c33d8b45d69d50af61bbdb4d2e5fd819.jpeg?fit=800%2C532&amp;ssl=1\" data-orig-size=\"800,532\" data-comments-opened=\"1\" data-image-meta=\"{&quot;aperture&quot;:&quot;0&quot;,&quot;credit&quot;:&quot;&quot;,&quot;camera&quot;:&quot;&quot;,&quot;caption&quot;:&quot;&quot;,&quot;created_timestamp&quot;:&quot;0&quot;,&quot;copyright&quot;:&quot;&quot;,&quot;focal_length&quot;:&quot;0&quot;,&quot;iso&quot;:&quot;0&quot;,&quot;shutter_speed&quot;:&quot;0&quot;,&quot;title&quot;:&quot;&quot;,&quot;orientation&quot;:&quot;1&quot;}\" data-image-title=\"c33d8b45d69d50af61bbdb4d2e5fd819\" data-image-description=\"\" data-image-caption=\"\" data-large-file=\"https:\/\/i0.wp.com\/humm.loverde.fr\/wp-content\/uploads\/2018\/10\/c33d8b45d69d50af61bbdb4d2e5fd819.jpeg?fit=800%2C532&amp;ssl=1\" class=\"alignnone size-full wp-image-3325\" title=\"c33d8b45d69d50af61bbdb4d2e5fd819-jpeg\" src=\"https:\/\/i0.wp.com\/humm.loverde.fr\/wp-content\/uploads\/2018\/10\/c33d8b45d69d50af61bbdb4d2e5fd819.jpeg?resize=960%2C9999&#038;ssl=1\" alt=\"\" width=\"960\" height=\"9999\" \/><\/a><\/p>\n<p>L&rsquo;aspect verd\u00e2tre des marbres d&rsquo;Eub\u00e9e est du aux chlorites. Les Romains raffolaient pr\u00e9cis\u00e9ment de ce marbre, ils ont ouvert toute une s\u00e9rie de carri\u00e8res. On y extrayait des colonnes monolithes pour orner les p\u00e9ristyles, les temples, les thermes et les maisons opulentes de l&#8217;empire romain. Par exemple le temple d&rsquo;Antonin et Faustine, 141 apr\u00e8s J.-C. construit en par Antonin \u00e0 la mort de son \u00e9pouse Faustine, puis transform\u00e9 en \u00e9glise et reconstruit au d\u00e9but du XVII\u00e8me si\u00e8cle sur le Forum romain. Les colonnes en cipolin mesurent 14 m de haut.<br \/>\nLes plaques de marbre cipolin d\u00e9coraient \u00e9galement les murs des maisons et des thermes.<\/p>\n<p>.-. Les Saintes Triades<br \/>\nUne petite promenade sur une petite route traversant de belles maison sur les hauteurs de Karystos m\u00e8ne \u00e0 l&rsquo;\u00e9glise \u00ab\u00a0Holy Triade \u00a0\u00bb o\u00f9 un p\u00e8lerinage a lieu tout les ans le lundi de Pentec\u00f4te avec une grande f\u00eate avec kebabs, boissons et musique.<\/p>\n<div data-carousel-extra='{&quot;blog_id&quot;:1,&quot;permalink&quot;:&quot;https:\/\/humm.loverde.fr\/?p=3318&quot;}' id='gallery-1' class='gallery galleryid-3318 gallery-columns-3 gallery-size-thumbnail'><figure class='gallery-item'>\n\t\t\t<div class='gallery-icon landscape'>\n\t\t\t\t<a href='https:\/\/humm.loverde.fr\/?attachment_id=3320'><img loading=\"lazy\" decoding=\"async\" width=\"480\" height=\"450\" src=\"https:\/\/i0.wp.com\/humm.loverde.fr\/wp-content\/uploads\/2018\/10\/1bc50975b48f49a232ce8b8a3c72da2d.jpeg?resize=480%2C450&amp;ssl=1\" class=\"attachment-thumbnail size-thumbnail\" alt=\"\" data-attachment-id=\"3320\" data-permalink=\"https:\/\/humm.loverde.fr\/?attachment_id=3320\" data-orig-file=\"https:\/\/i0.wp.com\/humm.loverde.fr\/wp-content\/uploads\/2018\/10\/1bc50975b48f49a232ce8b8a3c72da2d.jpeg?fit=800%2C450&amp;ssl=1\" data-orig-size=\"800,450\" data-comments-opened=\"1\" data-image-meta=\"{&quot;aperture&quot;:&quot;0&quot;,&quot;credit&quot;:&quot;&quot;,&quot;camera&quot;:&quot;&quot;,&quot;caption&quot;:&quot;&quot;,&quot;created_timestamp&quot;:&quot;0&quot;,&quot;copyright&quot;:&quot;&quot;,&quot;focal_length&quot;:&quot;0&quot;,&quot;iso&quot;:&quot;0&quot;,&quot;shutter_speed&quot;:&quot;0&quot;,&quot;title&quot;:&quot;&quot;,&quot;orientation&quot;:&quot;1&quot;}\" data-image-title=\"1bc50975b48f49a232ce8b8a3c72da2d\" data-image-description=\"\" data-image-caption=\"\" data-large-file=\"https:\/\/i0.wp.com\/humm.loverde.fr\/wp-content\/uploads\/2018\/10\/1bc50975b48f49a232ce8b8a3c72da2d.jpeg?fit=800%2C450&amp;ssl=1\" \/><\/a>\n\t\t\t<\/div><\/figure><figure class='gallery-item'>\n\t\t\t<div class='gallery-icon portrait'>\n\t\t\t\t<a href='https:\/\/humm.loverde.fr\/?attachment_id=3319'><img loading=\"lazy\" decoding=\"async\" width=\"400\" height=\"601\" src=\"https:\/\/i0.wp.com\/humm.loverde.fr\/wp-content\/uploads\/2018\/10\/739f0ec43336d8dfd3c7a870fd61d44b.jpeg?resize=400%2C601&amp;ssl=1\" class=\"attachment-thumbnail size-thumbnail\" alt=\"\" data-attachment-id=\"3319\" data-permalink=\"https:\/\/humm.loverde.fr\/?attachment_id=3319\" data-orig-file=\"https:\/\/i0.wp.com\/humm.loverde.fr\/wp-content\/uploads\/2018\/10\/739f0ec43336d8dfd3c7a870fd61d44b.jpeg?fit=400%2C601&amp;ssl=1\" data-orig-size=\"400,601\" data-comments-opened=\"1\" data-image-meta=\"{&quot;aperture&quot;:&quot;0&quot;,&quot;credit&quot;:&quot;&quot;,&quot;camera&quot;:&quot;&quot;,&quot;caption&quot;:&quot;&quot;,&quot;created_timestamp&quot;:&quot;0&quot;,&quot;copyright&quot;:&quot;&quot;,&quot;focal_length&quot;:&quot;0&quot;,&quot;iso&quot;:&quot;0&quot;,&quot;shutter_speed&quot;:&quot;0&quot;,&quot;title&quot;:&quot;&quot;,&quot;orientation&quot;:&quot;1&quot;}\" data-image-title=\"739f0ec43336d8dfd3c7a870fd61d44b\" data-image-description=\"\" data-image-caption=\"\" data-large-file=\"https:\/\/i0.wp.com\/humm.loverde.fr\/wp-content\/uploads\/2018\/10\/739f0ec43336d8dfd3c7a870fd61d44b.jpeg?fit=400%2C601&amp;ssl=1\" \/><\/a>\n\t\t\t<\/div><\/figure>\n\t\t<\/div>\n\n<p>Petite grotte au-dessus de l&rsquo;\u00e9glise.<\/p>\n<p>.-. Une carte du sud de l&rsquo;\u00eele d&rsquo;Eub\u00e9e avec quelques rep\u00e8res:<br \/>\n<a href=\"https:\/\/www.google.com\/maps\/@38.0229504,24.4267969,14z\/data=!3m1!1e3?hl=fr-FR&amp;gl=GR\">https:\/\/www.google.com\/maps\/@38.0229504,24.4267969,14z\/data=!3m1!1e3?hl=fr-FR&amp;gl=GR<\/a><br \/>\n<a href=\"https:\/\/i0.wp.com\/humm.loverde.fr\/wp-content\/uploads\/2018\/10\/2ea259cf21434251ccc8abe5836b1b5e.jpeg?ssl=1\" rel=\"attachment wp-att-3330\"><img data-recalc-dims=\"1\" loading=\"lazy\" decoding=\"async\" data-attachment-id=\"3330\" data-permalink=\"https:\/\/humm.loverde.fr\/?attachment_id=3330\" data-orig-file=\"https:\/\/i0.wp.com\/humm.loverde.fr\/wp-content\/uploads\/2018\/10\/2ea259cf21434251ccc8abe5836b1b5e.jpeg?fit=800%2C508&amp;ssl=1\" data-orig-size=\"800,508\" data-comments-opened=\"1\" data-image-meta=\"{&quot;aperture&quot;:&quot;0&quot;,&quot;credit&quot;:&quot;&quot;,&quot;camera&quot;:&quot;&quot;,&quot;caption&quot;:&quot;&quot;,&quot;created_timestamp&quot;:&quot;0&quot;,&quot;copyright&quot;:&quot;&quot;,&quot;focal_length&quot;:&quot;0&quot;,&quot;iso&quot;:&quot;0&quot;,&quot;shutter_speed&quot;:&quot;0&quot;,&quot;title&quot;:&quot;&quot;,&quot;orientation&quot;:&quot;1&quot;}\" data-image-title=\"2ea259cf21434251ccc8abe5836b1b5e\" data-image-description=\"\" data-image-caption=\"\" data-large-file=\"https:\/\/i0.wp.com\/humm.loverde.fr\/wp-content\/uploads\/2018\/10\/2ea259cf21434251ccc8abe5836b1b5e.jpeg?fit=800%2C508&amp;ssl=1\" class=\"alignnone size-full wp-image-3330\" title=\"2ea259cf21434251ccc8abe5836b1b5e-jpeg\" src=\"https:\/\/i0.wp.com\/humm.loverde.fr\/wp-content\/uploads\/2018\/10\/2ea259cf21434251ccc8abe5836b1b5e.jpeg?resize=960%2C9999&#038;ssl=1\" alt=\"\" width=\"960\" height=\"9999\" \/><\/a><\/p>\n<table width=\"100%\" cellspacing=\"0\" cellpadding=\"0\">\n<tbody>\n<tr>\n<td>Evernote vous aide \u00e0 vous souvenir de tout et \u00e0 vous organiser sans effort. <a href=\"https:\/\/www.evernote.com\/getit?utm_source=service&amp;utm_medium=email&amp;utm_content=emailNote&amp;email_name=emailNote&amp;email_guid=b7771908-8d84-4ca5-9092-6cf885469eee&amp;email_link=download_app\">T\u00e9l\u00e9charger Evernote<\/a>.<\/td>\n<\/tr>\n<\/tbody>\n<\/table>\n","protected":false},"excerpt":{"rendered":"<p>Extrait d&rsquo;un livre grec sur l&rsquo;histoire de Karystos et des environs. Au d\u00e9part je voulais raconter l&rsquo;histoire du turc et &hellip; <\/p>\n","protected":false},"author":1,"featured_media":3333,"comment_status":"open","ping_status":"closed","sticky":false,"template":"","format":"standard","meta":{"jetpack_post_was_ever_published":false,"_jetpack_newsletter_access":"","_jetpack_dont_email_post_to_subs":false,"_jetpack_newsletter_tier_id":0,"_jetpack_memberships_contains_paywalled_content":false,"_jetpack_memberships_contains_paid_content":false,"footnotes":"","jetpack_publicize_message":"","jetpack_publicize_feature_enabled":true,"jetpack_social_post_already_shared":true,"jetpack_social_options":{"image_generator_settings":{"template":"highway","default_image_id":0,"font":"","enabled":false},"version":2}},"categories":[836],"tags":[839,838,524,837,841,840,32],"class_list":["post-3318","post","type-post","status-publish","format-standard","has-post-thumbnail","hentry","category-voyage","tag-colonnes","tag-eubee","tag-grece","tag-ile","tag-romains","tag-sainte-triade","tag-voyage"],"jetpack_publicize_connections":[],"jetpack_featured_media_url":"https:\/\/i0.wp.com\/humm.loverde.fr\/wp-content\/uploads\/2018\/10\/a75304baa7c3e1acab046c33fb96aace.jpeg?fit=800%2C532&ssl=1","jetpack_sharing_enabled":true,"jetpack_shortlink":"https:\/\/wp.me\/p9whbF-Rw","jetpack_likes_enabled":true,"jetpack-related-posts":[{"id":5220,"url":"https:\/\/humm.loverde.fr\/?p=5220","url_meta":{"origin":3318,"position":0},"title":"Lecture confin\u00e9e : Chroniques de J\u00e9rusalem","author":"cloverde","date":"27 mai 2020","format":false,"excerpt":"27 mai 2020 Roman mise en BD achet\u00e9 au festival de l\u00e0 BD d'Angoul\u00eame en vu d'un futur voyage \u00e0 J\u00e9rusalem qui a \u00e9t\u00e9 annul\u00e9 \u00e0 cause du confinement. \u00a0 Heureusement j'ai r\u00e9ussi \u00e0 me faire rembourser toutes les sommes engag\u00e9es, de la place de parking de l'a\u00e9roport aux billets\u2026","rel":"","context":"Dans &quot;Lectures&quot;","block_context":{"text":"Lectures","link":"https:\/\/humm.loverde.fr\/?cat=1"},"img":{"alt_text":"","src":"https:\/\/i0.wp.com\/humm.loverde.fr\/wp-content\/uploads\/2020\/05\/IMG_9655.jpg?fit=1200%2C800&ssl=1&resize=350%2C200","width":350,"height":200,"srcset":"https:\/\/i0.wp.com\/humm.loverde.fr\/wp-content\/uploads\/2020\/05\/IMG_9655.jpg?fit=1200%2C800&ssl=1&resize=350%2C200 1x, https:\/\/i0.wp.com\/humm.loverde.fr\/wp-content\/uploads\/2020\/05\/IMG_9655.jpg?fit=1200%2C800&ssl=1&resize=525%2C300 1.5x, https:\/\/i0.wp.com\/humm.loverde.fr\/wp-content\/uploads\/2020\/05\/IMG_9655.jpg?fit=1200%2C800&ssl=1&resize=700%2C400 2x, https:\/\/i0.wp.com\/humm.loverde.fr\/wp-content\/uploads\/2020\/05\/IMG_9655.jpg?fit=1200%2C800&ssl=1&resize=1050%2C600 3x"},"classes":[]},{"id":126,"url":"https:\/\/humm.loverde.fr\/?p=126","url_meta":{"origin":3318,"position":1},"title":"Note de lecture, Le voyage \u00e0 Liverpool","author":"cloverde","date":"5 mai 2015","format":false,"excerpt":"Livre de Jacques Colin (2003) que l'on m'a donn\u00e9 connaissant mes go\u00fbts musicaux et ma passion pour les Beatles. . R\u00e9sum\u00e9 Ma fille venait de rentrer de vacances - Tu connais les Beatles ? m'avait-elle demand\u00e9. J'avais r\u00e9pondu oui. Cl\u00e9lia d\u00e9teste les r\u00e9ponses longues. - Tu les aimes bien ?\u2026","rel":"","context":"Dans &quot;Lectures&quot;","block_context":{"text":"Lectures","link":"https:\/\/humm.loverde.fr\/?cat=1"},"img":{"alt_text":"","src":"https:\/\/i0.wp.com\/humm.loverde.fr\/wp-content\/uploads\/2015\/05\/IMG_3476.jpg?resize=350%2C200&ssl=1","width":350,"height":200,"srcset":"https:\/\/i0.wp.com\/humm.loverde.fr\/wp-content\/uploads\/2015\/05\/IMG_3476.jpg?resize=350%2C200&ssl=1 1x, https:\/\/i0.wp.com\/humm.loverde.fr\/wp-content\/uploads\/2015\/05\/IMG_3476.jpg?resize=525%2C300&ssl=1 1.5x, https:\/\/i0.wp.com\/humm.loverde.fr\/wp-content\/uploads\/2015\/05\/IMG_3476.jpg?resize=700%2C400&ssl=1 2x"},"classes":[]},{"id":5658,"url":"https:\/\/humm.loverde.fr\/?p=5658","url_meta":{"origin":3318,"position":2},"title":"Lecture doublement confin\u00e9e","author":"cloverde","date":"6 d\u00e9cembre 2020","format":false,"excerpt":"Si vous avez lu mon post du 27 novembre vous avez compris pourquoi \"doublement\". Propositions de lecture : Robert Louis STEVENSON : Voyage avec un \u00e2ne dans les C\u00e9vennes. Note: \u00c0 l'exception de quelques parties \u00e9crites post\u00e9rieurement \u00e0 sa randonn\u00e9e \u2014 principalement celles historiques n\u00e9cessitant la consultation de sources \u2014\u2026","rel":"","context":"Dans &quot;lecture&quot;","block_context":{"text":"lecture","link":"https:\/\/humm.loverde.fr\/?cat=1068"},"img":{"alt_text":"","src":"https:\/\/i0.wp.com\/humm.loverde.fr\/wp-content\/uploads\/2020\/12\/IMG_9659.jpg?fit=1200%2C795&ssl=1&resize=350%2C200","width":350,"height":200,"srcset":"https:\/\/i0.wp.com\/humm.loverde.fr\/wp-content\/uploads\/2020\/12\/IMG_9659.jpg?fit=1200%2C795&ssl=1&resize=350%2C200 1x, https:\/\/i0.wp.com\/humm.loverde.fr\/wp-content\/uploads\/2020\/12\/IMG_9659.jpg?fit=1200%2C795&ssl=1&resize=525%2C300 1.5x, https:\/\/i0.wp.com\/humm.loverde.fr\/wp-content\/uploads\/2020\/12\/IMG_9659.jpg?fit=1200%2C795&ssl=1&resize=700%2C400 2x, https:\/\/i0.wp.com\/humm.loverde.fr\/wp-content\/uploads\/2020\/12\/IMG_9659.jpg?fit=1200%2C795&ssl=1&resize=1050%2C600 3x"},"classes":[]},{"id":1066,"url":"https:\/\/humm.loverde.fr\/?p=1066","url_meta":{"origin":3318,"position":3},"title":"La science fiction, par quoi commencer?","author":"cloverde","date":"5 avril 2016","format":false,"excerpt":"Bien s\u00fbr, il y a beaucoup d'autres livres qui valent le d\u00e9tour comme ceux de St\u00e9phan Wul, Philip Jos\u00e9 Farmer, Van Vogt... mais il a fallu faire un tri. Aucun ordre particulier dans cette pr\u00e9sentation. Dick est omnipr\u00e9sent dans cette s\u00e9lection car il s'agissait au d\u00e9part d'\u00e9crire un truc sur\u2026","rel":"","context":"Dans &quot;lecture&quot;","block_context":{"text":"lecture","link":"https:\/\/humm.loverde.fr\/?cat=1068"},"img":{"alt_text":"La science fiction, par quoi commencer 1","src":"https:\/\/i0.wp.com\/humm.loverde.fr\/wp-content\/uploads\/2016\/03\/La-science-fiction-par-quoi-commencer-1.jpg?resize=350%2C200&ssl=1","width":350,"height":200},"classes":[]},{"id":1754,"url":"https:\/\/humm.loverde.fr\/?p=1754","url_meta":{"origin":3318,"position":4},"title":"Voyage en Gr\u00e8ce, Ath\u00e8nes","author":"cloverde","date":"30 septembre 2017","format":false,"excerpt":"Vendredi et samedi 16 septembre 2017 \u00a0 Cette \u00e9tape n'\u00e9tait pas pr\u00e9vue mais la balade dans les Cyclades et petites Cyclades s'\u00e9tant prolong\u00e9e le retour depuis le point de d\u00e9part n'a pas pu se faire. J'\u00e9tais un peu triste de quitter l'\u00e9quipe mais cela \u00e0 \u00e9t\u00e9 compens\u00e9 par une visite\u2026","rel":"","context":"Dans &quot;Actuel&quot;","block_context":{"text":"Actuel","link":"https:\/\/humm.loverde.fr\/?cat=13"},"img":{"alt_text":"","src":"https:\/\/i0.wp.com\/humm.loverde.fr\/wp-content\/uploads\/2017\/09\/IMG_3463.jpg?fit=800%2C393&ssl=1&resize=350%2C200","width":350,"height":200,"srcset":"https:\/\/i0.wp.com\/humm.loverde.fr\/wp-content\/uploads\/2017\/09\/IMG_3463.jpg?fit=800%2C393&ssl=1&resize=350%2C200 1x, https:\/\/i0.wp.com\/humm.loverde.fr\/wp-content\/uploads\/2017\/09\/IMG_3463.jpg?fit=800%2C393&ssl=1&resize=525%2C300 1.5x, https:\/\/i0.wp.com\/humm.loverde.fr\/wp-content\/uploads\/2017\/09\/IMG_3463.jpg?fit=800%2C393&ssl=1&resize=700%2C400 2x"},"classes":[]},{"id":5514,"url":"https:\/\/humm.loverde.fr\/?p=5514","url_meta":{"origin":3318,"position":5},"title":"Brochettes de poulet marin\u00e9","author":"cloverde","date":"21 ao\u00fbt 2020","format":false,"excerpt":"Les brochettes, un classique de l'\u00e9t\u00e9. J'ai essay\u00e9 toutes les viandes m\u00eame le porc ! Et finalement ma pr\u00e9f\u00e9rence va au poulet, le blanc de poulet. Bien s\u00fbr la qualit\u00e9 du poulet est le facteur d\u00e9terminant pour de bonnes brochettes. Ingr\u00e9dients pour 2 personnes 2 blancs de poulet De l'huile\u2026","rel":"","context":"Dans &quot;recette&quot;","block_context":{"text":"recette","link":"https:\/\/humm.loverde.fr\/?cat=1052"},"img":{"alt_text":"","src":"https:\/\/i0.wp.com\/humm.loverde.fr\/wp-content\/uploads\/2020\/08\/attachment-9.jpeg?fit=1200%2C675&ssl=1&resize=350%2C200","width":350,"height":200,"srcset":"https:\/\/i0.wp.com\/humm.loverde.fr\/wp-content\/uploads\/2020\/08\/attachment-9.jpeg?fit=1200%2C675&ssl=1&resize=350%2C200 1x, https:\/\/i0.wp.com\/humm.loverde.fr\/wp-content\/uploads\/2020\/08\/attachment-9.jpeg?fit=1200%2C675&ssl=1&resize=525%2C300 1.5x, https:\/\/i0.wp.com\/humm.loverde.fr\/wp-content\/uploads\/2020\/08\/attachment-9.jpeg?fit=1200%2C675&ssl=1&resize=700%2C400 2x, https:\/\/i0.wp.com\/humm.loverde.fr\/wp-content\/uploads\/2020\/08\/attachment-9.jpeg?fit=1200%2C675&ssl=1&resize=1050%2C600 3x"},"classes":[]}],"_links":{"self":[{"href":"https:\/\/humm.loverde.fr\/index.php?rest_route=\/wp\/v2\/posts\/3318","targetHints":{"allow":["GET"]}}],"collection":[{"href":"https:\/\/humm.loverde.fr\/index.php?rest_route=\/wp\/v2\/posts"}],"about":[{"href":"https:\/\/humm.loverde.fr\/index.php?rest_route=\/wp\/v2\/types\/post"}],"author":[{"embeddable":true,"href":"https:\/\/humm.loverde.fr\/index.php?rest_route=\/wp\/v2\/users\/1"}],"replies":[{"embeddable":true,"href":"https:\/\/humm.loverde.fr\/index.php?rest_route=%2Fwp%2Fv2%2Fcomments&post=3318"}],"version-history":[{"count":2,"href":"https:\/\/humm.loverde.fr\/index.php?rest_route=\/wp\/v2\/posts\/3318\/revisions"}],"predecessor-version":[{"id":3340,"href":"https:\/\/humm.loverde.fr\/index.php?rest_route=\/wp\/v2\/posts\/3318\/revisions\/3340"}],"wp:featuredmedia":[{"embeddable":true,"href":"https:\/\/humm.loverde.fr\/index.php?rest_route=\/wp\/v2\/media\/3333"}],"wp:attachment":[{"href":"https:\/\/humm.loverde.fr\/index.php?rest_route=%2Fwp%2Fv2%2Fmedia&parent=3318"}],"wp:term":[{"taxonomy":"category","embeddable":true,"href":"https:\/\/humm.loverde.fr\/index.php?rest_route=%2Fwp%2Fv2%2Fcategories&post=3318"},{"taxonomy":"post_tag","embeddable":true,"href":"https:\/\/humm.loverde.fr\/index.php?rest_route=%2Fwp%2Fv2%2Ftags&post=3318"}],"curies":[{"name":"wp","href":"https:\/\/api.w.org\/{rel}","templated":true}]}}