{"id":3884,"date":"2019-07-29T08:23:20","date_gmt":"2019-07-29T07:23:20","guid":{"rendered":"http:\/\/humm.loverde.fr\/?p=3884"},"modified":"2019-08-02T08:53:49","modified_gmt":"2019-08-02T07:53:49","slug":"moules-marinieres","status":"publish","type":"post","link":"https:\/\/humm.loverde.fr\/?p=3884","title":{"rendered":"Moules marini\u00e8res"},"content":{"rendered":"<p>Moules marini\u00e8res<\/p>\n<p>Les moules de bouchots ne viennent pas de Bouchot, vous le savez? Et le bouzigue c&rsquo;est quoi si ce n&rsquo;est pas un poteau en bois?<\/p>\n<p>Voici une recette simple et go\u00fbteuse qui m&rsquo;a \u00e9t\u00e9 donn\u00e9 par un ex-belge, mais quand on n\u00e9 belge on le reste donc le \u00ab\u00a0ex\u00a0\u00bb est de trop. C&rsquo;est comme moi, je croyais \u00eatre fran\u00e7ais de naissance mais il a fallu que je le prouve&#8230; Et j&rsquo;ai d\u00e9couvert que j&rsquo;\u00e9tais aussi italien. Et maintenant ? Je fais des moules \u00e0 Plassac de Leclerc.<\/p>\n<p><img data-recalc-dims=\"1\" loading=\"lazy\" decoding=\"async\" data-attachment-id=\"3885\" data-permalink=\"https:\/\/humm.loverde.fr\/?attachment_id=3885\" data-orig-file=\"https:\/\/i0.wp.com\/humm.loverde.fr\/wp-content\/uploads\/2019\/06\/Attachment-1-3.png?fit=800%2C517&amp;ssl=1\" data-orig-size=\"800,517\" data-comments-opened=\"1\" data-image-meta=\"{&quot;aperture&quot;:&quot;0&quot;,&quot;credit&quot;:&quot;&quot;,&quot;camera&quot;:&quot;&quot;,&quot;caption&quot;:&quot;&quot;,&quot;created_timestamp&quot;:&quot;0&quot;,&quot;copyright&quot;:&quot;&quot;,&quot;focal_length&quot;:&quot;0&quot;,&quot;iso&quot;:&quot;0&quot;,&quot;shutter_speed&quot;:&quot;0&quot;,&quot;title&quot;:&quot;&quot;,&quot;orientation&quot;:&quot;0&quot;}\" data-image-title=\"Attachment-1\" data-image-description=\"\" data-image-caption=\"\" data-large-file=\"https:\/\/i0.wp.com\/humm.loverde.fr\/wp-content\/uploads\/2019\/06\/Attachment-1-3.png?fit=800%2C517&amp;ssl=1\" class=\"aligncenter size-full wp-image-3885\" src=\"https:\/\/i0.wp.com\/humm.loverde.fr\/wp-content\/uploads\/2019\/06\/Attachment-1-3.png?resize=800%2C517&#038;ssl=1\" alt=\"\" width=\"800\" height=\"517\" srcset=\"https:\/\/i0.wp.com\/humm.loverde.fr\/wp-content\/uploads\/2019\/06\/Attachment-1-3.png?w=800&amp;ssl=1 800w, https:\/\/i0.wp.com\/humm.loverde.fr\/wp-content\/uploads\/2019\/06\/Attachment-1-3.png?resize=595%2C385&amp;ssl=1 595w, https:\/\/i0.wp.com\/humm.loverde.fr\/wp-content\/uploads\/2019\/06\/Attachment-1-3.png?resize=768%2C496&amp;ssl=1 768w\" sizes=\"auto, (max-width: 800px) 100vw, 800px\" \/><\/p>\n<p>\u00c7a me rappelle Bashung qui \u00e9tait kabylo-alsacien d&rsquo;apr\u00e8s Wikipedia et l&rsquo;une de ses chansons:<br \/>\nAlors \u00e0 quoi \u00e7a sert la frite si t&rsquo;as pas les moules<br \/>\n\u00c7a sert \u00e0 quoi l&rsquo;cochonnet si t&rsquo;as pas les boules?<br \/>\nAllusion \u00e0 l&rsquo;homosexualit\u00e9, mais pour accompagner cette recette je dirais plut\u00f4t<\/p>\n<p>Pourquoi tu sert des moules si t&rsquo;as pas les frites<br \/>\nEt aujourd&rsquo;hui j&rsquo;ai la frite!<\/p>\n<p>Ingr\u00e9dients<br \/>\n\u2022 des moules de bouchots<br \/>\n\u2022 Un gros poireau<br \/>\n\u2022 Une cuill\u00e8re \u00e0 soupe d&rsquo;huile d&rsquo;olive<br \/>\n\u2022 Du vin blanc<\/p>\n<p>Pr\u00e9paration<br \/>\nNettoyez les moules et bien enlever les poiles. Coupez le poireau en lamelles.<br \/>\nFaire revenir le poireau dans une grande marmite. J&rsquo;en ai pas alors j&rsquo;utilise la cocotte minute.<br \/>\nQuand le poireau d\u00e9gage son fumet, ajoutez les moules et couvrez.<br \/>\nRemuez de temps en temps.<br \/>\nQuand toutes les moules sont ouvertes ajoutez le vin blanc. Laissez sur le feu encore quelques minutes et servir chaud.<\/p>\n<p>Normalement on accompagne de frites mais aujourd&rsquo;hui on avait les moules et pas de frites.<\/p>\n<p><a href=\"https:\/\/i0.wp.com\/humm.loverde.fr\/wp-content\/uploads\/2019\/06\/Attachment-1-3.png?ssl=1\" rel=\"attachment wp-att-3885\"><img data-recalc-dims=\"1\" loading=\"lazy\" decoding=\"async\" data-attachment-id=\"3885\" data-permalink=\"https:\/\/humm.loverde.fr\/?attachment_id=3885\" data-orig-file=\"https:\/\/i0.wp.com\/humm.loverde.fr\/wp-content\/uploads\/2019\/06\/Attachment-1-3.png?fit=800%2C517&amp;ssl=1\" data-orig-size=\"800,517\" data-comments-opened=\"1\" data-image-meta=\"{&quot;aperture&quot;:&quot;0&quot;,&quot;credit&quot;:&quot;&quot;,&quot;camera&quot;:&quot;&quot;,&quot;caption&quot;:&quot;&quot;,&quot;created_timestamp&quot;:&quot;0&quot;,&quot;copyright&quot;:&quot;&quot;,&quot;focal_length&quot;:&quot;0&quot;,&quot;iso&quot;:&quot;0&quot;,&quot;shutter_speed&quot;:&quot;0&quot;,&quot;title&quot;:&quot;&quot;,&quot;orientation&quot;:&quot;0&quot;}\" data-image-title=\"Attachment-1\" data-image-description=\"\" data-image-caption=\"\" data-large-file=\"https:\/\/i0.wp.com\/humm.loverde.fr\/wp-content\/uploads\/2019\/06\/Attachment-1-3.png?fit=800%2C517&amp;ssl=1\" class=\"alignnone size-full wp-image-3885\" title=\"attachment-1-3-png\" src=\"https:\/\/i0.wp.com\/humm.loverde.fr\/wp-content\/uploads\/2019\/06\/Attachment-1-3.png?resize=960%2C9999&#038;ssl=1\" alt=\"\" width=\"960\" height=\"9999\" \/><\/a><\/p>\n<p><a href=\"http:\/\/bit.ly\/ChristianLoverde\">http:\/\/bit.ly\/ChristianLoverde<\/a><\/p>\n","protected":false},"excerpt":{"rendered":"<p>Moules marini\u00e8res Les moules de bouchots ne viennent pas de Bouchot, vous le savez? Et le bouzigue c&rsquo;est quoi si &hellip; <\/p>\n","protected":false},"author":1,"featured_media":3885,"comment_status":"open","ping_status":"closed","sticky":false,"template":"","format":"standard","meta":{"jetpack_post_was_ever_published":false,"_jetpack_newsletter_access":"","_jetpack_dont_email_post_to_subs":false,"_jetpack_newsletter_tier_id":0,"_jetpack_memberships_contains_paywalled_content":false,"_jetpack_memberships_contains_paid_content":false,"footnotes":"","jetpack_publicize_message":"","jetpack_publicize_feature_enabled":true,"jetpack_social_post_already_shared":true,"jetpack_social_options":{"image_generator_settings":{"template":"highway","default_image_id":0,"font":"","enabled":false},"version":2}},"categories":[2],"tags":[959,958,493,650],"class_list":["post-3884","post","type-post","status-publish","format-standard","has-post-thumbnail","hentry","category-recettes","tag-bouchot","tag-marinieres","tag-moules","tag-poireau"],"jetpack_publicize_connections":[],"jetpack_featured_media_url":"https:\/\/i0.wp.com\/humm.loverde.fr\/wp-content\/uploads\/2019\/06\/Attachment-1-3.png?fit=800%2C517&ssl=1","jetpack_sharing_enabled":true,"jetpack_shortlink":"https:\/\/wp.me\/p9whbF-10E","jetpack_likes_enabled":true,"jetpack-related-posts":[{"id":3896,"url":"https:\/\/humm.loverde.fr\/?p=3896","url_meta":{"origin":3884,"position":0},"title":"Moules Farcies","author":"cloverde","date":"5 ao\u00fbt 2019","format":false,"excerpt":"Moules Farcies Mang\u00e9es au Huaca \u00e0 Saint Cyprien et c'\u00e9tait un r\u00e9gal, sans beurre persill\u00e9 banni de nos assiettes. J'ai cherch\u00e9 une recette sur le web et je ne sais pas si elles serons identiques. En tout cas sans beurre persill\u00e9. J'ai achet\u00e9 des moules de corde parce que de\u2026","rel":"","context":"Dans &quot;Farci&quot;","block_context":{"text":"Farci","link":"https:\/\/humm.loverde.fr\/?cat=998"},"img":{"alt_text":"","src":"https:\/\/i0.wp.com\/humm.loverde.fr\/wp-content\/uploads\/2019\/07\/Attachment-2.png?fit=800%2C472&ssl=1&resize=350%2C200","width":350,"height":200,"srcset":"https:\/\/i0.wp.com\/humm.loverde.fr\/wp-content\/uploads\/2019\/07\/Attachment-2.png?fit=800%2C472&ssl=1&resize=350%2C200 1x, https:\/\/i0.wp.com\/humm.loverde.fr\/wp-content\/uploads\/2019\/07\/Attachment-2.png?fit=800%2C472&ssl=1&resize=525%2C300 1.5x, https:\/\/i0.wp.com\/humm.loverde.fr\/wp-content\/uploads\/2019\/07\/Attachment-2.png?fit=800%2C472&ssl=1&resize=700%2C400 2x"},"classes":[]},{"id":5507,"url":"https:\/\/humm.loverde.fr\/?p=5507","url_meta":{"origin":3884,"position":1},"title":"Moules farcies \u00e0 l&rsquo;italienne","author":"cloverde","date":"14 ao\u00fbt 2020","format":false,"excerpt":"\u00c0 l'italienne, vous avez compris, c'est \u00e0 cause des tomates. On ne trouve pas souvent de grosses moules, alors quand il y en a je chamboule mes plans et j'en ach\u00e8te. La derni\u00e8re fois que j'en ai fait, c'\u00e9tait grosso modo l'ann\u00e9e derni\u00e8re apr\u00e8s notre s\u00e9jour du c\u00f4t\u00e9 de Saint-Cyprien,\u2026","rel":"","context":"Dans &quot;recette&quot;","block_context":{"text":"recette","link":"https:\/\/humm.loverde.fr\/?cat=1052"},"img":{"alt_text":"","src":"https:\/\/i0.wp.com\/humm.loverde.fr\/wp-content\/uploads\/2020\/08\/attachment-6.jpeg?fit=1200%2C675&ssl=1&resize=350%2C200","width":350,"height":200,"srcset":"https:\/\/i0.wp.com\/humm.loverde.fr\/wp-content\/uploads\/2020\/08\/attachment-6.jpeg?fit=1200%2C675&ssl=1&resize=350%2C200 1x, https:\/\/i0.wp.com\/humm.loverde.fr\/wp-content\/uploads\/2020\/08\/attachment-6.jpeg?fit=1200%2C675&ssl=1&resize=525%2C300 1.5x, https:\/\/i0.wp.com\/humm.loverde.fr\/wp-content\/uploads\/2020\/08\/attachment-6.jpeg?fit=1200%2C675&ssl=1&resize=700%2C400 2x, https:\/\/i0.wp.com\/humm.loverde.fr\/wp-content\/uploads\/2020\/08\/attachment-6.jpeg?fit=1200%2C675&ssl=1&resize=1050%2C600 3x"},"classes":[]},{"id":5542,"url":"https:\/\/humm.loverde.fr\/?p=5542","url_meta":{"origin":3884,"position":2},"title":"Nouvelles madeleines","author":"cloverde","date":"4 septembre 2020","format":false,"excerpt":"Je voulais \u00e9crire un commentaire sur la recette d\u00e9j\u00e0 publi\u00e9e (https:\/\/humm.loverde.fr\/madeleines-de-commercy\/) mais les ingr\u00e9dients sont diff\u00e9rends et de nouvelles plaques de cuisson font que je publie une nouvelle recette un peu simplifi\u00e9e. La levure chimique n'est pas dans la liste des ingr\u00e9dients mais j'en ai mis un paquet quand m\u00eame\u2026","rel":"","context":"Dans &quot;recette&quot;","block_context":{"text":"recette","link":"https:\/\/humm.loverde.fr\/?cat=1052"},"img":{"alt_text":"","src":"https:\/\/i0.wp.com\/humm.loverde.fr\/wp-content\/uploads\/2020\/09\/attachment-1.jpeg?fit=1200%2C675&ssl=1&resize=350%2C200","width":350,"height":200,"srcset":"https:\/\/i0.wp.com\/humm.loverde.fr\/wp-content\/uploads\/2020\/09\/attachment-1.jpeg?fit=1200%2C675&ssl=1&resize=350%2C200 1x, https:\/\/i0.wp.com\/humm.loverde.fr\/wp-content\/uploads\/2020\/09\/attachment-1.jpeg?fit=1200%2C675&ssl=1&resize=525%2C300 1.5x, https:\/\/i0.wp.com\/humm.loverde.fr\/wp-content\/uploads\/2020\/09\/attachment-1.jpeg?fit=1200%2C675&ssl=1&resize=700%2C400 2x, https:\/\/i0.wp.com\/humm.loverde.fr\/wp-content\/uploads\/2020\/09\/attachment-1.jpeg?fit=1200%2C675&ssl=1&resize=1050%2C600 3x"},"classes":[]},{"id":6347,"url":"https:\/\/humm.loverde.fr\/?p=6347","url_meta":{"origin":3884,"position":3},"title":"Moules farcies au crumble de chorizo","author":"cloverde","date":"17 juillet 2021","format":false,"excerpt":"17\/07 J'adore les moules farcies mais pour cela il faut des grosses moules g\u00e9n\u00e9ralement espagnoles donc je n'arrive pas \u00e0 en faire souvent puisque dans notre cambrousse n'arrivent que celles de Bouchot, celles qui grimpent au branches \ud83d\ude09. Je me suis abstenu de plaisanter \u00e0 propos de la moule espagnole\u2026","rel":"","context":"Dans &quot;Recettes&quot;","block_context":{"text":"Recettes","link":"https:\/\/humm.loverde.fr\/?cat=2"},"img":{"alt_text":"","src":"https:\/\/i0.wp.com\/humm.loverde.fr\/wp-content\/uploads\/2021\/07\/IMG_20210702_003003_98.jpg?fit=1200%2C554&ssl=1&resize=350%2C200","width":350,"height":200,"srcset":"https:\/\/i0.wp.com\/humm.loverde.fr\/wp-content\/uploads\/2021\/07\/IMG_20210702_003003_98.jpg?fit=1200%2C554&ssl=1&resize=350%2C200 1x, https:\/\/i0.wp.com\/humm.loverde.fr\/wp-content\/uploads\/2021\/07\/IMG_20210702_003003_98.jpg?fit=1200%2C554&ssl=1&resize=525%2C300 1.5x, https:\/\/i0.wp.com\/humm.loverde.fr\/wp-content\/uploads\/2021\/07\/IMG_20210702_003003_98.jpg?fit=1200%2C554&ssl=1&resize=700%2C400 2x, https:\/\/i0.wp.com\/humm.loverde.fr\/wp-content\/uploads\/2021\/07\/IMG_20210702_003003_98.jpg?fit=1200%2C554&ssl=1&resize=1050%2C600 3x"},"classes":[]},{"id":1624,"url":"https:\/\/humm.loverde.fr\/?p=1624","url_meta":{"origin":3884,"position":4},"title":"Une paella \u00e0 ma fa\u00e7on","author":"cloverde","date":"30 juin 2017","format":false,"excerpt":"La vraie paella est valencienne. Tiens! \u00e7a me fait penser que ma grand-m\u00e8re avait un p\u00e8re auvergnat et une m\u00e8re espagnole de Valencia. Mais comme mon grand-p\u00e8re \u00e9tait italien, ses sp\u00e9cialit\u00e9s culinaires penchaient du c\u00f4t\u00e9 italien. Mes seuls souvenirs de paella sont celles que l'on faisait \u00e0 Antras, ma tante\u2026","rel":"","context":"Dans &quot;Recettes&quot;","block_context":{"text":"Recettes","link":"https:\/\/humm.loverde.fr\/?cat=2"},"img":{"alt_text":"Paella \u00e0 ma fa\u00e7on","src":"https:\/\/i0.wp.com\/humm.loverde.fr\/wp-content\/uploads\/2017\/04\/Paella-%C3%A0-ma-fa%C3%A7on-3.jpg?fit=800%2C450&ssl=1&resize=350%2C200","width":350,"height":200,"srcset":"https:\/\/i0.wp.com\/humm.loverde.fr\/wp-content\/uploads\/2017\/04\/Paella-%C3%A0-ma-fa%C3%A7on-3.jpg?fit=800%2C450&ssl=1&resize=350%2C200 1x, https:\/\/i0.wp.com\/humm.loverde.fr\/wp-content\/uploads\/2017\/04\/Paella-%C3%A0-ma-fa%C3%A7on-3.jpg?fit=800%2C450&ssl=1&resize=525%2C300 1.5x, https:\/\/i0.wp.com\/humm.loverde.fr\/wp-content\/uploads\/2017\/04\/Paella-%C3%A0-ma-fa%C3%A7on-3.jpg?fit=800%2C450&ssl=1&resize=700%2C400 2x"},"classes":[]},{"id":4128,"url":"https:\/\/humm.loverde.fr\/?p=4128","url_meta":{"origin":3884,"position":5},"title":"Paella","author":"cloverde","date":"30 ao\u00fbt 2019","format":false,"excerpt":"Paella Cette fois j'ai bien pr\u00e9par\u00e9 mon coup et j'ai achet\u00e9 tous les ingr\u00e9dients d'une vraie paella valencienne donc. Le poissonnier m'a refil\u00e9 des poulpes d\u00e9congel\u00e9s au lieu de calamars et j'ai eu un peu de mal \u00e0 les rendre go\u00fbteux. Donc ma paella \u00e9tait meilleur que celle de la\u2026","rel":"","context":"Dans &quot;Recettes&quot;","block_context":{"text":"Recettes","link":"https:\/\/humm.loverde.fr\/?cat=2"},"img":{"alt_text":"","src":"https:\/\/i0.wp.com\/humm.loverde.fr\/wp-content\/uploads\/2019\/08\/Attachment-2-2.png?fit=800%2C454&ssl=1&resize=350%2C200","width":350,"height":200,"srcset":"https:\/\/i0.wp.com\/humm.loverde.fr\/wp-content\/uploads\/2019\/08\/Attachment-2-2.png?fit=800%2C454&ssl=1&resize=350%2C200 1x, https:\/\/i0.wp.com\/humm.loverde.fr\/wp-content\/uploads\/2019\/08\/Attachment-2-2.png?fit=800%2C454&ssl=1&resize=525%2C300 1.5x, https:\/\/i0.wp.com\/humm.loverde.fr\/wp-content\/uploads\/2019\/08\/Attachment-2-2.png?fit=800%2C454&ssl=1&resize=700%2C400 2x"},"classes":[]}],"_links":{"self":[{"href":"https:\/\/humm.loverde.fr\/index.php?rest_route=\/wp\/v2\/posts\/3884","targetHints":{"allow":["GET"]}}],"collection":[{"href":"https:\/\/humm.loverde.fr\/index.php?rest_route=\/wp\/v2\/posts"}],"about":[{"href":"https:\/\/humm.loverde.fr\/index.php?rest_route=\/wp\/v2\/types\/post"}],"author":[{"embeddable":true,"href":"https:\/\/humm.loverde.fr\/index.php?rest_route=\/wp\/v2\/users\/1"}],"replies":[{"embeddable":true,"href":"https:\/\/humm.loverde.fr\/index.php?rest_route=%2Fwp%2Fv2%2Fcomments&post=3884"}],"version-history":[{"count":2,"href":"https:\/\/humm.loverde.fr\/index.php?rest_route=\/wp\/v2\/posts\/3884\/revisions"}],"predecessor-version":[{"id":3887,"href":"https:\/\/humm.loverde.fr\/index.php?rest_route=\/wp\/v2\/posts\/3884\/revisions\/3887"}],"wp:featuredmedia":[{"embeddable":true,"href":"https:\/\/humm.loverde.fr\/index.php?rest_route=\/wp\/v2\/media\/3885"}],"wp:attachment":[{"href":"https:\/\/humm.loverde.fr\/index.php?rest_route=%2Fwp%2Fv2%2Fmedia&parent=3884"}],"wp:term":[{"taxonomy":"category","embeddable":true,"href":"https:\/\/humm.loverde.fr\/index.php?rest_route=%2Fwp%2Fv2%2Fcategories&post=3884"},{"taxonomy":"post_tag","embeddable":true,"href":"https:\/\/humm.loverde.fr\/index.php?rest_route=%2Fwp%2Fv2%2Ftags&post=3884"}],"curies":[{"name":"wp","href":"https:\/\/api.w.org\/{rel}","templated":true}]}}