{"id":422,"date":"2015-04-04T08:08:23","date_gmt":"2015-04-04T07:08:23","guid":{"rendered":"http:\/\/humm.loverde.fr\/?p=422"},"modified":"2019-07-28T08:08:08","modified_gmt":"2019-07-28T07:08:08","slug":"le-marabout-de-sidi-abderrahmane","status":"publish","type":"post","link":"https:\/\/humm.loverde.fr\/?p=422","title":{"rendered":"Le marabout de Sidi Abderrahmane"},"content":{"rendered":"<div>\n<div>J&rsquo;ai toujours \u00e9t\u00e9 fascin\u00e9 par ce que sont pr\u00eats \u00e0 faire ou \u00e0 croire les gens pour que se r\u00e9alise des choses impossibles. \u00a0C&rsquo;est d&rsquo;ailleurs pour \u00e7a que les arnaques vont bon train sur internet, parce qu&rsquo;il y a toujours quelqu&rsquo;un pr\u00eat \u00e0 croire n&rsquo;importe quel charlatan.<\/div>\n<div>Ils utilisent souvent des versions modernes de vieilles arnaques. Il y a encore et il y en aura longtemps des cr\u00e9dules qui croient au <a href=\"http:\/\/bit.ly\/1vV8yLH\" target=\"_blank\" rel=\"noopener noreferrer\">multiplieur de billets<\/a>.<\/div>\n<p>&nbsp;<\/p>\n<div><\/div>\n<div>\n<div>Chez nous, il y a bien des gens qui vous promettent la gu\u00e9rison de n&rsquo;importe quel cancer avec une boisson au miel, \u00e0\u00a0Casablanca les charlatans du marabout de Sidi Abderhamane promettent aux femmes de trouver le bon mari ou d&rsquo;avoir des enfants. Rendre les femmes fertiles avec\u00a0des talismans et des potions \u00e0 boire, \u00e7a co\u00fbte moins ch\u00e8re que les traitements de fertilit\u00e9.<\/div>\n<\/div>\n<p>&nbsp;<\/p>\n<\/div>\n<div style=\"text-align: center;\"><a href=\"https:\/\/i0.wp.com\/humm.loverde.fr\/wp-content\/uploads\/2015\/03\/Le-marabout-de-Sidi-Abderrahmane-1.jpg?ssl=1\"><img data-recalc-dims=\"1\" loading=\"lazy\" decoding=\"async\" data-attachment-id=\"423\" data-permalink=\"https:\/\/humm.loverde.fr\/?attachment_id=423\" data-orig-file=\"https:\/\/i0.wp.com\/humm.loverde.fr\/wp-content\/uploads\/2015\/03\/Le-marabout-de-Sidi-Abderrahmane-1.jpg?fit=800%2C278&amp;ssl=1\" data-orig-size=\"800,278\" data-comments-opened=\"1\" data-image-meta=\"{&quot;aperture&quot;:&quot;0&quot;,&quot;credit&quot;:&quot;&quot;,&quot;camera&quot;:&quot;&quot;,&quot;caption&quot;:&quot;&quot;,&quot;created_timestamp&quot;:&quot;0&quot;,&quot;copyright&quot;:&quot;&quot;,&quot;focal_length&quot;:&quot;0&quot;,&quot;iso&quot;:&quot;0&quot;,&quot;shutter_speed&quot;:&quot;0&quot;,&quot;title&quot;:&quot;&quot;,&quot;orientation&quot;:&quot;0&quot;}\" data-image-title=\"Le marabout de Sidi Abderrahmane 1\" data-image-description=\"\" data-image-caption=\"\" data-large-file=\"https:\/\/i0.wp.com\/humm.loverde.fr\/wp-content\/uploads\/2015\/03\/Le-marabout-de-Sidi-Abderrahmane-1.jpg?fit=800%2C278&amp;ssl=1\" class=\"aligncenter size-medium wp-image-423\" src=\"https:\/\/i0.wp.com\/humm.loverde.fr\/wp-content\/uploads\/2015\/03\/Le-marabout-de-Sidi-Abderrahmane-1.jpg?resize=800%2C278&#038;ssl=1\" alt=\"Le marabout de Sidi Abderrahmane 1\" width=\"800\" height=\"278\" \/><\/a>\u00a0<i class=\"icon-camera\"><\/i> Kris 2014<\/div>\n<p>&nbsp;<\/p>\n<div>\n<div>\n<div>Avant on acc\u00e8dait \u00e0 l&rsquo;\u00eele avec des bou\u00e9es les jours de mar\u00e9e haute. Sinon, \u00e0 mar\u00e9e basse, il suffisait de marcher, dans les rochers quand m\u00eame!<\/div>\n<div>Maintenant il y a un pont, c&rsquo;est pour \u00e7a que nous avons pu y aller lors de notre dernier voyage en avril 2014, c&rsquo;\u00e9tait la premi\u00e8re fois que j&rsquo;y mettais les pieds. Le pont a fait perdre un peu la magie du lieu.<\/div>\n<p>&nbsp;<\/p>\n<div style=\"text-align: center;\"><a href=\"https:\/\/i0.wp.com\/humm.loverde.fr\/wp-content\/uploads\/2015\/03\/Le-marabout-de-Sidi-Abderrahmane-2.jpg?ssl=1\"><img data-recalc-dims=\"1\" loading=\"lazy\" decoding=\"async\" data-attachment-id=\"424\" data-permalink=\"https:\/\/humm.loverde.fr\/?attachment_id=424\" data-orig-file=\"https:\/\/i0.wp.com\/humm.loverde.fr\/wp-content\/uploads\/2015\/03\/Le-marabout-de-Sidi-Abderrahmane-2.jpg?fit=800%2C308&amp;ssl=1\" data-orig-size=\"800,308\" data-comments-opened=\"1\" data-image-meta=\"{&quot;aperture&quot;:&quot;0&quot;,&quot;credit&quot;:&quot;&quot;,&quot;camera&quot;:&quot;&quot;,&quot;caption&quot;:&quot;&quot;,&quot;created_timestamp&quot;:&quot;0&quot;,&quot;copyright&quot;:&quot;&quot;,&quot;focal_length&quot;:&quot;0&quot;,&quot;iso&quot;:&quot;0&quot;,&quot;shutter_speed&quot;:&quot;0&quot;,&quot;title&quot;:&quot;&quot;,&quot;orientation&quot;:&quot;0&quot;}\" data-image-title=\"Le marabout de Sidi Abderrahmane 2\" data-image-description=\"\" data-image-caption=\"\" data-large-file=\"https:\/\/i0.wp.com\/humm.loverde.fr\/wp-content\/uploads\/2015\/03\/Le-marabout-de-Sidi-Abderrahmane-2.jpg?fit=800%2C308&amp;ssl=1\" class=\"aligncenter size-medium wp-image-424\" src=\"https:\/\/i0.wp.com\/humm.loverde.fr\/wp-content\/uploads\/2015\/03\/Le-marabout-de-Sidi-Abderrahmane-2.jpg?resize=800%2C308&#038;ssl=1\" alt=\"Le marabout de Sidi Abderrahmane 2\" width=\"800\" height=\"308\" \/><\/a>\u00a0<i class=\"icon-camera\"><\/i> Kris 1980<\/div>\n<p>&nbsp;<\/p>\n<div>\n<div>Mais qui est Sidi Abderrahmane?<\/div>\n<div>Un saint, en rien responsable de son image posthume, et dont le sanctuaire est situ\u00e9 sur un rocher de la c\u00f4te de A\u00efn Diab. Une petite communaut\u00e9 vit l\u00e0 sous l&rsquo;aile du marabout. Des pratiques pa\u00efennes comme la sorcellerie, la\u00a0magie noire\u00a0ont trouv\u00e9 refuge dans ce lieu saint.<\/div>\n<p>&nbsp;<\/p>\n<div>Dernier recours pour femmes st\u00e9riles<\/div>\n<div>\u00ab\u00a0J&rsquo;ai suivi \u00e0 la lettre ce qu&rsquo;on m&rsquo;a dit de faire. Je me suis lav\u00e9e aux sept vagues de l&rsquo;Oc\u00e9an, je bois sept gorg\u00e9es d&rsquo;un liquide qui est rest\u00e9e sous la belle \u00e9toile toute une nuit Le fquih m&rsquo;a dit que mes belles soeurs m&rsquo;ont jet\u00e9 un sort pendant ma nuit des noces mais je serai d\u00e9livr\u00e9e\u00a0\u00bb<\/div>\n<div><i>Na\u00efma BOU\u00c2CHRINE Publi\u00e9 dans MarocHebdo le\u00a006 &#8211; 02 &#8211; 1999<\/i><\/div>\n<p>&nbsp;<\/p>\n<div style=\"text-align: center;\"><a href=\"https:\/\/i0.wp.com\/humm.loverde.fr\/wp-content\/uploads\/2015\/03\/Le-marabout-de-Sidi-Abderrahmane-3.jpg?ssl=1\"><img data-recalc-dims=\"1\" loading=\"lazy\" decoding=\"async\" data-attachment-id=\"425\" data-permalink=\"https:\/\/humm.loverde.fr\/?attachment_id=425\" data-orig-file=\"https:\/\/i0.wp.com\/humm.loverde.fr\/wp-content\/uploads\/2015\/03\/Le-marabout-de-Sidi-Abderrahmane-3.jpg?fit=800%2C367&amp;ssl=1\" data-orig-size=\"800,367\" data-comments-opened=\"1\" data-image-meta=\"{&quot;aperture&quot;:&quot;0&quot;,&quot;credit&quot;:&quot;&quot;,&quot;camera&quot;:&quot;&quot;,&quot;caption&quot;:&quot;&quot;,&quot;created_timestamp&quot;:&quot;0&quot;,&quot;copyright&quot;:&quot;&quot;,&quot;focal_length&quot;:&quot;0&quot;,&quot;iso&quot;:&quot;0&quot;,&quot;shutter_speed&quot;:&quot;0&quot;,&quot;title&quot;:&quot;&quot;,&quot;orientation&quot;:&quot;0&quot;}\" data-image-title=\"Le marabout de Sidi Abderrahmane 3\" data-image-description=\"\" data-image-caption=\"\" data-large-file=\"https:\/\/i0.wp.com\/humm.loverde.fr\/wp-content\/uploads\/2015\/03\/Le-marabout-de-Sidi-Abderrahmane-3.jpg?fit=800%2C367&amp;ssl=1\" class=\"aligncenter size-medium wp-image-425\" src=\"https:\/\/i0.wp.com\/humm.loverde.fr\/wp-content\/uploads\/2015\/03\/Le-marabout-de-Sidi-Abderrahmane-3.jpg?resize=800%2C367&#038;ssl=1\" alt=\"Le marabout de Sidi Abderrahmane 3\" width=\"800\" height=\"367\" \/><\/a>\u00a0<i class=\"icon-camera-retro\"><\/i> Kris 2014<\/div>\n<p>&nbsp;<\/p>\n<div>\n<div>\n<div>\n<div>Les v\u00eatements jet\u00e9s \u00e0 la mer (comme \u00e0 Pont-Blondin)<\/div>\n<div>Des couples qui tentent de se rabibocher, des filles qui prient devant l&rsquo;oc\u00e9an, des sous v\u00eatements, des poules d\u00e9plum\u00e9es jet\u00e9es \u00e0 l&rsquo;eau que des petits malins r\u00e9cup\u00e8rent pour pr\u00e9parer des tajines.<\/div>\n<\/div>\n<p>&nbsp;<\/p>\n<div>\n<p style=\"text-align: center;\"><a href=\"https:\/\/i0.wp.com\/humm.loverde.fr\/wp-content\/uploads\/2015\/03\/Le-marabout-de-Sidi-Abderrahmane-4.jpg?ssl=1\"><img data-recalc-dims=\"1\" loading=\"lazy\" decoding=\"async\" data-attachment-id=\"426\" data-permalink=\"https:\/\/humm.loverde.fr\/?attachment_id=426\" data-orig-file=\"https:\/\/i0.wp.com\/humm.loverde.fr\/wp-content\/uploads\/2015\/03\/Le-marabout-de-Sidi-Abderrahmane-4.jpg?fit=700%2C431&amp;ssl=1\" data-orig-size=\"700,431\" data-comments-opened=\"1\" data-image-meta=\"{&quot;aperture&quot;:&quot;0&quot;,&quot;credit&quot;:&quot;&quot;,&quot;camera&quot;:&quot;&quot;,&quot;caption&quot;:&quot;&quot;,&quot;created_timestamp&quot;:&quot;0&quot;,&quot;copyright&quot;:&quot;&quot;,&quot;focal_length&quot;:&quot;0&quot;,&quot;iso&quot;:&quot;0&quot;,&quot;shutter_speed&quot;:&quot;0&quot;,&quot;title&quot;:&quot;&quot;,&quot;orientation&quot;:&quot;0&quot;}\" data-image-title=\"Le marabout de Sidi Abderrahmane 4\" data-image-description=\"\" data-image-caption=\"\" data-large-file=\"https:\/\/i0.wp.com\/humm.loverde.fr\/wp-content\/uploads\/2015\/03\/Le-marabout-de-Sidi-Abderrahmane-4.jpg?fit=700%2C431&amp;ssl=1\" class=\"aligncenter size-full wp-image-426\" src=\"https:\/\/i0.wp.com\/humm.loverde.fr\/wp-content\/uploads\/2015\/03\/Le-marabout-de-Sidi-Abderrahmane-4.jpg?resize=700%2C431&#038;ssl=1\" alt=\"Le marabout de Sidi Abderrahmane 4\" width=\"700\" height=\"431\" \/><\/a>Le pont naturel &#8211; sur la route reliant les sablettes \u00e0 la plage oubaha<br \/>\n<i>Il y a\u00a0un marabout \u00e0 Sidi Mohammed Ben Chergui.<\/i>\u00a0\u00a0<i class=\"icon-camera\"><\/i>\u00a0 du site \u00ab\u00a0une vie \u00e0 Fedala\u00a0\u00bb<\/p>\n<div style=\"text-align: center;\"><\/div>\n<div style=\"text-align: center;\"><\/div>\n<div style=\"text-align: left;\">Il faut dire que l&rsquo;endroit est photog\u00e9nique surtout avec ma chipie en premier plan!<\/div>\n<div style=\"text-align: left;\"><\/div>\n<div style=\"text-align: left;\"><\/div>\n<div style=\"text-align: left;\"><\/div>\n<p>&nbsp;<\/p>\n<div style=\"text-align: left;\"><a href=\"https:\/\/i0.wp.com\/humm.loverde.fr\/wp-content\/uploads\/2015\/03\/Le-marabout-de-Sidi-Abderrahmane-5.jpg?ssl=1\"><img data-recalc-dims=\"1\" loading=\"lazy\" decoding=\"async\" data-attachment-id=\"427\" data-permalink=\"https:\/\/humm.loverde.fr\/?attachment_id=427\" data-orig-file=\"https:\/\/i0.wp.com\/humm.loverde.fr\/wp-content\/uploads\/2015\/03\/Le-marabout-de-Sidi-Abderrahmane-5.jpg?fit=800%2C488&amp;ssl=1\" data-orig-size=\"800,488\" data-comments-opened=\"1\" data-image-meta=\"{&quot;aperture&quot;:&quot;0&quot;,&quot;credit&quot;:&quot;&quot;,&quot;camera&quot;:&quot;&quot;,&quot;caption&quot;:&quot;&quot;,&quot;created_timestamp&quot;:&quot;0&quot;,&quot;copyright&quot;:&quot;&quot;,&quot;focal_length&quot;:&quot;0&quot;,&quot;iso&quot;:&quot;0&quot;,&quot;shutter_speed&quot;:&quot;0&quot;,&quot;title&quot;:&quot;&quot;,&quot;orientation&quot;:&quot;0&quot;}\" data-image-title=\"Le marabout de Sidi Abderrahmane 5\" data-image-description=\"\" data-image-caption=\"\" data-large-file=\"https:\/\/i0.wp.com\/humm.loverde.fr\/wp-content\/uploads\/2015\/03\/Le-marabout-de-Sidi-Abderrahmane-5.jpg?fit=800%2C488&amp;ssl=1\" class=\"aligncenter size-medium wp-image-427\" src=\"https:\/\/i0.wp.com\/humm.loverde.fr\/wp-content\/uploads\/2015\/03\/Le-marabout-de-Sidi-Abderrahmane-5.jpg?resize=800%2C488&#038;ssl=1\" alt=\"Le marabout de Sidi Abderrahmane 5\" width=\"800\" height=\"488\" \/><\/a><\/div>\n<\/div>\n<\/div>\n<\/div>\n<\/div>\n<\/div>\n<\/div>\n","protected":false},"excerpt":{"rendered":"<p>J&rsquo;ai toujours \u00e9t\u00e9 fascin\u00e9 par ce que sont pr\u00eats \u00e0 faire ou \u00e0 croire les gens pour que se r\u00e9alise &hellip; <\/p>\n","protected":false},"author":1,"featured_media":423,"comment_status":"open","ping_status":"open","sticky":false,"template":"","format":"standard","meta":{"jetpack_post_was_ever_published":false,"_jetpack_newsletter_access":"","_jetpack_dont_email_post_to_subs":false,"_jetpack_newsletter_tier_id":0,"_jetpack_memberships_contains_paywalled_content":false,"_jetpack_memberships_contains_paid_content":false,"footnotes":"","jetpack_publicize_message":"","jetpack_publicize_feature_enabled":true,"jetpack_social_post_already_shared":false,"jetpack_social_options":{"image_generator_settings":{"template":"highway","default_image_id":0,"font":"","enabled":false},"version":2}},"categories":[13,12],"tags":[112,111,113,115,109,110,114],"class_list":["post-422","post","type-post","status-publish","format-standard","has-post-thumbnail","hentry","category-actuel","category-souvenirs","tag-arnaques","tag-casablanca","tag-charlatan","tag-magie-noir","tag-marabout","tag-sidi-abderrahmane","tag-sorciers"],"jetpack_publicize_connections":[],"jetpack_featured_media_url":"https:\/\/i0.wp.com\/humm.loverde.fr\/wp-content\/uploads\/2015\/03\/Le-marabout-de-Sidi-Abderrahmane-1.jpg?fit=800%2C278&ssl=1","jetpack_sharing_enabled":true,"jetpack_shortlink":"https:\/\/wp.me\/p9whbF-6O","jetpack_likes_enabled":true,"jetpack-related-posts":[{"id":3710,"url":"https:\/\/humm.loverde.fr\/?p=3710","url_meta":{"origin":422,"position":0},"title":"Sidi Brahim","author":"cloverde","date":"22 mars 2019","format":false,"excerpt":"Sidi Brahim On pourrait penser que je me tourne vers mon pass\u00e9 mais en r\u00e9alit\u00e9 je recycle de vieux articles jamais publi\u00e9s car destin\u00e9s \u00e0 un public trop restreint. Et pour celui-ci c'est plut\u00f4t une refonte totale \u00e0 partir de textes que j'avais s\u00e9lectionn\u00e9s compl\u00e9t\u00e9s par une recherche plus pouss\u00e9e.\u2026","rel":"","context":"Dans &quot;histoire&quot;","block_context":{"text":"histoire","link":"https:\/\/humm.loverde.fr\/?cat=907"},"img":{"alt_text":"","src":"https:\/\/i0.wp.com\/humm.loverde.fr\/wp-content\/uploads\/2019\/03\/Attachment-6.jpeg?fit=800%2C397&ssl=1&resize=350%2C200","width":350,"height":200,"srcset":"https:\/\/i0.wp.com\/humm.loverde.fr\/wp-content\/uploads\/2019\/03\/Attachment-6.jpeg?fit=800%2C397&ssl=1&resize=350%2C200 1x, https:\/\/i0.wp.com\/humm.loverde.fr\/wp-content\/uploads\/2019\/03\/Attachment-6.jpeg?fit=800%2C397&ssl=1&resize=525%2C300 1.5x, https:\/\/i0.wp.com\/humm.loverde.fr\/wp-content\/uploads\/2019\/03\/Attachment-6.jpeg?fit=800%2C397&ssl=1&resize=700%2C400 2x"},"classes":[]},{"id":2785,"url":"https:\/\/humm.loverde.fr\/?p=2785","url_meta":{"origin":422,"position":1},"title":"Voyage \u00e0 Casablanca","author":"cloverde","date":"15 avril 2018","format":false,"excerpt":"Voyage de presque une semaine r\u00e9alis\u00e9 au mois d'avril 2014. Retrouv\u00e9 dans la corbeille d'Evernote que j'ai r\u00e9utilis\u00e9 r\u00e9cemment. J'ai d\u00e9j\u00e0 mis en ligne plusieurs photos dans facebook dans le groupe \"Les pieds noirs du Maroc dans le monde\" groupe de racistes et nostalgiques du protectorat fran\u00e7ais, enfin pas tous,\u2026","rel":"","context":"Dans &quot;Souvenirs&quot;","block_context":{"text":"Souvenirs","link":"https:\/\/humm.loverde.fr\/?cat=12"},"img":{"alt_text":"","src":"https:\/\/i0.wp.com\/humm.loverde.fr\/wp-content\/uploads\/2018\/04\/b382cc010ce694c4c23a7a6b8c88c2a0.png?fit=550%2C411&ssl=1&resize=350%2C200","width":350,"height":200,"srcset":"https:\/\/i0.wp.com\/humm.loverde.fr\/wp-content\/uploads\/2018\/04\/b382cc010ce694c4c23a7a6b8c88c2a0.png?fit=550%2C411&ssl=1&resize=350%2C200 1x, https:\/\/i0.wp.com\/humm.loverde.fr\/wp-content\/uploads\/2018\/04\/b382cc010ce694c4c23a7a6b8c88c2a0.png?fit=550%2C411&ssl=1&resize=525%2C300 1.5x"},"classes":[]},{"id":8794,"url":"https:\/\/humm.loverde.fr\/?p=8794","url_meta":{"origin":422,"position":2},"title":"Pont Blondin","author":"cloverde","date":"12 ao\u00fbt 2023","format":false,"excerpt":"En voyant la photo d'une ancienne caravane r\u00e9nov\u00e9e sur Pinterest, des souvenirs sont remont\u00e9s \u00e0 la surface. Je n'ai pas beaucoup de photos de cette \u00e9poque o\u00f9 nous allions au camping \u00e0 Pont blondin dans une caravane Relly que mes parents garaient l\u00e0 \u00e0 l'ann\u00e9e. Je me souviens d'un \u00e9t\u00e9\u2026","rel":"","context":"Dans &quot;insolite&quot;","block_context":{"text":"insolite","link":"https:\/\/humm.loverde.fr\/?cat=1422"},"img":{"alt_text":"","src":"https:\/\/i0.wp.com\/humm.loverde.fr\/wp-content\/uploads\/2023\/08\/IMG_20230801_142245_707.jpg?fit=1200%2C1127&ssl=1&resize=350%2C200","width":350,"height":200,"srcset":"https:\/\/i0.wp.com\/humm.loverde.fr\/wp-content\/uploads\/2023\/08\/IMG_20230801_142245_707.jpg?fit=1200%2C1127&ssl=1&resize=350%2C200 1x, https:\/\/i0.wp.com\/humm.loverde.fr\/wp-content\/uploads\/2023\/08\/IMG_20230801_142245_707.jpg?fit=1200%2C1127&ssl=1&resize=525%2C300 1.5x, https:\/\/i0.wp.com\/humm.loverde.fr\/wp-content\/uploads\/2023\/08\/IMG_20230801_142245_707.jpg?fit=1200%2C1127&ssl=1&resize=700%2C400 2x, https:\/\/i0.wp.com\/humm.loverde.fr\/wp-content\/uploads\/2023\/08\/IMG_20230801_142245_707.jpg?fit=1200%2C1127&ssl=1&resize=1050%2C600 3x"},"classes":[]},{"id":8942,"url":"https:\/\/humm.loverde.fr\/?p=8942","url_meta":{"origin":422,"position":3},"title":"Cr\u00e9puscule \u00e0 Casablanca, Melvina Mestre","author":"cloverde","date":"23 septembre 2023","format":false,"excerpt":"S\u00e9lectionn\u00e9 pour le prix du meilleur polar 2024. R\u00e9sum\u00e9 Casablanca, 1951. Gabrielle Kaplan, d\u00e9tective priv\u00e9e t\u00e9m\u00e9raire et p\u00e9tillante, se voit confier une affaire a priori banale : r\u00e9cup\u00e9rer des documents chez la femme d'un riche industriel en plein divorce. Pourtant, une fois ces documents remis, des meurtres s'encha\u00eenent et Kaplan\u2026","rel":"","context":"Dans &quot;lecture&quot;","block_context":{"text":"lecture","link":"https:\/\/humm.loverde.fr\/?cat=1068"},"img":{"alt_text":"","src":"https:\/\/i0.wp.com\/humm.loverde.fr\/wp-content\/uploads\/2023\/08\/IMG_20230825_164316_472.jpg?fit=1200%2C645&ssl=1&resize=350%2C200","width":350,"height":200,"srcset":"https:\/\/i0.wp.com\/humm.loverde.fr\/wp-content\/uploads\/2023\/08\/IMG_20230825_164316_472.jpg?fit=1200%2C645&ssl=1&resize=350%2C200 1x, https:\/\/i0.wp.com\/humm.loverde.fr\/wp-content\/uploads\/2023\/08\/IMG_20230825_164316_472.jpg?fit=1200%2C645&ssl=1&resize=525%2C300 1.5x, https:\/\/i0.wp.com\/humm.loverde.fr\/wp-content\/uploads\/2023\/08\/IMG_20230825_164316_472.jpg?fit=1200%2C645&ssl=1&resize=700%2C400 2x, https:\/\/i0.wp.com\/humm.loverde.fr\/wp-content\/uploads\/2023\/08\/IMG_20230825_164316_472.jpg?fit=1200%2C645&ssl=1&resize=1050%2C600 3x"},"classes":[]},{"id":4891,"url":"https:\/\/humm.loverde.fr\/?p=4891","url_meta":{"origin":422,"position":4},"title":"Camps d&rsquo;internement de civils italiens au Maroc pendant la deuxi\u00e8me guerre mondiale","author":"cloverde","date":"21 mars 2020","format":false,"excerpt":"https:\/\/www.persee.fr\/doc\/homig_1142-852x_1992_num_1158_1_1894Version courte (je me demande...) Au depart je comptais ne parler que des camps d'internement d'italiens mais au cours de mes recherches j'ai \u00e9t\u00e9 passionn\u00e9 par le transsaharien et son histoire un peu li\u00e9e quand m\u00eame aux camps puisque des intern\u00e9s ont particip\u00e9 \u00e0 sa construction. Mon grand-p\u00e8re \u00e9tait italien\u2026","rel":"","context":"Dans &quot;histoire&quot;","block_context":{"text":"histoire","link":"https:\/\/humm.loverde.fr\/?cat=907"},"img":{"alt_text":"","src":"https:\/\/i0.wp.com\/humm.loverde.fr\/wp-content\/uploads\/2020\/03\/2BBA79B0-6E64-4F00-8B1A-686668325ECC-36489-0000397BC817AF3E.jpg?fit=417%2C417&ssl=1&resize=350%2C200","width":350,"height":200},"classes":[]},{"id":6665,"url":"https:\/\/humm.loverde.fr\/?p=6665","url_meta":{"origin":422,"position":5},"title":"Vaccin ARN, vrai, fo &#038; infaux","author":"cloverde","date":"23 septembre 2021","format":false,"excerpt":"23\/09 Je partage les bonnes sources, je n\u2019essaie pas forc\u00e9ment de contre-argumenter, \u00e7a ne sert \u00e0 rien de s\u2019opposer frontalement \u00e0 l\u2019avis des gens. J'aurais pu dire ceci mais ce n'est pas de moi mais d'une instagrameuse : https:\/\/www.instagram.com\/p\/CRGUtrEFHv0\/?utm_medium=copy_link Copi\u00e9s-coll\u00e9s avec une grande participation de Didier de Marseille qui, contrairement\u2026","rel":"","context":"Dans &quot;Actuel&quot;","block_context":{"text":"Actuel","link":"https:\/\/humm.loverde.fr\/?cat=13"},"img":{"alt_text":"","src":"https:\/\/i0.wp.com\/humm.loverde.fr\/wp-content\/uploads\/2021\/09\/IMG_20210919_071221_863.jpg?fit=1190%2C669&ssl=1&resize=350%2C200","width":350,"height":200,"srcset":"https:\/\/i0.wp.com\/humm.loverde.fr\/wp-content\/uploads\/2021\/09\/IMG_20210919_071221_863.jpg?fit=1190%2C669&ssl=1&resize=350%2C200 1x, https:\/\/i0.wp.com\/humm.loverde.fr\/wp-content\/uploads\/2021\/09\/IMG_20210919_071221_863.jpg?fit=1190%2C669&ssl=1&resize=525%2C300 1.5x, https:\/\/i0.wp.com\/humm.loverde.fr\/wp-content\/uploads\/2021\/09\/IMG_20210919_071221_863.jpg?fit=1190%2C669&ssl=1&resize=700%2C400 2x, https:\/\/i0.wp.com\/humm.loverde.fr\/wp-content\/uploads\/2021\/09\/IMG_20210919_071221_863.jpg?fit=1190%2C669&ssl=1&resize=1050%2C600 3x"},"classes":[]}],"_links":{"self":[{"href":"https:\/\/humm.loverde.fr\/index.php?rest_route=\/wp\/v2\/posts\/422","targetHints":{"allow":["GET"]}}],"collection":[{"href":"https:\/\/humm.loverde.fr\/index.php?rest_route=\/wp\/v2\/posts"}],"about":[{"href":"https:\/\/humm.loverde.fr\/index.php?rest_route=\/wp\/v2\/types\/post"}],"author":[{"embeddable":true,"href":"https:\/\/humm.loverde.fr\/index.php?rest_route=\/wp\/v2\/users\/1"}],"replies":[{"embeddable":true,"href":"https:\/\/humm.loverde.fr\/index.php?rest_route=%2Fwp%2Fv2%2Fcomments&post=422"}],"version-history":[{"count":10,"href":"https:\/\/humm.loverde.fr\/index.php?rest_route=\/wp\/v2\/posts\/422\/revisions"}],"predecessor-version":[{"id":4042,"href":"https:\/\/humm.loverde.fr\/index.php?rest_route=\/wp\/v2\/posts\/422\/revisions\/4042"}],"wp:featuredmedia":[{"embeddable":true,"href":"https:\/\/humm.loverde.fr\/index.php?rest_route=\/wp\/v2\/media\/423"}],"wp:attachment":[{"href":"https:\/\/humm.loverde.fr\/index.php?rest_route=%2Fwp%2Fv2%2Fmedia&parent=422"}],"wp:term":[{"taxonomy":"category","embeddable":true,"href":"https:\/\/humm.loverde.fr\/index.php?rest_route=%2Fwp%2Fv2%2Fcategories&post=422"},{"taxonomy":"post_tag","embeddable":true,"href":"https:\/\/humm.loverde.fr\/index.php?rest_route=%2Fwp%2Fv2%2Ftags&post=422"}],"curies":[{"name":"wp","href":"https:\/\/api.w.org\/{rel}","templated":true}]}}