{"id":4326,"date":"2019-12-30T05:23:49","date_gmt":"2019-12-30T04:23:49","guid":{"rendered":"https:\/\/humm.loverde.fr\/?p=4326"},"modified":"2019-12-23T11:00:50","modified_gmt":"2019-12-23T10:00:50","slug":"photo-avec-flou-en-arriere-plan-2","status":"publish","type":"post","link":"https:\/\/humm.loverde.fr\/?p=4326","title":{"rendered":"Photo avec flou en arri\u00e8re plan"},"content":{"rendered":"<p>Photo avec flou en arri\u00e8re plan<\/p>\n<p style=\"text-align: left;\"><img data-recalc-dims=\"1\" loading=\"lazy\" decoding=\"async\" data-attachment-id=\"4329\" data-permalink=\"https:\/\/humm.loverde.fr\/?attachment_id=4329\" data-orig-file=\"https:\/\/i0.wp.com\/humm.loverde.fr\/wp-content\/uploads\/2019\/11\/attachment-9-scaled.jpeg?fit=2560%2C1874&amp;ssl=1\" data-orig-size=\"2560,1874\" data-comments-opened=\"1\" data-image-meta=\"{&quot;aperture&quot;:&quot;0&quot;,&quot;credit&quot;:&quot;&quot;,&quot;camera&quot;:&quot;&quot;,&quot;caption&quot;:&quot;&quot;,&quot;created_timestamp&quot;:&quot;0&quot;,&quot;copyright&quot;:&quot;&quot;,&quot;focal_length&quot;:&quot;0&quot;,&quot;iso&quot;:&quot;0&quot;,&quot;shutter_speed&quot;:&quot;0&quot;,&quot;title&quot;:&quot;&quot;,&quot;orientation&quot;:&quot;1&quot;}\" data-image-title=\"attachment\" data-image-description=\"\" data-image-caption=\"\" data-large-file=\"https:\/\/i0.wp.com\/humm.loverde.fr\/wp-content\/uploads\/2019\/11\/attachment-9-scaled.jpeg?fit=960%2C703&amp;ssl=1\" class=\"aligncenter size-large wp-image-4329\" src=\"https:\/\/i0.wp.com\/humm.loverde.fr\/wp-content\/uploads\/2019\/11\/attachment-9.jpeg?resize=900%2C659&#038;ssl=1\" alt=\"\" width=\"900\" height=\"659\" srcset=\"https:\/\/i0.wp.com\/humm.loverde.fr\/wp-content\/uploads\/2019\/11\/attachment-9-scaled.jpeg?resize=960%2C703&amp;ssl=1 960w, https:\/\/i0.wp.com\/humm.loverde.fr\/wp-content\/uploads\/2019\/11\/attachment-9-scaled.jpeg?resize=595%2C436&amp;ssl=1 595w, https:\/\/i0.wp.com\/humm.loverde.fr\/wp-content\/uploads\/2019\/11\/attachment-9-scaled.jpeg?resize=768%2C562&amp;ssl=1 768w, https:\/\/i0.wp.com\/humm.loverde.fr\/wp-content\/uploads\/2019\/11\/attachment-9-scaled.jpeg?resize=1536%2C1124&amp;ssl=1 1536w, https:\/\/i0.wp.com\/humm.loverde.fr\/wp-content\/uploads\/2019\/11\/attachment-9-scaled.jpeg?resize=2048%2C1499&amp;ssl=1 2048w, https:\/\/i0.wp.com\/humm.loverde.fr\/wp-content\/uploads\/2019\/11\/attachment-9-scaled.jpeg?resize=1320%2C966&amp;ssl=1 1320w, https:\/\/i0.wp.com\/humm.loverde.fr\/wp-content\/uploads\/2019\/11\/attachment-9-scaled.jpeg?w=2400&amp;ssl=1 2400w\" sizes=\"auto, (max-width: 900px) 100vw, 900px\" \/><\/p>\n<p><strong>Un portrait avec flou en arri\u00e8re plan ?<\/strong><\/p>\n<p>\u2022 Si vous faites un peu de photo, vous vous \u00eates s\u00fbrement dit, en voyant un beau portrait avec un arri\u00e8re plan flou, il faudrait que j&rsquo;arrive \u00e0 faire la m\u00eame chose, r\u00e9aliser un effet bokeh<\/p>\n<p>\u2022 Si l&rsquo;on s&rsquo;aventure du c\u00f4t\u00e9 technique de la chose on est oblig\u00e9 de parler de profondeur de champ. Pour un arri\u00e8re plan flou il faut une faible profondeur de champ. La profondeur de champ \u00e9tant la zone dans laquelle doit se trouver le sujet pour \u00eatre net.<\/p>\n<p>\u2022 Retenir qu&rsquo;une faible profondeur de champ correspond \u00e0 une grande ouverture (f\/1.4 par exemple) et inversement une grande profondeur de champ correspond \u00e0 une faible ouverture (f\/16).<\/p>\n<p>&nbsp;<\/p>\n<p><strong>Avec quel appareil ?<\/strong><\/p>\n<p>\u2022 Il vous faudra un appareil photo reflex, vous savez, ceux avec des objectifs interchangeables. Ou un appareil photo compact qui permet de choisir le mode \u00a0\u00bb priorit\u00e9 \u00e0 l&rsquo;ouverture \u00a0\u00bb que vous ne trouverez pas dans les entr\u00e9es de gamme mais dans les compacts de voyage ou les compacts experts.<\/p>\n<p>\u2022 Attention aux appareils avec zoom, l&rsquo;ouverture diminue tr\u00e8s rapidement avec le zoom. Par exemple avec le Lumix TZ90 zoom 24-720, \u00e0 24mm ouverture Max de f\/3.3 et \u00e0 160mm ouverture f\/5.6!<\/p>\n<p><img data-recalc-dims=\"1\" loading=\"lazy\" decoding=\"async\" data-attachment-id=\"4332\" data-permalink=\"https:\/\/humm.loverde.fr\/?attachment_id=4332\" data-orig-file=\"https:\/\/i0.wp.com\/humm.loverde.fr\/wp-content\/uploads\/2019\/11\/attachment-12-scaled.jpeg?fit=2560%2C905&amp;ssl=1\" data-orig-size=\"2560,905\" data-comments-opened=\"1\" data-image-meta=\"{&quot;aperture&quot;:&quot;0&quot;,&quot;credit&quot;:&quot;&quot;,&quot;camera&quot;:&quot;&quot;,&quot;caption&quot;:&quot;&quot;,&quot;created_timestamp&quot;:&quot;0&quot;,&quot;copyright&quot;:&quot;&quot;,&quot;focal_length&quot;:&quot;0&quot;,&quot;iso&quot;:&quot;0&quot;,&quot;shutter_speed&quot;:&quot;0&quot;,&quot;title&quot;:&quot;&quot;,&quot;orientation&quot;:&quot;1&quot;}\" data-image-title=\"attachment\" data-image-description=\"\" data-image-caption=\"\" data-large-file=\"https:\/\/i0.wp.com\/humm.loverde.fr\/wp-content\/uploads\/2019\/11\/attachment-12-scaled.jpeg?fit=960%2C339&amp;ssl=1\" class=\"aligncenter size-large wp-image-4332\" src=\"https:\/\/i0.wp.com\/humm.loverde.fr\/wp-content\/uploads\/2019\/11\/attachment-12.jpeg?resize=900%2C318&#038;ssl=1\" alt=\"\" width=\"900\" height=\"318\" srcset=\"https:\/\/i0.wp.com\/humm.loverde.fr\/wp-content\/uploads\/2019\/11\/attachment-12-scaled.jpeg?resize=960%2C339&amp;ssl=1 960w, https:\/\/i0.wp.com\/humm.loverde.fr\/wp-content\/uploads\/2019\/11\/attachment-12-scaled.jpeg?resize=595%2C210&amp;ssl=1 595w, https:\/\/i0.wp.com\/humm.loverde.fr\/wp-content\/uploads\/2019\/11\/attachment-12-scaled.jpeg?resize=768%2C272&amp;ssl=1 768w, https:\/\/i0.wp.com\/humm.loverde.fr\/wp-content\/uploads\/2019\/11\/attachment-12-scaled.jpeg?resize=1536%2C543&amp;ssl=1 1536w, https:\/\/i0.wp.com\/humm.loverde.fr\/wp-content\/uploads\/2019\/11\/attachment-12-scaled.jpeg?resize=2048%2C724&amp;ssl=1 2048w, https:\/\/i0.wp.com\/humm.loverde.fr\/wp-content\/uploads\/2019\/11\/attachment-12-scaled.jpeg?resize=1320%2C467&amp;ssl=1 1320w, https:\/\/i0.wp.com\/humm.loverde.fr\/wp-content\/uploads\/2019\/11\/attachment-12-scaled.jpeg?w=2400&amp;ssl=1 2400w\" sizes=\"auto, (max-width: 900px) 100vw, 900px\" \/><\/p>\n<p>&nbsp;<\/p>\n<p><strong>Un flou en arri\u00e8re plan inratable ?<\/strong><\/p>\n<p>\u2022 Pour un portrait avec flou en arri\u00e8re plan il faut jouer sur l&rsquo;ouverture, la distance et la focale.<\/p>\n<p><img data-recalc-dims=\"1\" loading=\"lazy\" decoding=\"async\" data-attachment-id=\"4331\" data-permalink=\"https:\/\/humm.loverde.fr\/?attachment_id=4331\" data-orig-file=\"https:\/\/i0.wp.com\/humm.loverde.fr\/wp-content\/uploads\/2019\/11\/attachment-11-scaled.jpeg?fit=2560%2C1692&amp;ssl=1\" data-orig-size=\"2560,1692\" data-comments-opened=\"1\" data-image-meta=\"{&quot;aperture&quot;:&quot;0&quot;,&quot;credit&quot;:&quot;&quot;,&quot;camera&quot;:&quot;&quot;,&quot;caption&quot;:&quot;&quot;,&quot;created_timestamp&quot;:&quot;0&quot;,&quot;copyright&quot;:&quot;&quot;,&quot;focal_length&quot;:&quot;0&quot;,&quot;iso&quot;:&quot;0&quot;,&quot;shutter_speed&quot;:&quot;0&quot;,&quot;title&quot;:&quot;&quot;,&quot;orientation&quot;:&quot;1&quot;}\" data-image-title=\"attachment\" data-image-description=\"\" data-image-caption=\"\" data-large-file=\"https:\/\/i0.wp.com\/humm.loverde.fr\/wp-content\/uploads\/2019\/11\/attachment-11-scaled.jpeg?fit=960%2C635&amp;ssl=1\" class=\"aligncenter size-large wp-image-4331\" src=\"https:\/\/i0.wp.com\/humm.loverde.fr\/wp-content\/uploads\/2019\/11\/attachment-11.jpeg?resize=900%2C595&#038;ssl=1\" alt=\"\" width=\"900\" height=\"595\" srcset=\"https:\/\/i0.wp.com\/humm.loverde.fr\/wp-content\/uploads\/2019\/11\/attachment-11-scaled.jpeg?resize=960%2C635&amp;ssl=1 960w, https:\/\/i0.wp.com\/humm.loverde.fr\/wp-content\/uploads\/2019\/11\/attachment-11-scaled.jpeg?resize=595%2C393&amp;ssl=1 595w, https:\/\/i0.wp.com\/humm.loverde.fr\/wp-content\/uploads\/2019\/11\/attachment-11-scaled.jpeg?resize=768%2C508&amp;ssl=1 768w, https:\/\/i0.wp.com\/humm.loverde.fr\/wp-content\/uploads\/2019\/11\/attachment-11-scaled.jpeg?resize=1536%2C1015&amp;ssl=1 1536w, https:\/\/i0.wp.com\/humm.loverde.fr\/wp-content\/uploads\/2019\/11\/attachment-11-scaled.jpeg?resize=2048%2C1354&amp;ssl=1 2048w, https:\/\/i0.wp.com\/humm.loverde.fr\/wp-content\/uploads\/2019\/11\/attachment-11-scaled.jpeg?resize=1320%2C873&amp;ssl=1 1320w, https:\/\/i0.wp.com\/humm.loverde.fr\/wp-content\/uploads\/2019\/11\/attachment-11-scaled.jpeg?w=2400&amp;ssl=1 2400w\" sizes=\"auto, (max-width: 900px) 100vw, 900px\" \/><\/p>\n<p>\u2022 Choisir un objectif \u00e0 grande focale, plus que le classique 50mm. \u00c7a marche avec une focale fixe ou un zoom sur 75 mm au moins.<\/p>\n<p>\u2022 Plus le sujet est plac\u00e9 \u00e0 une grande distance de l&rsquo;arri\u00e8re plan, plus vous avez de chance de r\u00e9ussir.<\/p>\n<p>\u2022 Il ne faut pas se placer trop pr\u00e8s du sujet.<\/p>\n<p>\u2022 Choisir le mode \u00ab priorit\u00e9 ouverture \u00bb, g\u00e9n\u00e9ralement A.<\/p>\n<p>\u2022 S\u00e9lectionnez l&rsquo;ouverture la plus grande f\/2.8 par exemple. L&rsquo;ouverture la plus grande d&rsquo;un objectif est un crit\u00e8re important lors de l&rsquo;achat. Malheureusement l&rsquo;ouverture maximale est inversement proportionnelle au prix et en privil\u00e9giant le prix le plus bas on a des objectifs avec une ouverture maximale \u00e9lev\u00e9e, f\/5.6 voire plus. Le portrait avec flou en arri\u00e8re plan sera plus difficile \u00e0 r\u00e9aliser.<\/p>\n<p>\u2022 Faire la mise au point sur la partie de la photo que vous voulez voir nette, l\u2019\u0153il de la personne par exemple.<\/p>\n<p>\u2022 D\u00e9clenchez.<\/p>\n<p>&nbsp;<\/p>\n<p><strong>Avec un smartphone ?<\/strong><\/p>\n<p>\u2022 Les smartphones et les appareils compacts basiques ne permettent pas de choisir l&rsquo;ouverture. Les Photos sont toujours nettes car l&rsquo;objectif est un grand angle donc tr\u00e8s courte focale* et m\u00eame si l&rsquo;ouverture est faible les conditions n\u00e9cessaires au flou en arri\u00e8re plan ne sont pas r\u00e9unies.<\/p>\n<p>\u2022 Donc votre smartphone est suffisant pour faire de belles photos mais malheureusement, pour le portrait avec flou en arri\u00e8re plan c&rsquo;est loup\u00e9! Photo orchid\u00e9e prise avec smartphone HM Note Xiaomi ouverture f\/2.2 et focale 3.5.<\/p>\n<p><img data-recalc-dims=\"1\" loading=\"lazy\" decoding=\"async\" data-attachment-id=\"4330\" data-permalink=\"https:\/\/humm.loverde.fr\/?attachment_id=4330\" data-orig-file=\"https:\/\/i0.wp.com\/humm.loverde.fr\/wp-content\/uploads\/2019\/11\/attachment-10-scaled.jpeg?fit=2560%2C1609&amp;ssl=1\" data-orig-size=\"2560,1609\" data-comments-opened=\"1\" data-image-meta=\"{&quot;aperture&quot;:&quot;0&quot;,&quot;credit&quot;:&quot;&quot;,&quot;camera&quot;:&quot;&quot;,&quot;caption&quot;:&quot;&quot;,&quot;created_timestamp&quot;:&quot;0&quot;,&quot;copyright&quot;:&quot;&quot;,&quot;focal_length&quot;:&quot;0&quot;,&quot;iso&quot;:&quot;0&quot;,&quot;shutter_speed&quot;:&quot;0&quot;,&quot;title&quot;:&quot;&quot;,&quot;orientation&quot;:&quot;1&quot;}\" data-image-title=\"attachment\" data-image-description=\"\" data-image-caption=\"\" data-large-file=\"https:\/\/i0.wp.com\/humm.loverde.fr\/wp-content\/uploads\/2019\/11\/attachment-10-scaled.jpeg?fit=960%2C603&amp;ssl=1\" class=\"aligncenter size-large wp-image-4330\" src=\"https:\/\/i0.wp.com\/humm.loverde.fr\/wp-content\/uploads\/2019\/11\/attachment-10.jpeg?resize=900%2C565&#038;ssl=1\" alt=\"\" width=\"900\" height=\"565\" srcset=\"https:\/\/i0.wp.com\/humm.loverde.fr\/wp-content\/uploads\/2019\/11\/attachment-10-scaled.jpeg?resize=960%2C603&amp;ssl=1 960w, https:\/\/i0.wp.com\/humm.loverde.fr\/wp-content\/uploads\/2019\/11\/attachment-10-scaled.jpeg?resize=595%2C374&amp;ssl=1 595w, https:\/\/i0.wp.com\/humm.loverde.fr\/wp-content\/uploads\/2019\/11\/attachment-10-scaled.jpeg?resize=768%2C483&amp;ssl=1 768w, https:\/\/i0.wp.com\/humm.loverde.fr\/wp-content\/uploads\/2019\/11\/attachment-10-scaled.jpeg?resize=1536%2C965&amp;ssl=1 1536w, https:\/\/i0.wp.com\/humm.loverde.fr\/wp-content\/uploads\/2019\/11\/attachment-10-scaled.jpeg?resize=2048%2C1287&amp;ssl=1 2048w, https:\/\/i0.wp.com\/humm.loverde.fr\/wp-content\/uploads\/2019\/11\/attachment-10-scaled.jpeg?resize=1320%2C830&amp;ssl=1 1320w, https:\/\/i0.wp.com\/humm.loverde.fr\/wp-content\/uploads\/2019\/11\/attachment-10-scaled.jpeg?w=2400&amp;ssl=1 2400w\" sizes=\"auto, (max-width: 900px) 100vw, 900px\" \/><\/p>\n<p>Photo c\u00e8dre du Liban avec smartphone Umi Super ouverture f\/2 et focale 3.5 un semblant de flou en arri\u00e8re plan parce que le fond est assez loin et le sujet tr\u00e8s pr\u00e8s.<\/p>\n<p><img data-recalc-dims=\"1\" loading=\"lazy\" decoding=\"async\" data-attachment-id=\"4328\" data-permalink=\"https:\/\/humm.loverde.fr\/?attachment_id=4328\" data-orig-file=\"https:\/\/i0.wp.com\/humm.loverde.fr\/wp-content\/uploads\/2019\/11\/attachment-8-scaled.jpeg?fit=2560%2C1609&amp;ssl=1\" data-orig-size=\"2560,1609\" data-comments-opened=\"1\" data-image-meta=\"{&quot;aperture&quot;:&quot;0&quot;,&quot;credit&quot;:&quot;&quot;,&quot;camera&quot;:&quot;&quot;,&quot;caption&quot;:&quot;&quot;,&quot;created_timestamp&quot;:&quot;0&quot;,&quot;copyright&quot;:&quot;&quot;,&quot;focal_length&quot;:&quot;0&quot;,&quot;iso&quot;:&quot;0&quot;,&quot;shutter_speed&quot;:&quot;0&quot;,&quot;title&quot;:&quot;&quot;,&quot;orientation&quot;:&quot;1&quot;}\" data-image-title=\"attachment\" data-image-description=\"\" data-image-caption=\"\" data-large-file=\"https:\/\/i0.wp.com\/humm.loverde.fr\/wp-content\/uploads\/2019\/11\/attachment-8-scaled.jpeg?fit=960%2C603&amp;ssl=1\" class=\"aligncenter size-large wp-image-4328\" src=\"https:\/\/i0.wp.com\/humm.loverde.fr\/wp-content\/uploads\/2019\/11\/attachment-8.jpeg?resize=900%2C565&#038;ssl=1\" alt=\"\" width=\"900\" height=\"565\" srcset=\"https:\/\/i0.wp.com\/humm.loverde.fr\/wp-content\/uploads\/2019\/11\/attachment-8-scaled.jpeg?resize=960%2C603&amp;ssl=1 960w, https:\/\/i0.wp.com\/humm.loverde.fr\/wp-content\/uploads\/2019\/11\/attachment-8-scaled.jpeg?resize=595%2C374&amp;ssl=1 595w, https:\/\/i0.wp.com\/humm.loverde.fr\/wp-content\/uploads\/2019\/11\/attachment-8-scaled.jpeg?resize=768%2C483&amp;ssl=1 768w, https:\/\/i0.wp.com\/humm.loverde.fr\/wp-content\/uploads\/2019\/11\/attachment-8-scaled.jpeg?resize=1536%2C965&amp;ssl=1 1536w, https:\/\/i0.wp.com\/humm.loverde.fr\/wp-content\/uploads\/2019\/11\/attachment-8-scaled.jpeg?resize=2048%2C1287&amp;ssl=1 2048w, https:\/\/i0.wp.com\/humm.loverde.fr\/wp-content\/uploads\/2019\/11\/attachment-8-scaled.jpeg?resize=1320%2C830&amp;ssl=1 1320w, https:\/\/i0.wp.com\/humm.loverde.fr\/wp-content\/uploads\/2019\/11\/attachment-8-scaled.jpeg?w=2400&amp;ssl=1 2400w\" sizes=\"auto, (max-width: 900px) 100vw, 900px\" \/><\/p>\n<p>\u2022 L&rsquo;iPhone \u00e0 partir du 7 int\u00e8gre le portrait avec flou en arri\u00e8re plan en faisant le focus sur le sujet par un appui prolong\u00e9 dessus. Vu le prix vous aurez tout int\u00e9r\u00eat \u00e0 vous \u00e9quiper d&rsquo;un compact expert ou d&rsquo;un compact de voyage.<\/p>\n<p>\u2022 Sinon il y a des solutions logicielles sur iOS : Focos(iOS11),Portrait&#8230; et sur Android : After Focus. Mais c&rsquo;est assez laborieux puisqu&rsquo;apr\u00e8s la s\u00e9lection automatique ou pas du sujet il faut s\u00e9lectionner l&rsquo;arri\u00e8re plan \u00e0 flouter (pas toujours) en zoomant si besoin.<\/p>\n<p><img data-recalc-dims=\"1\" loading=\"lazy\" decoding=\"async\" data-attachment-id=\"4327\" data-permalink=\"https:\/\/humm.loverde.fr\/?attachment_id=4327\" data-orig-file=\"https:\/\/i0.wp.com\/humm.loverde.fr\/wp-content\/uploads\/2019\/11\/attachment-7-scaled.jpeg?fit=2560%2C1920&amp;ssl=1\" data-orig-size=\"2560,1920\" data-comments-opened=\"1\" data-image-meta=\"{&quot;aperture&quot;:&quot;0&quot;,&quot;credit&quot;:&quot;&quot;,&quot;camera&quot;:&quot;&quot;,&quot;caption&quot;:&quot;&quot;,&quot;created_timestamp&quot;:&quot;0&quot;,&quot;copyright&quot;:&quot;&quot;,&quot;focal_length&quot;:&quot;0&quot;,&quot;iso&quot;:&quot;0&quot;,&quot;shutter_speed&quot;:&quot;0&quot;,&quot;title&quot;:&quot;&quot;,&quot;orientation&quot;:&quot;1&quot;}\" data-image-title=\"attachment\" data-image-description=\"\" data-image-caption=\"\" data-large-file=\"https:\/\/i0.wp.com\/humm.loverde.fr\/wp-content\/uploads\/2019\/11\/attachment-7-scaled.jpeg?fit=960%2C720&amp;ssl=1\" class=\"aligncenter size-large wp-image-4327\" src=\"https:\/\/i0.wp.com\/humm.loverde.fr\/wp-content\/uploads\/2019\/11\/attachment-7.jpeg?resize=900%2C675&#038;ssl=1\" alt=\"\" width=\"900\" height=\"675\" srcset=\"https:\/\/i0.wp.com\/humm.loverde.fr\/wp-content\/uploads\/2019\/11\/attachment-7-scaled.jpeg?resize=960%2C720&amp;ssl=1 960w, https:\/\/i0.wp.com\/humm.loverde.fr\/wp-content\/uploads\/2019\/11\/attachment-7-scaled.jpeg?resize=595%2C446&amp;ssl=1 595w, https:\/\/i0.wp.com\/humm.loverde.fr\/wp-content\/uploads\/2019\/11\/attachment-7-scaled.jpeg?resize=768%2C576&amp;ssl=1 768w, https:\/\/i0.wp.com\/humm.loverde.fr\/wp-content\/uploads\/2019\/11\/attachment-7-scaled.jpeg?resize=1536%2C1152&amp;ssl=1 1536w, https:\/\/i0.wp.com\/humm.loverde.fr\/wp-content\/uploads\/2019\/11\/attachment-7-scaled.jpeg?resize=2048%2C1536&amp;ssl=1 2048w, https:\/\/i0.wp.com\/humm.loverde.fr\/wp-content\/uploads\/2019\/11\/attachment-7-scaled.jpeg?resize=1320%2C990&amp;ssl=1 1320w, https:\/\/i0.wp.com\/humm.loverde.fr\/wp-content\/uploads\/2019\/11\/attachment-7-scaled.jpeg?w=2400&amp;ssl=1 2400w\" sizes=\"auto, (max-width: 900px) 100vw, 900px\" \/><\/p>\n<p>*focale = distance entre lentille de l&rsquo;objectif et capteur de l&rsquo;appareil photo. Pour un smartphone pas tr\u00e8s \u00e9pais cette distance est forc\u00e9ment faible.<\/p>\n<p>Christian Loverde<br \/>\n<a href=\"https:\/\/linkkle.com\/Kris33390\">https:\/\/linkkle.com\/Kris33390<\/a><\/p>\n","protected":false},"excerpt":{"rendered":"<p>Photo avec flou en arri\u00e8re plan Un portrait avec flou en arri\u00e8re plan ? \u2022 Si vous faites un peu &hellip; <\/p>\n","protected":false},"author":1,"featured_media":4337,"comment_status":"open","ping_status":"closed","sticky":false,"template":"","format":"standard","meta":{"jetpack_post_was_ever_published":false,"_jetpack_newsletter_access":"","_jetpack_dont_email_post_to_subs":false,"_jetpack_newsletter_tier_id":0,"_jetpack_memberships_contains_paywalled_content":false,"_jetpack_memberships_contains_paid_content":false,"footnotes":"","jetpack_publicize_message":"","jetpack_publicize_feature_enabled":true,"jetpack_social_post_already_shared":true,"jetpack_social_options":{"image_generator_settings":{"template":"highway","default_image_id":0,"font":"","enabled":false},"version":2}},"categories":[13],"tags":[477,633,1049,632,1051,1050,630,629,631,483],"class_list":["post-4326","post","type-post","status-publish","format-standard","has-post-thumbnail","hentry","category-actuel","tag-android","tag-arriere-plan","tag-compact","tag-flou","tag-ios","tag-iphone","tag-objectif","tag-photo","tag-portrait","tag-smartphone"],"jetpack_publicize_connections":[],"jetpack_featured_media_url":"https:\/\/i0.wp.com\/humm.loverde.fr\/wp-content\/uploads\/2019\/12\/DSC_0298.jpg?fit=2048%2C1362&ssl=1","jetpack_sharing_enabled":true,"jetpack_shortlink":"https:\/\/wp.me\/p9whbF-17M","jetpack_likes_enabled":true,"jetpack-related-posts":[{"id":2309,"url":"https:\/\/humm.loverde.fr\/?p=2309","url_meta":{"origin":4326,"position":0},"title":"Photo avec flou en arri\u00e8re plan","author":"cloverde","date":"22 janvier 2018","format":false,"excerpt":"Photo avec flou en arri\u00e8re plan Si vous faites un peu de photo, vous vous \u00eates s\u00fbrement dis, en voyant un beau portrait avec un arri\u00e8re plan flou, il faudrait que j'arrive \u00e0 faire la m\u00eame chose! Si l'on s'aventure du c\u00f4t\u00e9 technique de la chose on est oblig\u00e9 de\u2026","rel":"","context":"Dans &quot;Actuel&quot;","block_context":{"text":"Actuel","link":"https:\/\/humm.loverde.fr\/?cat=13"},"img":{"alt_text":"","src":"https:\/\/i0.wp.com\/humm.loverde.fr\/wp-content\/uploads\/2018\/01\/Attachment-1-9.png?fit=800%2C450&ssl=1&resize=350%2C200","width":350,"height":200,"srcset":"https:\/\/i0.wp.com\/humm.loverde.fr\/wp-content\/uploads\/2018\/01\/Attachment-1-9.png?fit=800%2C450&ssl=1&resize=350%2C200 1x, https:\/\/i0.wp.com\/humm.loverde.fr\/wp-content\/uploads\/2018\/01\/Attachment-1-9.png?fit=800%2C450&ssl=1&resize=525%2C300 1.5x, https:\/\/i0.wp.com\/humm.loverde.fr\/wp-content\/uploads\/2018\/01\/Attachment-1-9.png?fit=800%2C450&ssl=1&resize=700%2C400 2x"},"classes":[]},{"id":4848,"url":"https:\/\/humm.loverde.fr\/?p=4848","url_meta":{"origin":4326,"position":1},"title":"Angoul\u00eame 2020","author":"cloverde","date":"27 f\u00e9vrier 2020","format":false,"excerpt":"Angoul\u00eame 2020 Sortie annuelle au festival de la BD que l'on ne rate plus depuis quelques ann\u00e9es. Grand fan ou amateur occasionnel, il y en a pour tout le monde et pour tous les go\u00fbts. \u00c7a va de la BD ancienne \u00e0 la plus r\u00e9cente, des BD alternatives \u00e0 celles\u2026","rel":"","context":"Dans &quot;voyage&quot;","block_context":{"text":"voyage","link":"https:\/\/humm.loverde.fr\/?cat=836"},"img":{"alt_text":"","src":"https:\/\/i0.wp.com\/humm.loverde.fr\/wp-content\/uploads\/2020\/02\/20200202223526.jpg?fit=1200%2C1199&ssl=1&resize=350%2C200","width":350,"height":200,"srcset":"https:\/\/i0.wp.com\/humm.loverde.fr\/wp-content\/uploads\/2020\/02\/20200202223526.jpg?fit=1200%2C1199&ssl=1&resize=350%2C200 1x, https:\/\/i0.wp.com\/humm.loverde.fr\/wp-content\/uploads\/2020\/02\/20200202223526.jpg?fit=1200%2C1199&ssl=1&resize=525%2C300 1.5x, https:\/\/i0.wp.com\/humm.loverde.fr\/wp-content\/uploads\/2020\/02\/20200202223526.jpg?fit=1200%2C1199&ssl=1&resize=700%2C400 2x, https:\/\/i0.wp.com\/humm.loverde.fr\/wp-content\/uploads\/2020\/02\/20200202223526.jpg?fit=1200%2C1199&ssl=1&resize=1050%2C600 3x"},"classes":[]},{"id":1583,"url":"https:\/\/humm.loverde.fr\/?p=1583","url_meta":{"origin":4326,"position":2},"title":"Cloud personnel gratuit et illimit\u00e9","author":"cloverde","date":"31 mars 2017","format":false,"excerpt":"Cr\u00e9er son cloud personnel gratuit, basse consommation, avec sa BoxAndroid. C'est le bon moment, je viens de m'\u00e9quiper d'une box Android pour remplacer mon ordinateur un peu imposant et bruyant malgr\u00e9 la carte graphique silencieuse dont je l'avais \u00e9quip\u00e9! Achat ici :\u00a0bit.ly\/2noIJUi Publi\u00e9 par Pierre D. le 16 avril 2016\u2026","rel":"","context":"Dans &quot;Informatique&quot;","block_context":{"text":"Informatique","link":"https:\/\/humm.loverde.fr\/?cat=544"},"img":{"alt_text":"","src":"https:\/\/i0.wp.com\/humm.loverde.fr\/wp-content\/uploads\/2017\/03\/mon-cloud-a-la-maison-9-vue-densemble.jpg?fit=600%2C400&ssl=1&resize=350%2C200","width":350,"height":200,"srcset":"https:\/\/i0.wp.com\/humm.loverde.fr\/wp-content\/uploads\/2017\/03\/mon-cloud-a-la-maison-9-vue-densemble.jpg?fit=600%2C400&ssl=1&resize=350%2C200 1x, https:\/\/i0.wp.com\/humm.loverde.fr\/wp-content\/uploads\/2017\/03\/mon-cloud-a-la-maison-9-vue-densemble.jpg?fit=600%2C400&ssl=1&resize=525%2C300 1.5x"},"classes":[]},{"id":7220,"url":"https:\/\/humm.loverde.fr\/?p=7220","url_meta":{"origin":4326,"position":3},"title":"Whatsapp sur tablette ou ordinateur","author":"cloverde","date":"9 avril 2022","format":false,"excerpt":"L'\u00e9cran d'un smartphone est parfois un peu trop petit et j'ai eu envie d'installer Whatsapp sur tablette et sur mon ordinateur. J'ai longtemps h\u00e9sit\u00e9, pensant que c'\u00e9tait difficile voir impossible. Mais la lecture de journaux ou de documents sur smartphone n'est pas pratique car il faut zoomer pour lire. Sur\u2026","rel":"","context":"Dans &quot;Informatique&quot;","block_context":{"text":"Informatique","link":"https:\/\/humm.loverde.fr\/?cat=544"},"img":{"alt_text":"","src":"https:\/\/i0.wp.com\/humm.loverde.fr\/wp-content\/uploads\/2022\/03\/Screenshot_20220316-092102-01-01_copy_800x528-01.jpeg?fit=780%2C389&ssl=1&resize=350%2C200","width":350,"height":200,"srcset":"https:\/\/i0.wp.com\/humm.loverde.fr\/wp-content\/uploads\/2022\/03\/Screenshot_20220316-092102-01-01_copy_800x528-01.jpeg?fit=780%2C389&ssl=1&resize=350%2C200 1x, https:\/\/i0.wp.com\/humm.loverde.fr\/wp-content\/uploads\/2022\/03\/Screenshot_20220316-092102-01-01_copy_800x528-01.jpeg?fit=780%2C389&ssl=1&resize=525%2C300 1.5x, https:\/\/i0.wp.com\/humm.loverde.fr\/wp-content\/uploads\/2022\/03\/Screenshot_20220316-092102-01-01_copy_800x528-01.jpeg?fit=780%2C389&ssl=1&resize=700%2C400 2x"},"classes":[]},{"id":11624,"url":"https:\/\/humm.loverde.fr\/?p=11624","url_meta":{"origin":4326,"position":4},"title":"We skipped the light fandango","author":"cloverde","date":"10 novembre 2024","format":false,"excerpt":"Encore une chanson qui accompagne un film. Cette fois c'est carr\u00e9ment une obsession du r\u00e9alisateur avec la m\u00eame chanson qui revient plusieurs fois et la pochette du vinyle que l'on voit aussi \u00e0 plusieurs reprises. Et ce n'est pas une d\u00e9couverte. Le film, \"Memory\" Le film n'est pas un pr\u00e9texte,\u2026","rel":"","context":"Dans &quot;Musique&quot;","block_context":{"text":"Musique","link":"https:\/\/humm.loverde.fr\/?cat=233"},"img":{"alt_text":"","src":"https:\/\/i0.wp.com\/humm.loverde.fr\/wp-content\/uploads\/2024\/11\/IMG_20241030_063544_37.jpg?fit=1200%2C1142&ssl=1&resize=350%2C200","width":350,"height":200,"srcset":"https:\/\/i0.wp.com\/humm.loverde.fr\/wp-content\/uploads\/2024\/11\/IMG_20241030_063544_37.jpg?fit=1200%2C1142&ssl=1&resize=350%2C200 1x, https:\/\/i0.wp.com\/humm.loverde.fr\/wp-content\/uploads\/2024\/11\/IMG_20241030_063544_37.jpg?fit=1200%2C1142&ssl=1&resize=525%2C300 1.5x, https:\/\/i0.wp.com\/humm.loverde.fr\/wp-content\/uploads\/2024\/11\/IMG_20241030_063544_37.jpg?fit=1200%2C1142&ssl=1&resize=700%2C400 2x, https:\/\/i0.wp.com\/humm.loverde.fr\/wp-content\/uploads\/2024\/11\/IMG_20241030_063544_37.jpg?fit=1200%2C1142&ssl=1&resize=1050%2C600 3x"},"classes":[]},{"id":3780,"url":"https:\/\/humm.loverde.fr\/?p=3780","url_meta":{"origin":4326,"position":5},"title":"Escalopes de poulet sauce estragon","author":"cloverde","date":"4 juin 2019","format":false,"excerpt":"Escalopes de poulet sauce estragon J'ai d\u00e9j\u00e0 fait, \u00e7a devient difficile d'innover! Mais \u00e7a me permet de comparer. La derni\u00e8re fois j'avais de L'estragon frais et c'\u00e9tait bien meilleur. J'ai besoin d'estragon une fois par an et ce jour-l\u00e0 il n'y en avait pas dans ma grande surface bien-aim\u00e9e du\u2026","rel":"","context":"Dans &quot;Recettes&quot;","block_context":{"text":"Recettes","link":"https:\/\/humm.loverde.fr\/?cat=2"},"img":{"alt_text":"","src":"https:\/\/i0.wp.com\/humm.loverde.fr\/wp-content\/uploads\/2019\/04\/Attachment-1-3.png?fit=800%2C450&ssl=1&resize=350%2C200","width":350,"height":200,"srcset":"https:\/\/i0.wp.com\/humm.loverde.fr\/wp-content\/uploads\/2019\/04\/Attachment-1-3.png?fit=800%2C450&ssl=1&resize=350%2C200 1x, https:\/\/i0.wp.com\/humm.loverde.fr\/wp-content\/uploads\/2019\/04\/Attachment-1-3.png?fit=800%2C450&ssl=1&resize=525%2C300 1.5x, https:\/\/i0.wp.com\/humm.loverde.fr\/wp-content\/uploads\/2019\/04\/Attachment-1-3.png?fit=800%2C450&ssl=1&resize=700%2C400 2x"},"classes":[]}],"_links":{"self":[{"href":"https:\/\/humm.loverde.fr\/index.php?rest_route=\/wp\/v2\/posts\/4326","targetHints":{"allow":["GET"]}}],"collection":[{"href":"https:\/\/humm.loverde.fr\/index.php?rest_route=\/wp\/v2\/posts"}],"about":[{"href":"https:\/\/humm.loverde.fr\/index.php?rest_route=\/wp\/v2\/types\/post"}],"author":[{"embeddable":true,"href":"https:\/\/humm.loverde.fr\/index.php?rest_route=\/wp\/v2\/users\/1"}],"replies":[{"embeddable":true,"href":"https:\/\/humm.loverde.fr\/index.php?rest_route=%2Fwp%2Fv2%2Fcomments&post=4326"}],"version-history":[{"count":5,"href":"https:\/\/humm.loverde.fr\/index.php?rest_route=\/wp\/v2\/posts\/4326\/revisions"}],"predecessor-version":[{"id":4640,"href":"https:\/\/humm.loverde.fr\/index.php?rest_route=\/wp\/v2\/posts\/4326\/revisions\/4640"}],"wp:featuredmedia":[{"embeddable":true,"href":"https:\/\/humm.loverde.fr\/index.php?rest_route=\/wp\/v2\/media\/4337"}],"wp:attachment":[{"href":"https:\/\/humm.loverde.fr\/index.php?rest_route=%2Fwp%2Fv2%2Fmedia&parent=4326"}],"wp:term":[{"taxonomy":"category","embeddable":true,"href":"https:\/\/humm.loverde.fr\/index.php?rest_route=%2Fwp%2Fv2%2Fcategories&post=4326"},{"taxonomy":"post_tag","embeddable":true,"href":"https:\/\/humm.loverde.fr\/index.php?rest_route=%2Fwp%2Fv2%2Ftags&post=4326"}],"curies":[{"name":"wp","href":"https:\/\/api.w.org\/{rel}","templated":true}]}}