{"id":4363,"date":"2019-12-05T06:10:15","date_gmt":"2019-12-05T05:10:15","guid":{"rendered":"https:\/\/humm.loverde.fr\/?p=4363"},"modified":"2019-12-12T23:54:46","modified_gmt":"2019-12-12T22:54:46","slug":"calamars-a-lail-et-au-chorizo","status":"publish","type":"post","link":"https:\/\/humm.loverde.fr\/?p=4363","title":{"rendered":"Calamars \u00e0 l&rsquo;ail et au chorizo"},"content":{"rendered":"<p>Calamars \u00e0 l&rsquo;ail et au chorizo<\/p>\n<p><img data-recalc-dims=\"1\" loading=\"lazy\" decoding=\"async\" data-attachment-id=\"4364\" data-permalink=\"https:\/\/humm.loverde.fr\/?attachment_id=4364\" data-orig-file=\"https:\/\/i0.wp.com\/humm.loverde.fr\/wp-content\/uploads\/2019\/11\/attachment-18-e1576191179118.jpeg?fit=800%2C475&amp;ssl=1\" data-orig-size=\"800,475\" data-comments-opened=\"1\" data-image-meta=\"{&quot;aperture&quot;:&quot;0&quot;,&quot;credit&quot;:&quot;&quot;,&quot;camera&quot;:&quot;&quot;,&quot;caption&quot;:&quot;&quot;,&quot;created_timestamp&quot;:&quot;0&quot;,&quot;copyright&quot;:&quot;&quot;,&quot;focal_length&quot;:&quot;0&quot;,&quot;iso&quot;:&quot;0&quot;,&quot;shutter_speed&quot;:&quot;0&quot;,&quot;title&quot;:&quot;&quot;,&quot;orientation&quot;:&quot;1&quot;}\" data-image-title=\"attachment\" data-image-description=\"\" data-image-caption=\"\" data-large-file=\"https:\/\/i0.wp.com\/humm.loverde.fr\/wp-content\/uploads\/2019\/11\/attachment-18-e1576191179118.jpeg?fit=960%2C570&amp;ssl=1\" class=\"aligncenter size-large wp-image-4364\" src=\"https:\/\/i0.wp.com\/humm.loverde.fr\/wp-content\/uploads\/2019\/11\/attachment-18.jpeg?resize=640%2C380&#038;ssl=1\" alt=\"\" width=\"640\" height=\"380\" \/><\/p>\n<p>J&rsquo;avais trouv\u00e9 cette recette il y a longtemps. Je suis toujours attir\u00e9 par les produits de la mer et surtout quand \u00e7a peut \u00eatre appr\u00e9ci\u00e9 par quelqu&rsquo;un qui n&rsquo;aime pas le poisson.<\/p>\n<p>Quand on t&rsquo;as forc\u00e9 \u00e0 avaler ce poisson mal cuisin\u00e9 et devenant de plus en plus sec \u00e0 force de m\u00e2cher sans pouvoir l&rsquo;avaler, \u00e7a fait parti des mauvais souvenirs de l&rsquo;enfance qui marquent. Le go\u00fbt se forge d\u00e8s l&rsquo;enfance et c&rsquo;est pour \u00e7a que j&rsquo;aime la cuisine qu&rsquo;on mangeait \u00e0 la maison et que je prend plaisir \u00e0 refaire ces plats.<\/p>\n<p>Je n&rsquo;ai pas r\u00e9alis\u00e9 cette recette parce que la charcuterie est bannie de nos assiettes depuis longtemps. Mais soyons fous!<\/p>\n<p><b>Ingr\u00e9dients <\/b><\/p>\n<ul>\n<li>400 g de calmars, petits de pr\u00e9f\u00e9rence.<\/li>\n<li>Du chorizo doux<\/li>\n<li>2 gousses d&rsquo;ail<\/li>\n<li>\u00a0Sel<\/li>\n<li>Piment d&rsquo;Espelette en poudre<\/li>\n<li>deux cuill\u00e8res \u00e0 soupe de vinaigre<\/li>\n<li>Quelques brins de perisl<\/li>\n<li>120 g de riz (60g par personne)<\/li>\n<\/ul>\n<p><img data-recalc-dims=\"1\" loading=\"lazy\" decoding=\"async\" data-attachment-id=\"4365\" data-permalink=\"https:\/\/humm.loverde.fr\/?attachment_id=4365\" data-orig-file=\"https:\/\/i0.wp.com\/humm.loverde.fr\/wp-content\/uploads\/2019\/11\/attachment-19.jpeg?fit=1200%2C691&amp;ssl=1\" data-orig-size=\"1200,691\" data-comments-opened=\"1\" data-image-meta=\"{&quot;aperture&quot;:&quot;0&quot;,&quot;credit&quot;:&quot;&quot;,&quot;camera&quot;:&quot;&quot;,&quot;caption&quot;:&quot;&quot;,&quot;created_timestamp&quot;:&quot;0&quot;,&quot;copyright&quot;:&quot;&quot;,&quot;focal_length&quot;:&quot;0&quot;,&quot;iso&quot;:&quot;0&quot;,&quot;shutter_speed&quot;:&quot;0&quot;,&quot;title&quot;:&quot;&quot;,&quot;orientation&quot;:&quot;1&quot;}\" data-image-title=\"attachment\" data-image-description=\"\" data-image-caption=\"\" data-large-file=\"https:\/\/i0.wp.com\/humm.loverde.fr\/wp-content\/uploads\/2019\/11\/attachment-19.jpeg?fit=960%2C553&amp;ssl=1\" class=\"aligncenter size-large wp-image-4365\" src=\"https:\/\/i0.wp.com\/humm.loverde.fr\/wp-content\/uploads\/2019\/11\/attachment-19.jpeg?resize=900%2C518&#038;ssl=1\" alt=\"\" width=\"900\" height=\"518\" srcset=\"https:\/\/i0.wp.com\/humm.loverde.fr\/wp-content\/uploads\/2019\/11\/attachment-19.jpeg?resize=960%2C553&amp;ssl=1 960w, https:\/\/i0.wp.com\/humm.loverde.fr\/wp-content\/uploads\/2019\/11\/attachment-19.jpeg?resize=595%2C343&amp;ssl=1 595w, https:\/\/i0.wp.com\/humm.loverde.fr\/wp-content\/uploads\/2019\/11\/attachment-19.jpeg?resize=768%2C442&amp;ssl=1 768w, https:\/\/i0.wp.com\/humm.loverde.fr\/wp-content\/uploads\/2019\/11\/attachment-19.jpeg?w=1200&amp;ssl=1 1200w\" sizes=\"auto, (max-width: 900px) 100vw, 900px\" \/><\/p>\n<p><b>Pr\u00e9paration<\/b><\/p>\n<p>Coupez les calamars en lani\u00e8res circulaires. Gardez les tentacules entiers. Coupez le chorizo en tranches fines.<\/p>\n<p>Faites chauffer l&rsquo;huile dans une po\u00eale sur feu doux. Ajoutez les gousses d&rsquo;ail \u00e9minc\u00e9es.<\/p>\n<p>D\u00e8s que l&rsquo;ail commence \u00e0 colorer, ajoutez le chorizo et les calamars. Cuire le tout 3 \u00e0 4 min sur feu vif jusqu&rsquo;\u00e0 ce que la chair des calmars devienne opaque puis passez les au chinois en r\u00e9cup\u00e9rant le jus. Assaisonnez de sel et de piment d&rsquo;Espelette en poudre.<\/p>\n<p>Versez le vinaigre dans le jus de cuisson et r\u00e9duire 3 min \u00e0 feu fort. Remettez les calamars, le chorizo et le persil cisel\u00e9 dans cette sauce.<\/p>\n<p>Servez chaud. On peut accompagner d&rsquo;un riz blanc.<\/p>\n<p>J&rsquo;ai gard\u00e9 les tentacules parce qu&rsquo;il y en avait assez. Farin\u00e9s et frits \u00e7a a fait un bon ap\u00e9ritif sans alcool.<\/p>\n<p>Christian Loverde<br \/>\n<a href=\"https:\/\/linkkle.com\/Kris33390\">https:\/\/linkkle.com\/Kris33390<\/a><\/p>\n","protected":false},"excerpt":{"rendered":"<p>Calamars \u00e0 l&rsquo;ail et au chorizo J&rsquo;avais trouv\u00e9 cette recette il y a longtemps. Je suis toujours attir\u00e9 par les &hellip; <\/p>\n","protected":false},"author":1,"featured_media":4364,"comment_status":"open","ping_status":"closed","sticky":false,"template":"","format":"standard","meta":{"jetpack_post_was_ever_published":false,"_jetpack_newsletter_access":"","_jetpack_dont_email_post_to_subs":false,"_jetpack_newsletter_tier_id":0,"_jetpack_memberships_contains_paywalled_content":false,"_jetpack_memberships_contains_paid_content":false,"footnotes":"","jetpack_publicize_message":"","jetpack_publicize_feature_enabled":true,"jetpack_social_post_already_shared":true,"jetpack_social_options":{"image_generator_settings":{"template":"highway","default_image_id":0,"font":"","enabled":false},"version":2}},"categories":[2],"tags":[348,1054,14,368,275],"class_list":["post-4363","post","type-post","status-publish","format-standard","has-post-thumbnail","hentry","category-recettes","tag-ail","tag-calamars","tag-chorizo","tag-persil","tag-piment-despelette"],"jetpack_publicize_connections":[],"jetpack_featured_media_url":"https:\/\/i0.wp.com\/humm.loverde.fr\/wp-content\/uploads\/2019\/11\/attachment-18-e1576191179118.jpeg?fit=800%2C475&ssl=1","jetpack_sharing_enabled":true,"jetpack_shortlink":"https:\/\/wp.me\/p9whbF-18n","jetpack_likes_enabled":true,"jetpack-related-posts":[{"id":5475,"url":"https:\/\/humm.loverde.fr\/?p=5475","url_meta":{"origin":4363,"position":0},"title":"Calamars \u00e0 l&rsquo;ail et au chorizo","author":"cloverde","date":"25 ao\u00fbt 2020","format":false,"excerpt":"Calamars \u00e0 l'ail et au chorizo De temps en temps on se balade du c\u00f4t\u00e9 d'Auchan-Lac et nos penchants que l'on parvient \u00e0 oublier chez nous, ce qui n'est pas difficile par manque de tentations, sont alors assouvis. Fromages et poissonnerie... Aujourd'hui c'\u00e9tait \u00e9perlans et petits calamars pour la poissonnerie,\u2026","rel":"","context":"Dans &quot;recette&quot;","block_context":{"text":"recette","link":"https:\/\/humm.loverde.fr\/?cat=1052"},"img":{"alt_text":"","src":"https:\/\/i0.wp.com\/humm.loverde.fr\/wp-content\/uploads\/2020\/08\/attachment-5.jpeg?fit=1200%2C675&ssl=1&resize=350%2C200","width":350,"height":200,"srcset":"https:\/\/i0.wp.com\/humm.loverde.fr\/wp-content\/uploads\/2020\/08\/attachment-5.jpeg?fit=1200%2C675&ssl=1&resize=350%2C200 1x, https:\/\/i0.wp.com\/humm.loverde.fr\/wp-content\/uploads\/2020\/08\/attachment-5.jpeg?fit=1200%2C675&ssl=1&resize=525%2C300 1.5x, https:\/\/i0.wp.com\/humm.loverde.fr\/wp-content\/uploads\/2020\/08\/attachment-5.jpeg?fit=1200%2C675&ssl=1&resize=700%2C400 2x, https:\/\/i0.wp.com\/humm.loverde.fr\/wp-content\/uploads\/2020\/08\/attachment-5.jpeg?fit=1200%2C675&ssl=1&resize=1050%2C600 3x"},"classes":[]},{"id":70,"url":"https:\/\/humm.loverde.fr\/?p=70","url_meta":{"origin":4363,"position":1},"title":"Gambas crumble de chorizo","author":"cloverde","date":"21 avril 2015","format":false,"excerpt":"Gambas avec crumble de chorizo et sp\u00e9culos sur un lit de poivrons et mousse d'avocat. La mousse d'avocat peut \u00eatre pr\u00e9par\u00e9e un peu \u00e0 l'avance, pas plus d'une ou deux heures. Une super entr\u00e9e que j'ai servi le soir du r\u00e9veillon. Du boulot de pr\u00e9paration, surtout que peut de choses\u2026","rel":"","context":"Dans &quot;Recettes&quot;","block_context":{"text":"Recettes","link":"https:\/\/humm.loverde.fr\/?cat=2"},"img":{"alt_text":"","src":"https:\/\/i0.wp.com\/humm.loverde.fr\/wp-content\/uploads\/2015\/04\/gambas-crumble-chorizo.jpg?fit=800%2C450&ssl=1&resize=350%2C200","width":350,"height":200,"srcset":"https:\/\/i0.wp.com\/humm.loverde.fr\/wp-content\/uploads\/2015\/04\/gambas-crumble-chorizo.jpg?fit=800%2C450&ssl=1&resize=350%2C200 1x, https:\/\/i0.wp.com\/humm.loverde.fr\/wp-content\/uploads\/2015\/04\/gambas-crumble-chorizo.jpg?fit=800%2C450&ssl=1&resize=525%2C300 1.5x, https:\/\/i0.wp.com\/humm.loverde.fr\/wp-content\/uploads\/2015\/04\/gambas-crumble-chorizo.jpg?fit=800%2C450&ssl=1&resize=700%2C400 2x"},"classes":[]},{"id":6337,"url":"https:\/\/humm.loverde.fr\/?p=6337","url_meta":{"origin":4363,"position":2},"title":"Encornets farcis veau et chorizo","author":"cloverde","date":"20 juillet 2021","format":false,"excerpt":"20\/07 Le chorizo, on en ach\u00e8te jamais, mais il m'en restait d'une utilisation r\u00e9cente de moule farcies, voir la semaine derni\u00e8re. Je n'ai donc pas tard\u00e9 \u00e0 en faire quelque chose sinon je l'aurais mang\u00e9 quand-m\u00eame ! En m\u00eame temps que les moules j'ai donc achet\u00e9 des encornets soi-disant sauvages.\u2026","rel":"","context":"Dans &quot;Recettes&quot;","block_context":{"text":"Recettes","link":"https:\/\/humm.loverde.fr\/?cat=2"},"img":{"alt_text":"","src":"https:\/\/i0.wp.com\/humm.loverde.fr\/wp-content\/uploads\/2021\/07\/IMG_20210702_001735_496.jpg?fit=1200%2C554&ssl=1&resize=350%2C200","width":350,"height":200,"srcset":"https:\/\/i0.wp.com\/humm.loverde.fr\/wp-content\/uploads\/2021\/07\/IMG_20210702_001735_496.jpg?fit=1200%2C554&ssl=1&resize=350%2C200 1x, https:\/\/i0.wp.com\/humm.loverde.fr\/wp-content\/uploads\/2021\/07\/IMG_20210702_001735_496.jpg?fit=1200%2C554&ssl=1&resize=525%2C300 1.5x, https:\/\/i0.wp.com\/humm.loverde.fr\/wp-content\/uploads\/2021\/07\/IMG_20210702_001735_496.jpg?fit=1200%2C554&ssl=1&resize=700%2C400 2x, https:\/\/i0.wp.com\/humm.loverde.fr\/wp-content\/uploads\/2021\/07\/IMG_20210702_001735_496.jpg?fit=1200%2C554&ssl=1&resize=1050%2C600 3x"},"classes":[]},{"id":4128,"url":"https:\/\/humm.loverde.fr\/?p=4128","url_meta":{"origin":4363,"position":3},"title":"Paella","author":"cloverde","date":"30 ao\u00fbt 2019","format":false,"excerpt":"Paella Cette fois j'ai bien pr\u00e9par\u00e9 mon coup et j'ai achet\u00e9 tous les ingr\u00e9dients d'une vraie paella valencienne donc. Le poissonnier m'a refil\u00e9 des poulpes d\u00e9congel\u00e9s au lieu de calamars et j'ai eu un peu de mal \u00e0 les rendre go\u00fbteux. Donc ma paella \u00e9tait meilleur que celle de la\u2026","rel":"","context":"Dans &quot;Recettes&quot;","block_context":{"text":"Recettes","link":"https:\/\/humm.loverde.fr\/?cat=2"},"img":{"alt_text":"","src":"https:\/\/i0.wp.com\/humm.loverde.fr\/wp-content\/uploads\/2019\/08\/Attachment-2-2.png?fit=800%2C454&ssl=1&resize=350%2C200","width":350,"height":200,"srcset":"https:\/\/i0.wp.com\/humm.loverde.fr\/wp-content\/uploads\/2019\/08\/Attachment-2-2.png?fit=800%2C454&ssl=1&resize=350%2C200 1x, https:\/\/i0.wp.com\/humm.loverde.fr\/wp-content\/uploads\/2019\/08\/Attachment-2-2.png?fit=800%2C454&ssl=1&resize=525%2C300 1.5x, https:\/\/i0.wp.com\/humm.loverde.fr\/wp-content\/uploads\/2019\/08\/Attachment-2-2.png?fit=800%2C454&ssl=1&resize=700%2C400 2x"},"classes":[]},{"id":4763,"url":"https:\/\/humm.loverde.fr\/?p=4763","url_meta":{"origin":4363,"position":4},"title":"Canap\u00e9s saumon guacamole","author":"cloverde","date":"2 mars 2020","format":false,"excerpt":"Canap\u00e9s Saumon Guacamole En ce moment je suis un peu en panne d'inspiration, alors je recycle quelques articles oubli\u00e9s dans le fin fond des archives de mon Google Keep. Cette petite recette est difficile \u00e0 r\u00e9aliser avec du guacamole fait maison, car r\u00e9unir plusieurs avocats \u00e0 point n'est pas \u00e9vident.\u2026","rel":"","context":"Dans &quot;recette&quot;","block_context":{"text":"recette","link":"https:\/\/humm.loverde.fr\/?cat=1052"},"img":{"alt_text":"","src":"https:\/\/i0.wp.com\/humm.loverde.fr\/wp-content\/uploads\/2020\/01\/attachment.jpeg?fit=800%2C532&ssl=1&resize=350%2C200","width":350,"height":200,"srcset":"https:\/\/i0.wp.com\/humm.loverde.fr\/wp-content\/uploads\/2020\/01\/attachment.jpeg?fit=800%2C532&ssl=1&resize=350%2C200 1x, https:\/\/i0.wp.com\/humm.loverde.fr\/wp-content\/uploads\/2020\/01\/attachment.jpeg?fit=800%2C532&ssl=1&resize=525%2C300 1.5x, https:\/\/i0.wp.com\/humm.loverde.fr\/wp-content\/uploads\/2020\/01\/attachment.jpeg?fit=800%2C532&ssl=1&resize=700%2C400 2x"},"classes":[]},{"id":1848,"url":"https:\/\/humm.loverde.fr\/?p=1848","url_meta":{"origin":4363,"position":5},"title":"Poulet sauce curry lait de soja","author":"cloverde","date":"3 novembre 2017","format":false,"excerpt":"J'aime bien tout ce qui est \u00e0 base du curry mais la cr\u00e8me, je dig\u00e8re mal, alors le lait de soja peut-\u00eatre que ce sera mieux? Pas s\u00fbr! La prochaine fois (ou peut-\u00eatre que j'ai d\u00e9j\u00e0 fait) je remplace le lait de soja par du lait de coco. C'est le\u2026","rel":"","context":"Dans &quot;Recettes&quot;","block_context":{"text":"Recettes","link":"https:\/\/humm.loverde.fr\/?cat=2"},"img":{"alt_text":"","src":"https:\/\/i0.wp.com\/humm.loverde.fr\/wp-content\/uploads\/2017\/10\/poulet-sauce-curry-lait-de-soja.jpg?resize=350%2C200&ssl=1","width":350,"height":200,"srcset":"https:\/\/i0.wp.com\/humm.loverde.fr\/wp-content\/uploads\/2017\/10\/poulet-sauce-curry-lait-de-soja.jpg?resize=350%2C200&ssl=1 1x, https:\/\/i0.wp.com\/humm.loverde.fr\/wp-content\/uploads\/2017\/10\/poulet-sauce-curry-lait-de-soja.jpg?resize=525%2C300&ssl=1 1.5x, https:\/\/i0.wp.com\/humm.loverde.fr\/wp-content\/uploads\/2017\/10\/poulet-sauce-curry-lait-de-soja.jpg?resize=700%2C400&ssl=1 2x"},"classes":[]}],"_links":{"self":[{"href":"https:\/\/humm.loverde.fr\/index.php?rest_route=\/wp\/v2\/posts\/4363","targetHints":{"allow":["GET"]}}],"collection":[{"href":"https:\/\/humm.loverde.fr\/index.php?rest_route=\/wp\/v2\/posts"}],"about":[{"href":"https:\/\/humm.loverde.fr\/index.php?rest_route=\/wp\/v2\/types\/post"}],"author":[{"embeddable":true,"href":"https:\/\/humm.loverde.fr\/index.php?rest_route=\/wp\/v2\/users\/1"}],"replies":[{"embeddable":true,"href":"https:\/\/humm.loverde.fr\/index.php?rest_route=%2Fwp%2Fv2%2Fcomments&post=4363"}],"version-history":[{"count":6,"href":"https:\/\/humm.loverde.fr\/index.php?rest_route=\/wp\/v2\/posts\/4363\/revisions"}],"predecessor-version":[{"id":4480,"href":"https:\/\/humm.loverde.fr\/index.php?rest_route=\/wp\/v2\/posts\/4363\/revisions\/4480"}],"wp:featuredmedia":[{"embeddable":true,"href":"https:\/\/humm.loverde.fr\/index.php?rest_route=\/wp\/v2\/media\/4364"}],"wp:attachment":[{"href":"https:\/\/humm.loverde.fr\/index.php?rest_route=%2Fwp%2Fv2%2Fmedia&parent=4363"}],"wp:term":[{"taxonomy":"category","embeddable":true,"href":"https:\/\/humm.loverde.fr\/index.php?rest_route=%2Fwp%2Fv2%2Fcategories&post=4363"},{"taxonomy":"post_tag","embeddable":true,"href":"https:\/\/humm.loverde.fr\/index.php?rest_route=%2Fwp%2Fv2%2Ftags&post=4363"}],"curies":[{"name":"wp","href":"https:\/\/api.w.org\/{rel}","templated":true}]}}