{"id":441,"date":"2015-04-25T08:08:18","date_gmt":"2015-04-25T07:08:18","guid":{"rendered":"http:\/\/humm.loverde.fr\/?p=441"},"modified":"2019-08-02T08:44:50","modified_gmt":"2019-08-02T07:44:50","slug":"je-suis-series","status":"publish","type":"post","link":"https:\/\/humm.loverde.fr\/?p=441","title":{"rendered":"Je suis \u00ab\u00a0s\u00e9ries\u00a0\u00bb"},"content":{"rendered":"<div>\n<div>J&rsquo;ai s\u00e9lectionn\u00e9 pour vous les s\u00e9ries r\u00e9centes qu&rsquo;il faut absolument avoir vu. Certaines sont termin\u00e9es d&rsquo;autre non. Le parti pris des illustrations: pas d&rsquo;affiche officielles.<\/div>\n<div>Les r\u00e9sum\u00e9s viennent du site Allocin\u00e9, les commentaires (en italiques) sont de moi.<\/div>\n<div><\/div>\n<p>&nbsp;<\/p>\n<div><b>Breaking bad<\/b><\/div>\n<div><b>\u00a0<\/b><\/div>\n<div><a href=\"https:\/\/i0.wp.com\/humm.loverde.fr\/wp-content\/uploads\/2015\/03\/je-suis-series-breaking-bad.jpg?ssl=1\"><img data-recalc-dims=\"1\" loading=\"lazy\" decoding=\"async\" data-attachment-id=\"455\" data-permalink=\"https:\/\/humm.loverde.fr\/?attachment_id=455\" data-orig-file=\"https:\/\/i0.wp.com\/humm.loverde.fr\/wp-content\/uploads\/2015\/03\/je-suis-series-breaking-bad.jpg?fit=800%2C450&amp;ssl=1\" data-orig-size=\"800,450\" data-comments-opened=\"1\" data-image-meta=\"{&quot;aperture&quot;:&quot;0&quot;,&quot;credit&quot;:&quot;&quot;,&quot;camera&quot;:&quot;&quot;,&quot;caption&quot;:&quot;&quot;,&quot;created_timestamp&quot;:&quot;0&quot;,&quot;copyright&quot;:&quot;&quot;,&quot;focal_length&quot;:&quot;0&quot;,&quot;iso&quot;:&quot;0&quot;,&quot;shutter_speed&quot;:&quot;0&quot;,&quot;title&quot;:&quot;&quot;,&quot;orientation&quot;:&quot;0&quot;}\" data-image-title=\"je suis series &amp;#8211; breaking bad\" data-image-description=\"\" data-image-caption=\"\" data-large-file=\"https:\/\/i0.wp.com\/humm.loverde.fr\/wp-content\/uploads\/2015\/03\/je-suis-series-breaking-bad.jpg?fit=800%2C450&amp;ssl=1\" class=\"aligncenter size-medium wp-image-455\" src=\"https:\/\/i0.wp.com\/humm.loverde.fr\/wp-content\/uploads\/2015\/03\/je-suis-series-breaking-bad.jpg?resize=800%2C450&#038;ssl=1\" alt=\"je suis series - breaking bad\" width=\"800\" height=\"450\" \/><\/a><\/div>\n<div>\n<div>\u00a0Walter White, 50 ans, est professeur de chimie dans un lyc\u00e9e du Nouveau-Mexique. Pour subvenir aux besoins de Skyler, sa femme enceinte, et de Walt Junior, son fils handicap\u00e9, il est oblig\u00e9 de travailler doublement. Son quotidien d\u00e9j\u00e0 morose devient carr\u00e9ment noir lorsqu&rsquo;il apprend qu&rsquo;il est atteint d&rsquo;un incurable cancer des poumons\u00a0<i>alors qu&rsquo;il ne fume pas.<\/i>\u00a0Les m\u00e9decins ne lui donnent pas plus de deux ans \u00e0 vivre. Pour r\u00e9unir rapidement beaucoup d&rsquo;argent afin de mettre sa famille \u00e0 l&rsquo;abri, Walter ne voit plus qu&rsquo;une solution : mettre ses connaissances en chimie \u00e0 profit pour fabriquer et vendre du crystal meth, une drogue de synth\u00e8se qui rapporte beaucoup. Il propose \u00e0 Jesse, un de ses anciens \u00e9l\u00e8ves devenu un petit dealer de seconde zone, de faire \u00e9quipe avec lui. Le duo improvis\u00e9 met en place un labo itin\u00e9rant dans un vieux camping-car. Cette association inattendue va les entra\u00eener dans une s\u00e9rie de p\u00e9rip\u00e9ties tant comiques que path\u00e9tiques.<\/div>\n<div><i>S\u00e9rie termin\u00e9e en beaut\u00e9 au bout de 5 saisons. Pour une fois qu&rsquo;une serie se termine bien! Compl\u00e8tement immorale mais on a envie que Walter White surnomm\u00e9 par lui-m\u00eame Heinsenberg s&rsquo;en sorte. Et il fait plus que s&rsquo;en sortir!<\/i><\/div>\n<p>&nbsp;<\/p>\n<div><b>Boardwalk Empire<\/b><\/div>\n<div><b>\u00a0<\/b><\/div>\n<div><a href=\"https:\/\/i0.wp.com\/humm.loverde.fr\/wp-content\/uploads\/2015\/03\/je-suis-series-boardwalk-empire.jpg?ssl=1\"><img data-recalc-dims=\"1\" loading=\"lazy\" decoding=\"async\" data-attachment-id=\"456\" data-permalink=\"https:\/\/humm.loverde.fr\/?attachment_id=456\" data-orig-file=\"https:\/\/i0.wp.com\/humm.loverde.fr\/wp-content\/uploads\/2015\/03\/je-suis-series-boardwalk-empire.jpg?fit=800%2C450&amp;ssl=1\" data-orig-size=\"800,450\" data-comments-opened=\"1\" data-image-meta=\"{&quot;aperture&quot;:&quot;0&quot;,&quot;credit&quot;:&quot;&quot;,&quot;camera&quot;:&quot;&quot;,&quot;caption&quot;:&quot;&quot;,&quot;created_timestamp&quot;:&quot;0&quot;,&quot;copyright&quot;:&quot;&quot;,&quot;focal_length&quot;:&quot;0&quot;,&quot;iso&quot;:&quot;0&quot;,&quot;shutter_speed&quot;:&quot;0&quot;,&quot;title&quot;:&quot;&quot;,&quot;orientation&quot;:&quot;0&quot;}\" data-image-title=\"je suis series &amp;#8211; boardwalk empire\" data-image-description=\"\" data-image-caption=\"\" data-large-file=\"https:\/\/i0.wp.com\/humm.loverde.fr\/wp-content\/uploads\/2015\/03\/je-suis-series-boardwalk-empire.jpg?fit=800%2C450&amp;ssl=1\" class=\"aligncenter size-medium wp-image-456\" src=\"https:\/\/i0.wp.com\/humm.loverde.fr\/wp-content\/uploads\/2015\/03\/je-suis-series-boardwalk-empire-800x450.jpg?resize=800%2C450&#038;ssl=1\" alt=\"je suis series - boardwalk empire\" width=\"800\" height=\"450\" \/><\/a><\/div>\n<div><\/div>\n<div>\u00a0La chronique sombre et violente du d\u00e9veloppement d&rsquo;Atlantic City dans les ann\u00e9es 20, lors de l&rsquo;\u00e9mergence des premiers casinos dans un climat de Prohibition, qui donnera naissance \u00e0 la P\u00e8gre. Nucky Thompson, le tr\u00e9sorier du parti R\u00e9publicain -qui dirige la ville- est en r\u00e9alit\u00e9 celui qui tire toutes les ficelles et qui joue sur plus d&rsquo;un tableau \u00e0 la fois pour arriver \u00e0 ses fins. Argent sale et corruption sont au rendez-vous, en passant par Chicago et New York&#8230;<\/div>\n<div><i>En cours, 4 saisons termin\u00e9es, la 5 arrive. J&rsquo;adore! La magouille, le m\u00e9lange des genres en politique ne date pas d&rsquo;aujourd&rsquo;hui! Plut\u00f4t vu du c\u00f4t\u00e9 des truands qui ne se font pas de cadeaux avec des r\u00e8gles, pas toujours respect\u00e9es par les nouveaux arrivants.<\/i><\/div>\n<p>&nbsp;<\/p>\n<div><b>Game of thrones<\/b><\/div>\n<div><\/div>\n<div><a href=\"https:\/\/i0.wp.com\/humm.loverde.fr\/wp-content\/uploads\/2015\/03\/je-suis-series-game-of-thrones.jpg?ssl=1\"><img data-recalc-dims=\"1\" loading=\"lazy\" decoding=\"async\" data-attachment-id=\"457\" data-permalink=\"https:\/\/humm.loverde.fr\/?attachment_id=457\" data-orig-file=\"https:\/\/i0.wp.com\/humm.loverde.fr\/wp-content\/uploads\/2015\/03\/je-suis-series-game-of-thrones.jpg?fit=800%2C480&amp;ssl=1\" data-orig-size=\"800,480\" data-comments-opened=\"1\" data-image-meta=\"{&quot;aperture&quot;:&quot;0&quot;,&quot;credit&quot;:&quot;&quot;,&quot;camera&quot;:&quot;&quot;,&quot;caption&quot;:&quot;&quot;,&quot;created_timestamp&quot;:&quot;0&quot;,&quot;copyright&quot;:&quot;&quot;,&quot;focal_length&quot;:&quot;0&quot;,&quot;iso&quot;:&quot;0&quot;,&quot;shutter_speed&quot;:&quot;0&quot;,&quot;title&quot;:&quot;&quot;,&quot;orientation&quot;:&quot;0&quot;}\" data-image-title=\"je suis series &amp;#8211; game of thrones\" data-image-description=\"\" data-image-caption=\"\" data-large-file=\"https:\/\/i0.wp.com\/humm.loverde.fr\/wp-content\/uploads\/2015\/03\/je-suis-series-game-of-thrones.jpg?fit=800%2C480&amp;ssl=1\" class=\"aligncenter size-medium wp-image-457\" src=\"https:\/\/i0.wp.com\/humm.loverde.fr\/wp-content\/uploads\/2015\/03\/je-suis-series-game-of-thrones.jpg?resize=800%2C480&#038;ssl=1\" alt=\"je suis series - game of thrones\" width=\"800\" height=\"480\" \/><\/a><\/div>\n<div><\/div>\n<div>\u00a0Il y a tr\u00e8s longtemps, \u00e0 une \u00e9poque oubli\u00e9e, une force a d\u00e9truit l&rsquo;\u00e9quilibre des saisons. Dans un pays o\u00f9 l&rsquo;\u00e9t\u00e9 peut durer plusieurs ann\u00e9es et l&rsquo;hiver toute une vie, des forces sinistres et surnaturelles se pressent aux portes du Royaume des Sept Couronnes. La confr\u00e9rie de la Garde de Nuit, prot\u00e9geant le Royaume de toute cr\u00e9ature pouvant provenir d&rsquo;au-del\u00e0 du Mur protecteur, n&rsquo;a plus les ressources n\u00e9cessaires pour assurer la s\u00e9curit\u00e9 de tous. Apr\u00e8s un \u00e9t\u00e9 de dix ann\u00e9es, un hiver rigoureux s&rsquo;abat sur le Royaume avec la promesse d&rsquo;un avenir des plus sombres. Pendant ce temps, complots et rivalit\u00e9s se jouent sur le continent pour s&#8217;emparer du Tr\u00f4ne de Fer, le symbole du pouvoir absolu.<\/div>\n<div><i>En attente de la saison 4! L&rsquo;id\u00e9al serait de regarder la s\u00e9rie quand elle sera termin\u00e9e, parce qu&rsquo;\u00e0 \u00a0chaque d\u00e9but de saison on a du mal \u00e0 reprendre le fil tellement les personnages sont nombreux et les conflits multiples.<\/i><\/div>\n<p>&nbsp;<\/p>\n<div><b>Mad men<\/b><\/div>\n<div><b>\u00a0<\/b><\/div>\n<div><a href=\"https:\/\/i0.wp.com\/humm.loverde.fr\/wp-content\/uploads\/2015\/03\/je-suis-series-mad-men.jpg?ssl=1\"><img data-recalc-dims=\"1\" loading=\"lazy\" decoding=\"async\" data-attachment-id=\"458\" data-permalink=\"https:\/\/humm.loverde.fr\/?attachment_id=458\" data-orig-file=\"https:\/\/i0.wp.com\/humm.loverde.fr\/wp-content\/uploads\/2015\/03\/je-suis-series-mad-men.jpg?fit=800%2C461&amp;ssl=1\" data-orig-size=\"800,461\" data-comments-opened=\"1\" data-image-meta=\"{&quot;aperture&quot;:&quot;0&quot;,&quot;credit&quot;:&quot;&quot;,&quot;camera&quot;:&quot;&quot;,&quot;caption&quot;:&quot;&quot;,&quot;created_timestamp&quot;:&quot;0&quot;,&quot;copyright&quot;:&quot;&quot;,&quot;focal_length&quot;:&quot;0&quot;,&quot;iso&quot;:&quot;0&quot;,&quot;shutter_speed&quot;:&quot;0&quot;,&quot;title&quot;:&quot;&quot;,&quot;orientation&quot;:&quot;0&quot;}\" data-image-title=\"je suis series &amp;#8211; mad men\" data-image-description=\"\" data-image-caption=\"\" data-large-file=\"https:\/\/i0.wp.com\/humm.loverde.fr\/wp-content\/uploads\/2015\/03\/je-suis-series-mad-men.jpg?fit=800%2C461&amp;ssl=1\" class=\"aligncenter size-medium wp-image-458\" src=\"https:\/\/i0.wp.com\/humm.loverde.fr\/wp-content\/uploads\/2015\/03\/je-suis-series-mad-men.jpg?resize=800%2C461&#038;ssl=1\" alt=\"je suis series - mad men\" width=\"800\" height=\"461\" \/><\/a><\/div>\n<div><\/div>\n<div>Dans le New York des ann\u00e9es 60, Don Draper est l&rsquo;un des grands noms de la pub. Ma\u00eetre manipulateur, il compte dans son entourage des ennemis qui attendent sa chute.<\/div>\n<div><i>Saison 6 \u00e0 voir&#8230; La 7 arrive, la moiti\u00e9 est l\u00e0. Depuis 2007. \u00c7a fume beaucoup, \u00e0 cause de l&rsquo;\u00e9poque, \u00e7a boit pas mal aussi&#8230; Je ne vois rien \u00e0 dire \u00e0 part qu&rsquo;il faut regarder! Les trois premiers \u00e9pisodes suffisent pour devenir accro. Info d&rsquo;un de mes contacts facebook: la suite reprend le 5 avril 2015.<br \/>\n<\/i><\/div>\n<p>&nbsp;<\/p>\n<div><b>The Killing<\/b><\/div>\n<div><b>\u00a0<\/b><\/div>\n<div><a href=\"https:\/\/i0.wp.com\/humm.loverde.fr\/wp-content\/uploads\/2015\/03\/je-suis-series-the-killing.jpg?ssl=1\"><img data-recalc-dims=\"1\" loading=\"lazy\" decoding=\"async\" data-attachment-id=\"459\" data-permalink=\"https:\/\/humm.loverde.fr\/?attachment_id=459\" data-orig-file=\"https:\/\/i0.wp.com\/humm.loverde.fr\/wp-content\/uploads\/2015\/03\/je-suis-series-the-killing.jpg?fit=800%2C453&amp;ssl=1\" data-orig-size=\"800,453\" data-comments-opened=\"1\" data-image-meta=\"{&quot;aperture&quot;:&quot;0&quot;,&quot;credit&quot;:&quot;&quot;,&quot;camera&quot;:&quot;&quot;,&quot;caption&quot;:&quot;&quot;,&quot;created_timestamp&quot;:&quot;0&quot;,&quot;copyright&quot;:&quot;&quot;,&quot;focal_length&quot;:&quot;0&quot;,&quot;iso&quot;:&quot;0&quot;,&quot;shutter_speed&quot;:&quot;0&quot;,&quot;title&quot;:&quot;&quot;,&quot;orientation&quot;:&quot;0&quot;}\" data-image-title=\"je suis series &amp;#8211; the killing\" data-image-description=\"\" data-image-caption=\"\" data-large-file=\"https:\/\/i0.wp.com\/humm.loverde.fr\/wp-content\/uploads\/2015\/03\/je-suis-series-the-killing.jpg?fit=800%2C453&amp;ssl=1\" class=\"aligncenter size-medium wp-image-459\" src=\"https:\/\/i0.wp.com\/humm.loverde.fr\/wp-content\/uploads\/2015\/03\/je-suis-series-the-killing.jpg?resize=800%2C453&#038;ssl=1\" alt=\"je suis series - the killing\" width=\"800\" height=\"453\" \/><\/a><\/div>\n<div><\/div>\n<div>\u00a0Trois histoires distinctes m\u00e8nent au m\u00eame meurtre. Les d\u00e9tectives charg\u00e9s de l&rsquo;enqu\u00eate, souvent en d\u00e9saccord, accumulent les pistes et les suspects. Les r\u00e9percussions sur leurs vies personnelles et celles des politiciens de Seattle li\u00e9s \u00e0 l&rsquo;affaire sont nombreuses, parfois dramatiques. Alors qu&rsquo;ils croient tous avoir enterr\u00e9 les erreurs de leur pass\u00e9 et enfouient leurs secrets, tout remonte \u00e0 la surface&#8230;<\/div>\n<div><i>La saison 3 marque la fin de la s\u00e9rie. Ambiance sombre, pluvieuse, froide, d\u00e9sesp\u00e9r\u00e9e&#8230; \u00c9nigmes complexes et bien ficel\u00e9es, hors du commun.<\/i><\/div>\n<p>&nbsp;<\/p>\n<div><b>Deadwood<\/b><\/div>\n<div><b>\u00a0<\/b><\/div>\n<div><a href=\"https:\/\/i0.wp.com\/humm.loverde.fr\/wp-content\/uploads\/2015\/03\/je-suis-series-deadwood.jpg?ssl=1\"><img data-recalc-dims=\"1\" loading=\"lazy\" decoding=\"async\" data-attachment-id=\"460\" data-permalink=\"https:\/\/humm.loverde.fr\/?attachment_id=460\" data-orig-file=\"https:\/\/i0.wp.com\/humm.loverde.fr\/wp-content\/uploads\/2015\/03\/je-suis-series-deadwood.jpg?fit=800%2C450&amp;ssl=1\" data-orig-size=\"800,450\" data-comments-opened=\"1\" data-image-meta=\"{&quot;aperture&quot;:&quot;0&quot;,&quot;credit&quot;:&quot;&quot;,&quot;camera&quot;:&quot;&quot;,&quot;caption&quot;:&quot;&quot;,&quot;created_timestamp&quot;:&quot;0&quot;,&quot;copyright&quot;:&quot;&quot;,&quot;focal_length&quot;:&quot;0&quot;,&quot;iso&quot;:&quot;0&quot;,&quot;shutter_speed&quot;:&quot;0&quot;,&quot;title&quot;:&quot;&quot;,&quot;orientation&quot;:&quot;0&quot;}\" data-image-title=\"je suis series &amp;#8211; deadwood\" data-image-description=\"\" data-image-caption=\"\" data-large-file=\"https:\/\/i0.wp.com\/humm.loverde.fr\/wp-content\/uploads\/2015\/03\/je-suis-series-deadwood.jpg?fit=800%2C450&amp;ssl=1\" class=\"aligncenter size-medium wp-image-460\" src=\"https:\/\/i0.wp.com\/humm.loverde.fr\/wp-content\/uploads\/2015\/03\/je-suis-series-deadwood.jpg?resize=800%2C450&#038;ssl=1\" alt=\"je suis series - deadwood\" width=\"800\" height=\"450\" \/><\/a><\/div>\n<div><\/div>\n<div>\u00a0Une s\u00e9rie western qui combine fiction et personnages ayant r\u00e9ellement exist\u00e9 (<i>Calamity Jane)<\/i>\u00a0dans l&rsquo;Am\u00e9rique de 1876, apr\u00e8s une p\u00e9riode de troubles en raison de la guerre civile.<\/div>\n<div><i>S\u00e9rie ancienne termin\u00e9e, 3 saisons de 2004 \u00e0 2006. Tout se passe dans une ville en formation, les bars, les putes, les chinois qui \u00e9l\u00e8vent les cochons qui mangent les cadavres, les plus forts ne sont pas toujours les gagnants mais les m\u00e9chants sont vraiment ex\u00e9crables.<\/i><\/div>\n<p>&nbsp;<\/p>\n<div><b>The shield<\/b><\/div>\n<div><\/div>\n<div><a href=\"https:\/\/i0.wp.com\/humm.loverde.fr\/wp-content\/uploads\/2015\/04\/je-suis-series-the-shield.jpg?ssl=1\"><img data-recalc-dims=\"1\" loading=\"lazy\" decoding=\"async\" data-attachment-id=\"481\" data-permalink=\"https:\/\/humm.loverde.fr\/?attachment_id=481\" data-orig-file=\"https:\/\/i0.wp.com\/humm.loverde.fr\/wp-content\/uploads\/2015\/04\/je-suis-series-the-shield.jpg?fit=800%2C399&amp;ssl=1\" data-orig-size=\"800,399\" data-comments-opened=\"1\" data-image-meta=\"{&quot;aperture&quot;:&quot;0&quot;,&quot;credit&quot;:&quot;&quot;,&quot;camera&quot;:&quot;&quot;,&quot;caption&quot;:&quot;&quot;,&quot;created_timestamp&quot;:&quot;0&quot;,&quot;copyright&quot;:&quot;&quot;,&quot;focal_length&quot;:&quot;0&quot;,&quot;iso&quot;:&quot;0&quot;,&quot;shutter_speed&quot;:&quot;0&quot;,&quot;title&quot;:&quot;&quot;,&quot;orientation&quot;:&quot;0&quot;}\" data-image-title=\"je suis series &amp;#8211; the shield\" data-image-description=\"\" data-image-caption=\"\" data-large-file=\"https:\/\/i0.wp.com\/humm.loverde.fr\/wp-content\/uploads\/2015\/04\/je-suis-series-the-shield.jpg?fit=800%2C399&amp;ssl=1\" class=\"aligncenter size-medium wp-image-481\" src=\"https:\/\/i0.wp.com\/humm.loverde.fr\/wp-content\/uploads\/2015\/04\/je-suis-series-the-shield.jpg?resize=800%2C399&#038;ssl=1\" alt=\"je suis series - the shield\" width=\"800\" height=\"399\" \/><\/a><\/div>\n<div><\/div>\n<div><\/div>\n<div>\u00a0Pour r\u00e9tablir l&rsquo;ordre dans les secteurs les plus dangereux de Los Angeles, une brigade de police en arrive \u00e0 mettre en oeuvre des m\u00e9thodes plut\u00f4t exp\u00e9ditives et inhabituelles.<\/div>\n<div><i>Ancienne, 2002 &#8211; 2008 sept saisons. Flics pas toujours exemplaires, tombent parfois du mauvais c\u00f4t\u00e9 de la force, mais efficaces au final.<\/i><\/div>\n<p>&nbsp;<\/p>\n<div><b>Hell On Wheels<\/b><\/div>\n<div><\/div>\n<div><a href=\"https:\/\/i0.wp.com\/humm.loverde.fr\/wp-content\/uploads\/2015\/04\/je-suis-series-hell-on-wheels.jpg?ssl=1\"><img data-recalc-dims=\"1\" loading=\"lazy\" decoding=\"async\" data-attachment-id=\"482\" data-permalink=\"https:\/\/humm.loverde.fr\/?attachment_id=482\" data-orig-file=\"https:\/\/i0.wp.com\/humm.loverde.fr\/wp-content\/uploads\/2015\/04\/je-suis-series-hell-on-wheels.jpg?fit=800%2C466&amp;ssl=1\" data-orig-size=\"800,466\" data-comments-opened=\"1\" data-image-meta=\"{&quot;aperture&quot;:&quot;0&quot;,&quot;credit&quot;:&quot;&quot;,&quot;camera&quot;:&quot;&quot;,&quot;caption&quot;:&quot;&quot;,&quot;created_timestamp&quot;:&quot;0&quot;,&quot;copyright&quot;:&quot;&quot;,&quot;focal_length&quot;:&quot;0&quot;,&quot;iso&quot;:&quot;0&quot;,&quot;shutter_speed&quot;:&quot;0&quot;,&quot;title&quot;:&quot;&quot;,&quot;orientation&quot;:&quot;0&quot;}\" data-image-title=\"je suis series &amp;#8211; hell on wheels\" data-image-description=\"\" data-image-caption=\"\" data-large-file=\"https:\/\/i0.wp.com\/humm.loverde.fr\/wp-content\/uploads\/2015\/04\/je-suis-series-hell-on-wheels.jpg?fit=800%2C466&amp;ssl=1\" class=\"aligncenter size-medium wp-image-482\" src=\"https:\/\/i0.wp.com\/humm.loverde.fr\/wp-content\/uploads\/2015\/04\/je-suis-series-hell-on-wheels.jpg?resize=800%2C466&#038;ssl=1\" alt=\"je suis series - hell on wheels\" width=\"800\" height=\"466\" \/><\/a><\/div>\n<div><\/div>\n<div><\/div>\n<div>\u00a0Cullen Bohannan, un ancien propri\u00e9taire d\u2019esclaves et soldat, est d\u00e9termin\u00e9 \u00e0 venger le viol et le meurtre de sa femme en traquant et tuant les soldats de l\u2019Union responsables. Il se retrouve alors dans le Nebraska \u00e0 l&rsquo;\u00e9poque de la construction de la ligne ferroviaire transcontinentale.<\/div>\n<div><i>En cours, 3 saisons depuis 2011. Le d\u00e9but de l&rsquo;Amerique des riches et du pouvoir de l&rsquo;argent qui exploitent tous les autres, travailleurs pauvres. L\u00e0 c&rsquo;est sur la ligne de chemin de fer qui traverse les \u00c9tats-Unis. Le d\u00e9but de l&rsquo;\u00e9mancipation des noirs par le travail, \u00e7a c&rsquo;est pour la morale am\u00e9ricaine&#8230;<\/i><\/div>\n<p>&nbsp;<\/p>\n<div><b>The walking dead<\/b><\/div>\n<div><\/div>\n<div><a href=\"https:\/\/i0.wp.com\/humm.loverde.fr\/wp-content\/uploads\/2015\/04\/je-suis-series-the-walking-dead.jpg?ssl=1\"><img data-recalc-dims=\"1\" loading=\"lazy\" decoding=\"async\" data-attachment-id=\"478\" data-permalink=\"https:\/\/humm.loverde.fr\/?attachment_id=478\" data-orig-file=\"https:\/\/i0.wp.com\/humm.loverde.fr\/wp-content\/uploads\/2015\/04\/je-suis-series-the-walking-dead.jpg?fit=800%2C450&amp;ssl=1\" data-orig-size=\"800,450\" data-comments-opened=\"1\" data-image-meta=\"{&quot;aperture&quot;:&quot;0&quot;,&quot;credit&quot;:&quot;&quot;,&quot;camera&quot;:&quot;&quot;,&quot;caption&quot;:&quot;&quot;,&quot;created_timestamp&quot;:&quot;0&quot;,&quot;copyright&quot;:&quot;&quot;,&quot;focal_length&quot;:&quot;0&quot;,&quot;iso&quot;:&quot;0&quot;,&quot;shutter_speed&quot;:&quot;0&quot;,&quot;title&quot;:&quot;&quot;,&quot;orientation&quot;:&quot;0&quot;}\" data-image-title=\"je suis series &amp;#8211; the walking dead\" data-image-description=\"\" data-image-caption=\"\" data-large-file=\"https:\/\/i0.wp.com\/humm.loverde.fr\/wp-content\/uploads\/2015\/04\/je-suis-series-the-walking-dead.jpg?fit=800%2C450&amp;ssl=1\" class=\"aligncenter size-medium wp-image-478\" src=\"https:\/\/i0.wp.com\/humm.loverde.fr\/wp-content\/uploads\/2015\/04\/je-suis-series-the-walking-dead.jpg?resize=800%2C450&#038;ssl=1\" alt=\"je suis series - the walking dead\" width=\"800\" height=\"450\" \/><\/a><\/div>\n<div><\/div>\n<div><\/div>\n<div>\u00a0Apr\u00e8s une apocalypse ayant transform\u00e9 la quasi-totalit\u00e9 de la population en zombies, un groupe d&rsquo;hommes et de femmes men\u00e9 par l&rsquo;officier Rick Grimes tente de survivre&#8230;<\/div>\n<div><i>En cours 4 saisons, la 5 commence. Depuis 2010. Les morts vivants pas comme d&rsquo;habitude, on le devient de toute fa\u00e7on en mourant. Pourquoi dans des conditions exceptionnelles, la survie se r\u00e9sume \u00e0 une prise de pouvoir et, Am\u00e9rique oblige, passe par les armes? Beaucoup de creux mais on a toujours h\u00e2te de voir la suite. Les armes sont omnipr\u00e9sentes.<\/i><\/div>\n<p>&nbsp;<\/p>\n<div><b>House of cards<\/b><\/div>\n<div><\/div>\n<div><a href=\"https:\/\/i0.wp.com\/humm.loverde.fr\/wp-content\/uploads\/2015\/03\/je-suis-series-house-of-cards.jpg?ssl=1\"><img data-recalc-dims=\"1\" loading=\"lazy\" decoding=\"async\" data-attachment-id=\"464\" data-permalink=\"https:\/\/humm.loverde.fr\/?attachment_id=464\" data-orig-file=\"https:\/\/i0.wp.com\/humm.loverde.fr\/wp-content\/uploads\/2015\/03\/je-suis-series-house-of-cards.jpg?fit=800%2C450&amp;ssl=1\" data-orig-size=\"800,450\" data-comments-opened=\"1\" data-image-meta=\"{&quot;aperture&quot;:&quot;0&quot;,&quot;credit&quot;:&quot;&quot;,&quot;camera&quot;:&quot;&quot;,&quot;caption&quot;:&quot;&quot;,&quot;created_timestamp&quot;:&quot;0&quot;,&quot;copyright&quot;:&quot;&quot;,&quot;focal_length&quot;:&quot;0&quot;,&quot;iso&quot;:&quot;0&quot;,&quot;shutter_speed&quot;:&quot;0&quot;,&quot;title&quot;:&quot;&quot;,&quot;orientation&quot;:&quot;0&quot;}\" data-image-title=\"je suis series &amp;#8211; house of cards\" data-image-description=\"\" data-image-caption=\"\" data-large-file=\"https:\/\/i0.wp.com\/humm.loverde.fr\/wp-content\/uploads\/2015\/03\/je-suis-series-house-of-cards.jpg?fit=800%2C450&amp;ssl=1\" class=\"aligncenter size-medium wp-image-464\" src=\"https:\/\/i0.wp.com\/humm.loverde.fr\/wp-content\/uploads\/2015\/03\/je-suis-series-house-of-cards.jpg?resize=800%2C450&#038;ssl=1\" alt=\"je suis series - house of cards\" width=\"800\" height=\"450\" \/><\/a><\/div>\n<div><\/div>\n<div>\u00a0Frank Underwood, homme politique rus\u00e9 et vieux briscard de Washington, est pr\u00eat \u00e0 tout pour conqu\u00e9rir le poste \u00ab\u00a0supr\u00eame\u00a0\u00bb&#8230;<\/div>\n<div><i>En cours 2 saisons termin\u00e9es, la 3 arrive. Je ne l&rsquo;ai qu&rsquo;abord\u00e9. \u00c9tant sortie de \u00ab\u00a0Scandal\u00a0\u00bb, serie politique emberlificot\u00e9e dans de perp\u00e9tuels rebondissements, j&rsquo;ai eu du mal \u00e0 continuer dans le m\u00eame registre. Je la garde pour plus tard.<\/i><\/div>\n<p>&nbsp;<\/p>\n<div><b>Homeland<\/b><\/div>\n<div><\/div>\n<div><a href=\"https:\/\/i0.wp.com\/humm.loverde.fr\/wp-content\/uploads\/2015\/03\/je-suis-series-homeland.jpg?ssl=1\"><img data-recalc-dims=\"1\" loading=\"lazy\" decoding=\"async\" data-attachment-id=\"465\" data-permalink=\"https:\/\/humm.loverde.fr\/?attachment_id=465\" data-orig-file=\"https:\/\/i0.wp.com\/humm.loverde.fr\/wp-content\/uploads\/2015\/03\/je-suis-series-homeland.jpg?fit=800%2C450&amp;ssl=1\" data-orig-size=\"800,450\" data-comments-opened=\"1\" data-image-meta=\"{&quot;aperture&quot;:&quot;0&quot;,&quot;credit&quot;:&quot;&quot;,&quot;camera&quot;:&quot;&quot;,&quot;caption&quot;:&quot;&quot;,&quot;created_timestamp&quot;:&quot;0&quot;,&quot;copyright&quot;:&quot;&quot;,&quot;focal_length&quot;:&quot;0&quot;,&quot;iso&quot;:&quot;0&quot;,&quot;shutter_speed&quot;:&quot;0&quot;,&quot;title&quot;:&quot;&quot;,&quot;orientation&quot;:&quot;0&quot;}\" data-image-title=\"je suis series &amp;#8211; homeland\" data-image-description=\"\" data-image-caption=\"\" data-large-file=\"https:\/\/i0.wp.com\/humm.loverde.fr\/wp-content\/uploads\/2015\/03\/je-suis-series-homeland.jpg?fit=800%2C450&amp;ssl=1\" class=\"aligncenter size-medium wp-image-465\" src=\"https:\/\/i0.wp.com\/humm.loverde.fr\/wp-content\/uploads\/2015\/03\/je-suis-series-homeland.jpg?resize=800%2C450&#038;ssl=1\" alt=\"je suis series - homeland\" width=\"800\" height=\"450\" \/><\/a><\/div>\n<div><\/div>\n<div>\u00a0Huit ans apr\u00e8s la disparition de deux soldats am\u00e9ricains lors de l&rsquo;invasion de Bagdad, l&rsquo;un d&rsquo;entre eux r\u00e9appara\u00eet, seul survivant alors que tout le monde le pensait mort depuis longtemps. Rapatri\u00e9 aux \u00c9tats-Unis, il est accueilli chaleureusement par sa famille, ses amis et le gouvernement. Seule contre tous, l&rsquo;agent de la CIA Carrie Mathison, qui a pass\u00e9 plusieurs ann\u00e9es en Afghanistan, est persuad\u00e9e que le h\u00e9ros est en r\u00e9alit\u00e9 devenu un espion \u00e0 la solde de l&rsquo;ennemi, pr\u00e9parant la prochaine attaque terroriste sur le sol am\u00e9ricain. Sans r\u00e9elle preuve et montr\u00e9e du doigt suite \u00e0 un incident diplomatique qu&rsquo;elle a d\u00e9clench\u00e9 quelques mois plus t\u00f4t, Carrie va devoir se battre pour prouver que ce qu&rsquo;elle avance est la r\u00e9alit\u00e9&#8230;<br \/>\nAdaptation de la s\u00e9rie isra\u00e9lienne\u00a0<a title=\"Hatufim\" href=\"http:\/\/www.allocine.fr\/series\/ficheserie_gen_cserie=11257.html\">Hatufim<\/a>.<\/div>\n<div><i>En cours 3 saisons, la 4 arrive. Assez prenant. Le personnage de Carrie vaut \u00e0 lui seul le d\u00e9tour. L&rsquo;acteur qui joue Brody arrive bien \u00e0 rendre l&rsquo;ambigu\u00eft\u00e9 de son personnage, pas facile pourtant.<\/i><\/div>\n<p>&nbsp;<\/p>\n<div><b>Borgen<\/b><\/div>\n<div><b>\u00a0<\/b><\/div>\n<div><a href=\"https:\/\/i0.wp.com\/humm.loverde.fr\/wp-content\/uploads\/2015\/04\/je-suis-series-borgen.jpg?ssl=1\"><img data-recalc-dims=\"1\" loading=\"lazy\" decoding=\"async\" data-attachment-id=\"476\" data-permalink=\"https:\/\/humm.loverde.fr\/?attachment_id=476\" data-orig-file=\"https:\/\/i0.wp.com\/humm.loverde.fr\/wp-content\/uploads\/2015\/04\/je-suis-series-borgen.jpg?fit=800%2C424&amp;ssl=1\" data-orig-size=\"800,424\" data-comments-opened=\"1\" data-image-meta=\"{&quot;aperture&quot;:&quot;0&quot;,&quot;credit&quot;:&quot;&quot;,&quot;camera&quot;:&quot;&quot;,&quot;caption&quot;:&quot;&quot;,&quot;created_timestamp&quot;:&quot;0&quot;,&quot;copyright&quot;:&quot;&quot;,&quot;focal_length&quot;:&quot;0&quot;,&quot;iso&quot;:&quot;0&quot;,&quot;shutter_speed&quot;:&quot;0&quot;,&quot;title&quot;:&quot;&quot;,&quot;orientation&quot;:&quot;0&quot;}\" data-image-title=\"je suis series &amp;#8211; borgen\" data-image-description=\"\" data-image-caption=\"\" data-large-file=\"https:\/\/i0.wp.com\/humm.loverde.fr\/wp-content\/uploads\/2015\/04\/je-suis-series-borgen.jpg?fit=800%2C424&amp;ssl=1\" class=\"aligncenter size-medium wp-image-476\" src=\"https:\/\/i0.wp.com\/humm.loverde.fr\/wp-content\/uploads\/2015\/04\/je-suis-series-borgen.jpg?resize=800%2C424&#038;ssl=1\" alt=\"je suis series - borgen\" width=\"800\" height=\"424\" \/><\/a><\/div>\n<div><\/div>\n<div><\/div>\n<div>\u00a0Borgen d\u00e9crit les batailles politiques pour le pouvoir au Danemark et les sacrifices personnels qu\u2019elles entra\u00eenent. Le personnage principal, Birgitte Nyborg, est une femme politique qui a permis \u00e0 son parti d\u2019obtenir une victoire \u00e9crasante. Elle doit maintenant r\u00e9pondre aux deux plus importantes questions de sa vie : comment utiliser au mieux cette majorit\u00e9 et jusqu\u2019o\u00f9 peut-on aller pour obtenir le pouvoir&#8230;<\/div>\n<div><i>\u00a03 saisons termin\u00e9es. Encore sur le monde politique. \u00c7a se passe au Danemark alors \u00e7a change un peu. Malgr\u00e9 l&rsquo;implication du mari dans les t\u00e2ches m\u00e9nag\u00e8res et l&rsquo;\u00e9tat avanc\u00e9 du Danemark dans ce domaine, on note la difficult\u00e9 d&rsquo;une femme d&rsquo;\u00eatre en politique et en famille. L\u00e0 encore compromis et compromissions&#8230;<\/i><\/div>\n<p>&nbsp;<\/p>\n<div><b>Ripper street<\/b><\/div>\n<div><\/div>\n<div><a href=\"https:\/\/i0.wp.com\/humm.loverde.fr\/wp-content\/uploads\/2015\/04\/je-suis-series-ripper-street.jpg?ssl=1\"><img data-recalc-dims=\"1\" loading=\"lazy\" decoding=\"async\" data-attachment-id=\"483\" data-permalink=\"https:\/\/humm.loverde.fr\/?attachment_id=483\" data-orig-file=\"https:\/\/i0.wp.com\/humm.loverde.fr\/wp-content\/uploads\/2015\/04\/je-suis-series-ripper-street.jpg?fit=800%2C386&amp;ssl=1\" data-orig-size=\"800,386\" data-comments-opened=\"1\" data-image-meta=\"{&quot;aperture&quot;:&quot;0&quot;,&quot;credit&quot;:&quot;&quot;,&quot;camera&quot;:&quot;&quot;,&quot;caption&quot;:&quot;&quot;,&quot;created_timestamp&quot;:&quot;0&quot;,&quot;copyright&quot;:&quot;&quot;,&quot;focal_length&quot;:&quot;0&quot;,&quot;iso&quot;:&quot;0&quot;,&quot;shutter_speed&quot;:&quot;0&quot;,&quot;title&quot;:&quot;&quot;,&quot;orientation&quot;:&quot;0&quot;}\" data-image-title=\"je suis series &amp;#8211; ripper street\" data-image-description=\"\" data-image-caption=\"\" data-large-file=\"https:\/\/i0.wp.com\/humm.loverde.fr\/wp-content\/uploads\/2015\/04\/je-suis-series-ripper-street.jpg?fit=800%2C386&amp;ssl=1\" class=\"aligncenter size-medium wp-image-483\" src=\"https:\/\/i0.wp.com\/humm.loverde.fr\/wp-content\/uploads\/2015\/04\/je-suis-series-ripper-street.jpg?resize=800%2C386&#038;ssl=1\" alt=\"je suis series - ripper street\" width=\"800\" height=\"386\" \/><\/a><\/div>\n<div><\/div>\n<div><\/div>\n<div>\u00a0En avril 1889, six mois apr\u00e8s la disparition de Jack l&rsquo;\u00e9ventreur, l&rsquo;est de Londres commence \u00e0 retrouver un semblant de paix inesp\u00e9r\u00e9e apr\u00e8s le r\u00e8gne de l&rsquo;impitoyable tueur. Une bouff\u00e9e d&rsquo;oxyg\u00e8ne pour les hommes de la Division H, le district de police charg\u00e9 de maintenir l&rsquo;ordre dans le chaos de Whitechapel. L&rsquo;\u00e9quipe est compos\u00e9e de l&rsquo;inspecteur Edmund Reid, un brillant enqu\u00eateur hant\u00e9 une tragique erreur du pass\u00e9, et de ses fid\u00e8les camarades, le sergent Bennett Drake et le capitaine Homer Jackson. Ensemble, ils vont tenter de maintenir la justice dans cette \u00e9poque troubl\u00e9e.<\/div>\n<div><i>En cours ? Saison 3 pr\u00e9vue pour 2014-2015. Un peu moins puissant que Deadwood mais pas mal quand m\u00eame.<\/i><\/div>\n<p>&nbsp;<\/p>\n<div><b>The wire<\/b><\/div>\n<div><b>\u00a0<\/b><\/div>\n<div><a href=\"https:\/\/i0.wp.com\/humm.loverde.fr\/wp-content\/uploads\/2015\/04\/je-suis-series-the-wire.jpg?ssl=1\"><img data-recalc-dims=\"1\" loading=\"lazy\" decoding=\"async\" data-attachment-id=\"477\" data-permalink=\"https:\/\/humm.loverde.fr\/?attachment_id=477\" data-orig-file=\"https:\/\/i0.wp.com\/humm.loverde.fr\/wp-content\/uploads\/2015\/04\/je-suis-series-the-wire.jpg?fit=800%2C437&amp;ssl=1\" data-orig-size=\"800,437\" data-comments-opened=\"1\" data-image-meta=\"{&quot;aperture&quot;:&quot;0&quot;,&quot;credit&quot;:&quot;&quot;,&quot;camera&quot;:&quot;&quot;,&quot;caption&quot;:&quot;&quot;,&quot;created_timestamp&quot;:&quot;0&quot;,&quot;copyright&quot;:&quot;&quot;,&quot;focal_length&quot;:&quot;0&quot;,&quot;iso&quot;:&quot;0&quot;,&quot;shutter_speed&quot;:&quot;0&quot;,&quot;title&quot;:&quot;&quot;,&quot;orientation&quot;:&quot;0&quot;}\" data-image-title=\"je suis series &amp;#8211; the wire\" data-image-description=\"\" data-image-caption=\"\" data-large-file=\"https:\/\/i0.wp.com\/humm.loverde.fr\/wp-content\/uploads\/2015\/04\/je-suis-series-the-wire.jpg?fit=800%2C437&amp;ssl=1\" class=\"aligncenter size-medium wp-image-477\" src=\"https:\/\/i0.wp.com\/humm.loverde.fr\/wp-content\/uploads\/2015\/04\/je-suis-series-the-wire.jpg?resize=800%2C437&#038;ssl=1\" alt=\"je suis series - the wire\" width=\"800\" height=\"437\" \/><\/a><\/div>\n<div><\/div>\n<div><\/div>\n<div>\u00a0Quand la police s&rsquo;efforce de d\u00e9manteler un r\u00e9seau tentaculaire de trafic de drogue et du crime \u00e0 Baltimore.<\/div>\n<div><i>Termin\u00e9e, 2002-2008 en 5 saisons. Le pouvoir des s\u00e9ries c&rsquo;est la description au jour le jour de flics qui cherchent \u00e0 arr\u00eater tout traffic, principalement la drogue. Cette serie fait \u00e7a tr\u00e8s bien.\u00a0<\/i><\/div>\n<div><i>On suit les enqu\u00eates de bout en bout comme si on y \u00e9tait et on ne s&rsquo;en lasse pas. Chaque saison aborde un probl\u00e8me diff\u00e9rent, le fil rouge: les trafiquants de Baltimore.<\/i><\/div>\n<div><i>L&rsquo;\u00e9volution des trafiquants et des flics pour les arr\u00eater est incessante et tr\u00e8s bien analys\u00e9e.<\/i><\/div>\n<div><i>C&rsquo;est la qu&rsquo;on voit que la police et les renseignement fran\u00e7ais ne sont pas \u00e0 la hauteur avec les \u00e9coutes t\u00e9l\u00e9phoniques, sur les \u00e9v\u00e8nements de janvier 2015. Par contre pour l&rsquo;\u00e9coute de Bismuth alias Sarko (ou peut-\u00eatre l&rsquo;inverse) ils \u00e9taient au top.<\/i><\/div>\n<p>&nbsp;<\/p>\n<div><b>Les piliers de la terre<\/b><\/div>\n<div><\/div>\n<div><a href=\"https:\/\/i0.wp.com\/humm.loverde.fr\/wp-content\/uploads\/2015\/04\/je-suis-series-les-piliers-de-la-terre.jpg?ssl=1\"><img data-recalc-dims=\"1\" loading=\"lazy\" decoding=\"async\" data-attachment-id=\"480\" data-permalink=\"https:\/\/humm.loverde.fr\/?attachment_id=480\" data-orig-file=\"https:\/\/i0.wp.com\/humm.loverde.fr\/wp-content\/uploads\/2015\/04\/je-suis-series-les-piliers-de-la-terre.jpg?fit=800%2C356&amp;ssl=1\" data-orig-size=\"800,356\" data-comments-opened=\"1\" data-image-meta=\"{&quot;aperture&quot;:&quot;0&quot;,&quot;credit&quot;:&quot;&quot;,&quot;camera&quot;:&quot;&quot;,&quot;caption&quot;:&quot;&quot;,&quot;created_timestamp&quot;:&quot;0&quot;,&quot;copyright&quot;:&quot;&quot;,&quot;focal_length&quot;:&quot;0&quot;,&quot;iso&quot;:&quot;0&quot;,&quot;shutter_speed&quot;:&quot;0&quot;,&quot;title&quot;:&quot;&quot;,&quot;orientation&quot;:&quot;0&quot;}\" data-image-title=\"je suis series &amp;#8211; les piliers de la terre\" data-image-description=\"\" data-image-caption=\"\" data-large-file=\"https:\/\/i0.wp.com\/humm.loverde.fr\/wp-content\/uploads\/2015\/04\/je-suis-series-les-piliers-de-la-terre.jpg?fit=800%2C356&amp;ssl=1\" class=\"aligncenter size-medium wp-image-480\" src=\"https:\/\/i0.wp.com\/humm.loverde.fr\/wp-content\/uploads\/2015\/04\/je-suis-series-les-piliers-de-la-terre.jpg?resize=800%2C356&#038;ssl=1\" alt=\"je suis series - les piliers de la terre\" width=\"800\" height=\"356\" \/><\/a><\/div>\n<div><\/div>\n<div><\/div>\n<div>\u00a0Passion et complots dans l&rsquo;Angleterre du XII\u00e8me si\u00e8cle. Maud, la fille du monarche Henri 1er, se dispute la succession au tr\u00f4ne avec son cousin, Stephen. Une lutte de pouvoir qui cause des tensions et d\u00e9chire le royaume. L&rsquo;\u00e9v\u00eaque Waleran Bigot et les Hamleigh en profitent pour tirer avantage de la situation et satisfaire leurs propres ambitions. Au milieu de cette guerre, le Prieur Philip doit surmonter les innombrables obstacles pour assurer la construction de la cath\u00e9drale de Kingsbridge. Face \u00e0 l\u2019ampleur de la t\u00e2che, il peut heureusement compter sur le ma\u00eetre-ma\u00e7on Tom Builder, son beau-fils Jack, et jeune Aliena. Ensemble, ils vont se serrer les coudes pour r\u00e9aliser leur r\u00eave\u2026<\/div>\n<div><i>Une saison de 8 \u00e9pisodes en 2012. Plut\u00f4t une mini serie. Je l&rsquo;ai vue il y a longtemps et je ne me souviens juste que les 8 \u00e9pisodes se sont laiss\u00e9s regard\u00e9 facilement.<\/i><\/div>\n<p>&nbsp;<\/p>\n<div><b>Justified<\/b><\/div>\n<div><\/div>\n<div><a href=\"https:\/\/i0.wp.com\/humm.loverde.fr\/wp-content\/uploads\/2015\/04\/je-suis-series-justified.jpg?ssl=1\"><img data-recalc-dims=\"1\" loading=\"lazy\" decoding=\"async\" data-attachment-id=\"479\" data-permalink=\"https:\/\/humm.loverde.fr\/?attachment_id=479\" data-orig-file=\"https:\/\/i0.wp.com\/humm.loverde.fr\/wp-content\/uploads\/2015\/04\/je-suis-series-justified.jpg?fit=800%2C450&amp;ssl=1\" data-orig-size=\"800,450\" data-comments-opened=\"1\" data-image-meta=\"{&quot;aperture&quot;:&quot;0&quot;,&quot;credit&quot;:&quot;&quot;,&quot;camera&quot;:&quot;&quot;,&quot;caption&quot;:&quot;&quot;,&quot;created_timestamp&quot;:&quot;0&quot;,&quot;copyright&quot;:&quot;&quot;,&quot;focal_length&quot;:&quot;0&quot;,&quot;iso&quot;:&quot;0&quot;,&quot;shutter_speed&quot;:&quot;0&quot;,&quot;title&quot;:&quot;&quot;,&quot;orientation&quot;:&quot;0&quot;}\" data-image-title=\"je suis series &amp;#8211; justified\" data-image-description=\"\" data-image-caption=\"\" data-large-file=\"https:\/\/i0.wp.com\/humm.loverde.fr\/wp-content\/uploads\/2015\/04\/je-suis-series-justified.jpg?fit=800%2C450&amp;ssl=1\" class=\"aligncenter size-medium wp-image-479\" src=\"https:\/\/i0.wp.com\/humm.loverde.fr\/wp-content\/uploads\/2015\/04\/je-suis-series-justified.jpg?resize=800%2C450&#038;ssl=1\" alt=\"je suis series - justified\" width=\"800\" height=\"450\" \/><\/a><\/div>\n<div><\/div>\n<div><\/div>\n<div>\u00a0Apr\u00e8s des d\u00e9boires avec ses sup\u00e9rieurs, le marshall Raylan Givens est mut\u00e9 au Kentucky, dont il est originaire. L\u00e0 encore, ses m\u00e9thodes assez peu orthodoxes et son style, tr\u00e8s\u00a0<i>old school<\/i>, vont faire des \u00e9tincelles&#8230;<\/div>\n<div><i>En cours depuis 2010, saison 6 d\u00e9marr\u00e9e. J&rsquo;adore! L&rsquo;Am\u00e9rique profonde, le c\u00f4t\u00e9 d\u00e9contract\u00e9 et hors du commun de Raylan est l&rsquo;atout principal de cette serie. On pourrait croire que les petits d\u00e9linquants sont des pauvres gens, certains un peu atard\u00e9s, qui trafiquent pour survivre mais en r\u00e9alit\u00e9 c&rsquo;est un peu plus subtile que \u00e7a.<\/i><\/div>\n<p>&nbsp;<\/p>\n<div><b>Rome<\/b><\/div>\n<div><\/div>\n<div><a href=\"https:\/\/i0.wp.com\/humm.loverde.fr\/wp-content\/uploads\/2015\/04\/je-suis-series-rome.jpg?ssl=1\"><img data-recalc-dims=\"1\" loading=\"lazy\" decoding=\"async\" data-attachment-id=\"485\" data-permalink=\"https:\/\/humm.loverde.fr\/?attachment_id=485\" data-orig-file=\"https:\/\/i0.wp.com\/humm.loverde.fr\/wp-content\/uploads\/2015\/04\/je-suis-series-rome.jpg?fit=800%2C464&amp;ssl=1\" data-orig-size=\"800,464\" data-comments-opened=\"1\" data-image-meta=\"{&quot;aperture&quot;:&quot;0&quot;,&quot;credit&quot;:&quot;&quot;,&quot;camera&quot;:&quot;&quot;,&quot;caption&quot;:&quot;&quot;,&quot;created_timestamp&quot;:&quot;0&quot;,&quot;copyright&quot;:&quot;&quot;,&quot;focal_length&quot;:&quot;0&quot;,&quot;iso&quot;:&quot;0&quot;,&quot;shutter_speed&quot;:&quot;0&quot;,&quot;title&quot;:&quot;&quot;,&quot;orientation&quot;:&quot;0&quot;}\" data-image-title=\"je suis series &amp;#8211; rome\" data-image-description=\"\" data-image-caption=\"\" data-large-file=\"https:\/\/i0.wp.com\/humm.loverde.fr\/wp-content\/uploads\/2015\/04\/je-suis-series-rome.jpg?fit=800%2C464&amp;ssl=1\" class=\"aligncenter size-medium wp-image-485\" src=\"https:\/\/i0.wp.com\/humm.loverde.fr\/wp-content\/uploads\/2015\/04\/je-suis-series-rome.jpg?resize=800%2C464&#038;ssl=1\" alt=\"je suis series - rome\" width=\"800\" height=\"464\" \/><\/a><\/div>\n<div><\/div>\n<div><\/div>\n<div>\u00a0Les destins de deux soldats romains et de leurs familles alors que la R\u00e9publique Romaine est en train de s&rsquo;effondrer en laissant peu \u00e0 peu la place \u00e0 un Empire.<\/div>\n<div><i>Termin\u00e9e, 2 saisons de 2005 \u00e0 2007. Passionnant! La rudesse de la vie \u00e0 cette \u00e9poque est superbement bien rendue.<\/i><\/div>\n<p>&nbsp;<\/p>\n<div><b>Carnival<\/b><\/div>\n<div><\/div>\n<div><a href=\"https:\/\/i0.wp.com\/humm.loverde.fr\/wp-content\/uploads\/2015\/04\/je-suis-series-carnival.jpg?ssl=1\"><img data-recalc-dims=\"1\" loading=\"lazy\" decoding=\"async\" data-attachment-id=\"486\" data-permalink=\"https:\/\/humm.loverde.fr\/?attachment_id=486\" data-orig-file=\"https:\/\/i0.wp.com\/humm.loverde.fr\/wp-content\/uploads\/2015\/04\/je-suis-series-carnival.jpg?fit=800%2C489&amp;ssl=1\" data-orig-size=\"800,489\" data-comments-opened=\"1\" data-image-meta=\"{&quot;aperture&quot;:&quot;0&quot;,&quot;credit&quot;:&quot;&quot;,&quot;camera&quot;:&quot;&quot;,&quot;caption&quot;:&quot;&quot;,&quot;created_timestamp&quot;:&quot;0&quot;,&quot;copyright&quot;:&quot;&quot;,&quot;focal_length&quot;:&quot;0&quot;,&quot;iso&quot;:&quot;0&quot;,&quot;shutter_speed&quot;:&quot;0&quot;,&quot;title&quot;:&quot;&quot;,&quot;orientation&quot;:&quot;0&quot;}\" data-image-title=\"je suis series &amp;#8211; carnival\" data-image-description=\"\" data-image-caption=\"\" data-large-file=\"https:\/\/i0.wp.com\/humm.loverde.fr\/wp-content\/uploads\/2015\/04\/je-suis-series-carnival.jpg?fit=800%2C489&amp;ssl=1\" class=\"aligncenter size-medium wp-image-486\" src=\"https:\/\/i0.wp.com\/humm.loverde.fr\/wp-content\/uploads\/2015\/04\/je-suis-series-carnival.jpg?resize=800%2C489&#038;ssl=1\" alt=\"je suis series - carnival\" width=\"800\" height=\"489\" \/><\/a><\/div>\n<div><\/div>\n<div><\/div>\n<div>\u00a0En Oklahoma, durant la Grande D\u00e9pression de 1934, la bataille ancestrale entre le Bien et le Mal prend place au sein d&rsquo;une troupe de forains pour le moins \u00e9trange.<\/div>\n<div><i>Ancienne, 2003-2005. Deux saisons. Arr\u00eat\u00e9e car manque de public aux USA. Le c\u00f4t\u00e9 myst\u00e9rieux, \u00e9sot\u00e9rique, m\u00eame si l&rsquo;on n&rsquo;y croit pas et passionnant.<\/i><\/div>\n<div><\/div>\n<div>Encore plus anciennes ou oubli\u00e9es ou plus r\u00e9centes&#8230;\u00a0<b>les\u00a0<\/b><b>Soprano, Battlestar\u00a0<\/b><b>Galactica, Star gate Atlantis, Fargo, True detective\u00a0<\/b>et d&rsquo;autres.<\/div>\n<\/div>\n<\/div>\n","protected":false},"excerpt":{"rendered":"<p>J&rsquo;ai s\u00e9lectionn\u00e9 pour vous les s\u00e9ries r\u00e9centes qu&rsquo;il faut absolument avoir vu. Certaines sont termin\u00e9es d&rsquo;autre non. Le parti pris &hellip; <\/p>\n","protected":false},"author":1,"featured_media":478,"comment_status":"open","ping_status":"open","sticky":false,"template":"","format":"standard","meta":{"jetpack_post_was_ever_published":false,"_jetpack_newsletter_access":"","_jetpack_dont_email_post_to_subs":false,"_jetpack_newsletter_tier_id":0,"_jetpack_memberships_contains_paywalled_content":false,"_jetpack_memberships_contains_paid_content":false,"footnotes":"","jetpack_publicize_message":"","jetpack_publicize_feature_enabled":true,"jetpack_social_post_already_shared":false,"jetpack_social_options":{"image_generator_settings":{"template":"highway","default_image_id":0,"font":"","enabled":false},"version":2}},"categories":[13,138],"tags":[119,120,123,118,129,126,130,131,125,124,133,127,132,117,116,128,122,24,121],"class_list":["post-441","post","type-post","status-publish","format-standard","has-post-thumbnail","hentry","category-actuel","category-cinema","tag-boardwalk-empire","tag-borgen","tag-breaking-bad","tag-carnival","tag-deadwood","tag-game-of-thrones","tag-hell-on-wheels","tag-homeland","tag-house-of-cards","tag-justified","tag-les-piliers-de-la-terre","tag-mad-men","tag-ripper-street","tag-rome","tag-series-tele","tag-the-killing","tag-the-shield","tag-the-walking-dead","tag-the-wire"],"jetpack_publicize_connections":[],"jetpack_featured_media_url":"https:\/\/i0.wp.com\/humm.loverde.fr\/wp-content\/uploads\/2015\/04\/je-suis-series-the-walking-dead.jpg?fit=800%2C450&ssl=1","jetpack_sharing_enabled":true,"jetpack_shortlink":"https:\/\/wp.me\/p9whbF-77","jetpack_likes_enabled":true,"jetpack-related-posts":[{"id":495,"url":"https:\/\/humm.loverde.fr\/?p=495","url_meta":{"origin":441,"position":0},"title":"Note de lecture, une saison blanche et s\u00e8che","author":"cloverde","date":"11 avril 2015","format":false,"excerpt":"Une saison blanche et s\u00e8che, de Andr\u00e9 Brink \u00a0 \u00a0 \u00a0 \u00a0 Livres FNAC: Le grand roman sur l'Apartheid Interdit lors de sa parution en Afrique du sud c'est le grand roman d'Andr\u00e9 Brink. Il relate la prise de conscience d'un Afrikaner de la cruaut\u00e9 et de l'abomination d'un syst\u00e8me.\u2026","rel":"","context":"Dans &quot;Lectures&quot;","block_context":{"text":"Lectures","link":"https:\/\/humm.loverde.fr\/?cat=1"},"img":{"alt_text":"image","src":"https:\/\/i0.wp.com\/humm.loverde.fr\/wp-content\/uploads\/2015\/04\/image.jpg?resize=350%2C200&ssl=1","width":350,"height":200},"classes":[]},{"id":11439,"url":"https:\/\/humm.loverde.fr\/?p=11439","url_meta":{"origin":441,"position":1},"title":"Pete Best et l&rsquo;arachnologue","author":"cloverde","date":"16 novembre 2024","format":false,"excerpt":"L\u00e0 nous ne sommes plus dans des chansons en liaison avec les films et les s\u00e9ries mais toujours une petite relation entre musique et film. Et comme d'habitude si c'est en relation avec les Beatles \u00e7a ne risque pas de m'\u00e9chapper.Dans le film Salt, Mike est l'arachnologue qui travaille en\u2026","rel":"","context":"Dans &quot;Cin\u00e9ma&quot;","block_context":{"text":"Cin\u00e9ma","link":"https:\/\/humm.loverde.fr\/?cat=138"},"img":{"alt_text":"","src":"https:\/\/i0.wp.com\/humm.loverde.fr\/wp-content\/uploads\/2024\/09\/1000001681.jpg?fit=1024%2C427&ssl=1&resize=350%2C200","width":350,"height":200,"srcset":"https:\/\/i0.wp.com\/humm.loverde.fr\/wp-content\/uploads\/2024\/09\/1000001681.jpg?fit=1024%2C427&ssl=1&resize=350%2C200 1x, https:\/\/i0.wp.com\/humm.loverde.fr\/wp-content\/uploads\/2024\/09\/1000001681.jpg?fit=1024%2C427&ssl=1&resize=525%2C300 1.5x, https:\/\/i0.wp.com\/humm.loverde.fr\/wp-content\/uploads\/2024\/09\/1000001681.jpg?fit=1024%2C427&ssl=1&resize=700%2C400 2x"},"classes":[]},{"id":7900,"url":"https:\/\/humm.loverde.fr\/?p=7900","url_meta":{"origin":441,"position":2},"title":"Romance in Marseille, Claude Mc Key","author":"cloverde","date":"15 octobre 2022","format":false,"excerpt":"Pour mes futures lectures je m'inspire quelques fois des pr\u00e9sentations de nouveaut\u00e9s dont je prends une photo, c'est plus rapide que noter sur un papier et plus s\u00fbr que la m\u00e9moire. J'ai d\u00e9cid\u00e9 de lire ce livre en pr\u00e9vision d'un futur voyage \u00e0 Marseille. Pr\u00e9sentation (Le Monde) Certains doutaient m\u00eame\u2026","rel":"","context":"Dans &quot;lecture&quot;","block_context":{"text":"lecture","link":"https:\/\/humm.loverde.fr\/?cat=1068"},"img":{"alt_text":"","src":"https:\/\/i0.wp.com\/humm.loverde.fr\/wp-content\/uploads\/2022\/10\/IMG_20221003_071028_891.jpg?fit=1200%2C554&ssl=1&resize=350%2C200","width":350,"height":200,"srcset":"https:\/\/i0.wp.com\/humm.loverde.fr\/wp-content\/uploads\/2022\/10\/IMG_20221003_071028_891.jpg?fit=1200%2C554&ssl=1&resize=350%2C200 1x, https:\/\/i0.wp.com\/humm.loverde.fr\/wp-content\/uploads\/2022\/10\/IMG_20221003_071028_891.jpg?fit=1200%2C554&ssl=1&resize=525%2C300 1.5x, https:\/\/i0.wp.com\/humm.loverde.fr\/wp-content\/uploads\/2022\/10\/IMG_20221003_071028_891.jpg?fit=1200%2C554&ssl=1&resize=700%2C400 2x, https:\/\/i0.wp.com\/humm.loverde.fr\/wp-content\/uploads\/2022\/10\/IMG_20221003_071028_891.jpg?fit=1200%2C554&ssl=1&resize=1050%2C600 3x"},"classes":[]},{"id":4938,"url":"https:\/\/humm.loverde.fr\/?p=4938","url_meta":{"origin":441,"position":3},"title":"Lectures du confinement","author":"cloverde","date":"4 avril 2020","format":false,"excerpt":"Comme tout le monde, je pense, je lis beaucoup, des livres, des News et des livres et des News... Je viens de terminer une relecture de Philip K. Dick, \" Le Ma\u00eetre du haut ch\u00e2teau \" voir l'article que j'ai \u00e9crit l\u00e0-dessus, paru le 28 mars : https:\/\/humm.loverde.fr\/le-maitre-du-haut-chateau\/ \u00c0 propos\u2026","rel":"","context":"Dans &quot;Actuel&quot;","block_context":{"text":"Actuel","link":"https:\/\/humm.loverde.fr\/?cat=13"},"img":{"alt_text":"","src":"https:\/\/i0.wp.com\/humm.loverde.fr\/wp-content\/uploads\/2020\/03\/attachment-14.png?fit=512%2C288&ssl=1&resize=350%2C200","width":350,"height":200},"classes":[]},{"id":6719,"url":"https:\/\/humm.loverde.fr\/?p=6719","url_meta":{"origin":441,"position":4},"title":"Hier, les oiseaux &#8211; Kate Wilhelm","author":"cloverde","date":"7 octobre 2021","format":false,"excerpt":"07\/10 1977 SF 4i\u00e8me de couverture La plan\u00e8te est exsangue, ravag\u00e9e par la pollution, la guerre, la maladie. Les Sumner, de riches propri\u00e9taires terriens, pressentent que l'effondrement du monde est proche. Ils d\u00e9cident de construire \u00e0 Bear Creek, dans leur domaine de Virginie, un centre de recherches scientifiques et d'y\u2026","rel":"","context":"Dans &quot;Lectures&quot;","block_context":{"text":"Lectures","link":"https:\/\/humm.loverde.fr\/?cat=1"},"img":{"alt_text":"","src":"https:\/\/i0.wp.com\/humm.loverde.fr\/wp-content\/uploads\/2021\/09\/tGYrlchfObE-1-01-scaled.jpeg?fit=1200%2C1200&ssl=1&resize=350%2C200","width":350,"height":200,"srcset":"https:\/\/i0.wp.com\/humm.loverde.fr\/wp-content\/uploads\/2021\/09\/tGYrlchfObE-1-01-scaled.jpeg?fit=1200%2C1200&ssl=1&resize=350%2C200 1x, https:\/\/i0.wp.com\/humm.loverde.fr\/wp-content\/uploads\/2021\/09\/tGYrlchfObE-1-01-scaled.jpeg?fit=1200%2C1200&ssl=1&resize=525%2C300 1.5x, https:\/\/i0.wp.com\/humm.loverde.fr\/wp-content\/uploads\/2021\/09\/tGYrlchfObE-1-01-scaled.jpeg?fit=1200%2C1200&ssl=1&resize=700%2C400 2x, https:\/\/i0.wp.com\/humm.loverde.fr\/wp-content\/uploads\/2021\/09\/tGYrlchfObE-1-01-scaled.jpeg?fit=1200%2C1200&ssl=1&resize=1050%2C600 3x"},"classes":[]},{"id":5180,"url":"https:\/\/humm.loverde.fr\/?p=5180","url_meta":{"origin":441,"position":5},"title":"Les s\u00e9ries du confinement : Le bureau des l\u00e9gendes","author":"cloverde","date":"24 mai 2020","format":false,"excerpt":"24 mai 2020 C'est fran\u00e7ais mais \u00e7a sort du lot et est m\u00eame au-dessus de beaucoup de series am\u00e9ricaines. Certes moins spectaculaire que Homeland mais tellement plus pr\u00eat de la r\u00e9alit\u00e9. Un espion qui tombe amoureux de la femme de celui qu'il espionne, du camp ennemi donc, \u00e7a on le\u2026","rel":"","context":"Dans &quot;T\u00e9l\u00e9vision&quot;","block_context":{"text":"T\u00e9l\u00e9vision","link":"https:\/\/humm.loverde.fr\/?cat=1063"},"img":{"alt_text":"","src":"https:\/\/i0.wp.com\/humm.loverde.fr\/wp-content\/uploads\/2020\/06\/IMG_8774.jpg?fit=400%2C400&ssl=1&resize=350%2C200","width":350,"height":200},"classes":[]}],"_links":{"self":[{"href":"https:\/\/humm.loverde.fr\/index.php?rest_route=\/wp\/v2\/posts\/441","targetHints":{"allow":["GET"]}}],"collection":[{"href":"https:\/\/humm.loverde.fr\/index.php?rest_route=\/wp\/v2\/posts"}],"about":[{"href":"https:\/\/humm.loverde.fr\/index.php?rest_route=\/wp\/v2\/types\/post"}],"author":[{"embeddable":true,"href":"https:\/\/humm.loverde.fr\/index.php?rest_route=\/wp\/v2\/users\/1"}],"replies":[{"embeddable":true,"href":"https:\/\/humm.loverde.fr\/index.php?rest_route=%2Fwp%2Fv2%2Fcomments&post=441"}],"version-history":[{"count":10,"href":"https:\/\/humm.loverde.fr\/index.php?rest_route=\/wp\/v2\/posts\/441\/revisions"}],"predecessor-version":[{"id":491,"href":"https:\/\/humm.loverde.fr\/index.php?rest_route=\/wp\/v2\/posts\/441\/revisions\/491"}],"wp:featuredmedia":[{"embeddable":true,"href":"https:\/\/humm.loverde.fr\/index.php?rest_route=\/wp\/v2\/media\/478"}],"wp:attachment":[{"href":"https:\/\/humm.loverde.fr\/index.php?rest_route=%2Fwp%2Fv2%2Fmedia&parent=441"}],"wp:term":[{"taxonomy":"category","embeddable":true,"href":"https:\/\/humm.loverde.fr\/index.php?rest_route=%2Fwp%2Fv2%2Fcategories&post=441"},{"taxonomy":"post_tag","embeddable":true,"href":"https:\/\/humm.loverde.fr\/index.php?rest_route=%2Fwp%2Fv2%2Ftags&post=441"}],"curies":[{"name":"wp","href":"https:\/\/api.w.org\/{rel}","templated":true}]}}