{"id":4891,"date":"2020-03-21T05:27:19","date_gmt":"2020-03-21T04:27:19","guid":{"rendered":"https:\/\/humm.loverde.fr\/?p=4891"},"modified":"2024-08-30T06:12:32","modified_gmt":"2024-08-30T05:12:32","slug":"camps-dinternement-de-civils-italiens-au-maroc-pendant-la-deuxieme-guerre-mondiale","status":"publish","type":"post","link":"https:\/\/humm.loverde.fr\/?p=4891","title":{"rendered":"Camps d&rsquo;internement de civils italiens au Maroc pendant la deuxi\u00e8me guerre mondiale"},"content":{"rendered":"<p><a href=\"https:\/\/www.persee.fr\/doc\/homig_1142-852x_1992_num_1158_1_1894\" target=\"_blank\" rel=\"noopener noreferrer\">https:\/\/www.persee.fr\/doc\/homig_1142-852x_1992_num_1158_1_1894<\/a>Version courte (je me demande&#8230;) Au depart je comptais ne parler que des camps d&rsquo;internement d&rsquo;italiens mais au cours de mes recherches j&rsquo;ai \u00e9t\u00e9 passionn\u00e9 par le transsaharien et son histoire un peu li\u00e9e quand m\u00eame aux camps puisque des intern\u00e9s ont particip\u00e9 \u00e0 sa construction.<\/p>\n<p><img data-recalc-dims=\"1\" loading=\"lazy\" decoding=\"async\" data-attachment-id=\"4893\" data-permalink=\"https:\/\/humm.loverde.fr\/?attachment_id=4893\" data-orig-file=\"https:\/\/i0.wp.com\/humm.loverde.fr\/wp-content\/uploads\/2020\/03\/attachment-6.png?fit=819%2C422&amp;ssl=1\" data-orig-size=\"819,422\" data-comments-opened=\"1\" data-image-meta=\"{&quot;aperture&quot;:&quot;0&quot;,&quot;credit&quot;:&quot;&quot;,&quot;camera&quot;:&quot;&quot;,&quot;caption&quot;:&quot;&quot;,&quot;created_timestamp&quot;:&quot;0&quot;,&quot;copyright&quot;:&quot;&quot;,&quot;focal_length&quot;:&quot;0&quot;,&quot;iso&quot;:&quot;0&quot;,&quot;shutter_speed&quot;:&quot;0&quot;,&quot;title&quot;:&quot;&quot;,&quot;orientation&quot;:&quot;0&quot;}\" data-image-title=\"attachment\" data-image-description=\"\" data-image-caption=\"\" data-large-file=\"https:\/\/i0.wp.com\/humm.loverde.fr\/wp-content\/uploads\/2020\/03\/attachment-6.png?fit=819%2C422&amp;ssl=1\" class=\"aligncenter size-full wp-image-4893\" src=\"https:\/\/i0.wp.com\/humm.loverde.fr\/wp-content\/uploads\/2020\/03\/attachment-6.png?resize=819%2C422\" alt=\"\" width=\"819\" height=\"422\" srcset=\"https:\/\/i0.wp.com\/humm.loverde.fr\/wp-content\/uploads\/2020\/03\/attachment-6.png?w=819&amp;ssl=1 819w, https:\/\/i0.wp.com\/humm.loverde.fr\/wp-content\/uploads\/2020\/03\/attachment-6.png?resize=595%2C307&amp;ssl=1 595w, https:\/\/i0.wp.com\/humm.loverde.fr\/wp-content\/uploads\/2020\/03\/attachment-6.png?resize=768%2C396&amp;ssl=1 768w, https:\/\/i0.wp.com\/humm.loverde.fr\/wp-content\/uploads\/2020\/03\/attachment-6.png?resize=465%2C240&amp;ssl=1 465w, https:\/\/i0.wp.com\/humm.loverde.fr\/wp-content\/uploads\/2020\/03\/attachment-6.png?resize=695%2C358&amp;ssl=1 695w\" sizes=\"auto, (max-width: 819px) 100vw, 819px\" \/><\/p>\n<p>Mon grand-p\u00e8re \u00e9tait italien et en 1939 il vivait au Maroc depuis longtemps, c&rsquo;est l\u00e0 qu&rsquo;ils se sont connus avec ma grand-m\u00e8re et se sont mari\u00e9s.<\/p>\n<p>Il tenait \u00e0 garder sa nationalit\u00e9 italienne et cela lui \u00e0 caus\u00e9 quelques d\u00e9sagr\u00e9ments vu qu&rsquo;il \u00e9tait consid\u00e9r\u00e9 par le protectorat fran\u00e7ais comme faisant parti des forces de l&rsquo;axe.<\/p>\n<p>Je ne pense pas qu&rsquo;il fut fasciste mais pour affirmer son patriotisme, il a m\u00eame \u00e9t\u00e9 d\u00e9cor\u00e9 en ayant d\u00e9jou\u00e9 un complot pendant la guerre en Lybie, il avait arbor\u00e9 un drapeau italien sur la maison qu&rsquo;ils habitaient dans la rue des Acacias, quartier Beausejour \u00e0 Casablanca. Il faut dire que Mussolini \u00e9tait populaire chez les italiens \u00e0 l&rsquo;\u00e9poque.<\/p>\n<p>C&rsquo;est peut-\u00eatre \u00e0 cause de ce drapeau qu&rsquo;il a \u00e9t\u00e9 consid\u00e9r\u00e9 comme \u00ab\u2009ind\u00e9sirable\u2009\u00bb et intern\u00e9 dans un camp pour civils. Sa s\u0153ur Linda qu&rsquo;on appelait tsia Linda \u00e0 \u00e9t\u00e9 elle aussi intern\u00e9e dans un camp.<\/p>\n<p>On trouve peu d&rsquo;informations sur les camps d&rsquo;internement de civils italiens au Maroc , voici donc ce que j&rsquo;ai trouv\u00e9 au fil des sites et forums. Le sujet n&rsquo;\u00e9tait pas abord\u00e9 du vivant de mon grand-p\u00e8re et m\u00eame mon oncle, il avait 12 ans \u00e0 l&rsquo;\u00e9poque, n&rsquo;a pas beaucoup de souvenirs de cette p\u00e9riode. Mon p\u00e8re, je ne sais pas, et il n&rsquo;est plus l\u00e0 pour m&rsquo;en parler.<\/p>\n<p>&nbsp;<\/p>\n<p><strong>Un peu d&rsquo;Histoire <\/strong><\/p>\n<ul>\n<li>Le 22 juin 1940, le Premier ministre fran\u00e7ais Paul Reynaud se rend \u00e0 l&rsquo;Allemagne et l&rsquo;armistice franco-allemand est sign\u00e9. Du trait\u00e9 nait une zone d&rsquo;occupation dans le nord et l&rsquo;ouest. Dans le sud et sur les territoires fran\u00e7ais d&rsquo;Afrique du Nord la France est plac\u00e9e sous l&rsquo;autorit\u00e9 du gouvernement collaborationniste dirig\u00e9 par le mar\u00e9chal P\u00e9tain.<\/li>\n<\/ul>\n<p style=\"padding-left: 40px;\">Les personnes vivant dans l&rsquo;Afrique du Nord \u00e9taient des musulmans, des Juifs natifs de la r\u00e9gion et des europ\u00e9ens. \u00c0 ceux-l\u00e0 il faut ajouter les r\u00e9fugi\u00e9s notamment Juifs, venus de partout en Europe. Beaucoup ayant fait le voyage avant l&rsquo;occupation allemande de la France, donc avant le r\u00e9gime de Vichy. Toutes ces personnes d\u00e9plac\u00e9es \u00e9taient consid\u00e9r\u00e9es comme \u00ab\u2009ind\u00e9sirables\u2009\u00bb et une bonne partie d&rsquo;entre elles a \u00e9t\u00e9 envoy\u00e9 dans des camps de travail ou d&rsquo;internement.<\/p>\n<ul>\n<li>Septembre 1940 L&rsquo;Italie et l&rsquo;Allemagne signent le pacte tripartite et forment l&rsquo;Axe Rome-Berlin-Tokyo.<\/li>\n<li>Le 8 novembre 1942, les troupes anglaises et am\u00e9ricaines d\u00e9barquent en Afrique du Nord sous le commandement du g\u00e9n\u00e9ral am\u00e9ricain Dwight Eisenhower. C&rsquo;est l&rsquo;op\u00e9ration \u00abTorch\u00bb. L&rsquo;Afrique fran\u00e7aise du Nord lib\u00e9r\u00e9e reste soumise au r\u00e9gime de Vichy et \u00e0 toutes ses mesures discriminatoires durant plusieurs mois sous l\u2019autorit\u00e9 de l&rsquo;amiral Darlan, puis du g\u00e9n\u00e9ral Henri Giraud.<\/li>\n<li>Les alli\u00e9s se rencontrent du 14 au 24 janvier 1943 \u00e0 l&rsquo;h\u00f4tel d&rsquo;Anfa, \u00e0 huit kilom\u00e8tres de Casablanca lors d\u2019une conf\u00e9rence. Sont pr\u00e9sents Giraud, Roosevelt, de Gaulle et Churchill, voir photo et video : <a href=\"https:\/\/youtu.be\/l0cojFJ5UYc\">https:\/\/youtu.be\/l0cojFJ5UYc<\/a><\/li>\n<\/ul>\n<p><em><img data-recalc-dims=\"1\" loading=\"lazy\" decoding=\"async\" data-attachment-id=\"4900\" data-permalink=\"https:\/\/humm.loverde.fr\/?attachment_id=4900\" data-orig-file=\"https:\/\/i0.wp.com\/humm.loverde.fr\/wp-content\/uploads\/2020\/03\/attachment-11.png?fit=699%2C499&amp;ssl=1\" data-orig-size=\"699,499\" data-comments-opened=\"1\" data-image-meta=\"{&quot;aperture&quot;:&quot;0&quot;,&quot;credit&quot;:&quot;&quot;,&quot;camera&quot;:&quot;&quot;,&quot;caption&quot;:&quot;&quot;,&quot;created_timestamp&quot;:&quot;0&quot;,&quot;copyright&quot;:&quot;&quot;,&quot;focal_length&quot;:&quot;0&quot;,&quot;iso&quot;:&quot;0&quot;,&quot;shutter_speed&quot;:&quot;0&quot;,&quot;title&quot;:&quot;&quot;,&quot;orientation&quot;:&quot;0&quot;}\" data-image-title=\"attachment\" data-image-description=\"\" data-image-caption=\"\" data-large-file=\"https:\/\/i0.wp.com\/humm.loverde.fr\/wp-content\/uploads\/2020\/03\/attachment-11.png?fit=699%2C499&amp;ssl=1\" class=\"aligncenter size-full wp-image-4900\" src=\"https:\/\/i0.wp.com\/humm.loverde.fr\/wp-content\/uploads\/2020\/03\/attachment-11.png?resize=699%2C499\" alt=\"\" width=\"699\" height=\"499\" srcset=\"https:\/\/i0.wp.com\/humm.loverde.fr\/wp-content\/uploads\/2020\/03\/attachment-11.png?w=699&amp;ssl=1 699w, https:\/\/i0.wp.com\/humm.loverde.fr\/wp-content\/uploads\/2020\/03\/attachment-11.png?resize=595%2C425&amp;ssl=1 595w, https:\/\/i0.wp.com\/humm.loverde.fr\/wp-content\/uploads\/2020\/03\/attachment-11.png?resize=465%2C332&amp;ssl=1 465w, https:\/\/i0.wp.com\/humm.loverde.fr\/wp-content\/uploads\/2020\/03\/attachment-11.png?resize=695%2C496&amp;ssl=1 695w\" sizes=\"auto, (max-width: 699px) 100vw, 699px\" \/><\/em><\/p>\n<p>Un accord strat\u00e9gique et militaire, auquel les deux fran\u00e7ais n&rsquo;ont pas pris part, est sign\u00e9 afin d&rsquo;organiser les op\u00e9rations militaires en M\u00e9diterran\u00e9e. Le conflit entre les g\u00e9n\u00e9raux fran\u00e7ais Charles de Gaulle et Henri Giraud n&rsquo;est pas r\u00e9gl\u00e9 malgr\u00e9 ce que laisse supposer la fameuse poign\u00e9e de main.<\/p>\n<p><img data-recalc-dims=\"1\" loading=\"lazy\" decoding=\"async\" data-attachment-id=\"4897\" data-permalink=\"https:\/\/humm.loverde.fr\/?attachment_id=4897\" data-orig-file=\"https:\/\/i0.wp.com\/humm.loverde.fr\/wp-content\/uploads\/2020\/03\/attachment-10.png?fit=800%2C600&amp;ssl=1\" data-orig-size=\"800,600\" data-comments-opened=\"1\" data-image-meta=\"{&quot;aperture&quot;:&quot;0&quot;,&quot;credit&quot;:&quot;&quot;,&quot;camera&quot;:&quot;&quot;,&quot;caption&quot;:&quot;&quot;,&quot;created_timestamp&quot;:&quot;0&quot;,&quot;copyright&quot;:&quot;&quot;,&quot;focal_length&quot;:&quot;0&quot;,&quot;iso&quot;:&quot;0&quot;,&quot;shutter_speed&quot;:&quot;0&quot;,&quot;title&quot;:&quot;&quot;,&quot;orientation&quot;:&quot;0&quot;}\" data-image-title=\"attachment\" data-image-description=\"\" data-image-caption=\"\" data-large-file=\"https:\/\/i0.wp.com\/humm.loverde.fr\/wp-content\/uploads\/2020\/03\/attachment-10.png?fit=800%2C600&amp;ssl=1\" class=\"aligncenter size-full wp-image-4897\" src=\"https:\/\/i0.wp.com\/humm.loverde.fr\/wp-content\/uploads\/2020\/03\/attachment-10.png?resize=800%2C600\" alt=\"\" width=\"800\" height=\"600\" srcset=\"https:\/\/i0.wp.com\/humm.loverde.fr\/wp-content\/uploads\/2020\/03\/attachment-10.png?w=800&amp;ssl=1 800w, https:\/\/i0.wp.com\/humm.loverde.fr\/wp-content\/uploads\/2020\/03\/attachment-10.png?resize=595%2C446&amp;ssl=1 595w, https:\/\/i0.wp.com\/humm.loverde.fr\/wp-content\/uploads\/2020\/03\/attachment-10.png?resize=768%2C576&amp;ssl=1 768w, https:\/\/i0.wp.com\/humm.loverde.fr\/wp-content\/uploads\/2020\/03\/attachment-10.png?resize=465%2C349&amp;ssl=1 465w, https:\/\/i0.wp.com\/humm.loverde.fr\/wp-content\/uploads\/2020\/03\/attachment-10.png?resize=667%2C500&amp;ssl=1 667w\" sizes=\"auto, (max-width: 800px) 100vw, 800px\" \/><\/p>\n<ul>\n<li>\u00a013 mai 1943 Fin de la guerre en Afrique du Nord. Un communiqu\u00e9 alli\u00e9 indique : \u00ab Il ne reste aucune force de l&rsquo;Axe en Afrique du Nord qui ne soit prisonni\u00e8re entre nos mains. Les derniers \u00e9l\u00e9ments des forces de l&rsquo;Axe se sont rendus le 13 mai \u00e0 11 h 45 \u00bb. R\u00e9sultat : 250.000 prisonniers suppl\u00e9mentaires.<\/li>\n<li>Juillet 1943, peu de temps apr\u00e8s commence, avec l&rsquo;invasion de la Sicile (Op\u00e9ration Husky), la fin de l&rsquo;Europe occup\u00e9e par l&rsquo;Allemagne.<\/li>\n<li>En septembre 1944, les prisonniers italiens au Maroc sont environ 10.000 r\u00e9partis en 12 camps. A cause des \u00e9v\u00e8nements de 1943 et de la transformation de l\u2019Italie \u00e0 l\u2019\u00e9tat de co-bellig\u00e9rant* (plus ennemi mais pas tout \u00e0 fait alli\u00e9e), la situation changea pour les milliers de prisonniers italiens en Afrique du nord.<\/li>\n<\/ul>\n<p>&nbsp;<\/p>\n<p><b>Les camps d&rsquo;Afrique du Nord<\/b><\/p>\n<p>En Alg\u00e9rie, au Maroc, en Tunisie et en Afrique-Occidentale Fran\u00e7aise, les autorit\u00e9s collaborationnistes de Vichy \u00e9tablissent tout un r\u00e9seau de camps : camps de travail, d&rsquo;internement, et p\u00e9nitentiaires. Y sont d\u00e9tenus des r\u00e9fugi\u00e9s europ\u00e9ens juifs et non juifs, ceux qui vivaient dans l&rsquo;Afrique fran\u00e7aise avant 1940, ceux qui ont \u00e9t\u00e9 d\u00e9port\u00e9s pour travaux forc\u00e9s dans le Sahara, des prisonniers de guerre alli\u00e9s et des civils.<\/p>\n<p>&nbsp;<\/p>\n<p><b>Camps du Maroc <\/b><\/p>\n<p>En tout, il y avait dans le protectorat fran\u00e7ais du Maroc, 14 camps de natures diverses regroupant 4000 hommes, dont 500 juifs de diverses nationalit\u00e9s. Tous \u00e9taient des camps d\u2019hommes sauf celui de Sidi Al Ayachi, qui comprenait hommes, femmes et enfants. Certains camps \u00e9taient des centres de s\u00e9jour surveill\u00e9, vraies prisons r\u00e9serv\u00e9es aux opposants politiques du r\u00e9gime de Vichy. D\u2019autres \u00e9taient des camps de \u2018\u2019transit\u2019\u2019, destin\u00e9s aux r\u00e9fugi\u00e9s en instance d&rsquo;\u00e9migration. D\u2019autres encore \u00e9taient exclusivement r\u00e9serv\u00e9s aux travailleurs \u00e9trangers. Ou aux juifs. Voir la carte pour la liste des camps et leurs positions g\u00e9ographique.<\/p>\n<p><b>BERGUENT<\/b> Le camp de Berguent \u00e9tait exclusivement r\u00e9serv\u00e9 aux Juifs (155 en juillet 1942 puis 400 en 1943 selon le rapport du CRI).<\/p>\n<p><b>BOUDENIB<\/b> Localit\u00e9 de 10 000 habitants, les casernes militaires actuelles sont les derniers t\u00e9moins de l\u2019ancien camp de l\u2019arm\u00e9e fran\u00e7aise. Boudnib \u00e9tait compos\u00e9 de Juifs en majorit\u00e9 et de d\u00e9tenus politiques, surtout des communistes. Les prisonniers d\u2019origine italienne composaient l\u2019essentiel des camps de la ville, au 7-9-1944 : 244 intern\u00e9s italiens.<\/p>\n<p><i><b>Parenth\u00e8se<\/b><\/i> <b><i>li\u00e9e<\/i><\/b> <b><i>\u00e0<\/i><\/b> <b><i>Boudenib<\/i><\/b> : Le g\u00e9n\u00e9ral Mohamed Oufkir est le fils d&rsquo;un notable de Boudenib. Vous vous souvenez ? C&rsquo;est lui qui organisa le putsch militaire qui a \u00e9chou\u00e9, le 16 ao\u00fbt 1972, contre Hassan II. L\u2019avion royal mitraill\u00e9 revenant de France r\u00e9ussit \u00e0 se poser.<\/p>\n<p>Oufkir s&rsquo;est suicid\u00e9 de quatre balles, trois dans le dos et une dans la nuque et sa famille emprisonn\u00e9e pendant 20 ans.<\/p>\n<p><b>BOU ARFA <\/b><\/p>\n<p style=\"text-align: center;\">En 1941, le r\u00e9gime de Vichy \u00e9tudie le projet d\u2019une voie ferr\u00e9e \u00e0 travers le Sahara. Pour la r\u00e9alisation de ce projet se constitue une nouvelle soci\u00e9t\u00e9, le r\u00e9seau des chemins de fer M\u00e9diterran\u00e9e-Niger.<\/p>\n<p style=\"text-align: left;\">Les am\u00e9ricains avec l&rsquo;accord de Franklin Roosevelt ont financ\u00e9 et livr\u00e9, par l&rsquo;interm\u00e9diaire de la soci\u00e9t\u00e9 Caterpillar \u00e0 hauteur d&rsquo;un million de $, tous les engins, locomotive et wagons.<\/p>\n<p><img data-recalc-dims=\"1\" loading=\"lazy\" decoding=\"async\" data-attachment-id=\"4896\" data-permalink=\"https:\/\/humm.loverde.fr\/?attachment_id=4896\" data-orig-file=\"https:\/\/i0.wp.com\/humm.loverde.fr\/wp-content\/uploads\/2020\/03\/attachment-9.png?fit=500%2C491&amp;ssl=1\" data-orig-size=\"500,491\" data-comments-opened=\"1\" data-image-meta=\"{&quot;aperture&quot;:&quot;0&quot;,&quot;credit&quot;:&quot;&quot;,&quot;camera&quot;:&quot;&quot;,&quot;caption&quot;:&quot;&quot;,&quot;created_timestamp&quot;:&quot;0&quot;,&quot;copyright&quot;:&quot;&quot;,&quot;focal_length&quot;:&quot;0&quot;,&quot;iso&quot;:&quot;0&quot;,&quot;shutter_speed&quot;:&quot;0&quot;,&quot;title&quot;:&quot;&quot;,&quot;orientation&quot;:&quot;0&quot;}\" data-image-title=\"attachment\" data-image-description=\"\" data-image-caption=\"\" data-large-file=\"https:\/\/i0.wp.com\/humm.loverde.fr\/wp-content\/uploads\/2020\/03\/attachment-9.png?fit=500%2C491&amp;ssl=1\" class=\"aligncenter size-full wp-image-4896\" src=\"https:\/\/i0.wp.com\/humm.loverde.fr\/wp-content\/uploads\/2020\/03\/attachment-9.png?resize=500%2C491\" alt=\"\" width=\"500\" height=\"491\" srcset=\"https:\/\/i0.wp.com\/humm.loverde.fr\/wp-content\/uploads\/2020\/03\/attachment-9.png?w=500&amp;ssl=1 500w, https:\/\/i0.wp.com\/humm.loverde.fr\/wp-content\/uploads\/2020\/03\/attachment-9.png?resize=465%2C457&amp;ssl=1 465w\" sizes=\"auto, (max-width: 500px) 100vw, 500px\" \/><\/p>\n<p>Le d\u00e9barquement am\u00e9ricain, en novembre 1942, a mis fin \u00e0 la poursuite du projet.<\/p>\n<p>&nbsp;<\/p>\n<p>\u00c0 la fin du mois de juillet 1942, le camp de Bou-Arfa abritait 818 personnes : 694 Espagnols, 2 Fran\u00e7ais, 21 Allemands, 2 Alg\u00e9riens, 19 Autrichiens, 2 apatrides, 11 Italiens, 1 Hongrois, 5 Belges, 1 Roumain, 4 Yougoslaves, 1 Grec, 4 Russes, 1 Br\u00e9silien, 2 Hollandais, 1 Cubain, 2 Portugais.<\/p>\n<p><img data-recalc-dims=\"1\" loading=\"lazy\" decoding=\"async\" data-attachment-id=\"4895\" data-permalink=\"https:\/\/humm.loverde.fr\/?attachment_id=4895\" data-orig-file=\"https:\/\/i0.wp.com\/humm.loverde.fr\/wp-content\/uploads\/2020\/03\/attachment-8.png?fit=777%2C1056&amp;ssl=1\" data-orig-size=\"777,1056\" data-comments-opened=\"1\" data-image-meta=\"{&quot;aperture&quot;:&quot;0&quot;,&quot;credit&quot;:&quot;&quot;,&quot;camera&quot;:&quot;&quot;,&quot;caption&quot;:&quot;&quot;,&quot;created_timestamp&quot;:&quot;0&quot;,&quot;copyright&quot;:&quot;&quot;,&quot;focal_length&quot;:&quot;0&quot;,&quot;iso&quot;:&quot;0&quot;,&quot;shutter_speed&quot;:&quot;0&quot;,&quot;title&quot;:&quot;&quot;,&quot;orientation&quot;:&quot;0&quot;}\" data-image-title=\"attachment\" data-image-description=\"\" data-image-caption=\"\" data-large-file=\"https:\/\/i0.wp.com\/humm.loverde.fr\/wp-content\/uploads\/2020\/03\/attachment-8.png?fit=777%2C1056&amp;ssl=1\" class=\"aligncenter size-full wp-image-4895\" src=\"https:\/\/i0.wp.com\/humm.loverde.fr\/wp-content\/uploads\/2020\/03\/attachment-8.png?resize=777%2C1056\" alt=\"\" width=\"777\" height=\"1056\" srcset=\"https:\/\/i0.wp.com\/humm.loverde.fr\/wp-content\/uploads\/2020\/03\/attachment-8.png?w=777&amp;ssl=1 777w, https:\/\/i0.wp.com\/humm.loverde.fr\/wp-content\/uploads\/2020\/03\/attachment-8.png?resize=595%2C809&amp;ssl=1 595w, https:\/\/i0.wp.com\/humm.loverde.fr\/wp-content\/uploads\/2020\/03\/attachment-8.png?resize=768%2C1044&amp;ssl=1 768w, https:\/\/i0.wp.com\/humm.loverde.fr\/wp-content\/uploads\/2020\/03\/attachment-8.png?resize=405%2C550&amp;ssl=1 405w, https:\/\/i0.wp.com\/humm.loverde.fr\/wp-content\/uploads\/2020\/03\/attachment-8.png?resize=368%2C500&amp;ssl=1 368w\" sizes=\"auto, (max-width: 777px) 100vw, 777px\" \/><em>\u00a0<\/em><\/p>\n<p>Que reste-t-il du M\u00e9diterran\u00e9e-Niger ? L&rsquo;Office du Tourisme du Maroc a mis en circulation il y a une dizaine d&rsquo;ann\u00e9es, sur le tron\u00e7on existant Oujda-Bou Arfa, \u00a0\u00bb L&rsquo;Oriental D\u00e9sert Express \u00ab\u00a0. Pour 305 km, le voyage dure pr\u00e8s de 10 heures, quelquefois plus quand il faut d\u00e9sensabler la voie.<\/p>\n<p><img data-recalc-dims=\"1\" loading=\"lazy\" decoding=\"async\" data-attachment-id=\"4894\" data-permalink=\"https:\/\/humm.loverde.fr\/?attachment_id=4894\" data-orig-file=\"https:\/\/i0.wp.com\/humm.loverde.fr\/wp-content\/uploads\/2020\/03\/attachment-7.png?fit=1132%2C849&amp;ssl=1\" data-orig-size=\"1132,849\" data-comments-opened=\"1\" data-image-meta=\"{&quot;aperture&quot;:&quot;0&quot;,&quot;credit&quot;:&quot;&quot;,&quot;camera&quot;:&quot;&quot;,&quot;caption&quot;:&quot;&quot;,&quot;created_timestamp&quot;:&quot;0&quot;,&quot;copyright&quot;:&quot;&quot;,&quot;focal_length&quot;:&quot;0&quot;,&quot;iso&quot;:&quot;0&quot;,&quot;shutter_speed&quot;:&quot;0&quot;,&quot;title&quot;:&quot;&quot;,&quot;orientation&quot;:&quot;0&quot;}\" data-image-title=\"attachment\" data-image-description=\"\" data-image-caption=\"\" data-large-file=\"https:\/\/i0.wp.com\/humm.loverde.fr\/wp-content\/uploads\/2020\/03\/attachment-7.png?fit=960%2C720&amp;ssl=1\" class=\"aligncenter size-large wp-image-4894\" src=\"https:\/\/i0.wp.com\/humm.loverde.fr\/wp-content\/uploads\/2020\/03\/attachment-7-960x720.png?resize=960%2C720\" alt=\"\" width=\"960\" height=\"720\" srcset=\"https:\/\/i0.wp.com\/humm.loverde.fr\/wp-content\/uploads\/2020\/03\/attachment-7.png?resize=960%2C720&amp;ssl=1 960w, https:\/\/i0.wp.com\/humm.loverde.fr\/wp-content\/uploads\/2020\/03\/attachment-7.png?resize=595%2C446&amp;ssl=1 595w, https:\/\/i0.wp.com\/humm.loverde.fr\/wp-content\/uploads\/2020\/03\/attachment-7.png?resize=768%2C576&amp;ssl=1 768w, https:\/\/i0.wp.com\/humm.loverde.fr\/wp-content\/uploads\/2020\/03\/attachment-7.png?resize=465%2C349&amp;ssl=1 465w, https:\/\/i0.wp.com\/humm.loverde.fr\/wp-content\/uploads\/2020\/03\/attachment-7.png?resize=667%2C500&amp;ssl=1 667w, https:\/\/i0.wp.com\/humm.loverde.fr\/wp-content\/uploads\/2020\/03\/attachment-7.png?w=1132&amp;ssl=1 1132w\" sizes=\"auto, (max-width: 960px) 100vw, 960px\" \/><\/p>\n<p>Ce train \u00e0 \u00e9t\u00e9 utilis\u00e9 dans le tournage d&rsquo;un James Bond : \u00a0\u00bb Spectre \u00a0\u00bb avec Daniel Craig.<\/p>\n<p><img data-recalc-dims=\"1\" loading=\"lazy\" decoding=\"async\" data-attachment-id=\"4892\" data-permalink=\"https:\/\/humm.loverde.fr\/?attachment_id=4892\" data-orig-file=\"https:\/\/i0.wp.com\/humm.loverde.fr\/wp-content\/uploads\/2020\/03\/attachment-5.png?fit=720%2C659&amp;ssl=1\" data-orig-size=\"720,659\" data-comments-opened=\"1\" data-image-meta=\"{&quot;aperture&quot;:&quot;0&quot;,&quot;credit&quot;:&quot;&quot;,&quot;camera&quot;:&quot;&quot;,&quot;caption&quot;:&quot;&quot;,&quot;created_timestamp&quot;:&quot;0&quot;,&quot;copyright&quot;:&quot;&quot;,&quot;focal_length&quot;:&quot;0&quot;,&quot;iso&quot;:&quot;0&quot;,&quot;shutter_speed&quot;:&quot;0&quot;,&quot;title&quot;:&quot;&quot;,&quot;orientation&quot;:&quot;0&quot;}\" data-image-title=\"attachment\" data-image-description=\"\" data-image-caption=\"\" data-large-file=\"https:\/\/i0.wp.com\/humm.loverde.fr\/wp-content\/uploads\/2020\/03\/attachment-5.png?fit=720%2C659&amp;ssl=1\" class=\"aligncenter size-full wp-image-4892\" src=\"https:\/\/i0.wp.com\/humm.loverde.fr\/wp-content\/uploads\/2020\/03\/attachment-5.png?resize=720%2C659\" alt=\"\" width=\"720\" height=\"659\" srcset=\"https:\/\/i0.wp.com\/humm.loverde.fr\/wp-content\/uploads\/2020\/03\/attachment-5.png?w=720&amp;ssl=1 720w, https:\/\/i0.wp.com\/humm.loverde.fr\/wp-content\/uploads\/2020\/03\/attachment-5.png?resize=595%2C545&amp;ssl=1 595w, https:\/\/i0.wp.com\/humm.loverde.fr\/wp-content\/uploads\/2020\/03\/attachment-5.png?resize=465%2C426&amp;ssl=1 465w, https:\/\/i0.wp.com\/humm.loverde.fr\/wp-content\/uploads\/2020\/03\/attachment-5.png?resize=546%2C500&amp;ssl=1 546w\" sizes=\"auto, (max-width: 720px) 100vw, 720px\" \/><\/p>\n<p><b>OUED ZEM <\/b><\/p>\n<p>Initialement, c\u2019\u00e9tait un petit camp militaire pr\u00e9vu pour h\u00e9berger quelque 40 personnes. Mais, apr\u00e8s la tentative d&rsquo;\u00e9vasion des marins norv\u00e9giens et belges de Sidi El Ayachi et leur transfert, il fut transform\u00e9 en camp civil pouvant recevoir jusqu\u2019\u00e0 200 personnes. Le 14 ao\u00fbt 1942, l\u2019ensemble des intern\u00e9s se composait de 110 marins norv\u00e9giens, 22 marins belges, 22 sujets britanniques, 51 personnes originaires de Tanger, Gibraltar et Malte, 32 nationalit\u00e9s diverses.<\/p>\n<p><b>SIDI EL AYACHI <\/b><\/p>\n<p>Cet ancien camp militaire, situ\u00e9 pr\u00e8s d\u2019Azemmour, au sud de Casablanca, \u00e0 l\u2019embouchure de l\u2019Oum Er-Rebia, fut transform\u00e9 en camp pour les r\u00e9fugi\u00e9s en transit, donc tr\u00e8s diff\u00e9rent des camps de travail. Il a re\u00e7u, \u00e0 plusieurs reprises, la visite du consul am\u00e9ricain \u00e0 Casablanca dans le but d\u2019y am\u00e9liorer les conditions de s\u00e9jour.<\/p>\n<figure id=\"attachment_4899\" aria-describedby=\"caption-attachment-4899\" style=\"width: 800px\" class=\"wp-caption aligncenter\"><img data-recalc-dims=\"1\" loading=\"lazy\" decoding=\"async\" data-attachment-id=\"4899\" data-permalink=\"https:\/\/humm.loverde.fr\/?attachment_id=4899\" data-orig-file=\"https:\/\/i0.wp.com\/humm.loverde.fr\/wp-content\/uploads\/2020\/03\/attachment-3.jpeg?fit=800%2C600&amp;ssl=1\" data-orig-size=\"800,600\" data-comments-opened=\"1\" data-image-meta=\"{&quot;aperture&quot;:&quot;0&quot;,&quot;credit&quot;:&quot;&quot;,&quot;camera&quot;:&quot;&quot;,&quot;caption&quot;:&quot;&quot;,&quot;created_timestamp&quot;:&quot;0&quot;,&quot;copyright&quot;:&quot;&quot;,&quot;focal_length&quot;:&quot;0&quot;,&quot;iso&quot;:&quot;0&quot;,&quot;shutter_speed&quot;:&quot;0&quot;,&quot;title&quot;:&quot;&quot;,&quot;orientation&quot;:&quot;1&quot;}\" data-image-title=\"attachment\" data-image-description=\"\" data-image-caption=\"\" data-large-file=\"https:\/\/i0.wp.com\/humm.loverde.fr\/wp-content\/uploads\/2020\/03\/attachment-3.jpeg?fit=800%2C600&amp;ssl=1\" class=\"wp-image-4899 size-full\" src=\"https:\/\/i0.wp.com\/humm.loverde.fr\/wp-content\/uploads\/2020\/03\/attachment-3.jpeg?resize=800%2C600\" alt=\"\" width=\"800\" height=\"600\" srcset=\"https:\/\/i0.wp.com\/humm.loverde.fr\/wp-content\/uploads\/2020\/03\/attachment-3.jpeg?w=800&amp;ssl=1 800w, https:\/\/i0.wp.com\/humm.loverde.fr\/wp-content\/uploads\/2020\/03\/attachment-3.jpeg?resize=595%2C446&amp;ssl=1 595w, https:\/\/i0.wp.com\/humm.loverde.fr\/wp-content\/uploads\/2020\/03\/attachment-3.jpeg?resize=768%2C576&amp;ssl=1 768w, https:\/\/i0.wp.com\/humm.loverde.fr\/wp-content\/uploads\/2020\/03\/attachment-3.jpeg?resize=465%2C349&amp;ssl=1 465w, https:\/\/i0.wp.com\/humm.loverde.fr\/wp-content\/uploads\/2020\/03\/attachment-3.jpeg?resize=667%2C500&amp;ssl=1 667w\" sizes=\"auto, (max-width: 800px) 100vw, 800px\" \/><figcaption id=\"caption-attachment-4899\" class=\"wp-caption-text\">Le camp de Sidi El Ayachi aujourd&rsquo;hui.<\/figcaption><\/figure>\n<p>Le d\u00e9nombrement fait le 7 juin 1942 est le suivant : 87 Polonais, 80 Espagnols, 32 ex-Allemands, 16 ex-Autrichiens, 18 Tch\u00e9coslovaques. 29 autres \u00abh\u00e9berg\u00e9s\u00bb se r\u00e9partissent par unit\u00e9 entre 17 nationalit\u00e9s. Aucun isra\u00e9lite n&rsquo;y est enferm\u00e9.<\/p>\n<p><img data-recalc-dims=\"1\" loading=\"lazy\" decoding=\"async\" data-attachment-id=\"4898\" data-permalink=\"https:\/\/humm.loverde.fr\/?attachment_id=4898\" data-orig-file=\"https:\/\/i0.wp.com\/humm.loverde.fr\/wp-content\/uploads\/2020\/03\/attachment-2.jpeg?fit=800%2C584&amp;ssl=1\" data-orig-size=\"800,584\" data-comments-opened=\"1\" data-image-meta=\"{&quot;aperture&quot;:&quot;0&quot;,&quot;credit&quot;:&quot;&quot;,&quot;camera&quot;:&quot;&quot;,&quot;caption&quot;:&quot;&quot;,&quot;created_timestamp&quot;:&quot;0&quot;,&quot;copyright&quot;:&quot;&quot;,&quot;focal_length&quot;:&quot;0&quot;,&quot;iso&quot;:&quot;0&quot;,&quot;shutter_speed&quot;:&quot;0&quot;,&quot;title&quot;:&quot;&quot;,&quot;orientation&quot;:&quot;1&quot;}\" data-image-title=\"attachment\" data-image-description=\"\" data-image-caption=\"\" data-large-file=\"https:\/\/i0.wp.com\/humm.loverde.fr\/wp-content\/uploads\/2020\/03\/attachment-2.jpeg?fit=800%2C584&amp;ssl=1\" class=\"aligncenter size-full wp-image-4898\" src=\"https:\/\/i0.wp.com\/humm.loverde.fr\/wp-content\/uploads\/2020\/03\/attachment-2.jpeg?resize=800%2C584\" alt=\"\" width=\"800\" height=\"584\" srcset=\"https:\/\/i0.wp.com\/humm.loverde.fr\/wp-content\/uploads\/2020\/03\/attachment-2.jpeg?w=800&amp;ssl=1 800w, https:\/\/i0.wp.com\/humm.loverde.fr\/wp-content\/uploads\/2020\/03\/attachment-2.jpeg?resize=595%2C434&amp;ssl=1 595w, https:\/\/i0.wp.com\/humm.loverde.fr\/wp-content\/uploads\/2020\/03\/attachment-2.jpeg?resize=768%2C561&amp;ssl=1 768w, https:\/\/i0.wp.com\/humm.loverde.fr\/wp-content\/uploads\/2020\/03\/attachment-2.jpeg?resize=465%2C339&amp;ssl=1 465w, https:\/\/i0.wp.com\/humm.loverde.fr\/wp-content\/uploads\/2020\/03\/attachment-2.jpeg?resize=685%2C500&amp;ssl=1 685w\" sizes=\"auto, (max-width: 800px) 100vw, 800px\" \/><\/p>\n<p><b>Moyenne statistique des prisonniers italiens en Afrique Septentrionale entre juin et novembre 1944 :<\/b><\/p>\n<p>Prisonniers de guerre italiens aux mains<\/p>\n<ul>\n<li>Des Anglais : 16.170<\/li>\n<li>Des Am\u00e9ricains : 56.000<\/li>\n<li>Des Fran\u00e7ais : 43.000<\/li>\n<\/ul>\n<p>Intern\u00e9s civils italiens aux mains<\/p>\n<ul>\n<li>Des Anglais : 127<\/li>\n<li>Des Am\u00e9ricains : 0<\/li>\n<li>Des Fran\u00e7ais : 4943<\/li>\n<\/ul>\n<p>Les prisonniers italiens dans les camps fran\u00e7ais du Nord de l\u2019Afrique, \u00e9taient principalement affect\u00e9s, en petits groupes, aupr\u00e8s d&rsquo;ateliers m\u00e9caniques, de fermes agricoles et en petites parties, centralis\u00e9s dans quelques camps en Tunisie, \u00e0 Constantine, en Alg\u00e9rie, \u00e0 Oran et \u00e0 Casablanca.<\/p>\n<p>&nbsp;<\/p>\n<p><b>Apr\u00e8s la guerre <\/b><\/p>\n<p>Les officiers g\u00e9n\u00e9raux (Weygand, Giraud, Nogu\u00e8s) durent rendre des comptes. Les fonctionnaires et militaires fran\u00e7ais (Viciot, Caboche, Lupy, Liebray, De Ricko) cruels bourreaux responsables de s\u00e9vices et de tortures parfois mortelles inflig\u00e9s aux intern\u00e9s, \u00e9chapp\u00e8rent \u00e0 toute condamnation. Ils ont r\u00e9ussi \u00e0 jeter un voile sur leur pass\u00e9 de tortionnaires et ont repris le cours normal de leur carri\u00e8re sans avoir rien reni\u00e9.<\/p>\n<p>Sources : <a href=\"http:\/\/www.philafrica.be\/web-maroc\/maroc\/prison_italien.htm\" target=\"_blank\" rel=\"noopener noreferrer\">http:\/\/www.philafrica.be\/web-maroc\/maroc\/prison_italien.htm<\/a><\/p>\n<p><a href=\"http:\/\/theses.univ-lyon2.fr\/documents\/getpart.php?id=lyon2.2004.chibrac_l&amp;part=184517#Noteftn429\">http:\/\/theses.univ-lyon2.fr\/documents\/getpart.php?id=lyon2.2004.chibrac_l&amp;part=184517#Noteftn429<\/a><\/p>\n<p><a href=\"https:\/\/www.persee.fr\/doc\/homig_1142-852x_1992_num_1158_1_1894\">https:\/\/www.persee.fr\/doc\/homig_1142-852x_1992_num_1158_1_1894<\/a><\/p>\n<p><a href=\"https:\/\/books.google.fr\/books?id=vLccCwAAQBAJ&amp;lpg=PA60&amp;ots=Hag9qcQCQU&amp;dq=Initialement%2C%20c%E2%80%99%C3%A9tait%20un%20petit%20camp%20militaire%20pr%C3%A9vu%20pour%20h%C3%A9berger%20quelque%2040%20personnes.%20Mais%2C%20%C3%A0%20la%20suite%20du%20transfert%20des%20marins%20norv%C3%A9giens%20et%20belges%20de%20Sidi%20El%20Ayachi&amp;hl=fr&amp;pg=PA60#v=twopage&amp;q&amp;f=true\">https:\/\/books.google.fr\/books?id=vLccCwAAQBAJ&amp;lpg=PA60&amp;ots=Hag9qcQCQU&amp;dq=Initialement%2C%20c%E2%80%99%C3%A9tait%20un%20petit%20camp%20militaire%20pr%C3%A9vu%20pour%20h%C3%A9berger%20quelque%2040%20personnes.%20Mais%2C%20%C3%A0%20la%20suite%20du%20transfert%20des%20marins%20norv%C3%A9giens%20et%20belges%20de%20Sidi%20El%20Ayachi&amp;hl=fr&amp;pg=PA60#v=twopage&amp;q&amp;f=true<\/a><\/p>\n<p><a href=\"https:\/\/encyclopedia.ushmm.org\/content\/fr\/article\/labor-and-internment-camps-in-north-africa\">https:\/\/encyclopedia.ushmm.org\/content\/fr\/article\/labor-and-internment-camps-in-north-africa<\/a><\/p>\n<p><a href=\"https:\/\/www.cairn.info\/revue-revue-d-histoire-de-la-shoah-2013-1-page-227.htm#\">https:\/\/www.cairn.info\/revue-revue-d-histoire-de-la-shoah-2013-1-page-227.htm#<\/a><\/p>\n<ul>\n<li>en guerre contre le m\u00eame ennemi qu\u2019un \u00e9tat ou une coalition de pays sans pour autant avoir sign\u00e9 un trait\u00e9 d\u2019alliance.<\/li>\n<\/ul>\n<p>Christian Loverde<br \/>\n<a href=\"http:\/\/bit.ly\/CLoverde\">http:\/\/bit.ly\/CLoverde<\/a><\/p>\n<div data-carousel-extra='{&quot;blog_id&quot;:1,&quot;permalink&quot;:&quot;https:\/\/humm.loverde.fr\/?p=4891&quot;}' id='gallery-1' class='gallery galleryid-4891 gallery-columns-3 gallery-size-thumbnail'><figure class='gallery-item'>\n\t\t\t<div class='gallery-icon landscape'>\n\t\t\t\t<a href='https:\/\/humm.loverde.fr\/?attachment_id=4892'><img loading=\"lazy\" decoding=\"async\" width=\"480\" height=\"640\" src=\"https:\/\/i0.wp.com\/humm.loverde.fr\/wp-content\/uploads\/2020\/03\/attachment-5.png?resize=480%2C640&amp;ssl=1\" class=\"attachment-thumbnail size-thumbnail\" alt=\"\" data-attachment-id=\"4892\" data-permalink=\"https:\/\/humm.loverde.fr\/?attachment_id=4892\" data-orig-file=\"https:\/\/i0.wp.com\/humm.loverde.fr\/wp-content\/uploads\/2020\/03\/attachment-5.png?fit=720%2C659&amp;ssl=1\" data-orig-size=\"720,659\" data-comments-opened=\"1\" data-image-meta=\"{&quot;aperture&quot;:&quot;0&quot;,&quot;credit&quot;:&quot;&quot;,&quot;camera&quot;:&quot;&quot;,&quot;caption&quot;:&quot;&quot;,&quot;created_timestamp&quot;:&quot;0&quot;,&quot;copyright&quot;:&quot;&quot;,&quot;focal_length&quot;:&quot;0&quot;,&quot;iso&quot;:&quot;0&quot;,&quot;shutter_speed&quot;:&quot;0&quot;,&quot;title&quot;:&quot;&quot;,&quot;orientation&quot;:&quot;0&quot;}\" data-image-title=\"attachment\" data-image-description=\"\" data-image-caption=\"\" data-large-file=\"https:\/\/i0.wp.com\/humm.loverde.fr\/wp-content\/uploads\/2020\/03\/attachment-5.png?fit=720%2C659&amp;ssl=1\" \/><\/a>\n\t\t\t<\/div><\/figure><figure class='gallery-item'>\n\t\t\t<div class='gallery-icon landscape'>\n\t\t\t\t<a href='https:\/\/humm.loverde.fr\/?attachment_id=4893'><img loading=\"lazy\" decoding=\"async\" width=\"480\" height=\"422\" src=\"https:\/\/i0.wp.com\/humm.loverde.fr\/wp-content\/uploads\/2020\/03\/attachment-6.png?resize=480%2C422&amp;ssl=1\" class=\"attachment-thumbnail size-thumbnail\" alt=\"\" data-attachment-id=\"4893\" data-permalink=\"https:\/\/humm.loverde.fr\/?attachment_id=4893\" data-orig-file=\"https:\/\/i0.wp.com\/humm.loverde.fr\/wp-content\/uploads\/2020\/03\/attachment-6.png?fit=819%2C422&amp;ssl=1\" data-orig-size=\"819,422\" data-comments-opened=\"1\" data-image-meta=\"{&quot;aperture&quot;:&quot;0&quot;,&quot;credit&quot;:&quot;&quot;,&quot;camera&quot;:&quot;&quot;,&quot;caption&quot;:&quot;&quot;,&quot;created_timestamp&quot;:&quot;0&quot;,&quot;copyright&quot;:&quot;&quot;,&quot;focal_length&quot;:&quot;0&quot;,&quot;iso&quot;:&quot;0&quot;,&quot;shutter_speed&quot;:&quot;0&quot;,&quot;title&quot;:&quot;&quot;,&quot;orientation&quot;:&quot;0&quot;}\" data-image-title=\"attachment\" data-image-description=\"\" data-image-caption=\"\" data-large-file=\"https:\/\/i0.wp.com\/humm.loverde.fr\/wp-content\/uploads\/2020\/03\/attachment-6.png?fit=819%2C422&amp;ssl=1\" \/><\/a>\n\t\t\t<\/div><\/figure><figure class='gallery-item'>\n\t\t\t<div class='gallery-icon landscape'>\n\t\t\t\t<a href='https:\/\/humm.loverde.fr\/?attachment_id=4894'><img loading=\"lazy\" decoding=\"async\" width=\"480\" height=\"640\" src=\"https:\/\/i0.wp.com\/humm.loverde.fr\/wp-content\/uploads\/2020\/03\/attachment-7.png?resize=480%2C640&amp;ssl=1\" class=\"attachment-thumbnail size-thumbnail\" alt=\"\" srcset=\"https:\/\/i0.wp.com\/humm.loverde.fr\/wp-content\/uploads\/2020\/03\/attachment-7.png?resize=480%2C640&amp;ssl=1 480w, https:\/\/i0.wp.com\/humm.loverde.fr\/wp-content\/uploads\/2020\/03\/attachment-7.png?zoom=2&amp;resize=480%2C640&amp;ssl=1 960w\" sizes=\"auto, (max-width: 480px) 100vw, 480px\" data-attachment-id=\"4894\" data-permalink=\"https:\/\/humm.loverde.fr\/?attachment_id=4894\" data-orig-file=\"https:\/\/i0.wp.com\/humm.loverde.fr\/wp-content\/uploads\/2020\/03\/attachment-7.png?fit=1132%2C849&amp;ssl=1\" data-orig-size=\"1132,849\" data-comments-opened=\"1\" data-image-meta=\"{&quot;aperture&quot;:&quot;0&quot;,&quot;credit&quot;:&quot;&quot;,&quot;camera&quot;:&quot;&quot;,&quot;caption&quot;:&quot;&quot;,&quot;created_timestamp&quot;:&quot;0&quot;,&quot;copyright&quot;:&quot;&quot;,&quot;focal_length&quot;:&quot;0&quot;,&quot;iso&quot;:&quot;0&quot;,&quot;shutter_speed&quot;:&quot;0&quot;,&quot;title&quot;:&quot;&quot;,&quot;orientation&quot;:&quot;0&quot;}\" data-image-title=\"attachment\" data-image-description=\"\" data-image-caption=\"\" data-large-file=\"https:\/\/i0.wp.com\/humm.loverde.fr\/wp-content\/uploads\/2020\/03\/attachment-7.png?fit=960%2C720&amp;ssl=1\" \/><\/a>\n\t\t\t<\/div><\/figure><figure class='gallery-item'>\n\t\t\t<div class='gallery-icon portrait'>\n\t\t\t\t<a href='https:\/\/humm.loverde.fr\/?attachment_id=4895'><img loading=\"lazy\" decoding=\"async\" width=\"480\" height=\"640\" src=\"https:\/\/i0.wp.com\/humm.loverde.fr\/wp-content\/uploads\/2020\/03\/attachment-8.png?resize=480%2C640&amp;ssl=1\" class=\"attachment-thumbnail size-thumbnail\" alt=\"\" data-attachment-id=\"4895\" data-permalink=\"https:\/\/humm.loverde.fr\/?attachment_id=4895\" data-orig-file=\"https:\/\/i0.wp.com\/humm.loverde.fr\/wp-content\/uploads\/2020\/03\/attachment-8.png?fit=777%2C1056&amp;ssl=1\" data-orig-size=\"777,1056\" data-comments-opened=\"1\" data-image-meta=\"{&quot;aperture&quot;:&quot;0&quot;,&quot;credit&quot;:&quot;&quot;,&quot;camera&quot;:&quot;&quot;,&quot;caption&quot;:&quot;&quot;,&quot;created_timestamp&quot;:&quot;0&quot;,&quot;copyright&quot;:&quot;&quot;,&quot;focal_length&quot;:&quot;0&quot;,&quot;iso&quot;:&quot;0&quot;,&quot;shutter_speed&quot;:&quot;0&quot;,&quot;title&quot;:&quot;&quot;,&quot;orientation&quot;:&quot;0&quot;}\" data-image-title=\"attachment\" data-image-description=\"\" data-image-caption=\"\" data-large-file=\"https:\/\/i0.wp.com\/humm.loverde.fr\/wp-content\/uploads\/2020\/03\/attachment-8.png?fit=777%2C1056&amp;ssl=1\" \/><\/a>\n\t\t\t<\/div><\/figure><figure class='gallery-item'>\n\t\t\t<div class='gallery-icon landscape'>\n\t\t\t\t<a href='https:\/\/humm.loverde.fr\/?attachment_id=4896'><img loading=\"lazy\" decoding=\"async\" width=\"480\" height=\"491\" src=\"https:\/\/i0.wp.com\/humm.loverde.fr\/wp-content\/uploads\/2020\/03\/attachment-9.png?resize=480%2C491&amp;ssl=1\" class=\"attachment-thumbnail size-thumbnail\" alt=\"\" data-attachment-id=\"4896\" data-permalink=\"https:\/\/humm.loverde.fr\/?attachment_id=4896\" data-orig-file=\"https:\/\/i0.wp.com\/humm.loverde.fr\/wp-content\/uploads\/2020\/03\/attachment-9.png?fit=500%2C491&amp;ssl=1\" data-orig-size=\"500,491\" data-comments-opened=\"1\" data-image-meta=\"{&quot;aperture&quot;:&quot;0&quot;,&quot;credit&quot;:&quot;&quot;,&quot;camera&quot;:&quot;&quot;,&quot;caption&quot;:&quot;&quot;,&quot;created_timestamp&quot;:&quot;0&quot;,&quot;copyright&quot;:&quot;&quot;,&quot;focal_length&quot;:&quot;0&quot;,&quot;iso&quot;:&quot;0&quot;,&quot;shutter_speed&quot;:&quot;0&quot;,&quot;title&quot;:&quot;&quot;,&quot;orientation&quot;:&quot;0&quot;}\" data-image-title=\"attachment\" data-image-description=\"\" data-image-caption=\"\" data-large-file=\"https:\/\/i0.wp.com\/humm.loverde.fr\/wp-content\/uploads\/2020\/03\/attachment-9.png?fit=500%2C491&amp;ssl=1\" \/><\/a>\n\t\t\t<\/div><\/figure><figure class='gallery-item'>\n\t\t\t<div class='gallery-icon landscape'>\n\t\t\t\t<a href='https:\/\/humm.loverde.fr\/?attachment_id=4897'><img loading=\"lazy\" decoding=\"async\" width=\"480\" height=\"600\" src=\"https:\/\/i0.wp.com\/humm.loverde.fr\/wp-content\/uploads\/2020\/03\/attachment-10.png?resize=480%2C600&amp;ssl=1\" class=\"attachment-thumbnail size-thumbnail\" alt=\"\" data-attachment-id=\"4897\" data-permalink=\"https:\/\/humm.loverde.fr\/?attachment_id=4897\" data-orig-file=\"https:\/\/i0.wp.com\/humm.loverde.fr\/wp-content\/uploads\/2020\/03\/attachment-10.png?fit=800%2C600&amp;ssl=1\" data-orig-size=\"800,600\" data-comments-opened=\"1\" data-image-meta=\"{&quot;aperture&quot;:&quot;0&quot;,&quot;credit&quot;:&quot;&quot;,&quot;camera&quot;:&quot;&quot;,&quot;caption&quot;:&quot;&quot;,&quot;created_timestamp&quot;:&quot;0&quot;,&quot;copyright&quot;:&quot;&quot;,&quot;focal_length&quot;:&quot;0&quot;,&quot;iso&quot;:&quot;0&quot;,&quot;shutter_speed&quot;:&quot;0&quot;,&quot;title&quot;:&quot;&quot;,&quot;orientation&quot;:&quot;0&quot;}\" data-image-title=\"attachment\" data-image-description=\"\" data-image-caption=\"\" data-large-file=\"https:\/\/i0.wp.com\/humm.loverde.fr\/wp-content\/uploads\/2020\/03\/attachment-10.png?fit=800%2C600&amp;ssl=1\" \/><\/a>\n\t\t\t<\/div><\/figure><figure class='gallery-item'>\n\t\t\t<div class='gallery-icon landscape'>\n\t\t\t\t<a href='https:\/\/humm.loverde.fr\/?attachment_id=4898'><img loading=\"lazy\" decoding=\"async\" width=\"480\" height=\"584\" src=\"https:\/\/i0.wp.com\/humm.loverde.fr\/wp-content\/uploads\/2020\/03\/attachment-2.jpeg?resize=480%2C584&amp;ssl=1\" class=\"attachment-thumbnail size-thumbnail\" alt=\"\" data-attachment-id=\"4898\" data-permalink=\"https:\/\/humm.loverde.fr\/?attachment_id=4898\" data-orig-file=\"https:\/\/i0.wp.com\/humm.loverde.fr\/wp-content\/uploads\/2020\/03\/attachment-2.jpeg?fit=800%2C584&amp;ssl=1\" data-orig-size=\"800,584\" data-comments-opened=\"1\" data-image-meta=\"{&quot;aperture&quot;:&quot;0&quot;,&quot;credit&quot;:&quot;&quot;,&quot;camera&quot;:&quot;&quot;,&quot;caption&quot;:&quot;&quot;,&quot;created_timestamp&quot;:&quot;0&quot;,&quot;copyright&quot;:&quot;&quot;,&quot;focal_length&quot;:&quot;0&quot;,&quot;iso&quot;:&quot;0&quot;,&quot;shutter_speed&quot;:&quot;0&quot;,&quot;title&quot;:&quot;&quot;,&quot;orientation&quot;:&quot;1&quot;}\" data-image-title=\"attachment\" data-image-description=\"\" data-image-caption=\"\" data-large-file=\"https:\/\/i0.wp.com\/humm.loverde.fr\/wp-content\/uploads\/2020\/03\/attachment-2.jpeg?fit=800%2C584&amp;ssl=1\" \/><\/a>\n\t\t\t<\/div><\/figure><figure class='gallery-item'>\n\t\t\t<div class='gallery-icon landscape'>\n\t\t\t\t<a href='https:\/\/humm.loverde.fr\/?attachment_id=4899'><img loading=\"lazy\" decoding=\"async\" width=\"480\" height=\"600\" src=\"https:\/\/i0.wp.com\/humm.loverde.fr\/wp-content\/uploads\/2020\/03\/attachment-3.jpeg?resize=480%2C600&amp;ssl=1\" class=\"attachment-thumbnail size-thumbnail\" alt=\"\" data-attachment-id=\"4899\" data-permalink=\"https:\/\/humm.loverde.fr\/?attachment_id=4899\" data-orig-file=\"https:\/\/i0.wp.com\/humm.loverde.fr\/wp-content\/uploads\/2020\/03\/attachment-3.jpeg?fit=800%2C600&amp;ssl=1\" data-orig-size=\"800,600\" data-comments-opened=\"1\" data-image-meta=\"{&quot;aperture&quot;:&quot;0&quot;,&quot;credit&quot;:&quot;&quot;,&quot;camera&quot;:&quot;&quot;,&quot;caption&quot;:&quot;&quot;,&quot;created_timestamp&quot;:&quot;0&quot;,&quot;copyright&quot;:&quot;&quot;,&quot;focal_length&quot;:&quot;0&quot;,&quot;iso&quot;:&quot;0&quot;,&quot;shutter_speed&quot;:&quot;0&quot;,&quot;title&quot;:&quot;&quot;,&quot;orientation&quot;:&quot;1&quot;}\" data-image-title=\"attachment\" data-image-description=\"\" data-image-caption=\"\" data-large-file=\"https:\/\/i0.wp.com\/humm.loverde.fr\/wp-content\/uploads\/2020\/03\/attachment-3.jpeg?fit=800%2C600&amp;ssl=1\" \/><\/a>\n\t\t\t<\/div><\/figure><figure class='gallery-item'>\n\t\t\t<div class='gallery-icon landscape'>\n\t\t\t\t<a href='https:\/\/humm.loverde.fr\/?attachment_id=4900'><img loading=\"lazy\" decoding=\"async\" width=\"480\" height=\"499\" src=\"https:\/\/i0.wp.com\/humm.loverde.fr\/wp-content\/uploads\/2020\/03\/attachment-11.png?resize=480%2C499&amp;ssl=1\" class=\"attachment-thumbnail size-thumbnail\" alt=\"\" data-attachment-id=\"4900\" data-permalink=\"https:\/\/humm.loverde.fr\/?attachment_id=4900\" data-orig-file=\"https:\/\/i0.wp.com\/humm.loverde.fr\/wp-content\/uploads\/2020\/03\/attachment-11.png?fit=699%2C499&amp;ssl=1\" data-orig-size=\"699,499\" data-comments-opened=\"1\" data-image-meta=\"{&quot;aperture&quot;:&quot;0&quot;,&quot;credit&quot;:&quot;&quot;,&quot;camera&quot;:&quot;&quot;,&quot;caption&quot;:&quot;&quot;,&quot;created_timestamp&quot;:&quot;0&quot;,&quot;copyright&quot;:&quot;&quot;,&quot;focal_length&quot;:&quot;0&quot;,&quot;iso&quot;:&quot;0&quot;,&quot;shutter_speed&quot;:&quot;0&quot;,&quot;title&quot;:&quot;&quot;,&quot;orientation&quot;:&quot;0&quot;}\" data-image-title=\"attachment\" data-image-description=\"\" data-image-caption=\"\" data-large-file=\"https:\/\/i0.wp.com\/humm.loverde.fr\/wp-content\/uploads\/2020\/03\/attachment-11.png?fit=699%2C499&amp;ssl=1\" \/><\/a>\n\t\t\t<\/div><\/figure><figure class='gallery-item'>\n\t\t\t<div class='gallery-icon landscape'>\n\t\t\t\t<a href='https:\/\/humm.loverde.fr\/?attachment_id=4908'><img loading=\"lazy\" decoding=\"async\" width=\"417\" height=\"417\" src=\"https:\/\/i0.wp.com\/humm.loverde.fr\/wp-content\/uploads\/2020\/03\/2BBA79B0-6E64-4F00-8B1A-686668325ECC-36489-0000397BC817AF3E.jpg?resize=417%2C417&amp;ssl=1\" class=\"attachment-thumbnail size-thumbnail\" alt=\"\" data-attachment-id=\"4908\" data-permalink=\"https:\/\/humm.loverde.fr\/?attachment_id=4908\" data-orig-file=\"https:\/\/i0.wp.com\/humm.loverde.fr\/wp-content\/uploads\/2020\/03\/2BBA79B0-6E64-4F00-8B1A-686668325ECC-36489-0000397BC817AF3E.jpg?fit=417%2C417&amp;ssl=1\" data-orig-size=\"417,417\" data-comments-opened=\"1\" data-image-meta=\"{&quot;aperture&quot;:&quot;0&quot;,&quot;credit&quot;:&quot;&quot;,&quot;camera&quot;:&quot;&quot;,&quot;caption&quot;:&quot;&quot;,&quot;created_timestamp&quot;:&quot;0&quot;,&quot;copyright&quot;:&quot;&quot;,&quot;focal_length&quot;:&quot;0&quot;,&quot;iso&quot;:&quot;0&quot;,&quot;shutter_speed&quot;:&quot;0&quot;,&quot;title&quot;:&quot;&quot;,&quot;orientation&quot;:&quot;0&quot;}\" data-image-title=\"2BBA79B0-6E64-4F00-8B1A-686668325ECC-36489-0000397BC817AF3E\" data-image-description=\"\" data-image-caption=\"\" data-large-file=\"https:\/\/i0.wp.com\/humm.loverde.fr\/wp-content\/uploads\/2020\/03\/2BBA79B0-6E64-4F00-8B1A-686668325ECC-36489-0000397BC817AF3E.jpg?fit=417%2C417&amp;ssl=1\" \/><\/a>\n\t\t\t<\/div><\/figure>\n\t\t<\/div>\n\n","protected":false},"excerpt":{"rendered":"<p>https:\/\/www.persee.fr\/doc\/homig_1142-852x_1992_num_1158_1_1894Version courte (je me demande&#8230;) Au depart je comptais ne parler que des camps d&rsquo;internement d&rsquo;italiens mais au cours de &hellip; <\/p>\n","protected":false},"author":1,"featured_media":4908,"comment_status":"open","ping_status":"closed","sticky":false,"template":"","format":"standard","meta":{"jetpack_post_was_ever_published":false,"_jetpack_newsletter_access":"","_jetpack_dont_email_post_to_subs":false,"_jetpack_newsletter_tier_id":0,"_jetpack_memberships_contains_paywalled_content":false,"_jetpack_memberships_contains_paid_content":false,"footnotes":"","jetpack_publicize_message":"","jetpack_publicize_feature_enabled":true,"jetpack_social_post_already_shared":true,"jetpack_social_options":{"image_generator_settings":{"template":"highway","default_image_id":0,"font":"","enabled":false},"version":2}},"categories":[907],"tags":[1098,1100,1099,88,1101],"class_list":["post-4891","post","type-post","status-publish","format-standard","has-post-thumbnail","hentry","category-histoire","tag-camps-dinternement","tag-deuxieme-guerre-mondiale","tag-italiens","tag-maroc","tag-transsaharien"],"jetpack_publicize_connections":[],"jetpack_featured_media_url":"https:\/\/i0.wp.com\/humm.loverde.fr\/wp-content\/uploads\/2020\/03\/2BBA79B0-6E64-4F00-8B1A-686668325ECC-36489-0000397BC817AF3E.jpg?fit=417%2C417&ssl=1","jetpack_sharing_enabled":true,"jetpack_shortlink":"https:\/\/wp.me\/p9whbF-1gT","jetpack_likes_enabled":true,"jetpack-related-posts":[{"id":7820,"url":"https:\/\/humm.loverde.fr\/?p=7820","url_meta":{"origin":4891,"position":0},"title":"Apr\u00e8s la guerre, Herve Le Corre","author":"cloverde","date":"1 octobre 2022","format":false,"excerpt":"J'ai d\u00e9couvert Le Corre lors d'une interview \u00e0 la t\u00e9l\u00e9 sur France 3 Aquitaine, j'\u00e9tais immobilis\u00e9 \u00e0 cause du COVID et je n'avais pas grand chose d'autre \u00e0 faire. J'ai tout de suite accroch\u00e9, j'ai \u00e9t\u00e9 jusqu'au bout et je ne l'ai pas regrett\u00e9. J'ai commenc\u00e9 (pas tout de suite)\u2026","rel":"","context":"Dans &quot;lecture&quot;","block_context":{"text":"lecture","link":"https:\/\/humm.loverde.fr\/?cat=1068"},"img":{"alt_text":"","src":"https:\/\/i0.wp.com\/humm.loverde.fr\/wp-content\/uploads\/2022\/09\/IMG_20220901_083932_78-01.jpeg?fit=1088%2C673&ssl=1&resize=350%2C200","width":350,"height":200,"srcset":"https:\/\/i0.wp.com\/humm.loverde.fr\/wp-content\/uploads\/2022\/09\/IMG_20220901_083932_78-01.jpeg?fit=1088%2C673&ssl=1&resize=350%2C200 1x, https:\/\/i0.wp.com\/humm.loverde.fr\/wp-content\/uploads\/2022\/09\/IMG_20220901_083932_78-01.jpeg?fit=1088%2C673&ssl=1&resize=525%2C300 1.5x, https:\/\/i0.wp.com\/humm.loverde.fr\/wp-content\/uploads\/2022\/09\/IMG_20220901_083932_78-01.jpeg?fit=1088%2C673&ssl=1&resize=700%2C400 2x, https:\/\/i0.wp.com\/humm.loverde.fr\/wp-content\/uploads\/2022\/09\/IMG_20220901_083932_78-01.jpeg?fit=1088%2C673&ssl=1&resize=1050%2C600 3x"},"classes":[]},{"id":3040,"url":"https:\/\/humm.loverde.fr\/?p=3040","url_meta":{"origin":4891,"position":1},"title":"L&rsquo;Art brut","author":"cloverde","date":"10 juin 2018","format":false,"excerpt":"L'Art brut L'art brut? Je ne connaissais pas. Le concept me plait, \u0153uvres d'art r\u00e9alis\u00e9es par des non sp\u00e9cialistes, ayant parfois des probl\u00e8mes de communication ou des probl\u00e8mes tout court, venant de tous les horizons et m\u00eame d'h\u00f4pitaux psychiatriques. En dehors de l'art-argent, juste pour le plaisir ou s'\u00e9panouir. J'ai\u2026","rel":"","context":"Dans &quot;Actuel&quot;","block_context":{"text":"Actuel","link":"https:\/\/humm.loverde.fr\/?cat=13"},"img":{"alt_text":"","src":"https:\/\/i0.wp.com\/humm.loverde.fr\/wp-content\/uploads\/2018\/05\/Attachment-1-4.png?fit=600%2C740&ssl=1&resize=350%2C200","width":350,"height":200,"srcset":"https:\/\/i0.wp.com\/humm.loverde.fr\/wp-content\/uploads\/2018\/05\/Attachment-1-4.png?fit=600%2C740&ssl=1&resize=350%2C200 1x, https:\/\/i0.wp.com\/humm.loverde.fr\/wp-content\/uploads\/2018\/05\/Attachment-1-4.png?fit=600%2C740&ssl=1&resize=525%2C300 1.5x"},"classes":[]},{"id":4915,"url":"https:\/\/humm.loverde.fr\/?p=4915","url_meta":{"origin":4891,"position":2},"title":"Le ma\u00eetre du haut ch\u00e2teau","author":"cloverde","date":"28 mars 2020","format":false,"excerpt":"Le ma\u00eetre du haut ch\u00e2teau L'\u00e9dition de 1970 est celle que j'ai lu en premier puis j'ai d\u00e9couvert une nouvelle traduction datant de 2012. Comme je dois relire le livre, c'est la moindre des choses puisque j'ai conseill\u00e9 sa Lecture au club de lecture. Bon en vrai, comme je suis\u2026","rel":"","context":"Dans &quot;lecture&quot;","block_context":{"text":"lecture","link":"https:\/\/humm.loverde.fr\/?cat=1068"},"img":{"alt_text":"","src":"https:\/\/i0.wp.com\/humm.loverde.fr\/wp-content\/uploads\/2020\/03\/IMG_8070.jpg?fit=787%2C1200&ssl=1&resize=350%2C200","width":350,"height":200,"srcset":"https:\/\/i0.wp.com\/humm.loverde.fr\/wp-content\/uploads\/2020\/03\/IMG_8070.jpg?fit=787%2C1200&ssl=1&resize=350%2C200 1x, https:\/\/i0.wp.com\/humm.loverde.fr\/wp-content\/uploads\/2020\/03\/IMG_8070.jpg?fit=787%2C1200&ssl=1&resize=525%2C300 1.5x, https:\/\/i0.wp.com\/humm.loverde.fr\/wp-content\/uploads\/2020\/03\/IMG_8070.jpg?fit=787%2C1200&ssl=1&resize=700%2C400 2x"},"classes":[]},{"id":7789,"url":"https:\/\/humm.loverde.fr\/?p=7789","url_meta":{"origin":4891,"position":3},"title":"Les deux chemins","author":"cloverde","date":"20 ao\u00fbt 2022","format":false,"excerpt":"Ma br\u00e8ve incursion dans le domaine des contes m'a permis de d\u00e9couvrir que j'aimais bien le c\u00f4t\u00e9 r\u00e9-\u00e9criture, pratique habituelle chez les conteurs et que raconter en comit\u00e9 restreint \u00e9tait int\u00e9ressant mais pas en public ! Je l'ai fait quand m\u00eame, il faut parfois sortir de sa zone de confort.\u2026","rel":"","context":"Dans &quot;Contes&quot;","block_context":{"text":"Contes","link":"https:\/\/humm.loverde.fr\/?cat=725"},"img":{"alt_text":"","src":"https:\/\/i0.wp.com\/humm.loverde.fr\/wp-content\/uploads\/2022\/08\/IMG_20220722_101804_778-01.jpeg?fit=1000%2C597&ssl=1&resize=350%2C200","width":350,"height":200,"srcset":"https:\/\/i0.wp.com\/humm.loverde.fr\/wp-content\/uploads\/2022\/08\/IMG_20220722_101804_778-01.jpeg?fit=1000%2C597&ssl=1&resize=350%2C200 1x, https:\/\/i0.wp.com\/humm.loverde.fr\/wp-content\/uploads\/2022\/08\/IMG_20220722_101804_778-01.jpeg?fit=1000%2C597&ssl=1&resize=525%2C300 1.5x, https:\/\/i0.wp.com\/humm.loverde.fr\/wp-content\/uploads\/2022\/08\/IMG_20220722_101804_778-01.jpeg?fit=1000%2C597&ssl=1&resize=700%2C400 2x"},"classes":[]},{"id":9508,"url":"https:\/\/humm.loverde.fr\/?p=9508","url_meta":{"origin":4891,"position":4},"title":"Petite histoire informatique perso","author":"cloverde","date":"12 janvier 2024","format":false,"excerpt":"Je ne vais pas partir du d\u00e9but, j'ai d\u00e9j\u00e0 racont\u00e9 : https:\/\/bit.ly\/3tvV9hX Juste le pr\u00e9sent. Du PC \u00e0 la tablette et au smartphone Je ne suis pas un grand fan des ordinateurs portables pour plusieurs raisons, la premi\u00e8re est un qu'on peut pas faire grand-chose question \u00e9volution mat\u00e9rielle, la deuxi\u00e8me\u2026","rel":"","context":"Dans &quot;Informatique&quot;","block_context":{"text":"Informatique","link":"https:\/\/humm.loverde.fr\/?cat=544"},"img":{"alt_text":"","src":"https:\/\/i0.wp.com\/humm.loverde.fr\/wp-content\/uploads\/2023\/12\/dsc_0470-01.jpeg?fit=1200%2C755&ssl=1&resize=350%2C200","width":350,"height":200,"srcset":"https:\/\/i0.wp.com\/humm.loverde.fr\/wp-content\/uploads\/2023\/12\/dsc_0470-01.jpeg?fit=1200%2C755&ssl=1&resize=350%2C200 1x, https:\/\/i0.wp.com\/humm.loverde.fr\/wp-content\/uploads\/2023\/12\/dsc_0470-01.jpeg?fit=1200%2C755&ssl=1&resize=525%2C300 1.5x, https:\/\/i0.wp.com\/humm.loverde.fr\/wp-content\/uploads\/2023\/12\/dsc_0470-01.jpeg?fit=1200%2C755&ssl=1&resize=700%2C400 2x, https:\/\/i0.wp.com\/humm.loverde.fr\/wp-content\/uploads\/2023\/12\/dsc_0470-01.jpeg?fit=1200%2C755&ssl=1&resize=1050%2C600 3x"},"classes":[]},{"id":10350,"url":"https:\/\/humm.loverde.fr\/?p=10350","url_meta":{"origin":4891,"position":5},"title":"Tintin au Pays de l&rsquo;Or Noir","author":"cloverde","date":"31 mai 2024","format":false,"excerpt":"En ce moment je n'ai pas envie de faire de l'introspection ni de me balader dans les souvenirs, alors je surf, je r\u00e2le sur les extr\u00e9mistes de tout bords et j'essaie d'en d\u00e9gager des faits \u00e0 partir de fausses nouvelles et de r\u00e9alit\u00e9s d\u00e9form\u00e9es. Le web est rempli de sp\u00e9cialistes.\u2026","rel":"","context":"Dans &quot;lecture&quot;","block_context":{"text":"lecture","link":"https:\/\/humm.loverde.fr\/?cat=1068"},"img":{"alt_text":"","src":"https:\/\/i0.wp.com\/humm.loverde.fr\/wp-content\/uploads\/2024\/05\/IMG_20240523_172542_678.jpg?fit=1071%2C1065&ssl=1&resize=350%2C200","width":350,"height":200,"srcset":"https:\/\/i0.wp.com\/humm.loverde.fr\/wp-content\/uploads\/2024\/05\/IMG_20240523_172542_678.jpg?fit=1071%2C1065&ssl=1&resize=350%2C200 1x, https:\/\/i0.wp.com\/humm.loverde.fr\/wp-content\/uploads\/2024\/05\/IMG_20240523_172542_678.jpg?fit=1071%2C1065&ssl=1&resize=525%2C300 1.5x, https:\/\/i0.wp.com\/humm.loverde.fr\/wp-content\/uploads\/2024\/05\/IMG_20240523_172542_678.jpg?fit=1071%2C1065&ssl=1&resize=700%2C400 2x, https:\/\/i0.wp.com\/humm.loverde.fr\/wp-content\/uploads\/2024\/05\/IMG_20240523_172542_678.jpg?fit=1071%2C1065&ssl=1&resize=1050%2C600 3x"},"classes":[]}],"_links":{"self":[{"href":"https:\/\/humm.loverde.fr\/index.php?rest_route=\/wp\/v2\/posts\/4891","targetHints":{"allow":["GET"]}}],"collection":[{"href":"https:\/\/humm.loverde.fr\/index.php?rest_route=\/wp\/v2\/posts"}],"about":[{"href":"https:\/\/humm.loverde.fr\/index.php?rest_route=\/wp\/v2\/types\/post"}],"author":[{"embeddable":true,"href":"https:\/\/humm.loverde.fr\/index.php?rest_route=\/wp\/v2\/users\/1"}],"replies":[{"embeddable":true,"href":"https:\/\/humm.loverde.fr\/index.php?rest_route=%2Fwp%2Fv2%2Fcomments&post=4891"}],"version-history":[{"count":9,"href":"https:\/\/humm.loverde.fr\/index.php?rest_route=\/wp\/v2\/posts\/4891\/revisions"}],"predecessor-version":[{"id":11251,"href":"https:\/\/humm.loverde.fr\/index.php?rest_route=\/wp\/v2\/posts\/4891\/revisions\/11251"}],"wp:featuredmedia":[{"embeddable":true,"href":"https:\/\/humm.loverde.fr\/index.php?rest_route=\/wp\/v2\/media\/4908"}],"wp:attachment":[{"href":"https:\/\/humm.loverde.fr\/index.php?rest_route=%2Fwp%2Fv2%2Fmedia&parent=4891"}],"wp:term":[{"taxonomy":"category","embeddable":true,"href":"https:\/\/humm.loverde.fr\/index.php?rest_route=%2Fwp%2Fv2%2Fcategories&post=4891"},{"taxonomy":"post_tag","embeddable":true,"href":"https:\/\/humm.loverde.fr\/index.php?rest_route=%2Fwp%2Fv2%2Ftags&post=4891"}],"curies":[{"name":"wp","href":"https:\/\/api.w.org\/{rel}","templated":true}]}}