{"id":5162,"date":"2020-05-18T08:36:46","date_gmt":"2020-05-18T07:36:46","guid":{"rendered":"https:\/\/humm.loverde.fr\/?p=5162"},"modified":"2020-05-18T07:55:54","modified_gmt":"2020-05-18T06:55:54","slug":"les-series-du-confinement-rectify","status":"publish","type":"post","link":"https:\/\/humm.loverde.fr\/?p=5162","title":{"rendered":"Les series du confinement : Rectify"},"content":{"rendered":"<p>18 mai 2020<\/p>\n<p><img data-recalc-dims=\"1\" loading=\"lazy\" decoding=\"async\" data-attachment-id=\"5163\" data-permalink=\"https:\/\/humm.loverde.fr\/?attachment_id=5163\" data-orig-file=\"https:\/\/i0.wp.com\/humm.loverde.fr\/wp-content\/uploads\/2020\/06\/attachment-4.png?fit=667%2C510&amp;ssl=1\" data-orig-size=\"667,510\" data-comments-opened=\"1\" data-image-meta=\"{&quot;aperture&quot;:&quot;0&quot;,&quot;credit&quot;:&quot;&quot;,&quot;camera&quot;:&quot;&quot;,&quot;caption&quot;:&quot;&quot;,&quot;created_timestamp&quot;:&quot;0&quot;,&quot;copyright&quot;:&quot;&quot;,&quot;focal_length&quot;:&quot;0&quot;,&quot;iso&quot;:&quot;0&quot;,&quot;shutter_speed&quot;:&quot;0&quot;,&quot;title&quot;:&quot;&quot;,&quot;orientation&quot;:&quot;0&quot;}\" data-image-title=\"attachment\" data-image-description=\"\" data-image-caption=\"\" data-large-file=\"https:\/\/i0.wp.com\/humm.loverde.fr\/wp-content\/uploads\/2020\/06\/attachment-4.png?fit=667%2C510&amp;ssl=1\" class=\"aligncenter size-full wp-image-5163\" src=\"https:\/\/i0.wp.com\/humm.loverde.fr\/wp-content\/uploads\/2020\/06\/attachment-4.png?resize=667%2C510&#038;ssl=1\" alt=\"\" width=\"667\" height=\"510\" srcset=\"https:\/\/i0.wp.com\/humm.loverde.fr\/wp-content\/uploads\/2020\/06\/attachment-4.png?w=667&amp;ssl=1 667w, https:\/\/i0.wp.com\/humm.loverde.fr\/wp-content\/uploads\/2020\/06\/attachment-4.png?resize=595%2C455&amp;ssl=1 595w\" sizes=\"auto, (max-width: 667px) 100vw, 667px\" \/><\/p>\n<p>Pendant ces 2 mois de confinement nous avons regard\u00e9 quelques series. Comme nous sommes abonn\u00e9s \u00e0 plusieurs plateformes nous sommes dans ce flot perp\u00e9tuel des s\u00e9ries, je dirais m\u00eame mieux en \u00e9voquant le torrent des s\u00e9ries. Malheureusement, comme les productions se sont arr\u00eat\u00e9es, il y avait moins de nouveaut\u00e9s que d&rsquo;habitude. Quelques heureuses surprises et quelques r\u00e9apparitions.<\/p>\n<p>Je commence cette deuxi\u00e8me semaine d&rsquo;apr\u00e8s confinement avec une s\u00e9rie par jour qui vaut le d\u00e9tour. Je ne s\u00e9lectionnerais de pr\u00e9f\u00e9rence que celles qui sont termin\u00e9es. Il faudra se contenter du r\u00e9sum\u00e9 en anglais de la copie d&rsquo;\u00e9cran du site recensant la serie et qui m&rsquo;a servi pour l&rsquo;illustration.<\/p>\n<p>Rectify comporte 4 saisons. Commenc\u00e9e il y a un certain temps, je me souvenais avoir vu la saison 1. On l&rsquo;a regard\u00e9e quand m\u00eame pour ne pas tomber dans la saison 2 sans se souvenir de ce qu&rsquo;il s&rsquo;\u00e9tait pass\u00e9. Et l\u00e0, oh surprise ! La saison 2 aussi on l&rsquo;avait vue.<\/p>\n<p>\u00c9mouvant sans essayer de vous tirer les larmes. L\u00e0 encore une \u00e9tude des comportements humains tr\u00e8s fine. Tellement emball\u00e9 que je n&rsquo;ai pas pu r\u00e9sister \u00e0 regarder les deux derni\u00e8res saison en VOST !<\/p>\n<p>Christian Loverde<br \/>\n<a href=\"http:\/\/bit.ly\/CLoverde\">http:\/\/bit.ly\/CLoverde<\/a><\/p>\n<p>&nbsp;<\/p>\n","protected":false},"excerpt":{"rendered":"<p>18 mai 2020 Pendant ces 2 mois de confinement nous avons regard\u00e9 quelques series. Comme nous sommes abonn\u00e9s \u00e0 plusieurs &hellip; <\/p>\n","protected":false},"author":1,"featured_media":5184,"comment_status":"open","ping_status":"closed","sticky":false,"template":"","format":"standard","meta":{"jetpack_post_was_ever_published":false,"_jetpack_newsletter_access":"","_jetpack_dont_email_post_to_subs":false,"_jetpack_newsletter_tier_id":0,"_jetpack_memberships_contains_paywalled_content":false,"_jetpack_memberships_contains_paid_content":false,"footnotes":"","jetpack_publicize_message":"","jetpack_publicize_feature_enabled":true,"jetpack_social_post_already_shared":true,"jetpack_social_options":{"image_generator_settings":{"template":"highway","default_image_id":0,"font":"","enabled":false},"version":2}},"categories":[1063],"tags":[1148,1146,1147],"class_list":["post-5162","post","type-post","status-publish","format-standard","has-post-thumbnail","hentry","category-television","tag-apres-confinement","tag-series","tag-television"],"jetpack_publicize_connections":[],"jetpack_featured_media_url":"https:\/\/i0.wp.com\/humm.loverde.fr\/wp-content\/uploads\/2020\/06\/IMG_8772.jpg?fit=400%2C400&ssl=1","jetpack_sharing_enabled":true,"jetpack_shortlink":"https:\/\/wp.me\/p9whbF-1lg","jetpack_likes_enabled":true,"jetpack-related-posts":[{"id":4938,"url":"https:\/\/humm.loverde.fr\/?p=4938","url_meta":{"origin":5162,"position":0},"title":"Lectures du confinement","author":"cloverde","date":"4 avril 2020","format":false,"excerpt":"Comme tout le monde, je pense, je lis beaucoup, des livres, des News et des livres et des News... Je viens de terminer une relecture de Philip K. Dick, \" Le Ma\u00eetre du haut ch\u00e2teau \" voir l'article que j'ai \u00e9crit l\u00e0-dessus, paru le 28 mars : https:\/\/humm.loverde.fr\/le-maitre-du-haut-chateau\/ \u00c0 propos\u2026","rel":"","context":"Dans &quot;Actuel&quot;","block_context":{"text":"Actuel","link":"https:\/\/humm.loverde.fr\/?cat=13"},"img":{"alt_text":"","src":"https:\/\/i0.wp.com\/humm.loverde.fr\/wp-content\/uploads\/2020\/03\/attachment-14.png?fit=512%2C288&ssl=1&resize=350%2C200","width":350,"height":200},"classes":[]},{"id":5220,"url":"https:\/\/humm.loverde.fr\/?p=5220","url_meta":{"origin":5162,"position":1},"title":"Lecture confin\u00e9e : Chroniques de J\u00e9rusalem","author":"cloverde","date":"27 mai 2020","format":false,"excerpt":"27 mai 2020 Roman mise en BD achet\u00e9 au festival de l\u00e0 BD d'Angoul\u00eame en vu d'un futur voyage \u00e0 J\u00e9rusalem qui a \u00e9t\u00e9 annul\u00e9 \u00e0 cause du confinement. \u00a0 Heureusement j'ai r\u00e9ussi \u00e0 me faire rembourser toutes les sommes engag\u00e9es, de la place de parking de l'a\u00e9roport aux billets\u2026","rel":"","context":"Dans &quot;Lectures&quot;","block_context":{"text":"Lectures","link":"https:\/\/humm.loverde.fr\/?cat=1"},"img":{"alt_text":"","src":"https:\/\/i0.wp.com\/humm.loverde.fr\/wp-content\/uploads\/2020\/05\/IMG_9655.jpg?fit=1200%2C800&ssl=1&resize=350%2C200","width":350,"height":200,"srcset":"https:\/\/i0.wp.com\/humm.loverde.fr\/wp-content\/uploads\/2020\/05\/IMG_9655.jpg?fit=1200%2C800&ssl=1&resize=350%2C200 1x, https:\/\/i0.wp.com\/humm.loverde.fr\/wp-content\/uploads\/2020\/05\/IMG_9655.jpg?fit=1200%2C800&ssl=1&resize=525%2C300 1.5x, https:\/\/i0.wp.com\/humm.loverde.fr\/wp-content\/uploads\/2020\/05\/IMG_9655.jpg?fit=1200%2C800&ssl=1&resize=700%2C400 2x, https:\/\/i0.wp.com\/humm.loverde.fr\/wp-content\/uploads\/2020\/05\/IMG_9655.jpg?fit=1200%2C800&ssl=1&resize=1050%2C600 3x"},"classes":[]},{"id":5171,"url":"https:\/\/humm.loverde.fr\/?p=5171","url_meta":{"origin":5162,"position":2},"title":"Les series du confinement : Ray Donovan","author":"cloverde","date":"21 mai 2020","format":false,"excerpt":"21 mai 2020 \u00c0 mon avis fait partie des s\u00e9ries qui sont dans le top 10 de ces derni\u00e8res ann\u00e9es. Liev Schreiber g\u00e9nial ! Pourtant jusque l\u00e0 il n'a fait que des apparitions dans des r\u00f4les secondaires. Le c\u00f4t\u00e9 immoral, plus que d\u00e9passant la ligne rouge donne \u00e0 cette s\u00e9rie\u2026","rel":"","context":"Dans &quot;T\u00e9l\u00e9vision&quot;","block_context":{"text":"T\u00e9l\u00e9vision","link":"https:\/\/humm.loverde.fr\/?cat=1063"},"img":{"alt_text":"","src":"https:\/\/i0.wp.com\/humm.loverde.fr\/wp-content\/uploads\/2020\/06\/IMG_8788.jpg?fit=400%2C400&ssl=1&resize=350%2C200","width":350,"height":200},"classes":[]},{"id":5180,"url":"https:\/\/humm.loverde.fr\/?p=5180","url_meta":{"origin":5162,"position":3},"title":"Les s\u00e9ries du confinement : Le bureau des l\u00e9gendes","author":"cloverde","date":"24 mai 2020","format":false,"excerpt":"24 mai 2020 C'est fran\u00e7ais mais \u00e7a sort du lot et est m\u00eame au-dessus de beaucoup de series am\u00e9ricaines. Certes moins spectaculaire que Homeland mais tellement plus pr\u00eat de la r\u00e9alit\u00e9. Un espion qui tombe amoureux de la femme de celui qu'il espionne, du camp ennemi donc, \u00e7a on le\u2026","rel":"","context":"Dans &quot;T\u00e9l\u00e9vision&quot;","block_context":{"text":"T\u00e9l\u00e9vision","link":"https:\/\/humm.loverde.fr\/?cat=1063"},"img":{"alt_text":"","src":"https:\/\/i0.wp.com\/humm.loverde.fr\/wp-content\/uploads\/2020\/06\/IMG_8774.jpg?fit=400%2C400&ssl=1&resize=350%2C200","width":350,"height":200},"classes":[]},{"id":5168,"url":"https:\/\/humm.loverde.fr\/?p=5168","url_meta":{"origin":5162,"position":4},"title":"Les s\u00e9ries du confinement : The Handmaid&rsquo;s Tale","author":"cloverde","date":"19 mai 2020","format":false,"excerpt":"19 mai 2020 J'ai un peu trich\u00e9, on l'avait fini avant le confinement. Tir\u00e9 du roman dystopique de Margaret Atwood, \"La servante \u00e9carlate\". Elisabeth Moss magistrale. J'avais lu le livre et je n'ai pas \u00e9t\u00e9 d\u00e9\u00e7u par la s\u00e9rie. Margaret Atwood a particip\u00e9 au sc\u00e9nario de la saison 3 qui\u2026","rel":"","context":"Dans &quot;T\u00e9l\u00e9vision&quot;","block_context":{"text":"T\u00e9l\u00e9vision","link":"https:\/\/humm.loverde.fr\/?cat=1063"},"img":{"alt_text":"","src":"https:\/\/i0.wp.com\/humm.loverde.fr\/wp-content\/uploads\/2020\/06\/IMG_8777.jpg?fit=400%2C400&ssl=1&resize=350%2C200","width":350,"height":200},"classes":[]},{"id":5165,"url":"https:\/\/humm.loverde.fr\/?p=5165","url_meta":{"origin":5162,"position":5},"title":"Les s\u00e9ries du confinement : Homeland","author":"cloverde","date":"20 mai 2020","format":false,"excerpt":"20 mai 2020 Une s\u00e9rie qui a su se renouveler \u00e0 chaque saison et qui a su coller \u00e0 l'actualit\u00e9. En particulier aux derni\u00e8res \u00e9lections am\u00e9ricaines ils avaient pr\u00e9vu Hillary Clinton comme pr\u00e9sidente et ont modifi\u00e9 un peu leur sc\u00e9nario tout en gardant une femme pr\u00e9sidente. Claire Daines alias Carry\u2026","rel":"","context":"Dans &quot;T\u00e9l\u00e9vision&quot;","block_context":{"text":"T\u00e9l\u00e9vision","link":"https:\/\/humm.loverde.fr\/?cat=1063"},"img":{"alt_text":"","src":"https:\/\/i0.wp.com\/humm.loverde.fr\/wp-content\/uploads\/2020\/06\/IMG_8773.jpg?fit=400%2C400&ssl=1&resize=350%2C200","width":350,"height":200},"classes":[]}],"_links":{"self":[{"href":"https:\/\/humm.loverde.fr\/index.php?rest_route=\/wp\/v2\/posts\/5162","targetHints":{"allow":["GET"]}}],"collection":[{"href":"https:\/\/humm.loverde.fr\/index.php?rest_route=\/wp\/v2\/posts"}],"about":[{"href":"https:\/\/humm.loverde.fr\/index.php?rest_route=\/wp\/v2\/types\/post"}],"author":[{"embeddable":true,"href":"https:\/\/humm.loverde.fr\/index.php?rest_route=\/wp\/v2\/users\/1"}],"replies":[{"embeddable":true,"href":"https:\/\/humm.loverde.fr\/index.php?rest_route=%2Fwp%2Fv2%2Fcomments&post=5162"}],"version-history":[{"count":5,"href":"https:\/\/humm.loverde.fr\/index.php?rest_route=\/wp\/v2\/posts\/5162\/revisions"}],"predecessor-version":[{"id":5271,"href":"https:\/\/humm.loverde.fr\/index.php?rest_route=\/wp\/v2\/posts\/5162\/revisions\/5271"}],"wp:featuredmedia":[{"embeddable":true,"href":"https:\/\/humm.loverde.fr\/index.php?rest_route=\/wp\/v2\/media\/5184"}],"wp:attachment":[{"href":"https:\/\/humm.loverde.fr\/index.php?rest_route=%2Fwp%2Fv2%2Fmedia&parent=5162"}],"wp:term":[{"taxonomy":"category","embeddable":true,"href":"https:\/\/humm.loverde.fr\/index.php?rest_route=%2Fwp%2Fv2%2Fcategories&post=5162"},{"taxonomy":"post_tag","embeddable":true,"href":"https:\/\/humm.loverde.fr\/index.php?rest_route=%2Fwp%2Fv2%2Ftags&post=5162"}],"curies":[{"name":"wp","href":"https:\/\/api.w.org\/{rel}","templated":true}]}}