{"id":5237,"date":"2020-05-30T08:58:11","date_gmt":"2020-05-30T07:58:11","guid":{"rendered":"https:\/\/humm.loverde.fr\/?p=5237"},"modified":"2020-12-20T23:51:55","modified_gmt":"2020-12-20T22:51:55","slug":"lectures-du-confinement-si-ce-monde-vous-deplait","status":"publish","type":"post","link":"https:\/\/humm.loverde.fr\/?p=5237","title":{"rendered":"Lecture confin\u00e9e : Si ce Monde vous d\u00e9pla\u00eet&#8230;"},"content":{"rendered":"<p>30 mai 2020<\/p>\n<p>Le 24 septembre 1977, Philip K. Dick, prononce dans le salon de l&rsquo;h\u00f4tel de ville sa c\u00e9l\u00e8bre \u00ab\u00a0conf\u00e9rence de Metz\u00a0\u00bb. Voici trois extraits qui refl\u00e8tent bien la mani\u00e8re dont Philip K. Dick voit le Monde. Il dira plus loin(3) qu&rsquo;il a \u00e9t\u00e9 t\u00e9moin d&rsquo;un de ces mondes o\u00f9 les \u00e9v\u00e8nements se sont d\u00e9roul\u00e9s diff\u00e9remment.<\/p>\n<p>&nbsp;<\/p>\n<p><img data-recalc-dims=\"1\" loading=\"lazy\" decoding=\"async\" data-attachment-id=\"5698\" data-permalink=\"https:\/\/humm.loverde.fr\/?attachment_id=5698\" data-orig-file=\"https:\/\/i0.wp.com\/humm.loverde.fr\/wp-content\/uploads\/2020\/05\/IMG_9654.jpg?fit=1200%2C800&amp;ssl=1\" data-orig-size=\"1200,800\" data-comments-opened=\"1\" data-image-meta=\"{&quot;aperture&quot;:&quot;0&quot;,&quot;credit&quot;:&quot;&quot;,&quot;camera&quot;:&quot;&quot;,&quot;caption&quot;:&quot;&quot;,&quot;created_timestamp&quot;:&quot;0&quot;,&quot;copyright&quot;:&quot;&quot;,&quot;focal_length&quot;:&quot;0&quot;,&quot;iso&quot;:&quot;0&quot;,&quot;shutter_speed&quot;:&quot;0&quot;,&quot;title&quot;:&quot;&quot;,&quot;orientation&quot;:&quot;0&quot;}\" data-image-title=\"IMG_9654\" data-image-description=\"\" data-image-caption=\"\" data-large-file=\"https:\/\/i0.wp.com\/humm.loverde.fr\/wp-content\/uploads\/2020\/05\/IMG_9654.jpg?fit=960%2C640&amp;ssl=1\" class=\"alignnone size-medium wp-image-5698\" src=\"https:\/\/i0.wp.com\/humm.loverde.fr\/wp-content\/uploads\/2020\/05\/IMG_9654.jpg?resize=595%2C397&#038;ssl=1\" alt=\"\" width=\"595\" height=\"397\" srcset=\"https:\/\/i0.wp.com\/humm.loverde.fr\/wp-content\/uploads\/2020\/05\/IMG_9654.jpg?resize=595%2C397&amp;ssl=1 595w, https:\/\/i0.wp.com\/humm.loverde.fr\/wp-content\/uploads\/2020\/05\/IMG_9654.jpg?resize=960%2C640&amp;ssl=1 960w, https:\/\/i0.wp.com\/humm.loverde.fr\/wp-content\/uploads\/2020\/05\/IMG_9654.jpg?resize=768%2C512&amp;ssl=1 768w, https:\/\/i0.wp.com\/humm.loverde.fr\/wp-content\/uploads\/2020\/05\/IMG_9654.jpg?w=1200&amp;ssl=1 1200w\" sizes=\"auto, (max-width: 595px) 100vw, 595px\" \/><\/p>\n<p>1.<\/p>\n<p>\u00ab Que se passerait-il \u2013 et vous allez voir o\u00f9 un \u00e9crivain de SF comme moi trouve la trame de ses livres \u2013 s\u2019il existait une pluralit\u00e9 d\u2019univers organis\u00e9s le long d\u2019un axe lat\u00e9ral, c\u2019est-\u00e0-dire perpendiculairement au flux du temps lin\u00e9aire ? Je dois bien admettre qu\u2019apr\u00e8s avoir eu cette id\u00e9e, je me suis dit qu\u2019elle \u00e9tait d\u2019une absurdit\u00e9 monumentale : dix mille corps de Dieu bien rang\u00e9s comme autant de costumes pendus dans un immense placard, et Dieu qui les porte tous en m\u00eame temps, ou qui va de l\u2019un \u00e0 l\u2019autre en marmonnant : \u00ab Je crois qu\u2019aujourd\u2019hui je vais porter celui o\u00f9 l\u2019Allemagne et le Japon ont gagn\u00e9 la seconde Guerre mondiale \u00bb ; ou ajoutant, en semi-apart\u00e9 : \u00ab Et demain je mettrai celui de Napol\u00e9on ayant \u00e9cras\u00e9 les Anglais \u2013 il est si beau, c\u2019est m\u00eame un des plus beaux. \u00bb C\u2019est absurde en effet, et \u00e7a semble confirmer que l\u2019id\u00e9e de base n\u2019est qu\u2019un pur non-sens. Mais supposons qu\u2019on r\u00e9organise juste un peu ce \u00ab placard rempli de costumes ou d\u2019ensembles diff\u00e9rents \u00bb, et qu\u2019on dise : \u00ab Et si Dieu essayait l\u2019un des costumes et puis, sans qu\u2019on sache pourquoi, change d\u2019avis ? \u00bb C\u2019est-\u00e0-dire s\u2019il d\u00e9cidait tout simplement \u2013 pour continuer dans la m\u00e9taphore \u2013 que le costume qu\u2019il poss\u00e8de ou porte n\u2019est pas celui qu\u2019il veut\u2026 dans ce cas ledit placard rempli d\u2019ensembles ou de costumes est une sorte de s\u00e9quence progressive de divers mondes, s\u00e9lectionn\u00e9s, port\u00e9s pendant un certain temps, puis rejet\u00e9s au profit d\u2019un autre meilleur ? (&#8230;)<\/p>\n<p>2.<\/p>\n<p>\u00ab j\u2019ai comme la secr\u00e8te intuition que de telles r\u00e9pudiations se produisent v\u00e9ritablement, avec comme corollaire le fait que les milliards de milliards de formes de vie ont toutes l\u2019impression \u2013 fausse \u2013 qu\u2019elles n\u2019ont rien senti, que rien n\u2019a chang\u00e9. Car en tant qu\u2019\u00e9l\u00e9ments du nouveau costume, elles s\u2019imaginent \u2013 tout aussi faussement \u2013 qu\u2019elles en font partie depuis toujours, qu\u2019elles sont telles qu\u2019elles ont toujours \u00e9t\u00e9, s\u2019en rapportant \u00e0 leurs souvenirs, qui apportent la preuve du bien-fond\u00e9 de leurs impressions subjectives. \u00bb<\/p>\n<p>3.<\/p>\n<p>\u00ab Je crois avoir fait moi-m\u00eame l\u2019exp\u00e9rience d\u2019une piste dans laquelle le Sauveur \u00e9tait revenu. Mais cette exp\u00e9rience fut tr\u00e8s br\u00e8ve. Et, \u00e0 pr\u00e9sent, je ne suis plus de ce monde. Ni m\u00eame s\u00fbr d\u2019y \u00eatre jamais all\u00e9. \u00bb<\/p>\n<p>Extrait de : Dick, Philip K. \u00ab Si ce monde vous d\u00e9pla\u00eet&#8230; \u00bb \u00a0Ce contenu est peut-\u00eatre prot\u00e9g\u00e9 par des droits d\u2019auteur.<\/p>\n<p>Christian Loverde<br \/>\n<a href=\"http:\/\/bit.ly\/CLoverde\">http:\/\/bit.ly\/CLoverde<\/a><\/p>\n","protected":false},"excerpt":{"rendered":"<p>30 mai 2020 Le 24 septembre 1977, Philip K. Dick, prononce dans le salon de l&rsquo;h\u00f4tel de ville sa c\u00e9l\u00e8bre &hellip; <\/p>\n","protected":false},"author":1,"featured_media":5698,"comment_status":"open","ping_status":"closed","sticky":false,"template":"","format":"standard","meta":{"jetpack_post_was_ever_published":false,"_jetpack_newsletter_access":"","_jetpack_dont_email_post_to_subs":false,"_jetpack_newsletter_tier_id":0,"_jetpack_memberships_contains_paywalled_content":false,"_jetpack_memberships_contains_paid_content":false,"footnotes":"","jetpack_publicize_message":"","jetpack_publicize_feature_enabled":true,"jetpack_social_post_already_shared":true,"jetpack_social_options":{"image_generator_settings":{"template":"highway","default_image_id":0,"font":"","enabled":false},"version":2}},"categories":[1],"tags":[1149,242,1110],"class_list":["post-5237","post","type-post","status-publish","format-standard","has-post-thumbnail","hentry","category-lectures","tag-confinement","tag-livres","tag-post-apocalyptique"],"jetpack_publicize_connections":[],"jetpack_featured_media_url":"https:\/\/i0.wp.com\/humm.loverde.fr\/wp-content\/uploads\/2020\/05\/IMG_9654.jpg?fit=1200%2C800&ssl=1","jetpack_sharing_enabled":true,"jetpack_shortlink":"https:\/\/wp.me\/p9whbF-1mt","jetpack_likes_enabled":true,"jetpack-related-posts":[{"id":4938,"url":"https:\/\/humm.loverde.fr\/?p=4938","url_meta":{"origin":5237,"position":0},"title":"Lectures du confinement","author":"cloverde","date":"4 avril 2020","format":false,"excerpt":"Comme tout le monde, je pense, je lis beaucoup, des livres, des News et des livres et des News... Je viens de terminer une relecture de Philip K. Dick, \" Le Ma\u00eetre du haut ch\u00e2teau \" voir l'article que j'ai \u00e9crit l\u00e0-dessus, paru le 28 mars : https:\/\/humm.loverde.fr\/le-maitre-du-haut-chateau\/ \u00c0 propos\u2026","rel":"","context":"Dans &quot;Actuel&quot;","block_context":{"text":"Actuel","link":"https:\/\/humm.loverde.fr\/?cat=13"},"img":{"alt_text":"","src":"https:\/\/i0.wp.com\/humm.loverde.fr\/wp-content\/uploads\/2020\/03\/attachment-14.png?fit=512%2C288&ssl=1&resize=350%2C200","width":350,"height":200},"classes":[]},{"id":1066,"url":"https:\/\/humm.loverde.fr\/?p=1066","url_meta":{"origin":5237,"position":1},"title":"La science fiction, par quoi commencer?","author":"cloverde","date":"5 avril 2016","format":false,"excerpt":"Bien s\u00fbr, il y a beaucoup d'autres livres qui valent le d\u00e9tour comme ceux de St\u00e9phan Wul, Philip Jos\u00e9 Farmer, Van Vogt... mais il a fallu faire un tri. Aucun ordre particulier dans cette pr\u00e9sentation. Dick est omnipr\u00e9sent dans cette s\u00e9lection car il s'agissait au d\u00e9part d'\u00e9crire un truc sur\u2026","rel":"","context":"Dans &quot;lecture&quot;","block_context":{"text":"lecture","link":"https:\/\/humm.loverde.fr\/?cat=1068"},"img":{"alt_text":"La science fiction, par quoi commencer 1","src":"https:\/\/i0.wp.com\/humm.loverde.fr\/wp-content\/uploads\/2016\/03\/La-science-fiction-par-quoi-commencer-1.jpg?resize=350%2C200&ssl=1","width":350,"height":200},"classes":[]},{"id":8392,"url":"https:\/\/humm.loverde.fr\/?p=8392","url_meta":{"origin":5237,"position":2},"title":"Lecture &#038; Cie","author":"cloverde","date":"17 juin 2023","format":false,"excerpt":"Et vous comment lisez-vous ? Perso je ne suis pas un grand lecteur, tout juste 2 ou trois livres par mois. \u00catre membre d'un club de lecture me force \u00e0 sortir de ma zone de confort. Pas trop de contraintes, 12 livres \u00e0 lire par an, 6x2, et encore on\u2026","rel":"","context":"Dans &quot;insolite&quot;","block_context":{"text":"insolite","link":"https:\/\/humm.loverde.fr\/?cat=1422"},"img":{"alt_text":"","src":"https:\/\/i0.wp.com\/humm.loverde.fr\/wp-content\/uploads\/2023\/05\/IMG_20230428_082543_164.jpg?fit=1024%2C577&ssl=1&resize=350%2C200","width":350,"height":200,"srcset":"https:\/\/i0.wp.com\/humm.loverde.fr\/wp-content\/uploads\/2023\/05\/IMG_20230428_082543_164.jpg?fit=1024%2C577&ssl=1&resize=350%2C200 1x, https:\/\/i0.wp.com\/humm.loverde.fr\/wp-content\/uploads\/2023\/05\/IMG_20230428_082543_164.jpg?fit=1024%2C577&ssl=1&resize=525%2C300 1.5x, https:\/\/i0.wp.com\/humm.loverde.fr\/wp-content\/uploads\/2023\/05\/IMG_20230428_082543_164.jpg?fit=1024%2C577&ssl=1&resize=700%2C400 2x"},"classes":[]},{"id":1768,"url":"https:\/\/humm.loverde.fr\/?p=1768","url_meta":{"origin":5237,"position":3},"title":"Philip K. Dick","author":"cloverde","date":"15 octobre 2017","format":false,"excerpt":"J'avais \u00e9crit cet article pour une formation sur le traitement de texte ou la cr\u00e9ation de page web ou les deux avec note de bas de page, liens hypertexte, tableau et tout le tintouin. C'\u00e9tait il y a longtemps... Je ne vais pas me contenter de faire un copier-coller mais\u2026","rel":"","context":"Dans &quot;Cin\u00e9ma&quot;","block_context":{"text":"Cin\u00e9ma","link":"https:\/\/humm.loverde.fr\/?cat=138"},"img":{"alt_text":"","src":"https:\/\/i0.wp.com\/humm.loverde.fr\/wp-content\/uploads\/2017\/10\/blade-runner.jpg?fit=800%2C450&ssl=1&resize=350%2C200","width":350,"height":200,"srcset":"https:\/\/i0.wp.com\/humm.loverde.fr\/wp-content\/uploads\/2017\/10\/blade-runner.jpg?fit=800%2C450&ssl=1&resize=350%2C200 1x, https:\/\/i0.wp.com\/humm.loverde.fr\/wp-content\/uploads\/2017\/10\/blade-runner.jpg?fit=800%2C450&ssl=1&resize=525%2C300 1.5x, https:\/\/i0.wp.com\/humm.loverde.fr\/wp-content\/uploads\/2017\/10\/blade-runner.jpg?fit=800%2C450&ssl=1&resize=700%2C400 2x"},"classes":[]},{"id":4915,"url":"https:\/\/humm.loverde.fr\/?p=4915","url_meta":{"origin":5237,"position":4},"title":"Le ma\u00eetre du haut ch\u00e2teau","author":"cloverde","date":"28 mars 2020","format":false,"excerpt":"Le ma\u00eetre du haut ch\u00e2teau L'\u00e9dition de 1970 est celle que j'ai lu en premier puis j'ai d\u00e9couvert une nouvelle traduction datant de 2012. Comme je dois relire le livre, c'est la moindre des choses puisque j'ai conseill\u00e9 sa Lecture au club de lecture. Bon en vrai, comme je suis\u2026","rel":"","context":"Dans &quot;lecture&quot;","block_context":{"text":"lecture","link":"https:\/\/humm.loverde.fr\/?cat=1068"},"img":{"alt_text":"","src":"https:\/\/i0.wp.com\/humm.loverde.fr\/wp-content\/uploads\/2020\/03\/IMG_8070.jpg?fit=787%2C1200&ssl=1&resize=350%2C200","width":350,"height":200,"srcset":"https:\/\/i0.wp.com\/humm.loverde.fr\/wp-content\/uploads\/2020\/03\/IMG_8070.jpg?fit=787%2C1200&ssl=1&resize=350%2C200 1x, https:\/\/i0.wp.com\/humm.loverde.fr\/wp-content\/uploads\/2020\/03\/IMG_8070.jpg?fit=787%2C1200&ssl=1&resize=525%2C300 1.5x, https:\/\/i0.wp.com\/humm.loverde.fr\/wp-content\/uploads\/2020\/03\/IMG_8070.jpg?fit=787%2C1200&ssl=1&resize=700%2C400 2x"},"classes":[]},{"id":4105,"url":"https:\/\/humm.loverde.fr\/?p=4105","url_meta":{"origin":5237,"position":5},"title":"Et les Beatles mont\u00e8rent au ciel","author":"cloverde","date":"16 ao\u00fbt 2019","format":false,"excerpt":"Et les Beatles mont\u00e8rent au ciel Je suis en train de lire le livre et je noterais juste quelques extraits concernant quelqu'un que tout fan se demande s'il doit aimer par respect pour John en faisant abstraction du \"lost week-end\", qui a dur\u00e9 plus d'un an, ou d\u00e9tester. Vous avez\u2026","rel":"","context":"Dans &quot;Lectures&quot;","block_context":{"text":"Lectures","link":"https:\/\/humm.loverde.fr\/?cat=1"},"img":{"alt_text":"","src":"https:\/\/i0.wp.com\/humm.loverde.fr\/wp-content\/uploads\/2019\/08\/Attachment-6.png?fit=809%2C1141&ssl=1&resize=350%2C200","width":350,"height":200,"srcset":"https:\/\/i0.wp.com\/humm.loverde.fr\/wp-content\/uploads\/2019\/08\/Attachment-6.png?fit=809%2C1141&ssl=1&resize=350%2C200 1x, https:\/\/i0.wp.com\/humm.loverde.fr\/wp-content\/uploads\/2019\/08\/Attachment-6.png?fit=809%2C1141&ssl=1&resize=525%2C300 1.5x, https:\/\/i0.wp.com\/humm.loverde.fr\/wp-content\/uploads\/2019\/08\/Attachment-6.png?fit=809%2C1141&ssl=1&resize=700%2C400 2x"},"classes":[]}],"_links":{"self":[{"href":"https:\/\/humm.loverde.fr\/index.php?rest_route=\/wp\/v2\/posts\/5237","targetHints":{"allow":["GET"]}}],"collection":[{"href":"https:\/\/humm.loverde.fr\/index.php?rest_route=\/wp\/v2\/posts"}],"about":[{"href":"https:\/\/humm.loverde.fr\/index.php?rest_route=\/wp\/v2\/types\/post"}],"author":[{"embeddable":true,"href":"https:\/\/humm.loverde.fr\/index.php?rest_route=\/wp\/v2\/users\/1"}],"replies":[{"embeddable":true,"href":"https:\/\/humm.loverde.fr\/index.php?rest_route=%2Fwp%2Fv2%2Fcomments&post=5237"}],"version-history":[{"count":6,"href":"https:\/\/humm.loverde.fr\/index.php?rest_route=\/wp\/v2\/posts\/5237\/revisions"}],"predecessor-version":[{"id":5699,"href":"https:\/\/humm.loverde.fr\/index.php?rest_route=\/wp\/v2\/posts\/5237\/revisions\/5699"}],"wp:featuredmedia":[{"embeddable":true,"href":"https:\/\/humm.loverde.fr\/index.php?rest_route=\/wp\/v2\/media\/5698"}],"wp:attachment":[{"href":"https:\/\/humm.loverde.fr\/index.php?rest_route=%2Fwp%2Fv2%2Fmedia&parent=5237"}],"wp:term":[{"taxonomy":"category","embeddable":true,"href":"https:\/\/humm.loverde.fr\/index.php?rest_route=%2Fwp%2Fv2%2Fcategories&post=5237"},{"taxonomy":"post_tag","embeddable":true,"href":"https:\/\/humm.loverde.fr\/index.php?rest_route=%2Fwp%2Fv2%2Ftags&post=5237"}],"curies":[{"name":"wp","href":"https:\/\/api.w.org\/{rel}","templated":true}]}}