{"id":5241,"date":"2020-05-31T08:59:11","date_gmt":"2020-05-31T07:59:11","guid":{"rendered":"https:\/\/humm.loverde.fr\/?p=5241"},"modified":"2020-12-20T23:48:16","modified_gmt":"2020-12-20T22:48:16","slug":"lectures-du-confinement-la-legende-doree","status":"publish","type":"post","link":"https:\/\/humm.loverde.fr\/?p=5241","title":{"rendered":"Lecture confin\u00e9e: La l\u00e9gende dor\u00e9e"},"content":{"rendered":"<p>31 mai 2020<\/p>\n<p>La L\u00e9gende dor\u00e9e (Legenda aurea en latin) est un ouvrage r\u00e9dig\u00e9 en latin entre 1261 et 1266 par Jacques de Voragine, dominicain et archev\u00eaque de G\u00eanes, qui raconte la vie d&rsquo;environ 150 saints ou groupes de saints, saintes et martyrs chr\u00e9tiens, et, suivant les dates de l&rsquo;ann\u00e9e liturgique, certains \u00e9v\u00e9nements de la vie du Christ et de la Vierge Marie. (..) Mythologie chr\u00e9tienne construite sur les croyances pa\u00efennes que le christianisme dut assimiler dans le but de les contr\u00f4ler.<br \/>\nCette sainte est n\u00e9e \u00e0 Antioche de Pisidie vers l&rsquo;an 275. Convertie au christianisme, elle fait v\u0153u de virginit\u00e9, repousse les avances du gouverneur romain Olybrius et refuse d&rsquo;abjurer sa foi.<br \/>\nL&rsquo;absence de bases historiques de son hagiographie a entra\u00een\u00e9 l&rsquo;interruption de son culte apr\u00e8s le concile de Vatican II. Elle reste tr\u00e8s v\u00e9n\u00e9r\u00e9e dans l&rsquo;\u00c9glise orthodoxe. (Wikipedia)<\/p>\n<p>Vous vous demandez ce que je fait dans cette Histoire, soyez rassur\u00e9 ce n&rsquo;est pas une r\u00e9v\u00e9lation de la foi ! C&rsquo;est la Lecture de L&rsquo;affaire Arnolfini et le passage : \u00ab Patronne r\u00e9v\u00e9r\u00e9e des femmes enceintes avant d\u2019\u00eatre retir\u00e9e du calendrier de l\u2019\u00c9glise en 1969 pour cause d\u2019authenticit\u00e9 archi-douteuse, Marguerite d\u2019Antioche est le plus souvent repr\u00e9sent\u00e9e sortant du ventre du dragon. \u00bb qui a attis\u00e9 ma curiosit\u00e9.<\/p>\n<p><span style=\"-webkit-tap-highlight-color: rgba(0, 0, 0, 0);\"><img data-recalc-dims=\"1\" loading=\"lazy\" decoding=\"async\" data-attachment-id=\"5696\" data-permalink=\"https:\/\/humm.loverde.fr\/?attachment_id=5696\" data-orig-file=\"https:\/\/i0.wp.com\/humm.loverde.fr\/wp-content\/uploads\/2020\/05\/IMG_9653.jpg?fit=1200%2C906&amp;ssl=1\" data-orig-size=\"1200,906\" data-comments-opened=\"1\" data-image-meta=\"{&quot;aperture&quot;:&quot;0&quot;,&quot;credit&quot;:&quot;&quot;,&quot;camera&quot;:&quot;&quot;,&quot;caption&quot;:&quot;&quot;,&quot;created_timestamp&quot;:&quot;0&quot;,&quot;copyright&quot;:&quot;&quot;,&quot;focal_length&quot;:&quot;0&quot;,&quot;iso&quot;:&quot;0&quot;,&quot;shutter_speed&quot;:&quot;0&quot;,&quot;title&quot;:&quot;&quot;,&quot;orientation&quot;:&quot;0&quot;}\" data-image-title=\"IMG_9653\" data-image-description=\"\" data-image-caption=\"\" data-large-file=\"https:\/\/i0.wp.com\/humm.loverde.fr\/wp-content\/uploads\/2020\/05\/IMG_9653.jpg?fit=960%2C725&amp;ssl=1\" class=\"alignnone size-medium wp-image-5696\" src=\"https:\/\/i0.wp.com\/humm.loverde.fr\/wp-content\/uploads\/2020\/05\/IMG_9653.jpg?resize=595%2C449&#038;ssl=1\" alt=\"\" width=\"595\" height=\"449\" srcset=\"https:\/\/i0.wp.com\/humm.loverde.fr\/wp-content\/uploads\/2020\/05\/IMG_9653.jpg?resize=595%2C449&amp;ssl=1 595w, https:\/\/i0.wp.com\/humm.loverde.fr\/wp-content\/uploads\/2020\/05\/IMG_9653.jpg?resize=960%2C725&amp;ssl=1 960w, https:\/\/i0.wp.com\/humm.loverde.fr\/wp-content\/uploads\/2020\/05\/IMG_9653.jpg?resize=768%2C580&amp;ssl=1 768w, https:\/\/i0.wp.com\/humm.loverde.fr\/wp-content\/uploads\/2020\/05\/IMG_9653.jpg?w=1200&amp;ssl=1 1200w\" sizes=\"auto, (max-width: 595px) 100vw, 595px\" \/><\/span><\/p>\n<p>Texte int\u00e9gral retrouv\u00e9 et qui est dans le domaine public :<\/p>\n<p>Sainte Marguerite naquit \u00e0 Antioche, et elle \u00e9tait fille de Th\u00e9odose, pr\u00eatre des gentils. Elle fut mise en nourrice, et quand elle eut l&rsquo;\u00e2ge de raison, elle fut baptis\u00e9e. Un jour, qu&rsquo;elle avait atteint sa quinzi\u00e8me ann\u00e9e, et qu&rsquo;elle gardait les brebis de sa nourrice, le gouverneur Olibrius, passant par l\u00e0, la vit, et il fut frapp\u00e9 de sa beaut\u00e9; et il con\u00e7ut pour elle une grande passion, et il dit \u00e0 ses esclaves: \u00ab Allez, et amenez c\u00e9tte fille, afin que si elle est libre j&rsquo;en fasse mon \u00e9pouse, et si elle est esclave, je la prenne pour concubine. \u00bb<\/p>\n<p>Et lorsqu&rsquo;elle lui fut amen\u00e9e, il lui demanda son pays, son nom et sa religion. Elle r\u00e9pondit qu&rsquo;elle \u00e9tait de race noble, qu&rsquo;elle se nommait Marguerite, et qu&rsquo;elle \u00e9tait chr\u00e9tienne.<\/p>\n<p>Et le gouverneur lui dit : \u00ab Comment une fille noble et belle comme toi peut-elle adorer J\u00e9sus le crucfi\u00e9? \u00bb<\/p>\n<p>Elle lui r\u00e9pondit: \u00ab O\u00f9 as-tu appris que J\u00e9sus ait \u00e9t\u00e9 crucili\u00e9?\u00bb<\/p>\n<p>Il lui r\u00e9pondit : \u00ab Dans les livres des chr\u00e9tiens. \u00bb<\/p>\n<p>Et Marguerite lui dit: \u00ab Si tu y vois qu&rsquo;il a \u00e9t\u00e9 crucili\u00e9, tu y vois aussi sa gloire et sa puissance; pourquoi crois-tu \u00e0 une portion de ce que tu y vois, et pourquoi rejettes-tu le reste? \u00bb<\/p>\n<p>Et comme elle ajoutait que J\u00e9sus-Christ vivait \u00e9ternellement, le gouverneur, irrit\u00e9, la fit mettre en prison. Le lendemain, il la fit venir, et il lui dit: \u00ab Malheureuse fille, aie piti\u00e9 de ta propre beaut\u00e9, et adore nos dieux, afin d&rsquo;en retirer avantage. \u00bb<\/p>\n<p>Et elle r\u00e9pliqua: \u00ab J&rsquo;adore celui que redoute la terre, que craint la mer, et devant lequel toutes les cr\u00e9atures tremblent. \u00bb<\/p>\n<p>Et le gouverneur lui r\u00e9pondit : \u00ab si tu persistes dans ton aveuglement, je ferai d\u00e9chirer ton corps. \u00bb<\/p>\n<p>Et Marguerite r\u00e9pondit : \u00ab J\u00e9sus s&rsquo;est livr\u00e9 \u00e0 la mort pour moi, et moi je d\u00e9sire mourir pour lui. \u00bb<\/p>\n<p>Alors le gouverneur donna l&rsquo;ordre de la suspendre sur le chevalet el de la battre rudement de verges, et ensuite de d\u00e9chirer son corps avec des ongles de fer, jusqu&rsquo;a ce que ses os fussent mis \u00e0 nu. Et le sang coula de son corps comme d&rsquo;une source tr\u00e8s-pure; les assistants pleuraient et ils disaient : \u00ab Marguerite, nous avons vraiment compassion de toi, en voyant d\u00e9chirer si cruellement ton corps. O quelle beaut\u00e9 t&rsquo;a fait perdre ton incr\u00e9dulit\u00e9! Et maintenant, crois, afin que tu vives. \u00bb<\/p>\n<p>Et elle r\u00e9pondit: \u00ab O mauvais conseillers, retirez-vous loin de moi; ce tourments de la chair sont le salut de l&rsquo;\u00e2me.<\/p>\n<p>Et elle dit au gouverneur: \u00ab Chien impudent, lion insatiable, tu as du pouvoir sur la chair, mais J\u00e9sus-Christ se r\u00e9serve l&rsquo;\u00e2me. \u00bb Et le gouverneur se couvrit le visage de son manteau, ne pouvant supporter l&rsquo;aspect de tant de sang; il ordonna ensuite de la d\u00e9tacher et de la mettre en prison, et une clart\u00e9 merveilleuse \u00e9clata dans son cachot. Et la sainte pria le Seigneur de lui faire voir l&rsquo;ennemi qu&rsquo;elle avait \u00e0 combattre, et voici qu&rsquo;un \u00e9norme dragon se montra devant elle. Et lorsqu&rsquo;il s&rsquo;\u00e9lan\u00e7ait pour la d\u00e9vorer, elle fit le signe de la croix, et il disparut.<\/p>\n<p>D&rsquo;autres disent que le dragon lui saisit la t\u00eate dans sa gueule, et comne il allait la d\u00e9vorer, elle lit le signe de la croix, et le dragon creva, et la sainte resta sans aucun mal.<\/p>\n<p>Mais ce r\u00e9cit-la est regarl\u00e9 comme vain et mal fond\u00e9. Le diable, pour tromper alors Marguerite, se pr\u00e9senta Sous l&rsquo;aspect d&rsquo;un homme. Elle, le voyant, se mit en oraison; et lorsque le diable s&rsquo;approcha, il lui prit les mains et il dit: \u00ab Qu&rsquo;il te sufise ce que tu as fait. \u00bb Mais elle le prit par la t\u00eate et le jeta par terre, et elle mit son pied droit sur la t\u00eate du diable, et elle lui dit: \u00ab Tremble, ennemi superbe, tu gis sous les pieds d&rsquo;une femme!\u00bb<\/p>\n<p>Et le d\u00e9mon criait : \u00ab O bienheureuse Marguerite, je suis vaincu. Si c&rsquo;\u00e9tait un homme qui triomphait de moi, je ne me plaindrais pas; mais je suis vaincu par une enfant, et j&rsquo;en suis d&rsquo;autant plus d\u00e9sol\u00e9, que son p\u00e8re et sa m\u00e8re sont mes amis. \u00bb Et elle le for\u00e7a de dire pourquoi il \u00e9tait venu.<\/p>\n<p>Et il r\u00e9pondit qu&rsquo;il \u00e9tait venu pour lui persuader d&rsquo;ob\u00e9ir aux ordres du gouverneur. Elle le for\u00e7a ensuite de dire pourquoi il tentait si fort les chr\u00e9tiens. Il r\u00e9pondit qu&rsquo;il avait une haine naturelle contre les gens vertueux, et comme il \u00e9tait souvent repouss\u00e9 d&rsquo;eux, il \u00e9tait infect\u00e9 du d\u00e9sir de les s\u00e9duire; et que, comme il ne pouvait rentrer en possession du bonheur c\u00e9leste qu&rsquo;il avait perdu, il faisait ce qu&rsquo;il pouvait pour en priver les hommes. Et il ajouta que Salomon avait enferm\u00e9 dans un vase une infinit\u00e9 de d\u00e9mons, et apr\u00e8s sa mort, les Juifs, croyant y trouver un grand tr\u00e9sor, bris\u00e8rent le vase, et les d\u00e9mons s&rsquo;enfuirent et ils remplirent les airs.<\/p>\n<p>Lorsqu&rsquo;il eut dit cela, la vierge souleva son pied et dit: \u00abVa-t&rsquo;en, mis\u00e9rable. \u00bb<\/p>\n<p>Et le d\u00e9mon se sauva aussit\u00f4t. Le lendemain, en pr\u00e9sence du peuple, elle fut amen\u00e9e devant le juge, qui lui ordonna de sacrifier; et, comme elle s&rsquo;y refusa, il la fit d\u00e9pouiller et lui fit br\u00fbler le corps avec des torches ardentes, de sorte que tous s&rsquo;\u00e9tonnaient qu&rsquo;une fille si jeune p\u00fbt soutenir tant de tourments. Puis il la fit jeter dans un grand bassin plein d&rsquo;eau, afin que ce changement de peine accr\u00fbt ses douleurs.<\/p>\n<p>Et soudain la terre trembla, et Marguerite sortit du bassin sans avoir aucun-mal. Alors cinq mille hommes crurent, et ils re\u00e7urent arr\u00eat de mort pour le nom de J\u00e9sus-Christ.<\/p>\n<p>Et le gouverneur, craignant que d&rsquo;autres ne se convertissent, ordonna de d\u00e9capiter la bienheureuse Marguerite. Et elle demanda le temps de faire oraison, et elle pria pour elle et pour ses pers\u00e9cuteurs, ajoutant que toute femme en couches qui l&rsquo;invoquerait enfanterait sans danger.<\/p>\n<p>Et l&rsquo;on entendit une voix du ciel qui disait que ses pri\u00e8res \u00e9taient exauc\u00e9es. Et se relevant, la sainte dit au bourreau: \u00ab Fr\u00e8re, prends ton glaive et frappe moi et il abattit d&rsquo;un seul coup la t\u00eate de la sainte, qui re\u00e7ut ainsi la couronne du martyre. Elle souffrit le treize des calendes d&rsquo;ao\u00fbt, \u00e0 ce qu&rsquo;on lit dans son histoire; ailleurs on trouve que ce fut le trois des ides de juillet.<\/p>\n<p>Christian Loverde<br \/>\n<a href=\"http:\/\/bit.ly\/CLoverde\" target=\"_blank\" rel=\"noopener noreferrer\">http:\/\/bit.ly\/CLoverde<\/a><\/p>\n","protected":false},"excerpt":{"rendered":"<p>31 mai 2020 La L\u00e9gende dor\u00e9e (Legenda aurea en latin) est un ouvrage r\u00e9dig\u00e9 en latin entre 1261 et 1266 &hellip; <\/p>\n","protected":false},"author":1,"featured_media":5696,"comment_status":"open","ping_status":"closed","sticky":false,"template":"","format":"standard","meta":{"jetpack_post_was_ever_published":false,"_jetpack_newsletter_access":"","_jetpack_dont_email_post_to_subs":false,"_jetpack_newsletter_tier_id":0,"_jetpack_memberships_contains_paywalled_content":false,"_jetpack_memberships_contains_paid_content":false,"footnotes":"","jetpack_publicize_message":"","jetpack_publicize_feature_enabled":true,"jetpack_social_post_already_shared":true,"jetpack_social_options":{"image_generator_settings":{"template":"highway","default_image_id":0,"font":"","enabled":false},"version":2}},"categories":[1],"tags":[1149,242,1110],"class_list":["post-5241","post","type-post","status-publish","format-standard","has-post-thumbnail","hentry","category-lectures","tag-confinement","tag-livres","tag-post-apocalyptique"],"jetpack_publicize_connections":[],"jetpack_featured_media_url":"https:\/\/i0.wp.com\/humm.loverde.fr\/wp-content\/uploads\/2020\/05\/IMG_9653.jpg?fit=1200%2C906&ssl=1","jetpack_sharing_enabled":true,"jetpack_shortlink":"https:\/\/wp.me\/p9whbF-1mx","jetpack_likes_enabled":true,"jetpack-related-posts":[{"id":2965,"url":"https:\/\/humm.loverde.fr\/?p=2965","url_meta":{"origin":5241,"position":0},"title":"Les Sept Dormants d&rsquo;\u00c9ph\u00e8se","author":"cloverde","date":"27 mai 2018","format":false,"excerpt":"Sept Dormants d'\u00c9ph\u00e8se Illustration : L'empereur D\u00e8ce ordonnant l'emmurement des Sept Dormants. D'apr\u00e8s un manuscrit du xive si\u00e8cle. Article provenant pour partie de Wikipedia. L\u00e9gende similaire \u00e0 \"la belle au bois dormant\" ou ayant servi de source? Les Sept Dormants d'\u00c9ph\u00e8se est un miracle qui semble commun aux chr\u00e9tiens et\u2026","rel":"","context":"Dans &quot;Contes&quot;","block_context":{"text":"Contes","link":"https:\/\/humm.loverde.fr\/?cat=725"},"img":{"alt_text":"","src":"https:\/\/i0.wp.com\/humm.loverde.fr\/wp-content\/uploads\/2018\/05\/IMG_4022.jpg?resize=350%2C200&ssl=1","width":350,"height":200,"srcset":"https:\/\/i0.wp.com\/humm.loverde.fr\/wp-content\/uploads\/2018\/05\/IMG_4022.jpg?resize=350%2C200&ssl=1 1x, https:\/\/i0.wp.com\/humm.loverde.fr\/wp-content\/uploads\/2018\/05\/IMG_4022.jpg?resize=525%2C300&ssl=1 1.5x, https:\/\/i0.wp.com\/humm.loverde.fr\/wp-content\/uploads\/2018\/05\/IMG_4022.jpg?resize=700%2C400&ssl=1 2x"},"classes":[]},{"id":11140,"url":"https:\/\/humm.loverde.fr\/?p=11140","url_meta":{"origin":5241,"position":1},"title":"In the pines","author":"kris33390","date":"20 octobre 2024","format":false,"excerpt":"Je n'arrive pas \u00e0 m'enlever cet air de la t\u00eate alors j'ai demand\u00e9 \u00e0 Chatgpt d'\u00e9crire une histoire. Il n'y a pas de rapport, c'est juste pour apporter quelque chose de nouveau \u00e0 cette chanson dont les paroles de chaque version sont diff\u00e9rentes, les unes plus noires que les autres.\u2026","rel":"","context":"Dans &quot;Musique&quot;","block_context":{"text":"Musique","link":"https:\/\/humm.loverde.fr\/?cat=233"},"img":{"alt_text":"","src":"https:\/\/i0.wp.com\/humm.loverde.fr\/wp-content\/uploads\/2024\/08\/IMG_20240818_065406_84.jpg?fit=1200%2C1124&ssl=1&resize=350%2C200","width":350,"height":200,"srcset":"https:\/\/i0.wp.com\/humm.loverde.fr\/wp-content\/uploads\/2024\/08\/IMG_20240818_065406_84.jpg?fit=1200%2C1124&ssl=1&resize=350%2C200 1x, https:\/\/i0.wp.com\/humm.loverde.fr\/wp-content\/uploads\/2024\/08\/IMG_20240818_065406_84.jpg?fit=1200%2C1124&ssl=1&resize=525%2C300 1.5x, https:\/\/i0.wp.com\/humm.loverde.fr\/wp-content\/uploads\/2024\/08\/IMG_20240818_065406_84.jpg?fit=1200%2C1124&ssl=1&resize=700%2C400 2x, https:\/\/i0.wp.com\/humm.loverde.fr\/wp-content\/uploads\/2024\/08\/IMG_20240818_065406_84.jpg?fit=1200%2C1124&ssl=1&resize=1050%2C600 3x"},"classes":[]},{"id":10752,"url":"https:\/\/humm.loverde.fr\/?p=10752","url_meta":{"origin":5241,"position":2},"title":"La Llorona","author":"kris33390","date":"22 septembre 2024","format":false,"excerpt":"Riposte, le film Film tr\u00e8s moyen mais il n'est pas l\u00e0 pour \u00e7a, c'est juste le d\u00e9clencheur. Pendant l'enterrement du p\u00e8re(*) la sc\u00e8ne est accompagn\u00e9e d'une chanson que j'avais d\u00e9couverte, interpr\u00e9t\u00e9e par Joan Baez, il y a longtemps, au point de conna\u00eetre les paroles par c\u0153ur ? Presque. La Llorona\u2026","rel":"","context":"Dans &quot;Musique&quot;","block_context":{"text":"Musique","link":"https:\/\/humm.loverde.fr\/?cat=233"},"img":{"alt_text":"","src":"https:\/\/i0.wp.com\/humm.loverde.fr\/wp-content\/uploads\/2024\/07\/IMG_20240717_133254_711.jpg?fit=800%2C533&ssl=1&resize=350%2C200","width":350,"height":200,"srcset":"https:\/\/i0.wp.com\/humm.loverde.fr\/wp-content\/uploads\/2024\/07\/IMG_20240717_133254_711.jpg?fit=800%2C533&ssl=1&resize=350%2C200 1x, https:\/\/i0.wp.com\/humm.loverde.fr\/wp-content\/uploads\/2024\/07\/IMG_20240717_133254_711.jpg?fit=800%2C533&ssl=1&resize=525%2C300 1.5x, https:\/\/i0.wp.com\/humm.loverde.fr\/wp-content\/uploads\/2024\/07\/IMG_20240717_133254_711.jpg?fit=800%2C533&ssl=1&resize=700%2C400 2x"},"classes":[]},{"id":3872,"url":"https:\/\/humm.loverde.fr\/?p=3872","url_meta":{"origin":5241,"position":3},"title":"\u00catre ici est une splendeur, Marie Darrieussecq","author":"cloverde","date":"22 juillet 2019","format":false,"excerpt":"\u00catre ici est une splendeur, Marie Darrieussecq Histoire d'une peintre, peut-\u00eatre en avance sur son temps, morte \u00e0 l'\u00e2ge de 31 ans en 1907. A fr\u00e9quent\u00e9 les plus grands peintres, sculpteur et \u00e9crivain de son \u00e9poque \u00e0 Paris et a pr\u00e9f\u00e9r\u00e9* revenir dans le petit village allemand de Worpswede pour\u2026","rel":"","context":"Dans &quot;Lectures&quot;","block_context":{"text":"Lectures","link":"https:\/\/humm.loverde.fr\/?cat=1"},"img":{"alt_text":"","src":"https:\/\/i0.wp.com\/humm.loverde.fr\/wp-content\/uploads\/2019\/06\/Attachment-1-2.png?fit=800%2C339&ssl=1&resize=350%2C200","width":350,"height":200,"srcset":"https:\/\/i0.wp.com\/humm.loverde.fr\/wp-content\/uploads\/2019\/06\/Attachment-1-2.png?fit=800%2C339&ssl=1&resize=350%2C200 1x, https:\/\/i0.wp.com\/humm.loverde.fr\/wp-content\/uploads\/2019\/06\/Attachment-1-2.png?fit=800%2C339&ssl=1&resize=525%2C300 1.5x, https:\/\/i0.wp.com\/humm.loverde.fr\/wp-content\/uploads\/2019\/06\/Attachment-1-2.png?fit=800%2C339&ssl=1&resize=700%2C400 2x"},"classes":[]},{"id":4105,"url":"https:\/\/humm.loverde.fr\/?p=4105","url_meta":{"origin":5241,"position":4},"title":"Et les Beatles mont\u00e8rent au ciel","author":"cloverde","date":"16 ao\u00fbt 2019","format":false,"excerpt":"Et les Beatles mont\u00e8rent au ciel Je suis en train de lire le livre et je noterais juste quelques extraits concernant quelqu'un que tout fan se demande s'il doit aimer par respect pour John en faisant abstraction du \"lost week-end\", qui a dur\u00e9 plus d'un an, ou d\u00e9tester. Vous avez\u2026","rel":"","context":"Dans &quot;Lectures&quot;","block_context":{"text":"Lectures","link":"https:\/\/humm.loverde.fr\/?cat=1"},"img":{"alt_text":"","src":"https:\/\/i0.wp.com\/humm.loverde.fr\/wp-content\/uploads\/2019\/08\/Attachment-6.png?fit=809%2C1141&ssl=1&resize=350%2C200","width":350,"height":200,"srcset":"https:\/\/i0.wp.com\/humm.loverde.fr\/wp-content\/uploads\/2019\/08\/Attachment-6.png?fit=809%2C1141&ssl=1&resize=350%2C200 1x, https:\/\/i0.wp.com\/humm.loverde.fr\/wp-content\/uploads\/2019\/08\/Attachment-6.png?fit=809%2C1141&ssl=1&resize=525%2C300 1.5x, https:\/\/i0.wp.com\/humm.loverde.fr\/wp-content\/uploads\/2019\/08\/Attachment-6.png?fit=809%2C1141&ssl=1&resize=700%2C400 2x"},"classes":[]},{"id":6371,"url":"https:\/\/humm.loverde.fr\/?p=6371","url_meta":{"origin":5241,"position":5},"title":"Les vierges, Ir\u00e8ne N\u00e9mirovsky","author":"cloverde","date":"24 ao\u00fbt 2021","format":false,"excerpt":"24\/08 Ir\u00e8ne N\u00e9mirovsky est une romanci\u00e8re russe d'expression fran\u00e7aise, n\u00e9e \u00e0 Kiev le 11 f\u00e9vrier 1903 et morte le 19 ao\u00fbt 1942 \u00e0 Auschwitz. (Wikip\u00e9dia) R\u00e9sum\u00e9 de ce recueil de nouvelles : Femmes terrass\u00e9es par la fortune qui a cess\u00e9 de leur ob\u00e9ir. Hommes brutalement d\u00e9pouill\u00e9s de leurs atouts. M\u00e8res\u2026","rel":"","context":"Dans &quot;lecture&quot;","block_context":{"text":"lecture","link":"https:\/\/humm.loverde.fr\/?cat=1068"},"img":{"alt_text":"","src":"https:\/\/i0.wp.com\/humm.loverde.fr\/wp-content\/uploads\/2021\/07\/IMG_20210718_085849_199.jpg?fit=754%2C1162&ssl=1&resize=350%2C200","width":350,"height":200,"srcset":"https:\/\/i0.wp.com\/humm.loverde.fr\/wp-content\/uploads\/2021\/07\/IMG_20210718_085849_199.jpg?fit=754%2C1162&ssl=1&resize=350%2C200 1x, https:\/\/i0.wp.com\/humm.loverde.fr\/wp-content\/uploads\/2021\/07\/IMG_20210718_085849_199.jpg?fit=754%2C1162&ssl=1&resize=525%2C300 1.5x, https:\/\/i0.wp.com\/humm.loverde.fr\/wp-content\/uploads\/2021\/07\/IMG_20210718_085849_199.jpg?fit=754%2C1162&ssl=1&resize=700%2C400 2x"},"classes":[]}],"_links":{"self":[{"href":"https:\/\/humm.loverde.fr\/index.php?rest_route=\/wp\/v2\/posts\/5241","targetHints":{"allow":["GET"]}}],"collection":[{"href":"https:\/\/humm.loverde.fr\/index.php?rest_route=\/wp\/v2\/posts"}],"about":[{"href":"https:\/\/humm.loverde.fr\/index.php?rest_route=\/wp\/v2\/types\/post"}],"author":[{"embeddable":true,"href":"https:\/\/humm.loverde.fr\/index.php?rest_route=\/wp\/v2\/users\/1"}],"replies":[{"embeddable":true,"href":"https:\/\/humm.loverde.fr\/index.php?rest_route=%2Fwp%2Fv2%2Fcomments&post=5241"}],"version-history":[{"count":11,"href":"https:\/\/humm.loverde.fr\/index.php?rest_route=\/wp\/v2\/posts\/5241\/revisions"}],"predecessor-version":[{"id":5697,"href":"https:\/\/humm.loverde.fr\/index.php?rest_route=\/wp\/v2\/posts\/5241\/revisions\/5697"}],"wp:featuredmedia":[{"embeddable":true,"href":"https:\/\/humm.loverde.fr\/index.php?rest_route=\/wp\/v2\/media\/5696"}],"wp:attachment":[{"href":"https:\/\/humm.loverde.fr\/index.php?rest_route=%2Fwp%2Fv2%2Fmedia&parent=5241"}],"wp:term":[{"taxonomy":"category","embeddable":true,"href":"https:\/\/humm.loverde.fr\/index.php?rest_route=%2Fwp%2Fv2%2Fcategories&post=5241"},{"taxonomy":"post_tag","embeddable":true,"href":"https:\/\/humm.loverde.fr\/index.php?rest_route=%2Fwp%2Fv2%2Ftags&post=5241"}],"curies":[{"name":"wp","href":"https:\/\/api.w.org\/{rel}","templated":true}]}}