{"id":5357,"date":"2020-06-09T06:51:21","date_gmt":"2020-06-09T05:51:21","guid":{"rendered":"https:\/\/humm.loverde.fr\/?p=5357"},"modified":"2020-06-09T07:05:16","modified_gmt":"2020-06-09T06:05:16","slug":"poelee-de-saint-jacques-crevettes-aux-epices","status":"publish","type":"post","link":"https:\/\/humm.loverde.fr\/?p=5357","title":{"rendered":"Po\u00eal\u00e9e de Saint-Jacques, crevettes aux \u00e9pices"},"content":{"rendered":"<p>Po\u00eal\u00e9e de Saint-Jacques, crevettes aux \u00e9pices<\/p>\n<p>Pas grand chose \u00e0 dire \u00e0 propos de cette recette, peut-\u00eatre que je ne cuisine pas tr\u00e8s souvent les Saint-Jacques. Je ne suis pas \u00e0 l&rsquo;aise avec cette mati\u00e8re premi\u00e8re. J&rsquo;ai tout essay\u00e9 fra\u00eeches, congel\u00e9es avec ou sans le truc orange (le corail&#8230;), po\u00eale ou brochettes. Je n&rsquo;ai jamais \u00e9t\u00e9 pleinement satisfait.<\/p>\n<p>Voici un essai qui au final m&rsquo;a r\u00e9concili\u00e9 avec les Saint-Jacques.<\/p>\n<p><img data-recalc-dims=\"1\" loading=\"lazy\" decoding=\"async\" data-attachment-id=\"5358\" data-permalink=\"https:\/\/humm.loverde.fr\/?attachment_id=5358\" data-orig-file=\"https:\/\/i0.wp.com\/humm.loverde.fr\/wp-content\/uploads\/2020\/06\/attachment-32.png?fit=800%2C450&amp;ssl=1\" data-orig-size=\"800,450\" data-comments-opened=\"1\" data-image-meta=\"{&quot;aperture&quot;:&quot;0&quot;,&quot;credit&quot;:&quot;&quot;,&quot;camera&quot;:&quot;&quot;,&quot;caption&quot;:&quot;&quot;,&quot;created_timestamp&quot;:&quot;0&quot;,&quot;copyright&quot;:&quot;&quot;,&quot;focal_length&quot;:&quot;0&quot;,&quot;iso&quot;:&quot;0&quot;,&quot;shutter_speed&quot;:&quot;0&quot;,&quot;title&quot;:&quot;&quot;,&quot;orientation&quot;:&quot;0&quot;}\" data-image-title=\"Po\u00eal\u00e9e de Saint-Jacques, crevettes aux \u00e9pices\" data-image-description=\"\" data-image-caption=\"\" data-large-file=\"https:\/\/i0.wp.com\/humm.loverde.fr\/wp-content\/uploads\/2020\/06\/attachment-32.png?fit=800%2C450&amp;ssl=1\" class=\"aligncenter size-medium wp-image-5358\" src=\"https:\/\/i0.wp.com\/humm.loverde.fr\/wp-content\/uploads\/2020\/06\/attachment-32.png?resize=595%2C335&#038;ssl=1\" alt=\"\" width=\"595\" height=\"335\" srcset=\"https:\/\/i0.wp.com\/humm.loverde.fr\/wp-content\/uploads\/2020\/06\/attachment-32.png?resize=595%2C335&amp;ssl=1 595w, https:\/\/i0.wp.com\/humm.loverde.fr\/wp-content\/uploads\/2020\/06\/attachment-32.png?resize=768%2C432&amp;ssl=1 768w, https:\/\/i0.wp.com\/humm.loverde.fr\/wp-content\/uploads\/2020\/06\/attachment-32.png?w=800&amp;ssl=1 800w\" sizes=\"auto, (max-width: 595px) 100vw, 595px\" \/><\/p>\n<p><b>Ingr\u00e9dients<\/b> (pour 2 personnes) :<\/p>\n<ul>\n<li>De belles noix de St Jacques<\/li>\n<li>300g de crevettes cuites<\/li>\n<li>1\/4 d\u2019oignon rouge en fines lani\u00e8res<\/li>\n<li>1 petite \u00e9chalote cisel\u00e9e<\/li>\n<li>2 cuill\u00e8re \u00e0 caf\u00e9 rases de fumet de poisson<\/li>\n<li>1 petit pot de cr\u00e8me fra\u00eeche<\/li>\n<li>un peu de persil hach\u00e9 menu<\/li>\n<li>1 cube de bouillon de volaille<\/li>\n<li>1 gousse d&rsquo;ail hach\u00e9e finement<\/li>\n<li>1\/2 cuill\u00e8re \u00e0 soupe d\u2019huile<\/li>\n<\/ul>\n<p><b>Pr\u00e9paration<\/b> :<\/p>\n<p>Mettre \u00e0 chauffer tr\u00e8s fort une po\u00eale anti adh\u00e9sive (sans mati\u00e8re grasse) afin d\u2019y faire saisir et dorer les noix de St Jacques 1 ou 2 minutes de chaque c\u00f4t\u00e9. R\u00e9servez.<\/p>\n<p>Dans les sucs de cuisson des noix de St Jacques, mettre l\u2019huile dans la po\u00eale et faire fondre un peu l\u2019oignon et l&rsquo;\u00e9chalote.<\/p>\n<p>\u00c9miettez le cube, ajoutez la cr\u00e8me.<\/p>\n<p>Ajoutez le fumet de poisson, l\u2019ail et le persil.<\/p>\n<p>A feu doux, m\u00e9langez d\u00e9licatement l\u2019ensemble en prenant soin de bien r\u00e9cup\u00e9rer les sucs au fond de la po\u00eale.<\/p>\n<p>D\u00e9posez les noix de St Jacques croustillantes et les crevettes. Couvrez et faire chauffer doucement jusqu\u2019aux toutes premi\u00e8res petites bulles.<\/p>\n<p>Servir avec du riz ou avec des l\u00e9gumes cuits \u00e0 la vapeur : blancs de poireaux, carottes, pommes de terre, navets, courgettes\u2026 Humm !!<\/p>\n<p>Christian Loverde<br \/>\n<a href=\"http:\/\/bit.ly\/CLoverde\">http:\/\/bit.ly\/CLoverde<\/a><\/p>\n<p>&nbsp;<\/p>\n","protected":false},"excerpt":{"rendered":"<p>Po\u00eal\u00e9e de Saint-Jacques, crevettes aux \u00e9pices Pas grand chose \u00e0 dire \u00e0 propos de cette recette, peut-\u00eatre que je ne &hellip; <\/p>\n","protected":false},"author":1,"featured_media":5358,"comment_status":"open","ping_status":"closed","sticky":false,"template":"","format":"standard","meta":{"jetpack_post_was_ever_published":false,"_jetpack_newsletter_access":"","_jetpack_dont_email_post_to_subs":false,"_jetpack_newsletter_tier_id":0,"_jetpack_memberships_contains_paywalled_content":false,"_jetpack_memberships_contains_paid_content":false,"footnotes":"","jetpack_publicize_message":"","jetpack_publicize_feature_enabled":true,"jetpack_social_post_already_shared":true,"jetpack_social_options":{"image_generator_settings":{"template":"highway","default_image_id":0,"font":"","enabled":false},"version":2}},"categories":[1052],"tags":[598,878,339],"class_list":["post-5357","post","type-post","status-publish","format-standard","has-post-thumbnail","hentry","category-recette","tag-creme","tag-crevette","tag-saint-jacques"],"jetpack_publicize_connections":[],"jetpack_featured_media_url":"https:\/\/i0.wp.com\/humm.loverde.fr\/wp-content\/uploads\/2020\/06\/attachment-32.png?fit=800%2C450&ssl=1","jetpack_sharing_enabled":true,"jetpack_shortlink":"https:\/\/wp.me\/p9whbF-1op","jetpack_likes_enabled":true,"jetpack-related-posts":[{"id":1253,"url":"https:\/\/humm.loverde.fr\/?p=1253","url_meta":{"origin":5357,"position":0},"title":"Brochettes de crevettes g\u00e9antes et de noix de St-Jacques marin\u00e9es","author":"cloverde","date":"20 septembre 2016","format":false,"excerpt":"Ingr\u00e9dients Crevettes g\u00e9antes crues et noix de saint-Jacques. 2 citrons vert. 2 gousses d'ail Un petit bouquet de persil hach\u00e9 1\/2 cuill\u00e8re \u00e0 caf\u00e9 de piment de Cayenne (tr\u00e8s facultatif, j'ai remplac\u00e9 par deux cuill\u00e8res \u00e0 caf\u00e9 de paprika) 2 cuill\u00e8res \u00e0 caf\u00e9 de curcuma 3 cuill\u00e8res \u00e0 soupe de\u2026","rel":"","context":"Dans &quot;Recettes&quot;","block_context":{"text":"Recettes","link":"https:\/\/humm.loverde.fr\/?cat=2"},"img":{"alt_text":"Brochettes de crevettes g\u00e9antes et de noix de St-Jacques marin\u00e9es","src":"https:\/\/i0.wp.com\/humm.loverde.fr\/wp-content\/uploads\/2016\/09\/Brochettes-de-crevettes-g%C3%A9antes-et-de-noix-de-St-Jacques-marin%C3%A9es-01.jpg?fit=800%2C450&ssl=1&resize=350%2C200","width":350,"height":200,"srcset":"https:\/\/i0.wp.com\/humm.loverde.fr\/wp-content\/uploads\/2016\/09\/Brochettes-de-crevettes-g%C3%A9antes-et-de-noix-de-St-Jacques-marin%C3%A9es-01.jpg?fit=800%2C450&ssl=1&resize=350%2C200 1x, https:\/\/i0.wp.com\/humm.loverde.fr\/wp-content\/uploads\/2016\/09\/Brochettes-de-crevettes-g%C3%A9antes-et-de-noix-de-St-Jacques-marin%C3%A9es-01.jpg?fit=800%2C450&ssl=1&resize=525%2C300 1.5x, https:\/\/i0.wp.com\/humm.loverde.fr\/wp-content\/uploads\/2016\/09\/Brochettes-de-crevettes-g%C3%A9antes-et-de-noix-de-St-Jacques-marin%C3%A9es-01.jpg?fit=800%2C450&ssl=1&resize=700%2C400 2x"},"classes":[]},{"id":958,"url":"https:\/\/humm.loverde.fr\/?p=958","url_meta":{"origin":5357,"position":1},"title":"Brochettes Crevettes &#8211; Saint-Jacques","author":"cloverde","date":"2 f\u00e9vrier 2016","format":false,"excerpt":"Une entr\u00e9e un peu \u00e9labor\u00e9e pour un repas sp\u00e9cial! Tir\u00e9e de Marmiton. \u00a0 Ingr\u00e9dients (pour 4 personnes) : 8 noix de Saint-Jacques (cela d\u00e9pend du nombre de personne et du nombre de brochettes) 16 tranches fines de bacon 150 g de crevettes sauvages d\u00e9cortiqu\u00e9es et d\u00e9vein\u00e9es 1\/2 bouquet de persil\u2026","rel":"","context":"Dans &quot;Recettes&quot;","block_context":{"text":"Recettes","link":"https:\/\/humm.loverde.fr\/?cat=2"},"img":{"alt_text":"brochettes crevettes saint-jacques","src":"https:\/\/i0.wp.com\/humm.loverde.fr\/wp-content\/uploads\/2016\/01\/brochettes-crevettes-saint-jacques-5.jpg?resize=350%2C200&ssl=1","width":350,"height":200},"classes":[]},{"id":2908,"url":"https:\/\/humm.loverde.fr\/?p=2908","url_meta":{"origin":5357,"position":2},"title":"Feuillet\u00e9s aux Saint-Jacques","author":"cloverde","date":"26 avril 2018","format":false,"excerpt":"Ingr\u00e9dients 3 noix de Saint-Jacques par feuillet\u00e9 2 blancs de poireaux 2 rouleaux de p\u00e2te feuillet\u00e9e 4 tranches fines de lard 20 cl de cr\u00e8me fra\u00eeche 1 jaune d'oeuf sel et poivre Quelques brins de ciboulette Pr\u00e9paration Etaler la p\u00e2te feuillet\u00e9e. Se munir de 2 emporte-pi\u00e8ces ronds de diam\u00e8tres diff\u00e9rents.\u2026","rel":"","context":"Dans &quot;Recettes&quot;","block_context":{"text":"Recettes","link":"https:\/\/humm.loverde.fr\/?cat=2"},"img":{"alt_text":"","src":"https:\/\/i0.wp.com\/humm.loverde.fr\/wp-content\/uploads\/2018\/04\/58e98a62449c76e5132e51838f211b1a.jpeg?fit=800%2C450&ssl=1&resize=350%2C200","width":350,"height":200,"srcset":"https:\/\/i0.wp.com\/humm.loverde.fr\/wp-content\/uploads\/2018\/04\/58e98a62449c76e5132e51838f211b1a.jpeg?fit=800%2C450&ssl=1&resize=350%2C200 1x, https:\/\/i0.wp.com\/humm.loverde.fr\/wp-content\/uploads\/2018\/04\/58e98a62449c76e5132e51838f211b1a.jpeg?fit=800%2C450&ssl=1&resize=525%2C300 1.5x, https:\/\/i0.wp.com\/humm.loverde.fr\/wp-content\/uploads\/2018\/04\/58e98a62449c76e5132e51838f211b1a.jpeg?fit=800%2C450&ssl=1&resize=700%2C400 2x"},"classes":[]},{"id":3206,"url":"https:\/\/humm.loverde.fr\/?p=3206","url_meta":{"origin":5357,"position":3},"title":"Risotto et crevettes","author":"cloverde","date":"11 septembre 2018","format":false,"excerpt":"Risotto et crevettes Le risotto, je l'aime bien aux fruits de mer mais ma moiti\u00e9 le pr\u00e9f\u00e8re nature. Alors quand j'ai vu cette photo sur Instagram je me sui dit \" tiens voil\u00e0 une recette qui devrait contenter tout le monde\". Du riz, il y en a toujours en r\u00e9serve.\u2026","rel":"","context":"Dans &quot;Recettes&quot;","block_context":{"text":"Recettes","link":"https:\/\/humm.loverde.fr\/?cat=2"},"img":{"alt_text":"","src":"https:\/\/i0.wp.com\/humm.loverde.fr\/wp-content\/uploads\/2018\/08\/Attachment-1-1.png?fit=800%2C450&ssl=1&resize=350%2C200","width":350,"height":200,"srcset":"https:\/\/i0.wp.com\/humm.loverde.fr\/wp-content\/uploads\/2018\/08\/Attachment-1-1.png?fit=800%2C450&ssl=1&resize=350%2C200 1x, https:\/\/i0.wp.com\/humm.loverde.fr\/wp-content\/uploads\/2018\/08\/Attachment-1-1.png?fit=800%2C450&ssl=1&resize=525%2C300 1.5x, https:\/\/i0.wp.com\/humm.loverde.fr\/wp-content\/uploads\/2018\/08\/Attachment-1-1.png?fit=800%2C450&ssl=1&resize=700%2C400 2x"},"classes":[]},{"id":8542,"url":"https:\/\/humm.loverde.fr\/?p=8542","url_meta":{"origin":5357,"position":4},"title":"Riz aux fruits de mer","author":"cloverde","date":"18 juillet 2023","format":false,"excerpt":"J'aime bien le risotto et surtout le mode de pr\u00e9paration. Aussi j'ai fait ce riz avec le m\u00eame mode de cuisson, c'est-\u00e0-dire riz dans la po\u00eale, arrosage progressif, remuement incessant et pour finir go\u00fbtage. Ingr\u00e9dients Un verre de riz arborio comme pour le risotto, du riz rond qui colle, celui\u2026","rel":"","context":"Dans &quot;recette&quot;","block_context":{"text":"recette","link":"https:\/\/humm.loverde.fr\/?cat=1052"},"img":{"alt_text":"","src":"https:\/\/i0.wp.com\/humm.loverde.fr\/wp-content\/uploads\/2023\/06\/IMG_20230622_081451_26.jpg?fit=1200%2C540&ssl=1&resize=350%2C200","width":350,"height":200,"srcset":"https:\/\/i0.wp.com\/humm.loverde.fr\/wp-content\/uploads\/2023\/06\/IMG_20230622_081451_26.jpg?fit=1200%2C540&ssl=1&resize=350%2C200 1x, https:\/\/i0.wp.com\/humm.loverde.fr\/wp-content\/uploads\/2023\/06\/IMG_20230622_081451_26.jpg?fit=1200%2C540&ssl=1&resize=525%2C300 1.5x, https:\/\/i0.wp.com\/humm.loverde.fr\/wp-content\/uploads\/2023\/06\/IMG_20230622_081451_26.jpg?fit=1200%2C540&ssl=1&resize=700%2C400 2x, https:\/\/i0.wp.com\/humm.loverde.fr\/wp-content\/uploads\/2023\/06\/IMG_20230622_081451_26.jpg?fit=1200%2C540&ssl=1&resize=1050%2C600 3x"},"classes":[]},{"id":5329,"url":"https:\/\/humm.loverde.fr\/?p=5329","url_meta":{"origin":5357,"position":5},"title":"Linguine \u00e0 la sauce cr\u00e9meuse crevettes parmesan et champignons","author":"cloverde","date":"30 juin 2020","format":false,"excerpt":"Linguine \u00e0 la sauce cr\u00e9meuse crevettes parmesan et champignons C'est la premi\u00e8re fois que j'ach\u00e8te des linguine ! Jusqu'ici je m'en tenais aux spaghetti ou plus gros, mes pr\u00e9f\u00e9r\u00e9s, les spaghetoni (n\u00b07 chez Barilla). Il faut que je fasse un voeux ? Bien s\u00fbr que non, vous le savez bien,\u2026","rel":"","context":"Dans &quot;recette&quot;","block_context":{"text":"recette","link":"https:\/\/humm.loverde.fr\/?cat=1052"},"img":{"alt_text":"","src":"https:\/\/i0.wp.com\/humm.loverde.fr\/wp-content\/uploads\/2020\/06\/attachment-27.png?fit=800%2C450&ssl=1&resize=350%2C200","width":350,"height":200,"srcset":"https:\/\/i0.wp.com\/humm.loverde.fr\/wp-content\/uploads\/2020\/06\/attachment-27.png?fit=800%2C450&ssl=1&resize=350%2C200 1x, https:\/\/i0.wp.com\/humm.loverde.fr\/wp-content\/uploads\/2020\/06\/attachment-27.png?fit=800%2C450&ssl=1&resize=525%2C300 1.5x, https:\/\/i0.wp.com\/humm.loverde.fr\/wp-content\/uploads\/2020\/06\/attachment-27.png?fit=800%2C450&ssl=1&resize=700%2C400 2x"},"classes":[]}],"_links":{"self":[{"href":"https:\/\/humm.loverde.fr\/index.php?rest_route=\/wp\/v2\/posts\/5357","targetHints":{"allow":["GET"]}}],"collection":[{"href":"https:\/\/humm.loverde.fr\/index.php?rest_route=\/wp\/v2\/posts"}],"about":[{"href":"https:\/\/humm.loverde.fr\/index.php?rest_route=\/wp\/v2\/types\/post"}],"author":[{"embeddable":true,"href":"https:\/\/humm.loverde.fr\/index.php?rest_route=\/wp\/v2\/users\/1"}],"replies":[{"embeddable":true,"href":"https:\/\/humm.loverde.fr\/index.php?rest_route=%2Fwp%2Fv2%2Fcomments&post=5357"}],"version-history":[{"count":4,"href":"https:\/\/humm.loverde.fr\/index.php?rest_route=\/wp\/v2\/posts\/5357\/revisions"}],"predecessor-version":[{"id":5362,"href":"https:\/\/humm.loverde.fr\/index.php?rest_route=\/wp\/v2\/posts\/5357\/revisions\/5362"}],"wp:featuredmedia":[{"embeddable":true,"href":"https:\/\/humm.loverde.fr\/index.php?rest_route=\/wp\/v2\/media\/5358"}],"wp:attachment":[{"href":"https:\/\/humm.loverde.fr\/index.php?rest_route=%2Fwp%2Fv2%2Fmedia&parent=5357"}],"wp:term":[{"taxonomy":"category","embeddable":true,"href":"https:\/\/humm.loverde.fr\/index.php?rest_route=%2Fwp%2Fv2%2Fcategories&post=5357"},{"taxonomy":"post_tag","embeddable":true,"href":"https:\/\/humm.loverde.fr\/index.php?rest_route=%2Fwp%2Fv2%2Ftags&post=5357"}],"curies":[{"name":"wp","href":"https:\/\/api.w.org\/{rel}","templated":true}]}}