{"id":5542,"date":"2020-09-04T17:08:38","date_gmt":"2020-09-04T16:08:38","guid":{"rendered":"https:\/\/humm.loverde.fr\/?p=5542"},"modified":"2020-09-04T17:15:46","modified_gmt":"2020-09-04T16:15:46","slug":"nouvelles-madeleines","status":"publish","type":"post","link":"https:\/\/humm.loverde.fr\/?p=5542","title":{"rendered":"Nouvelles madeleines"},"content":{"rendered":"<p>Je voulais \u00e9crire un commentaire sur la recette d\u00e9j\u00e0 publi\u00e9e (<a href=\"https:\/\/humm.loverde.fr\/madeleines-de-commercy\/\">https:\/\/humm.loverde.fr\/madeleines-de-commercy\/<\/a>) mais les ingr\u00e9dients sont diff\u00e9rends et de nouvelles plaques de cuisson font que je publie une nouvelle recette un peu simplifi\u00e9e.<\/p>\n<p><img data-recalc-dims=\"1\" loading=\"lazy\" decoding=\"async\" data-attachment-id=\"5544\" data-permalink=\"https:\/\/humm.loverde.fr\/?attachment_id=5544\" data-orig-file=\"https:\/\/i0.wp.com\/humm.loverde.fr\/wp-content\/uploads\/2020\/09\/attachment-1.jpeg?fit=1200%2C675&amp;ssl=1\" data-orig-size=\"1200,675\" data-comments-opened=\"1\" data-image-meta=\"{&quot;aperture&quot;:&quot;0&quot;,&quot;credit&quot;:&quot;&quot;,&quot;camera&quot;:&quot;&quot;,&quot;caption&quot;:&quot;&quot;,&quot;created_timestamp&quot;:&quot;0&quot;,&quot;copyright&quot;:&quot;&quot;,&quot;focal_length&quot;:&quot;0&quot;,&quot;iso&quot;:&quot;0&quot;,&quot;shutter_speed&quot;:&quot;0&quot;,&quot;title&quot;:&quot;&quot;,&quot;orientation&quot;:&quot;1&quot;}\" data-image-title=\"Madeleines\" data-image-description=\"\" data-image-caption=\"\" data-large-file=\"https:\/\/i0.wp.com\/humm.loverde.fr\/wp-content\/uploads\/2020\/09\/attachment-1.jpeg?fit=960%2C540&amp;ssl=1\" class=\"aligncenter size-medium wp-image-5544\" src=\"https:\/\/i0.wp.com\/humm.loverde.fr\/wp-content\/uploads\/2020\/09\/attachment-1.jpeg?resize=595%2C335&#038;ssl=1\" alt=\"\" width=\"595\" height=\"335\" srcset=\"https:\/\/i0.wp.com\/humm.loverde.fr\/wp-content\/uploads\/2020\/09\/attachment-1.jpeg?resize=595%2C335&amp;ssl=1 595w, https:\/\/i0.wp.com\/humm.loverde.fr\/wp-content\/uploads\/2020\/09\/attachment-1.jpeg?resize=960%2C540&amp;ssl=1 960w, https:\/\/i0.wp.com\/humm.loverde.fr\/wp-content\/uploads\/2020\/09\/attachment-1.jpeg?resize=768%2C432&amp;ssl=1 768w, https:\/\/i0.wp.com\/humm.loverde.fr\/wp-content\/uploads\/2020\/09\/attachment-1.jpeg?w=1200&amp;ssl=1 1200w\" sizes=\"auto, (max-width: 595px) 100vw, 595px\" \/><\/p>\n<p>La levure chimique n&rsquo;est pas dans la liste des ingr\u00e9dients mais j&rsquo;en ai mis un paquet quand m\u00eame pour \u00eatre s\u00fbr.<\/p>\n<p>D&rsquo;habitude je beurre ET farine les moules, l\u00e0 j&rsquo;ai uniquement beurr\u00e9 et le d\u00e9moulage s&rsquo;est d\u00e9roul\u00e9 dans de parfaites conditions.<\/p>\n<p><b>Ingr\u00e9dients <\/b><\/p>\n<ul>\n<li>3 \u0153ufs<\/li>\n<li>125 g de farine<\/li>\n<li>125 g de sucre<\/li>\n<li>125 g de beurre et un peu plus pour les moules<\/li>\n<\/ul>\n<p><img data-recalc-dims=\"1\" loading=\"lazy\" decoding=\"async\" data-attachment-id=\"5543\" data-permalink=\"https:\/\/humm.loverde.fr\/?attachment_id=5543\" data-orig-file=\"https:\/\/i0.wp.com\/humm.loverde.fr\/wp-content\/uploads\/2020\/09\/attachment.jpeg?fit=1200%2C675&amp;ssl=1\" data-orig-size=\"1200,675\" data-comments-opened=\"1\" data-image-meta=\"{&quot;aperture&quot;:&quot;0&quot;,&quot;credit&quot;:&quot;&quot;,&quot;camera&quot;:&quot;&quot;,&quot;caption&quot;:&quot;&quot;,&quot;created_timestamp&quot;:&quot;0&quot;,&quot;copyright&quot;:&quot;&quot;,&quot;focal_length&quot;:&quot;0&quot;,&quot;iso&quot;:&quot;0&quot;,&quot;shutter_speed&quot;:&quot;0&quot;,&quot;title&quot;:&quot;&quot;,&quot;orientation&quot;:&quot;1&quot;}\" data-image-title=\"Madeleines\" data-image-description=\"\" data-image-caption=\"\" data-large-file=\"https:\/\/i0.wp.com\/humm.loverde.fr\/wp-content\/uploads\/2020\/09\/attachment.jpeg?fit=960%2C540&amp;ssl=1\" class=\"aligncenter size-medium wp-image-5543\" src=\"https:\/\/i0.wp.com\/humm.loverde.fr\/wp-content\/uploads\/2020\/09\/attachment.jpeg?resize=595%2C335&#038;ssl=1\" alt=\"\" width=\"595\" height=\"335\" srcset=\"https:\/\/i0.wp.com\/humm.loverde.fr\/wp-content\/uploads\/2020\/09\/attachment.jpeg?resize=595%2C335&amp;ssl=1 595w, https:\/\/i0.wp.com\/humm.loverde.fr\/wp-content\/uploads\/2020\/09\/attachment.jpeg?resize=960%2C540&amp;ssl=1 960w, https:\/\/i0.wp.com\/humm.loverde.fr\/wp-content\/uploads\/2020\/09\/attachment.jpeg?resize=768%2C432&amp;ssl=1 768w, https:\/\/i0.wp.com\/humm.loverde.fr\/wp-content\/uploads\/2020\/09\/attachment.jpeg?w=1200&amp;ssl=1 1200w\" sizes=\"auto, (max-width: 595px) 100vw, 595px\" \/><\/p>\n<p><b>Pr\u00e9paration <\/b><\/p>\n<p>Avec ces quantit\u00e9s il vous faudra 3 moules de 9 madeleines. S&rsquo;ils rentrent dans le four, vous gagnerez du temps et de l&rsquo;\u00e9nergie. Pr\u00e9chauffez le four \u00e0 180\u00b0C.<\/p>\n<p>Fouettez les \u0153ufs entiers avec le sucre jusqu&rsquo;\u00e0 ce que \u00e7a mousse. Ajoutez la farine et la levure peu \u00e0 peu tout en continuant \u00e0 fouetter. Ajoutez le beurre fondu tout en fouettant et sans y prendre du plaisir s&rsquo;il vous pla\u00eet &#x1f631;.<\/p>\n<p>Mettre au four et cuire de 25 \u00e0 30 Minutes.<\/p>\n<p>Christian Loverde<br \/>\n<a href=\"http:\/\/bit.ly\/CLoverde\">http:\/\/bit.ly\/CLoverde<\/a><\/p>\n<div data-carousel-extra='{&quot;blog_id&quot;:1,&quot;permalink&quot;:&quot;https:\/\/humm.loverde.fr\/?p=5542&quot;}' id='gallery-1' class='gallery galleryid-5542 gallery-columns-3 gallery-size-thumbnail'><figure class='gallery-item'>\n\t\t\t<div class='gallery-icon landscape'>\n\t\t\t\t<a href='https:\/\/humm.loverde.fr\/?attachment_id=5543'><img loading=\"lazy\" decoding=\"async\" width=\"480\" height=\"640\" src=\"https:\/\/i0.wp.com\/humm.loverde.fr\/wp-content\/uploads\/2020\/09\/attachment.jpeg?resize=480%2C640&amp;ssl=1\" class=\"attachment-thumbnail size-thumbnail\" alt=\"\" srcset=\"https:\/\/i0.wp.com\/humm.loverde.fr\/wp-content\/uploads\/2020\/09\/attachment.jpeg?resize=480%2C640&amp;ssl=1 480w, https:\/\/i0.wp.com\/humm.loverde.fr\/wp-content\/uploads\/2020\/09\/attachment.jpeg?zoom=2&amp;resize=480%2C640&amp;ssl=1 960w\" sizes=\"auto, (max-width: 480px) 100vw, 480px\" data-attachment-id=\"5543\" data-permalink=\"https:\/\/humm.loverde.fr\/?attachment_id=5543\" data-orig-file=\"https:\/\/i0.wp.com\/humm.loverde.fr\/wp-content\/uploads\/2020\/09\/attachment.jpeg?fit=1200%2C675&amp;ssl=1\" data-orig-size=\"1200,675\" data-comments-opened=\"1\" data-image-meta=\"{&quot;aperture&quot;:&quot;0&quot;,&quot;credit&quot;:&quot;&quot;,&quot;camera&quot;:&quot;&quot;,&quot;caption&quot;:&quot;&quot;,&quot;created_timestamp&quot;:&quot;0&quot;,&quot;copyright&quot;:&quot;&quot;,&quot;focal_length&quot;:&quot;0&quot;,&quot;iso&quot;:&quot;0&quot;,&quot;shutter_speed&quot;:&quot;0&quot;,&quot;title&quot;:&quot;&quot;,&quot;orientation&quot;:&quot;1&quot;}\" data-image-title=\"Madeleines\" data-image-description=\"\" data-image-caption=\"\" data-large-file=\"https:\/\/i0.wp.com\/humm.loverde.fr\/wp-content\/uploads\/2020\/09\/attachment.jpeg?fit=960%2C540&amp;ssl=1\" \/><\/a>\n\t\t\t<\/div><\/figure><figure class='gallery-item'>\n\t\t\t<div class='gallery-icon landscape'>\n\t\t\t\t<a href='https:\/\/humm.loverde.fr\/?attachment_id=5544'><img loading=\"lazy\" decoding=\"async\" width=\"480\" height=\"640\" src=\"https:\/\/i0.wp.com\/humm.loverde.fr\/wp-content\/uploads\/2020\/09\/attachment-1.jpeg?resize=480%2C640&amp;ssl=1\" class=\"attachment-thumbnail size-thumbnail\" alt=\"\" srcset=\"https:\/\/i0.wp.com\/humm.loverde.fr\/wp-content\/uploads\/2020\/09\/attachment-1.jpeg?resize=480%2C640&amp;ssl=1 480w, https:\/\/i0.wp.com\/humm.loverde.fr\/wp-content\/uploads\/2020\/09\/attachment-1.jpeg?zoom=2&amp;resize=480%2C640&amp;ssl=1 960w\" sizes=\"auto, (max-width: 480px) 100vw, 480px\" data-attachment-id=\"5544\" data-permalink=\"https:\/\/humm.loverde.fr\/?attachment_id=5544\" data-orig-file=\"https:\/\/i0.wp.com\/humm.loverde.fr\/wp-content\/uploads\/2020\/09\/attachment-1.jpeg?fit=1200%2C675&amp;ssl=1\" data-orig-size=\"1200,675\" data-comments-opened=\"1\" data-image-meta=\"{&quot;aperture&quot;:&quot;0&quot;,&quot;credit&quot;:&quot;&quot;,&quot;camera&quot;:&quot;&quot;,&quot;caption&quot;:&quot;&quot;,&quot;created_timestamp&quot;:&quot;0&quot;,&quot;copyright&quot;:&quot;&quot;,&quot;focal_length&quot;:&quot;0&quot;,&quot;iso&quot;:&quot;0&quot;,&quot;shutter_speed&quot;:&quot;0&quot;,&quot;title&quot;:&quot;&quot;,&quot;orientation&quot;:&quot;1&quot;}\" data-image-title=\"Madeleines\" data-image-description=\"\" data-image-caption=\"\" data-large-file=\"https:\/\/i0.wp.com\/humm.loverde.fr\/wp-content\/uploads\/2020\/09\/attachment-1.jpeg?fit=960%2C540&amp;ssl=1\" \/><\/a>\n\t\t\t<\/div><\/figure>\n\t\t<\/div>\n\n","protected":false},"excerpt":{"rendered":"<p>Je voulais \u00e9crire un commentaire sur la recette d\u00e9j\u00e0 publi\u00e9e (https:\/\/humm.loverde.fr\/madeleines-de-commercy\/) mais les ingr\u00e9dients sont diff\u00e9rends et de nouvelles plaques &hellip; <\/p>\n","protected":false},"author":1,"featured_media":5544,"comment_status":"open","ping_status":"closed","sticky":false,"template":"","format":"standard","meta":{"jetpack_post_was_ever_published":false,"_jetpack_newsletter_access":"","_jetpack_dont_email_post_to_subs":false,"_jetpack_newsletter_tier_id":0,"_jetpack_memberships_contains_paywalled_content":false,"_jetpack_memberships_contains_paid_content":false,"footnotes":"","jetpack_publicize_message":"","jetpack_publicize_feature_enabled":true,"jetpack_social_post_already_shared":true,"jetpack_social_options":{"image_generator_settings":{"template":"highway","default_image_id":0,"font":"","enabled":false},"version":2}},"categories":[1052],"tags":[1183,419],"class_list":["post-5542","post","type-post","status-publish","format-standard","has-post-thumbnail","hentry","category-recette","tag-madeleine","tag-petit-dejeuner"],"jetpack_publicize_connections":[],"jetpack_featured_media_url":"https:\/\/i0.wp.com\/humm.loverde.fr\/wp-content\/uploads\/2020\/09\/attachment-1.jpeg?fit=1200%2C675&ssl=1","jetpack_sharing_enabled":true,"jetpack_shortlink":"https:\/\/wp.me\/p9whbF-1ro","jetpack_likes_enabled":true,"jetpack-related-posts":[{"id":2923,"url":"https:\/\/humm.loverde.fr\/?p=2923","url_meta":{"origin":5542,"position":0},"title":"Madeleines de Commercy","author":"cloverde","date":"19 juin 2018","format":false,"excerpt":"Madeleines de Commercy Il y avait longtemps que ma moiti\u00e9 n'en avait pas fait. La recette est toujours la m\u00eame mais le r\u00e9sultat est rarement identique, allez savoir pourquoi ! Les moules en ferraille sont \u00e0 la poubelle depuis belle lurette mais ceux qui restent en T\u00e9flon mou sont tellement\u2026","rel":"","context":"Dans &quot;Recettes&quot;","block_context":{"text":"Recettes","link":"https:\/\/humm.loverde.fr\/?cat=2"},"img":{"alt_text":"","src":"https:\/\/i0.wp.com\/humm.loverde.fr\/wp-content\/uploads\/2018\/04\/Attachment-1-4.png?fit=800%2C450&ssl=1&resize=350%2C200","width":350,"height":200,"srcset":"https:\/\/i0.wp.com\/humm.loverde.fr\/wp-content\/uploads\/2018\/04\/Attachment-1-4.png?fit=800%2C450&ssl=1&resize=350%2C200 1x, https:\/\/i0.wp.com\/humm.loverde.fr\/wp-content\/uploads\/2018\/04\/Attachment-1-4.png?fit=800%2C450&ssl=1&resize=525%2C300 1.5x, https:\/\/i0.wp.com\/humm.loverde.fr\/wp-content\/uploads\/2018\/04\/Attachment-1-4.png?fit=800%2C450&ssl=1&resize=700%2C400 2x"},"classes":[]},{"id":3798,"url":"https:\/\/humm.loverde.fr\/?p=3798","url_meta":{"origin":5542,"position":1},"title":"P\u00e2te sabl\u00e9e et p\u00e2te classique","author":"cloverde","date":"4 mai 2019","format":false,"excerpt":"P\u00e2te sabl\u00e9e et p\u00e2te classique A chaque fois que l'on fait une tarte je suis oblig\u00e9 de chercher la recette qui est incluse dans une recette de tarte. Donc pour simplifier voici les recettes des p\u00e2tes que j'utilise habituellement. 1. P\u00e2te sabl\u00e9e Ingr\u00e9dients pour 1 p\u00e2te \u2022 250 g de\u2026","rel":"","context":"Dans &quot;Recettes&quot;","block_context":{"text":"Recettes","link":"https:\/\/humm.loverde.fr\/?cat=2"},"img":{"alt_text":"","src":"https:\/\/i0.wp.com\/humm.loverde.fr\/wp-content\/uploads\/2019\/04\/Attachment-1-5.png?fit=800%2C450&ssl=1&resize=350%2C200","width":350,"height":200,"srcset":"https:\/\/i0.wp.com\/humm.loverde.fr\/wp-content\/uploads\/2019\/04\/Attachment-1-5.png?fit=800%2C450&ssl=1&resize=350%2C200 1x, https:\/\/i0.wp.com\/humm.loverde.fr\/wp-content\/uploads\/2019\/04\/Attachment-1-5.png?fit=800%2C450&ssl=1&resize=525%2C300 1.5x, https:\/\/i0.wp.com\/humm.loverde.fr\/wp-content\/uploads\/2019\/04\/Attachment-1-5.png?fit=800%2C450&ssl=1&resize=700%2C400 2x"},"classes":[]},{"id":3529,"url":"https:\/\/humm.loverde.fr\/?p=3529","url_meta":{"origin":5542,"position":2},"title":"Cake marbr\u00e9","author":"cloverde","date":"29 janvier 2019","format":false,"excerpt":"Cake marbr\u00e9 Envie de cake mais pas grand chose dans les placards ni dans le frigo, pas de fruits confits, pas de raisins secs, rien, nada ! Mais du cacao en poudre et les ingr\u00e9dients de base qu'il y a dans une maison m\u00eame quand le frigo est quasiment vide\u2026","rel":"","context":"Dans &quot;Recettes&quot;","block_context":{"text":"Recettes","link":"https:\/\/humm.loverde.fr\/?cat=2"},"img":{"alt_text":"","src":"https:\/\/i0.wp.com\/humm.loverde.fr\/wp-content\/uploads\/2019\/01\/attachment-2-1.png?fit=800%2C450&ssl=1&resize=350%2C200","width":350,"height":200,"srcset":"https:\/\/i0.wp.com\/humm.loverde.fr\/wp-content\/uploads\/2019\/01\/attachment-2-1.png?fit=800%2C450&ssl=1&resize=350%2C200 1x, https:\/\/i0.wp.com\/humm.loverde.fr\/wp-content\/uploads\/2019\/01\/attachment-2-1.png?fit=800%2C450&ssl=1&resize=525%2C300 1.5x, https:\/\/i0.wp.com\/humm.loverde.fr\/wp-content\/uploads\/2019\/01\/attachment-2-1.png?fit=800%2C450&ssl=1&resize=700%2C400 2x"},"classes":[]},{"id":6347,"url":"https:\/\/humm.loverde.fr\/?p=6347","url_meta":{"origin":5542,"position":3},"title":"Moules farcies au crumble de chorizo","author":"cloverde","date":"17 juillet 2021","format":false,"excerpt":"17\/07 J'adore les moules farcies mais pour cela il faut des grosses moules g\u00e9n\u00e9ralement espagnoles donc je n'arrive pas \u00e0 en faire souvent puisque dans notre cambrousse n'arrivent que celles de Bouchot, celles qui grimpent au branches \ud83d\ude09. Je me suis abstenu de plaisanter \u00e0 propos de la moule espagnole\u2026","rel":"","context":"Dans &quot;Recettes&quot;","block_context":{"text":"Recettes","link":"https:\/\/humm.loverde.fr\/?cat=2"},"img":{"alt_text":"","src":"https:\/\/i0.wp.com\/humm.loverde.fr\/wp-content\/uploads\/2021\/07\/IMG_20210702_003003_98.jpg?fit=1200%2C554&ssl=1&resize=350%2C200","width":350,"height":200,"srcset":"https:\/\/i0.wp.com\/humm.loverde.fr\/wp-content\/uploads\/2021\/07\/IMG_20210702_003003_98.jpg?fit=1200%2C554&ssl=1&resize=350%2C200 1x, https:\/\/i0.wp.com\/humm.loverde.fr\/wp-content\/uploads\/2021\/07\/IMG_20210702_003003_98.jpg?fit=1200%2C554&ssl=1&resize=525%2C300 1.5x, https:\/\/i0.wp.com\/humm.loverde.fr\/wp-content\/uploads\/2021\/07\/IMG_20210702_003003_98.jpg?fit=1200%2C554&ssl=1&resize=700%2C400 2x, https:\/\/i0.wp.com\/humm.loverde.fr\/wp-content\/uploads\/2021\/07\/IMG_20210702_003003_98.jpg?fit=1200%2C554&ssl=1&resize=1050%2C600 3x"},"classes":[]},{"id":9337,"url":"https:\/\/humm.loverde.fr\/?p=9337","url_meta":{"origin":5542,"position":4},"title":"Gaufres","author":"cloverde","date":"5 d\u00e9cembre 2023","format":false,"excerpt":"Facile et rapide, la recette trouv\u00e9e sur marmiton. Les quantit\u00e9s \u00e9taient, th\u00e9oriquement, pour 10 gaufres mais je n'en ai fait que 5 avec. Ingr\u00e9dients 135 g de farine 20 g de sucre 14 g de beurre 1 pinc\u00e9e de sel ou moins 2 oeufs 17 cl de lait 1 sachet\u2026","rel":"","context":"Dans &quot;Recettes&quot;","block_context":{"text":"Recettes","link":"https:\/\/humm.loverde.fr\/?cat=2"},"img":{"alt_text":"","src":"https:\/\/i0.wp.com\/humm.loverde.fr\/wp-content\/uploads\/2023\/12\/IMG_20231204_113502_549.jpg?fit=1200%2C540&ssl=1&resize=350%2C200","width":350,"height":200,"srcset":"https:\/\/i0.wp.com\/humm.loverde.fr\/wp-content\/uploads\/2023\/12\/IMG_20231204_113502_549.jpg?fit=1200%2C540&ssl=1&resize=350%2C200 1x, https:\/\/i0.wp.com\/humm.loverde.fr\/wp-content\/uploads\/2023\/12\/IMG_20231204_113502_549.jpg?fit=1200%2C540&ssl=1&resize=525%2C300 1.5x, https:\/\/i0.wp.com\/humm.loverde.fr\/wp-content\/uploads\/2023\/12\/IMG_20231204_113502_549.jpg?fit=1200%2C540&ssl=1&resize=700%2C400 2x, https:\/\/i0.wp.com\/humm.loverde.fr\/wp-content\/uploads\/2023\/12\/IMG_20231204_113502_549.jpg?fit=1200%2C540&ssl=1&resize=1050%2C600 3x"},"classes":[]},{"id":1697,"url":"https:\/\/humm.loverde.fr\/?p=1697","url_meta":{"origin":5542,"position":5},"title":"La mona","author":"cloverde","date":"11 ao\u00fbt 2017","format":false,"excerpt":"La plupart des pieds noirs appellent \u00e7a la mouna, moi j'ai toujours entendu parler de Mona \u00e0 la maison. Certains se souviennent de \" aqui no hay ni mona ni mono\"! Je dois dire que j'ai un peu adapt\u00e9 la recette d'origine. J'ai divis\u00e9 les doses par 2 mais avec\u2026","rel":"","context":"Dans &quot;Recettes&quot;","block_context":{"text":"Recettes","link":"https:\/\/humm.loverde.fr\/?cat=2"},"img":{"alt_text":"","src":"https:\/\/i0.wp.com\/humm.loverde.fr\/wp-content\/uploads\/2017\/08\/La-mona-3.jpg?resize=350%2C200&ssl=1","width":350,"height":200,"srcset":"https:\/\/i0.wp.com\/humm.loverde.fr\/wp-content\/uploads\/2017\/08\/La-mona-3.jpg?resize=350%2C200&ssl=1 1x, https:\/\/i0.wp.com\/humm.loverde.fr\/wp-content\/uploads\/2017\/08\/La-mona-3.jpg?resize=525%2C300&ssl=1 1.5x, https:\/\/i0.wp.com\/humm.loverde.fr\/wp-content\/uploads\/2017\/08\/La-mona-3.jpg?resize=700%2C400&ssl=1 2x"},"classes":[]}],"_links":{"self":[{"href":"https:\/\/humm.loverde.fr\/index.php?rest_route=\/wp\/v2\/posts\/5542","targetHints":{"allow":["GET"]}}],"collection":[{"href":"https:\/\/humm.loverde.fr\/index.php?rest_route=\/wp\/v2\/posts"}],"about":[{"href":"https:\/\/humm.loverde.fr\/index.php?rest_route=\/wp\/v2\/types\/post"}],"author":[{"embeddable":true,"href":"https:\/\/humm.loverde.fr\/index.php?rest_route=\/wp\/v2\/users\/1"}],"replies":[{"embeddable":true,"href":"https:\/\/humm.loverde.fr\/index.php?rest_route=%2Fwp%2Fv2%2Fcomments&post=5542"}],"version-history":[{"count":3,"href":"https:\/\/humm.loverde.fr\/index.php?rest_route=\/wp\/v2\/posts\/5542\/revisions"}],"predecessor-version":[{"id":5547,"href":"https:\/\/humm.loverde.fr\/index.php?rest_route=\/wp\/v2\/posts\/5542\/revisions\/5547"}],"wp:featuredmedia":[{"embeddable":true,"href":"https:\/\/humm.loverde.fr\/index.php?rest_route=\/wp\/v2\/media\/5544"}],"wp:attachment":[{"href":"https:\/\/humm.loverde.fr\/index.php?rest_route=%2Fwp%2Fv2%2Fmedia&parent=5542"}],"wp:term":[{"taxonomy":"category","embeddable":true,"href":"https:\/\/humm.loverde.fr\/index.php?rest_route=%2Fwp%2Fv2%2Fcategories&post=5542"},{"taxonomy":"post_tag","embeddable":true,"href":"https:\/\/humm.loverde.fr\/index.php?rest_route=%2Fwp%2Fv2%2Ftags&post=5542"}],"curies":[{"name":"wp","href":"https:\/\/api.w.org\/{rel}","templated":true}]}}