{"id":5638,"date":"2020-12-09T06:51:47","date_gmt":"2020-12-09T05:51:47","guid":{"rendered":"https:\/\/humm.loverde.fr\/?p=5638"},"modified":"2020-11-28T09:58:37","modified_gmt":"2020-11-28T08:58:37","slug":"aubergines-panees","status":"publish","type":"post","link":"https:\/\/humm.loverde.fr\/?p=5638","title":{"rendered":"Aubergines pan\u00e9es"},"content":{"rendered":"<p>Recette de Josette du groupe Facebook \u00ab\u00a0Pour les fan de cuisine Pieds-Noirs\u00a0\u00bb Il y a souvent de tr\u00e8s bonnes recettes dans ce groupe et pas forc\u00e9ment pieds-noirs. La plupart du temps je me dis qu&rsquo;il faudrait que j&rsquo;essaie, cette fois-ci j&rsquo;ai enfin franchi le pas !<\/p>\n<p><img data-recalc-dims=\"1\" loading=\"lazy\" decoding=\"async\" data-attachment-id=\"5639\" data-permalink=\"https:\/\/humm.loverde.fr\/?attachment_id=5639\" data-orig-file=\"https:\/\/i0.wp.com\/humm.loverde.fr\/wp-content\/uploads\/2020\/12\/attachment-5.jpeg?fit=1200%2C675&amp;ssl=1\" data-orig-size=\"1200,675\" data-comments-opened=\"1\" data-image-meta=\"{&quot;aperture&quot;:&quot;0&quot;,&quot;credit&quot;:&quot;&quot;,&quot;camera&quot;:&quot;&quot;,&quot;caption&quot;:&quot;&quot;,&quot;created_timestamp&quot;:&quot;0&quot;,&quot;copyright&quot;:&quot;&quot;,&quot;focal_length&quot;:&quot;0&quot;,&quot;iso&quot;:&quot;0&quot;,&quot;shutter_speed&quot;:&quot;0&quot;,&quot;title&quot;:&quot;&quot;,&quot;orientation&quot;:&quot;1&quot;}\" data-image-title=\"attachment\" data-image-description=\"\" data-image-caption=\"\" data-large-file=\"https:\/\/i0.wp.com\/humm.loverde.fr\/wp-content\/uploads\/2020\/12\/attachment-5.jpeg?fit=960%2C540&amp;ssl=1\" class=\"alignnone size-medium wp-image-5639\" src=\"https:\/\/i0.wp.com\/humm.loverde.fr\/wp-content\/uploads\/2020\/12\/attachment-5.jpeg?resize=595%2C335&#038;ssl=1\" alt=\"\" width=\"595\" height=\"335\" srcset=\"https:\/\/i0.wp.com\/humm.loverde.fr\/wp-content\/uploads\/2020\/12\/attachment-5.jpeg?resize=595%2C335&amp;ssl=1 595w, https:\/\/i0.wp.com\/humm.loverde.fr\/wp-content\/uploads\/2020\/12\/attachment-5.jpeg?resize=960%2C540&amp;ssl=1 960w, https:\/\/i0.wp.com\/humm.loverde.fr\/wp-content\/uploads\/2020\/12\/attachment-5.jpeg?resize=768%2C432&amp;ssl=1 768w, https:\/\/i0.wp.com\/humm.loverde.fr\/wp-content\/uploads\/2020\/12\/attachment-5.jpeg?w=1200&amp;ssl=1 1200w\" sizes=\"auto, (max-width: 595px) 100vw, 595px\" \/><\/p>\n<p>Pourquoi ?<\/p>\n<p>Simplement parce que les pr\u00e9parations avec aubergine sont souvent tr\u00e8s grasses et que l\u00e0 cela semblait beaucoup plus digeste. Et c&rsquo;\u00e9tait le cas mais cela d\u00e9pend du poids de votre main au moment d&rsquo;ajouter l&rsquo;huile.<\/p>\n<p>Pr\u00e9voir un accompagnement.<\/p>\n<p><img data-recalc-dims=\"1\" loading=\"lazy\" decoding=\"async\" data-attachment-id=\"5640\" data-permalink=\"https:\/\/humm.loverde.fr\/?attachment_id=5640\" data-orig-file=\"https:\/\/i0.wp.com\/humm.loverde.fr\/wp-content\/uploads\/2020\/12\/attachment-6.jpeg?fit=1200%2C675&amp;ssl=1\" data-orig-size=\"1200,675\" data-comments-opened=\"1\" data-image-meta=\"{&quot;aperture&quot;:&quot;0&quot;,&quot;credit&quot;:&quot;&quot;,&quot;camera&quot;:&quot;&quot;,&quot;caption&quot;:&quot;&quot;,&quot;created_timestamp&quot;:&quot;0&quot;,&quot;copyright&quot;:&quot;&quot;,&quot;focal_length&quot;:&quot;0&quot;,&quot;iso&quot;:&quot;0&quot;,&quot;shutter_speed&quot;:&quot;0&quot;,&quot;title&quot;:&quot;&quot;,&quot;orientation&quot;:&quot;1&quot;}\" data-image-title=\"attachment\" data-image-description=\"\" data-image-caption=\"\" data-large-file=\"https:\/\/i0.wp.com\/humm.loverde.fr\/wp-content\/uploads\/2020\/12\/attachment-6.jpeg?fit=960%2C540&amp;ssl=1\" class=\"alignnone size-medium wp-image-5640\" src=\"https:\/\/i0.wp.com\/humm.loverde.fr\/wp-content\/uploads\/2020\/12\/attachment-6.jpeg?resize=595%2C335&#038;ssl=1\" alt=\"\" width=\"595\" height=\"335\" srcset=\"https:\/\/i0.wp.com\/humm.loverde.fr\/wp-content\/uploads\/2020\/12\/attachment-6.jpeg?resize=595%2C335&amp;ssl=1 595w, https:\/\/i0.wp.com\/humm.loverde.fr\/wp-content\/uploads\/2020\/12\/attachment-6.jpeg?resize=960%2C540&amp;ssl=1 960w, https:\/\/i0.wp.com\/humm.loverde.fr\/wp-content\/uploads\/2020\/12\/attachment-6.jpeg?resize=768%2C432&amp;ssl=1 768w, https:\/\/i0.wp.com\/humm.loverde.fr\/wp-content\/uploads\/2020\/12\/attachment-6.jpeg?w=1200&amp;ssl=1 1200w\" sizes=\"auto, (max-width: 595px) 100vw, 595px\" \/><\/p>\n<p><b>Ingr\u00e9dients<\/b> :<\/p>\n<ul>\n<li>2 aubergines,<\/li>\n<li>huile d\u2019olive,<\/li>\n<li>chapelure,<\/li>\n<li>1 sachet de parmesan r\u00e2p\u00e9<\/li>\n<li>sel, poivre,<\/li>\n<li>persil hach\u00e9.<\/li>\n<\/ul>\n<p><b>Pr\u00e9paration <\/b><\/p>\n<p>Laver les aubergines, les \u00e9plucher et les couper en tranches pas trop fines.<\/p>\n<p>Strier l\u00e9g\u00e8rement leur surface.<\/p>\n<p>Badigeonner chaque tranche d\u2019un peu d\u2019huile d\u2019olive.<\/p>\n<p>Dans un bol, mettre la chapelure, le fromage, le sel, le poivre et m\u00e9langer le tout.<\/p>\n<p>Passer les aubergines dans la panure en essayant de bien la faire adh\u00e9rer.<\/p>\n<p>Placer chaque tranche sur une plaque recouverte de papier sulfuris\u00e9. Ajouter un filet d\u2019huile sur le dessus.<\/p>\n<p>Cuire au four \u00e0 180\u00b0C pendant 30 minutes environ jusqu\u2019\u00e0 ce que la surface soit bien dor\u00e9e.<\/p>\n<p>Servir.<\/p>\n<p>Christian bit<a href=\"http:\/\/bit.ly\/CLoverde\" target=\"_blank\" rel=\"noopener noreferrer\">.ly\/CLoverde<\/a><\/p>\n<div data-carousel-extra='{&quot;blog_id&quot;:1,&quot;permalink&quot;:&quot;https:\/\/humm.loverde.fr\/?p=5638&quot;}' id='gallery-1' class='gallery galleryid-5638 gallery-columns-3 gallery-size-thumbnail'><figure class='gallery-item'>\n\t\t\t<div class='gallery-icon landscape'>\n\t\t\t\t<a href='https:\/\/humm.loverde.fr\/?attachment_id=5639'><img loading=\"lazy\" decoding=\"async\" width=\"480\" height=\"640\" src=\"https:\/\/i0.wp.com\/humm.loverde.fr\/wp-content\/uploads\/2020\/12\/attachment-5.jpeg?resize=480%2C640&amp;ssl=1\" class=\"attachment-thumbnail size-thumbnail\" alt=\"\" srcset=\"https:\/\/i0.wp.com\/humm.loverde.fr\/wp-content\/uploads\/2020\/12\/attachment-5.jpeg?resize=480%2C640&amp;ssl=1 480w, https:\/\/i0.wp.com\/humm.loverde.fr\/wp-content\/uploads\/2020\/12\/attachment-5.jpeg?zoom=2&amp;resize=480%2C640&amp;ssl=1 960w\" sizes=\"auto, (max-width: 480px) 100vw, 480px\" data-attachment-id=\"5639\" data-permalink=\"https:\/\/humm.loverde.fr\/?attachment_id=5639\" data-orig-file=\"https:\/\/i0.wp.com\/humm.loverde.fr\/wp-content\/uploads\/2020\/12\/attachment-5.jpeg?fit=1200%2C675&amp;ssl=1\" data-orig-size=\"1200,675\" data-comments-opened=\"1\" data-image-meta=\"{&quot;aperture&quot;:&quot;0&quot;,&quot;credit&quot;:&quot;&quot;,&quot;camera&quot;:&quot;&quot;,&quot;caption&quot;:&quot;&quot;,&quot;created_timestamp&quot;:&quot;0&quot;,&quot;copyright&quot;:&quot;&quot;,&quot;focal_length&quot;:&quot;0&quot;,&quot;iso&quot;:&quot;0&quot;,&quot;shutter_speed&quot;:&quot;0&quot;,&quot;title&quot;:&quot;&quot;,&quot;orientation&quot;:&quot;1&quot;}\" data-image-title=\"attachment\" data-image-description=\"\" data-image-caption=\"\" data-large-file=\"https:\/\/i0.wp.com\/humm.loverde.fr\/wp-content\/uploads\/2020\/12\/attachment-5.jpeg?fit=960%2C540&amp;ssl=1\" \/><\/a>\n\t\t\t<\/div><\/figure><figure class='gallery-item'>\n\t\t\t<div class='gallery-icon landscape'>\n\t\t\t\t<a href='https:\/\/humm.loverde.fr\/?attachment_id=5640'><img loading=\"lazy\" decoding=\"async\" width=\"480\" height=\"640\" src=\"https:\/\/i0.wp.com\/humm.loverde.fr\/wp-content\/uploads\/2020\/12\/attachment-6.jpeg?resize=480%2C640&amp;ssl=1\" class=\"attachment-thumbnail size-thumbnail\" alt=\"\" srcset=\"https:\/\/i0.wp.com\/humm.loverde.fr\/wp-content\/uploads\/2020\/12\/attachment-6.jpeg?resize=480%2C640&amp;ssl=1 480w, https:\/\/i0.wp.com\/humm.loverde.fr\/wp-content\/uploads\/2020\/12\/attachment-6.jpeg?zoom=2&amp;resize=480%2C640&amp;ssl=1 960w\" sizes=\"auto, (max-width: 480px) 100vw, 480px\" data-attachment-id=\"5640\" data-permalink=\"https:\/\/humm.loverde.fr\/?attachment_id=5640\" data-orig-file=\"https:\/\/i0.wp.com\/humm.loverde.fr\/wp-content\/uploads\/2020\/12\/attachment-6.jpeg?fit=1200%2C675&amp;ssl=1\" data-orig-size=\"1200,675\" data-comments-opened=\"1\" data-image-meta=\"{&quot;aperture&quot;:&quot;0&quot;,&quot;credit&quot;:&quot;&quot;,&quot;camera&quot;:&quot;&quot;,&quot;caption&quot;:&quot;&quot;,&quot;created_timestamp&quot;:&quot;0&quot;,&quot;copyright&quot;:&quot;&quot;,&quot;focal_length&quot;:&quot;0&quot;,&quot;iso&quot;:&quot;0&quot;,&quot;shutter_speed&quot;:&quot;0&quot;,&quot;title&quot;:&quot;&quot;,&quot;orientation&quot;:&quot;1&quot;}\" data-image-title=\"attachment\" data-image-description=\"\" data-image-caption=\"\" data-large-file=\"https:\/\/i0.wp.com\/humm.loverde.fr\/wp-content\/uploads\/2020\/12\/attachment-6.jpeg?fit=960%2C540&amp;ssl=1\" \/><\/a>\n\t\t\t<\/div><\/figure>\n\t\t<\/div>\n\n","protected":false},"excerpt":{"rendered":"<p>Recette de Josette du groupe Facebook \u00ab\u00a0Pour les fan de cuisine Pieds-Noirs\u00a0\u00bb Il y a souvent de tr\u00e8s bonnes recettes &hellip; <\/p>\n","protected":false},"author":1,"featured_media":5639,"comment_status":"open","ping_status":"closed","sticky":false,"template":"","format":"standard","meta":{"jetpack_post_was_ever_published":false,"_jetpack_newsletter_access":"","_jetpack_dont_email_post_to_subs":false,"_jetpack_newsletter_tier_id":0,"_jetpack_memberships_contains_paywalled_content":false,"_jetpack_memberships_contains_paid_content":false,"footnotes":"","jetpack_publicize_message":"","jetpack_publicize_feature_enabled":true,"jetpack_social_post_already_shared":true,"jetpack_social_options":{"image_generator_settings":{"template":"highway","default_image_id":0,"font":"","enabled":false},"version":2}},"categories":[1052],"tags":[784,5,385,1191,70,368],"class_list":["post-5638","post","type-post","status-publish","format-standard","has-post-thumbnail","hentry","category-recette","tag-aubergines","tag-four","tag-huile-dolive","tag-panees","tag-parmesan","tag-persil"],"jetpack_publicize_connections":[],"jetpack_featured_media_url":"https:\/\/i0.wp.com\/humm.loverde.fr\/wp-content\/uploads\/2020\/12\/attachment-5.jpeg?fit=1200%2C675&ssl=1","jetpack_sharing_enabled":true,"jetpack_shortlink":"https:\/\/wp.me\/p9whbF-1sW","jetpack_likes_enabled":true,"jetpack-related-posts":[{"id":1192,"url":"https:\/\/humm.loverde.fr\/?p=1192","url_meta":{"origin":5638,"position":0},"title":"Aubergines farcies \u00e0 l&rsquo;italienne","author":"cloverde","date":"12 juillet 2016","format":false,"excerpt":"J'avais deux aubergines et comme je ne savais pas quoi en faire..., la ratatouille ou la capounata http:\/\/www.loverde.fr\/humm\/?p=2964 c'est un peu gras. Le temps que je me d\u00e9cide, il a fallu les... jeter et quand j'ai trouv\u00e9 cette recette j'ai du en racheter. Bon en ce moment elles sont pas\u2026","rel":"","context":"Dans &quot;Recettes&quot;","block_context":{"text":"Recettes","link":"https:\/\/humm.loverde.fr\/?cat=2"},"img":{"alt_text":"Aubergines farcies \u00e0 l'italienne","src":"https:\/\/i0.wp.com\/humm.loverde.fr\/wp-content\/uploads\/2016\/06\/Aubergines-farcies-%C3%A0-litalienne.jpg?fit=600%2C600&ssl=1&resize=350%2C200","width":350,"height":200,"srcset":"https:\/\/i0.wp.com\/humm.loverde.fr\/wp-content\/uploads\/2016\/06\/Aubergines-farcies-%C3%A0-litalienne.jpg?fit=600%2C600&ssl=1&resize=350%2C200 1x, https:\/\/i0.wp.com\/humm.loverde.fr\/wp-content\/uploads\/2016\/06\/Aubergines-farcies-%C3%A0-litalienne.jpg?fit=600%2C600&ssl=1&resize=525%2C300 1.5x"},"classes":[]},{"id":8119,"url":"https:\/\/humm.loverde.fr\/?p=8119","url_meta":{"origin":5638,"position":1},"title":"Tajine de poulet aux aubergines","author":"cloverde","date":"21 mars 2023","format":false,"excerpt":"Les applications d'I.A. genre chatgpt c'est bien mais entre celle qui ne te donne pas la recette compl\u00e8te et celle qui demande de payer pour pouvoir poser ta question, je suis assez d\u00e9\u00e7u. Au fil de mes lectures sp\u00e9cialis\u00e9es j'ai trouv\u00e9 une application (Andi conseill\u00e9 par presse-citron.net) qui fonctionne comme\u2026","rel":"","context":"Dans &quot;Recettes&quot;","block_context":{"text":"Recettes","link":"https:\/\/humm.loverde.fr\/?cat=2"},"img":{"alt_text":"","src":"https:\/\/i0.wp.com\/humm.loverde.fr\/wp-content\/uploads\/2023\/03\/wp-1677656753261.jpg?fit=1200%2C540&ssl=1&resize=350%2C200","width":350,"height":200,"srcset":"https:\/\/i0.wp.com\/humm.loverde.fr\/wp-content\/uploads\/2023\/03\/wp-1677656753261.jpg?fit=1200%2C540&ssl=1&resize=350%2C200 1x, https:\/\/i0.wp.com\/humm.loverde.fr\/wp-content\/uploads\/2023\/03\/wp-1677656753261.jpg?fit=1200%2C540&ssl=1&resize=525%2C300 1.5x, https:\/\/i0.wp.com\/humm.loverde.fr\/wp-content\/uploads\/2023\/03\/wp-1677656753261.jpg?fit=1200%2C540&ssl=1&resize=700%2C400 2x, https:\/\/i0.wp.com\/humm.loverde.fr\/wp-content\/uploads\/2023\/03\/wp-1677656753261.jpg?fit=1200%2C540&ssl=1&resize=1050%2C600 3x"},"classes":[]},{"id":5368,"url":"https:\/\/humm.loverde.fr\/?p=5368","url_meta":{"origin":5638,"position":2},"title":"Escalopes pan\u00e9es, sauce au champignons","author":"cloverde","date":"14 juillet 2020","format":false,"excerpt":"Escalopes pan\u00e9es, sauce au champignons Voici surtout la recette de la sauce, parce que les escalopes pan\u00e9es personne n'a r\u00e9ellement besoin d'explication. On peut ajouter du persil hach\u00e9 menu \u00e0 l'\u0153uf pour changer ou agr\u00e9menter ou simplement parce que vous en avez trop pour la sauce et que c'est pas\u2026","rel":"","context":"Dans &quot;recette&quot;","block_context":{"text":"recette","link":"https:\/\/humm.loverde.fr\/?cat=1052"},"img":{"alt_text":"","src":"https:\/\/i0.wp.com\/humm.loverde.fr\/wp-content\/uploads\/2020\/07\/attachment.png?fit=800%2C450&ssl=1&resize=350%2C200","width":350,"height":200,"srcset":"https:\/\/i0.wp.com\/humm.loverde.fr\/wp-content\/uploads\/2020\/07\/attachment.png?fit=800%2C450&ssl=1&resize=350%2C200 1x, https:\/\/i0.wp.com\/humm.loverde.fr\/wp-content\/uploads\/2020\/07\/attachment.png?fit=800%2C450&ssl=1&resize=525%2C300 1.5x, https:\/\/i0.wp.com\/humm.loverde.fr\/wp-content\/uploads\/2020\/07\/attachment.png?fit=800%2C450&ssl=1&resize=700%2C400 2x"},"classes":[]},{"id":6801,"url":"https:\/\/humm.loverde.fr\/?p=6801","url_meta":{"origin":5638,"position":3},"title":"Poulet aux aubergines","author":"cloverde","date":"27 novembre 2021","format":false,"excerpt":"27\/11 Pas de commentaires aujourd'hui... Ingr\u00e9dients \u2022 1 blanc de poulet \u2022 2 aubergines \u2022 2 tomates rouges c\u0153ur de b\u0153uf \u2022 3 gousses d'ail \u2022 1 oignon \u2022 20 cl de coulis de tomate \u2022 huile d'olive \u2022 sel et poivre \u2022 1\/2 cuill\u00e8re \u00e0 caf\u00e9 de cumin \u2022\u2026","rel":"","context":"Dans &quot;Recettes&quot;","block_context":{"text":"Recettes","link":"https:\/\/humm.loverde.fr\/?cat=2"},"img":{"alt_text":"","src":"https:\/\/i0.wp.com\/humm.loverde.fr\/wp-content\/uploads\/2021\/11\/IMG_20211101_164557_866.jpg?fit=1200%2C554&ssl=1&resize=350%2C200","width":350,"height":200,"srcset":"https:\/\/i0.wp.com\/humm.loverde.fr\/wp-content\/uploads\/2021\/11\/IMG_20211101_164557_866.jpg?fit=1200%2C554&ssl=1&resize=350%2C200 1x, https:\/\/i0.wp.com\/humm.loverde.fr\/wp-content\/uploads\/2021\/11\/IMG_20211101_164557_866.jpg?fit=1200%2C554&ssl=1&resize=525%2C300 1.5x, https:\/\/i0.wp.com\/humm.loverde.fr\/wp-content\/uploads\/2021\/11\/IMG_20211101_164557_866.jpg?fit=1200%2C554&ssl=1&resize=700%2C400 2x, https:\/\/i0.wp.com\/humm.loverde.fr\/wp-content\/uploads\/2021\/11\/IMG_20211101_164557_866.jpg?fit=1200%2C554&ssl=1&resize=1050%2C600 3x"},"classes":[]},{"id":6347,"url":"https:\/\/humm.loverde.fr\/?p=6347","url_meta":{"origin":5638,"position":4},"title":"Moules farcies au crumble de chorizo","author":"cloverde","date":"17 juillet 2021","format":false,"excerpt":"17\/07 J'adore les moules farcies mais pour cela il faut des grosses moules g\u00e9n\u00e9ralement espagnoles donc je n'arrive pas \u00e0 en faire souvent puisque dans notre cambrousse n'arrivent que celles de Bouchot, celles qui grimpent au branches \ud83d\ude09. Je me suis abstenu de plaisanter \u00e0 propos de la moule espagnole\u2026","rel":"","context":"Dans &quot;Recettes&quot;","block_context":{"text":"Recettes","link":"https:\/\/humm.loverde.fr\/?cat=2"},"img":{"alt_text":"","src":"https:\/\/i0.wp.com\/humm.loverde.fr\/wp-content\/uploads\/2021\/07\/IMG_20210702_003003_98.jpg?fit=1200%2C554&ssl=1&resize=350%2C200","width":350,"height":200,"srcset":"https:\/\/i0.wp.com\/humm.loverde.fr\/wp-content\/uploads\/2021\/07\/IMG_20210702_003003_98.jpg?fit=1200%2C554&ssl=1&resize=350%2C200 1x, https:\/\/i0.wp.com\/humm.loverde.fr\/wp-content\/uploads\/2021\/07\/IMG_20210702_003003_98.jpg?fit=1200%2C554&ssl=1&resize=525%2C300 1.5x, https:\/\/i0.wp.com\/humm.loverde.fr\/wp-content\/uploads\/2021\/07\/IMG_20210702_003003_98.jpg?fit=1200%2C554&ssl=1&resize=700%2C400 2x, https:\/\/i0.wp.com\/humm.loverde.fr\/wp-content\/uploads\/2021\/07\/IMG_20210702_003003_98.jpg?fit=1200%2C554&ssl=1&resize=1050%2C600 3x"},"classes":[]},{"id":3122,"url":"https:\/\/humm.loverde.fr\/?p=3122","url_meta":{"origin":5638,"position":5},"title":"La capounata","author":"cloverde","date":"24 juillet 2018","format":false,"excerpt":"La capounata Normalement c'est caponata mais chez nous on dit capounata. D'apr\u00e8s ma cousine, qui se reconna\u00eetra, la prononciation capou... est de Sicile, l\u00e0 o\u00f9 sont nos origines. Dans la famille il y a deux \u00e9coles, les olives noires et les olives vertes. Chez nous c'est olives noires, chez ma\u2026","rel":"","context":"Dans &quot;Recettes&quot;","block_context":{"text":"Recettes","link":"https:\/\/humm.loverde.fr\/?cat=2"},"img":{"alt_text":"","src":"https:\/\/i0.wp.com\/humm.loverde.fr\/wp-content\/uploads\/2018\/07\/Attachment-2.png?fit=800%2C450&ssl=1&resize=350%2C200","width":350,"height":200,"srcset":"https:\/\/i0.wp.com\/humm.loverde.fr\/wp-content\/uploads\/2018\/07\/Attachment-2.png?fit=800%2C450&ssl=1&resize=350%2C200 1x, https:\/\/i0.wp.com\/humm.loverde.fr\/wp-content\/uploads\/2018\/07\/Attachment-2.png?fit=800%2C450&ssl=1&resize=525%2C300 1.5x, https:\/\/i0.wp.com\/humm.loverde.fr\/wp-content\/uploads\/2018\/07\/Attachment-2.png?fit=800%2C450&ssl=1&resize=700%2C400 2x"},"classes":[]}],"_links":{"self":[{"href":"https:\/\/humm.loverde.fr\/index.php?rest_route=\/wp\/v2\/posts\/5638","targetHints":{"allow":["GET"]}}],"collection":[{"href":"https:\/\/humm.loverde.fr\/index.php?rest_route=\/wp\/v2\/posts"}],"about":[{"href":"https:\/\/humm.loverde.fr\/index.php?rest_route=\/wp\/v2\/types\/post"}],"author":[{"embeddable":true,"href":"https:\/\/humm.loverde.fr\/index.php?rest_route=\/wp\/v2\/users\/1"}],"replies":[{"embeddable":true,"href":"https:\/\/humm.loverde.fr\/index.php?rest_route=%2Fwp%2Fv2%2Fcomments&post=5638"}],"version-history":[{"count":3,"href":"https:\/\/humm.loverde.fr\/index.php?rest_route=\/wp\/v2\/posts\/5638\/revisions"}],"predecessor-version":[{"id":5642,"href":"https:\/\/humm.loverde.fr\/index.php?rest_route=\/wp\/v2\/posts\/5638\/revisions\/5642"}],"wp:featuredmedia":[{"embeddable":true,"href":"https:\/\/humm.loverde.fr\/index.php?rest_route=\/wp\/v2\/media\/5639"}],"wp:attachment":[{"href":"https:\/\/humm.loverde.fr\/index.php?rest_route=%2Fwp%2Fv2%2Fmedia&parent=5638"}],"wp:term":[{"taxonomy":"category","embeddable":true,"href":"https:\/\/humm.loverde.fr\/index.php?rest_route=%2Fwp%2Fv2%2Fcategories&post=5638"},{"taxonomy":"post_tag","embeddable":true,"href":"https:\/\/humm.loverde.fr\/index.php?rest_route=%2Fwp%2Fv2%2Ftags&post=5638"}],"curies":[{"name":"wp","href":"https:\/\/api.w.org\/{rel}","templated":true}]}}