{"id":5644,"date":"2020-12-15T06:07:12","date_gmt":"2020-12-15T05:07:12","guid":{"rendered":"https:\/\/humm.loverde.fr\/?p=5644"},"modified":"2020-11-28T10:18:15","modified_gmt":"2020-11-28T09:18:15","slug":"gratin-de-courgettes-et-pommes-de-terre","status":"publish","type":"post","link":"https:\/\/humm.loverde.fr\/?p=5644","title":{"rendered":"Gratin de courgettes et pommes de terre"},"content":{"rendered":"<p>Recette inspir\u00e9e du livre \u00ab\u00a0Courgettes je vous aime\u00a0\u00bb<\/p>\n<p><img data-recalc-dims=\"1\" loading=\"lazy\" decoding=\"async\" data-attachment-id=\"5647\" data-permalink=\"https:\/\/humm.loverde.fr\/?attachment_id=5647\" data-orig-file=\"https:\/\/i0.wp.com\/humm.loverde.fr\/wp-content\/uploads\/2020\/12\/attachment-8.jpeg?fit=1200%2C675&amp;ssl=1\" data-orig-size=\"1200,675\" data-comments-opened=\"1\" data-image-meta=\"{&quot;aperture&quot;:&quot;0&quot;,&quot;credit&quot;:&quot;&quot;,&quot;camera&quot;:&quot;&quot;,&quot;caption&quot;:&quot;&quot;,&quot;created_timestamp&quot;:&quot;0&quot;,&quot;copyright&quot;:&quot;&quot;,&quot;focal_length&quot;:&quot;0&quot;,&quot;iso&quot;:&quot;0&quot;,&quot;shutter_speed&quot;:&quot;0&quot;,&quot;title&quot;:&quot;&quot;,&quot;orientation&quot;:&quot;1&quot;}\" data-image-title=\"attachment\" data-image-description=\"\" data-image-caption=\"\" data-large-file=\"https:\/\/i0.wp.com\/humm.loverde.fr\/wp-content\/uploads\/2020\/12\/attachment-8.jpeg?fit=960%2C540&amp;ssl=1\" class=\"alignnone size-medium wp-image-5647\" src=\"https:\/\/i0.wp.com\/humm.loverde.fr\/wp-content\/uploads\/2020\/12\/attachment-8.jpeg?resize=595%2C335&#038;ssl=1\" alt=\"\" width=\"595\" height=\"335\" srcset=\"https:\/\/i0.wp.com\/humm.loverde.fr\/wp-content\/uploads\/2020\/12\/attachment-8.jpeg?resize=595%2C335&amp;ssl=1 595w, https:\/\/i0.wp.com\/humm.loverde.fr\/wp-content\/uploads\/2020\/12\/attachment-8.jpeg?resize=960%2C540&amp;ssl=1 960w, https:\/\/i0.wp.com\/humm.loverde.fr\/wp-content\/uploads\/2020\/12\/attachment-8.jpeg?resize=768%2C432&amp;ssl=1 768w, https:\/\/i0.wp.com\/humm.loverde.fr\/wp-content\/uploads\/2020\/12\/attachment-8.jpeg?w=1200&amp;ssl=1 1200w\" sizes=\"auto, (max-width: 595px) 100vw, 595px\" \/><\/p>\n<p>J&rsquo;ai adapt\u00e9 et r\u00e9alis\u00e9 au feeling.<\/p>\n<p>Je ne suis pas v\u00e9g\u00e9tarien ou v\u00e9g\u00e9talien ou v\u00e9g\u00e9cequevousvoulez, et c&rsquo;est pas demain la veille vu la radicalisation \u00e0 laquelle on assiste et dans laquelle veulent entra\u00eener certains ayatollahs du genre, mais il m&rsquo;arrive de n&rsquo;a pas manger de la viande.<\/p>\n<p><img data-recalc-dims=\"1\" loading=\"lazy\" decoding=\"async\" data-attachment-id=\"5646\" data-permalink=\"https:\/\/humm.loverde.fr\/?attachment_id=5646\" data-orig-file=\"https:\/\/i0.wp.com\/humm.loverde.fr\/wp-content\/uploads\/2020\/12\/attachment-7.jpeg?fit=1200%2C675&amp;ssl=1\" data-orig-size=\"1200,675\" data-comments-opened=\"1\" data-image-meta=\"{&quot;aperture&quot;:&quot;0&quot;,&quot;credit&quot;:&quot;&quot;,&quot;camera&quot;:&quot;&quot;,&quot;caption&quot;:&quot;&quot;,&quot;created_timestamp&quot;:&quot;0&quot;,&quot;copyright&quot;:&quot;&quot;,&quot;focal_length&quot;:&quot;0&quot;,&quot;iso&quot;:&quot;0&quot;,&quot;shutter_speed&quot;:&quot;0&quot;,&quot;title&quot;:&quot;&quot;,&quot;orientation&quot;:&quot;1&quot;}\" data-image-title=\"attachment\" data-image-description=\"\" data-image-caption=\"\" data-large-file=\"https:\/\/i0.wp.com\/humm.loverde.fr\/wp-content\/uploads\/2020\/12\/attachment-7.jpeg?fit=960%2C540&amp;ssl=1\" class=\"alignnone size-medium wp-image-5646\" src=\"https:\/\/i0.wp.com\/humm.loverde.fr\/wp-content\/uploads\/2020\/12\/attachment-7.jpeg?resize=595%2C335&#038;ssl=1\" alt=\"\" width=\"595\" height=\"335\" srcset=\"https:\/\/i0.wp.com\/humm.loverde.fr\/wp-content\/uploads\/2020\/12\/attachment-7.jpeg?resize=595%2C335&amp;ssl=1 595w, https:\/\/i0.wp.com\/humm.loverde.fr\/wp-content\/uploads\/2020\/12\/attachment-7.jpeg?resize=960%2C540&amp;ssl=1 960w, https:\/\/i0.wp.com\/humm.loverde.fr\/wp-content\/uploads\/2020\/12\/attachment-7.jpeg?resize=768%2C432&amp;ssl=1 768w, https:\/\/i0.wp.com\/humm.loverde.fr\/wp-content\/uploads\/2020\/12\/attachment-7.jpeg?w=1200&amp;ssl=1 1200w\" sizes=\"auto, (max-width: 595px) 100vw, 595px\" \/><\/p>\n<p><b>Ingr\u00e9dients <\/b><\/p>\n<ul>\n<li>4 courgettes plut\u00f4t petites, elles sont plus tendres et passent dans ma machine.<\/li>\n<li>4 ou 5 patates nouvelles et petites, toujours \u00e0 cause de l&rsquo;appareil.<\/li>\n<li>120 g de f\u00eata<\/li>\n<li>80 g d&#8217;emmental<\/li>\n<li>du parmesan \u00e0 r\u00e2per<\/li>\n<li>1 oignon<\/li>\n<li>1 gousse d&rsquo;ail<\/li>\n<li>Quelques brins de thym<\/li>\n<\/ul>\n<p><img data-recalc-dims=\"1\" loading=\"lazy\" decoding=\"async\" data-attachment-id=\"5648\" data-permalink=\"https:\/\/humm.loverde.fr\/?attachment_id=5648\" data-orig-file=\"https:\/\/i0.wp.com\/humm.loverde.fr\/wp-content\/uploads\/2020\/12\/attachment-9.jpeg?fit=1200%2C675&amp;ssl=1\" data-orig-size=\"1200,675\" data-comments-opened=\"1\" data-image-meta=\"{&quot;aperture&quot;:&quot;0&quot;,&quot;credit&quot;:&quot;&quot;,&quot;camera&quot;:&quot;&quot;,&quot;caption&quot;:&quot;&quot;,&quot;created_timestamp&quot;:&quot;0&quot;,&quot;copyright&quot;:&quot;&quot;,&quot;focal_length&quot;:&quot;0&quot;,&quot;iso&quot;:&quot;0&quot;,&quot;shutter_speed&quot;:&quot;0&quot;,&quot;title&quot;:&quot;&quot;,&quot;orientation&quot;:&quot;1&quot;}\" data-image-title=\"attachment\" data-image-description=\"\" data-image-caption=\"\" data-large-file=\"https:\/\/i0.wp.com\/humm.loverde.fr\/wp-content\/uploads\/2020\/12\/attachment-9.jpeg?fit=960%2C540&amp;ssl=1\" class=\"alignnone size-medium wp-image-5648\" src=\"https:\/\/i0.wp.com\/humm.loverde.fr\/wp-content\/uploads\/2020\/12\/attachment-9.jpeg?resize=595%2C335&#038;ssl=1\" alt=\"\" width=\"595\" height=\"335\" srcset=\"https:\/\/i0.wp.com\/humm.loverde.fr\/wp-content\/uploads\/2020\/12\/attachment-9.jpeg?resize=595%2C335&amp;ssl=1 595w, https:\/\/i0.wp.com\/humm.loverde.fr\/wp-content\/uploads\/2020\/12\/attachment-9.jpeg?resize=960%2C540&amp;ssl=1 960w, https:\/\/i0.wp.com\/humm.loverde.fr\/wp-content\/uploads\/2020\/12\/attachment-9.jpeg?resize=768%2C432&amp;ssl=1 768w, https:\/\/i0.wp.com\/humm.loverde.fr\/wp-content\/uploads\/2020\/12\/attachment-9.jpeg?w=1200&amp;ssl=1 1200w\" sizes=\"auto, (max-width: 595px) 100vw, 595px\" \/><\/p>\n<p><b>Pr\u00e9paration <\/b><\/p>\n<p>\u00c9plucher les courgettes, pas les pommes de terre, juste nettoy\u00e9es. R\u00e2per la f\u00eata et l&#8217;emmental, m\u00e9langer.<\/p>\n<p>Couper les l\u00e9gumes en tranches fines, 1mm d&rsquo;\u00e9paisseur \u00e0 peu pr\u00e8s.<\/p>\n<p><img data-recalc-dims=\"1\" loading=\"lazy\" decoding=\"async\" data-attachment-id=\"5645\" data-permalink=\"https:\/\/humm.loverde.fr\/?attachment_id=5645\" data-orig-file=\"https:\/\/i0.wp.com\/humm.loverde.fr\/wp-content\/uploads\/2020\/12\/attachment-1.png?fit=400%2C403&amp;ssl=1\" data-orig-size=\"400,403\" data-comments-opened=\"1\" data-image-meta=\"{&quot;aperture&quot;:&quot;0&quot;,&quot;credit&quot;:&quot;&quot;,&quot;camera&quot;:&quot;&quot;,&quot;caption&quot;:&quot;&quot;,&quot;created_timestamp&quot;:&quot;0&quot;,&quot;copyright&quot;:&quot;&quot;,&quot;focal_length&quot;:&quot;0&quot;,&quot;iso&quot;:&quot;0&quot;,&quot;shutter_speed&quot;:&quot;0&quot;,&quot;title&quot;:&quot;&quot;,&quot;orientation&quot;:&quot;0&quot;}\" data-image-title=\"attachment\" data-image-description=\"\" data-image-caption=\"\" data-large-file=\"https:\/\/i0.wp.com\/humm.loverde.fr\/wp-content\/uploads\/2020\/12\/attachment-1.png?fit=400%2C403&amp;ssl=1\" class=\"size-full wp-image-5645 aligncenter\" src=\"https:\/\/i0.wp.com\/humm.loverde.fr\/wp-content\/uploads\/2020\/12\/attachment-1.png?resize=400%2C403&#038;ssl=1\" alt=\"\" width=\"400\" height=\"403\" \/><\/p>\n<p>Dans un plat allant au four, mettre de l&rsquo;huile d&rsquo;olive sur le fond et l&rsquo;ail r\u00e2p\u00e9.<\/p>\n<p>Ajouter une couche de courgettes, une couche de pomme de terre et le m\u00e9lange de fromage r\u00e2p\u00e9.<\/p>\n<p><img data-recalc-dims=\"1\" loading=\"lazy\" decoding=\"async\" data-attachment-id=\"5649\" data-permalink=\"https:\/\/humm.loverde.fr\/?attachment_id=5649\" data-orig-file=\"https:\/\/i0.wp.com\/humm.loverde.fr\/wp-content\/uploads\/2020\/12\/attachment-10.jpeg?fit=1200%2C675&amp;ssl=1\" data-orig-size=\"1200,675\" data-comments-opened=\"1\" data-image-meta=\"{&quot;aperture&quot;:&quot;0&quot;,&quot;credit&quot;:&quot;&quot;,&quot;camera&quot;:&quot;&quot;,&quot;caption&quot;:&quot;&quot;,&quot;created_timestamp&quot;:&quot;0&quot;,&quot;copyright&quot;:&quot;&quot;,&quot;focal_length&quot;:&quot;0&quot;,&quot;iso&quot;:&quot;0&quot;,&quot;shutter_speed&quot;:&quot;0&quot;,&quot;title&quot;:&quot;&quot;,&quot;orientation&quot;:&quot;1&quot;}\" data-image-title=\"attachment\" data-image-description=\"\" data-image-caption=\"\" data-large-file=\"https:\/\/i0.wp.com\/humm.loverde.fr\/wp-content\/uploads\/2020\/12\/attachment-10.jpeg?fit=960%2C540&amp;ssl=1\" class=\"alignnone size-medium wp-image-5649\" src=\"https:\/\/i0.wp.com\/humm.loverde.fr\/wp-content\/uploads\/2020\/12\/attachment-10.jpeg?resize=595%2C335&#038;ssl=1\" alt=\"\" width=\"595\" height=\"335\" srcset=\"https:\/\/i0.wp.com\/humm.loverde.fr\/wp-content\/uploads\/2020\/12\/attachment-10.jpeg?resize=595%2C335&amp;ssl=1 595w, https:\/\/i0.wp.com\/humm.loverde.fr\/wp-content\/uploads\/2020\/12\/attachment-10.jpeg?resize=960%2C540&amp;ssl=1 960w, https:\/\/i0.wp.com\/humm.loverde.fr\/wp-content\/uploads\/2020\/12\/attachment-10.jpeg?resize=768%2C432&amp;ssl=1 768w, https:\/\/i0.wp.com\/humm.loverde.fr\/wp-content\/uploads\/2020\/12\/attachment-10.jpeg?w=1200&amp;ssl=1 1200w\" sizes=\"auto, (max-width: 595px) 100vw, 595px\" \/><\/p>\n<p>\u00c0 r\u00e9p\u00e9ter jusqu&rsquo;\u00e0 \u00e9puisement des ingr\u00e9dients.<\/p>\n<p>La derni\u00e8re couche \u00e9tant compos\u00e9e de l&rsquo;oignon coup\u00e9 avec le m\u00eame appareil que pour les l\u00e9gumes, du m\u00e9lange de fromage qu&rsquo;il reste, le thym et pour finir le parmesan r\u00e2p\u00e9 qui doit tout recouvrir.<\/p>\n<p>Mettre au four \u00e0 180\u00b0C pendant 45 minutes. Avec mon four les l\u00e9gumes \u00e9taient juste cuits donc j&rsquo;ai remis 15 Minutes \u00e0 150\u00b0C et couvert d&rsquo;un aluminium parce que c&rsquo;\u00e9tait d\u00e9j\u00e0 bien grill\u00e9.<\/p>\n<p>CLoverde<a href=\"http:\/\/bit.ly\/CLoverde\" target=\"_blank\" rel=\"noopener noreferrer\">Christian bit.ly\/CLoverde<\/a><\/p>\n","protected":false},"excerpt":{"rendered":"<p>Recette inspir\u00e9e du livre \u00ab\u00a0Courgettes je vous aime\u00a0\u00bb J&rsquo;ai adapt\u00e9 et r\u00e9alis\u00e9 au feeling. Je ne suis pas v\u00e9g\u00e9tarien ou &hellip; <\/p>\n","protected":false},"author":1,"featured_media":5646,"comment_status":"open","ping_status":"closed","sticky":false,"template":"","format":"standard","meta":{"jetpack_post_was_ever_published":false,"_jetpack_newsletter_access":"","_jetpack_dont_email_post_to_subs":false,"_jetpack_newsletter_tier_id":0,"_jetpack_memberships_contains_paywalled_content":false,"_jetpack_memberships_contains_paid_content":false,"footnotes":"","jetpack_publicize_message":"","jetpack_publicize_feature_enabled":true,"jetpack_social_post_already_shared":true,"jetpack_social_options":{"image_generator_settings":{"template":"highway","default_image_id":0,"font":"","enabled":false},"version":2}},"categories":[1052],"tags":[100,865,1150,90,70,164],"class_list":["post-5644","post","type-post","status-publish","format-standard","has-post-thumbnail","hentry","category-recette","tag-courgettes","tag-emmental","tag-feta","tag-gratin","tag-parmesan","tag-pommes-de-terre"],"jetpack_publicize_connections":[],"jetpack_featured_media_url":"https:\/\/i0.wp.com\/humm.loverde.fr\/wp-content\/uploads\/2020\/12\/attachment-7.jpeg?fit=1200%2C675&ssl=1","jetpack_sharing_enabled":true,"jetpack_shortlink":"https:\/\/wp.me\/p9whbF-1t2","jetpack_likes_enabled":true,"jetpack-related-posts":[{"id":6328,"url":"https:\/\/humm.loverde.fr\/?p=6328","url_meta":{"origin":5644,"position":0},"title":"Pur\u00e9e au gratin pommes de terre et courgettes","author":"cloverde","date":"31 juillet 2021","format":false,"excerpt":"31\/07\/2021 Il me restait 2 courgettes et les courgettes bouillies, on a donn\u00e9. Donc me voici sur une pur\u00e9e au gratin avec un m\u00e9lange courgettes et pommes de terre. Les quantit\u00e9s sont importantes bien s\u00fbr mais vous aurez du mal \u00e0 avoir un poids pr\u00e9cis de courgettes. Comme le plus\u2026","rel":"","context":"Dans &quot;Recettes&quot;","block_context":{"text":"Recettes","link":"https:\/\/humm.loverde.fr\/?cat=2"},"img":{"alt_text":"","src":"https:\/\/i0.wp.com\/humm.loverde.fr\/wp-content\/uploads\/2021\/07\/IMG_20210702_000604_586.jpg?fit=1200%2C554&ssl=1&resize=350%2C200","width":350,"height":200,"srcset":"https:\/\/i0.wp.com\/humm.loverde.fr\/wp-content\/uploads\/2021\/07\/IMG_20210702_000604_586.jpg?fit=1200%2C554&ssl=1&resize=350%2C200 1x, https:\/\/i0.wp.com\/humm.loverde.fr\/wp-content\/uploads\/2021\/07\/IMG_20210702_000604_586.jpg?fit=1200%2C554&ssl=1&resize=525%2C300 1.5x, https:\/\/i0.wp.com\/humm.loverde.fr\/wp-content\/uploads\/2021\/07\/IMG_20210702_000604_586.jpg?fit=1200%2C554&ssl=1&resize=700%2C400 2x, https:\/\/i0.wp.com\/humm.loverde.fr\/wp-content\/uploads\/2021\/07\/IMG_20210702_000604_586.jpg?fit=1200%2C554&ssl=1&resize=1050%2C600 3x"},"classes":[]},{"id":8741,"url":"https:\/\/humm.loverde.fr\/?p=8741","url_meta":{"origin":5644,"position":1},"title":"Hachis parmentier pommes de terre et courgettes","author":"cloverde","date":"29 ao\u00fbt 2023","format":false,"excerpt":"Je ne sais pas chez vous mais ici les pommes de terre, qu'elles soient ch\u00e8res ou bon march\u00e9, germent tr\u00e8s rapidement. J'essaierai de les conserver au frigo la prochaine fois. Aujourd'hui il fallait \u00e9couler ces patates et quelques courgettes que j'ai achet\u00e9es en double. Petit probl\u00e8me pas de gruy\u00e8re dans\u2026","rel":"","context":"Dans &quot;Recettes&quot;","block_context":{"text":"Recettes","link":"https:\/\/humm.loverde.fr\/?cat=2"},"img":{"alt_text":"","src":"https:\/\/i0.wp.com\/humm.loverde.fr\/wp-content\/uploads\/2023\/08\/IMG_20230730_102647_373.jpg?fit=1024%2C577&ssl=1&resize=350%2C200","width":350,"height":200,"srcset":"https:\/\/i0.wp.com\/humm.loverde.fr\/wp-content\/uploads\/2023\/08\/IMG_20230730_102647_373.jpg?fit=1024%2C577&ssl=1&resize=350%2C200 1x, https:\/\/i0.wp.com\/humm.loverde.fr\/wp-content\/uploads\/2023\/08\/IMG_20230730_102647_373.jpg?fit=1024%2C577&ssl=1&resize=525%2C300 1.5x, https:\/\/i0.wp.com\/humm.loverde.fr\/wp-content\/uploads\/2023\/08\/IMG_20230730_102647_373.jpg?fit=1024%2C577&ssl=1&resize=700%2C400 2x"},"classes":[]},{"id":3129,"url":"https:\/\/humm.loverde.fr\/?p=3129","url_meta":{"origin":5644,"position":2},"title":"Soupe tomates courgettes","author":"cloverde","date":"28 ao\u00fbt 2018","format":false,"excerpt":"Soupe tomates courgettes Je n'ai pas grand chose \u00e0 raconter \u00e0 propos de cette soupe, juste que j'ai voulu changer de la sempiternelle soupe poireaux pommes de terre. Ingr\u00e9dients (2 personnes) \u2022 1 bonne cuill\u00e8re de cr\u00e8me fra\u00eeche \u2022 sel, poivre du moulin \u2022 1 bouillon de volaille \u2022 huile\u2026","rel":"","context":"Dans &quot;Recettes&quot;","block_context":{"text":"Recettes","link":"https:\/\/humm.loverde.fr\/?cat=2"},"img":{"alt_text":"","src":"https:\/\/i0.wp.com\/humm.loverde.fr\/wp-content\/uploads\/2018\/07\/Attachment-1.jpeg?fit=1200%2C675&ssl=1&resize=350%2C200","width":350,"height":200,"srcset":"https:\/\/i0.wp.com\/humm.loverde.fr\/wp-content\/uploads\/2018\/07\/Attachment-1.jpeg?fit=1200%2C675&ssl=1&resize=350%2C200 1x, https:\/\/i0.wp.com\/humm.loverde.fr\/wp-content\/uploads\/2018\/07\/Attachment-1.jpeg?fit=1200%2C675&ssl=1&resize=525%2C300 1.5x, https:\/\/i0.wp.com\/humm.loverde.fr\/wp-content\/uploads\/2018\/07\/Attachment-1.jpeg?fit=1200%2C675&ssl=1&resize=700%2C400 2x, https:\/\/i0.wp.com\/humm.loverde.fr\/wp-content\/uploads\/2018\/07\/Attachment-1.jpeg?fit=1200%2C675&ssl=1&resize=1050%2C600 3x"},"classes":[]},{"id":11543,"url":"https:\/\/humm.loverde.fr\/?p=11543","url_meta":{"origin":5644,"position":3},"title":"Gratin dauphinois","author":"kris33390","date":"29 octobre 2024","format":false,"excerpt":"Inspir\u00e9 du gratin de Marina, et sur ce dont je me suis souvenu au moment de la r\u00e9alisation. Ingr\u00e9dients \u2022 Pommes de terre \u2022 30 cl de cr\u00e8me fra\u00eeche semi \u00e9paisse \u2022 Un m\u00e9lange d'emmental et cont\u00e9 r\u00e2p\u00e9s \u2022 un oignon \u2022 de la chapelure Pr\u00e9paration Couper les pommes de\u2026","rel":"","context":"Dans &quot;recette&quot;","block_context":{"text":"recette","link":"https:\/\/humm.loverde.fr\/?cat=1052"},"img":{"alt_text":"","src":"https:\/\/i0.wp.com\/humm.loverde.fr\/wp-content\/uploads\/2024\/10\/IMG_20241014_072816_657.jpg?fit=1200%2C540&ssl=1&resize=350%2C200","width":350,"height":200,"srcset":"https:\/\/i0.wp.com\/humm.loverde.fr\/wp-content\/uploads\/2024\/10\/IMG_20241014_072816_657.jpg?fit=1200%2C540&ssl=1&resize=350%2C200 1x, https:\/\/i0.wp.com\/humm.loverde.fr\/wp-content\/uploads\/2024\/10\/IMG_20241014_072816_657.jpg?fit=1200%2C540&ssl=1&resize=525%2C300 1.5x, https:\/\/i0.wp.com\/humm.loverde.fr\/wp-content\/uploads\/2024\/10\/IMG_20241014_072816_657.jpg?fit=1200%2C540&ssl=1&resize=700%2C400 2x, https:\/\/i0.wp.com\/humm.loverde.fr\/wp-content\/uploads\/2024\/10\/IMG_20241014_072816_657.jpg?fit=1200%2C540&ssl=1&resize=1050%2C600 3x"},"classes":[]},{"id":914,"url":"https:\/\/humm.loverde.fr\/?p=914","url_meta":{"origin":5644,"position":4},"title":"L\u00e9gumes farcis","author":"cloverde","date":"29 d\u00e9cembre 2015","format":false,"excerpt":"Je tourne en rond, me direz vous? Non pas tout \u00e0 fait, quand on aime on ne compte pas! Voici donc un grand classique de la cuisine familiale, les l\u00e9gumes farcis. On choisi les l\u00e9gumes de saison, aujourd'hui j'ai utilis\u00e9 des pommes de terres et des courgettes, et l\u00e0 il\u2026","rel":"","context":"Dans &quot;Recettes&quot;","block_context":{"text":"Recettes","link":"https:\/\/humm.loverde.fr\/?cat=2"},"img":{"alt_text":"","src":"https:\/\/i0.wp.com\/humm.loverde.fr\/wp-content\/uploads\/2015\/12\/IMG_3415.jpg?resize=350%2C200&ssl=1","width":350,"height":200,"srcset":"https:\/\/i0.wp.com\/humm.loverde.fr\/wp-content\/uploads\/2015\/12\/IMG_3415.jpg?resize=350%2C200&ssl=1 1x, https:\/\/i0.wp.com\/humm.loverde.fr\/wp-content\/uploads\/2015\/12\/IMG_3415.jpg?resize=525%2C300&ssl=1 1.5x, https:\/\/i0.wp.com\/humm.loverde.fr\/wp-content\/uploads\/2015\/12\/IMG_3415.jpg?resize=700%2C400&ssl=1 2x"},"classes":[]},{"id":3764,"url":"https:\/\/humm.loverde.fr\/?p=3764","url_meta":{"origin":5644,"position":5},"title":"L\u00e9gumes farcis au four","author":"cloverde","date":"13 avril 2019","format":false,"excerpt":"L\u00e9gumes farcis au four Un grand classique que je ne faisais plus depuis longtemps. J'aime bien mais \u00e0 chaque fois il y a des choses \u00e0 modifier. Cette fois-ci j'ai fais au pif et avec les l\u00e9gumes que j'avais \u00e0 ma disposition et c'\u00e9tait tr\u00e8s r\u00e9ussi. Il faut bien que\u2026","rel":"","context":"Dans &quot;Farci&quot;","block_context":{"text":"Farci","link":"https:\/\/humm.loverde.fr\/?cat=998"},"img":{"alt_text":"","src":"https:\/\/i0.wp.com\/humm.loverde.fr\/wp-content\/uploads\/2019\/04\/Attachment-3.png?fit=800%2C450&ssl=1&resize=350%2C200","width":350,"height":200,"srcset":"https:\/\/i0.wp.com\/humm.loverde.fr\/wp-content\/uploads\/2019\/04\/Attachment-3.png?fit=800%2C450&ssl=1&resize=350%2C200 1x, https:\/\/i0.wp.com\/humm.loverde.fr\/wp-content\/uploads\/2019\/04\/Attachment-3.png?fit=800%2C450&ssl=1&resize=525%2C300 1.5x, https:\/\/i0.wp.com\/humm.loverde.fr\/wp-content\/uploads\/2019\/04\/Attachment-3.png?fit=800%2C450&ssl=1&resize=700%2C400 2x"},"classes":[]}],"_links":{"self":[{"href":"https:\/\/humm.loverde.fr\/index.php?rest_route=\/wp\/v2\/posts\/5644","targetHints":{"allow":["GET"]}}],"collection":[{"href":"https:\/\/humm.loverde.fr\/index.php?rest_route=\/wp\/v2\/posts"}],"about":[{"href":"https:\/\/humm.loverde.fr\/index.php?rest_route=\/wp\/v2\/types\/post"}],"author":[{"embeddable":true,"href":"https:\/\/humm.loverde.fr\/index.php?rest_route=\/wp\/v2\/users\/1"}],"replies":[{"embeddable":true,"href":"https:\/\/humm.loverde.fr\/index.php?rest_route=%2Fwp%2Fv2%2Fcomments&post=5644"}],"version-history":[{"count":4,"href":"https:\/\/humm.loverde.fr\/index.php?rest_route=\/wp\/v2\/posts\/5644\/revisions"}],"predecessor-version":[{"id":5653,"href":"https:\/\/humm.loverde.fr\/index.php?rest_route=\/wp\/v2\/posts\/5644\/revisions\/5653"}],"wp:featuredmedia":[{"embeddable":true,"href":"https:\/\/humm.loverde.fr\/index.php?rest_route=\/wp\/v2\/media\/5646"}],"wp:attachment":[{"href":"https:\/\/humm.loverde.fr\/index.php?rest_route=%2Fwp%2Fv2%2Fmedia&parent=5644"}],"wp:term":[{"taxonomy":"category","embeddable":true,"href":"https:\/\/humm.loverde.fr\/index.php?rest_route=%2Fwp%2Fv2%2Fcategories&post=5644"},{"taxonomy":"post_tag","embeddable":true,"href":"https:\/\/humm.loverde.fr\/index.php?rest_route=%2Fwp%2Fv2%2Ftags&post=5644"}],"curies":[{"name":"wp","href":"https:\/\/api.w.org\/{rel}","templated":true}]}}