{"id":5665,"date":"2020-12-21T06:14:24","date_gmt":"2020-12-21T05:14:24","guid":{"rendered":"https:\/\/humm.loverde.fr\/?p=5665"},"modified":"2020-12-07T00:25:07","modified_gmt":"2020-12-06T23:25:07","slug":"pates-et-choux-fleurs-au-gratin","status":"publish","type":"post","link":"https:\/\/humm.loverde.fr\/?p=5665","title":{"rendered":"P\u00e2tes et choux-fleurs au gratin"},"content":{"rendered":"<p>P\u00e2tes et choux-fleurs au gratin<\/p>\n<p>Un grand classique que ma m\u00e8re faisait souvent. La derni\u00e8re fois que j&rsquo;en ai fait c&rsquo;\u00e9tait plut\u00f4t sec et cette fois-ci un peu moins mais am\u00e9liorable.<\/p>\n<p><img data-recalc-dims=\"1\" loading=\"lazy\" decoding=\"async\" data-attachment-id=\"5666\" data-permalink=\"https:\/\/humm.loverde.fr\/?attachment_id=5666\" data-orig-file=\"https:\/\/i0.wp.com\/humm.loverde.fr\/wp-content\/uploads\/2020\/12\/attachment-12.jpeg?fit=1200%2C675&amp;ssl=1\" data-orig-size=\"1200,675\" data-comments-opened=\"1\" data-image-meta=\"{&quot;aperture&quot;:&quot;0&quot;,&quot;credit&quot;:&quot;&quot;,&quot;camera&quot;:&quot;&quot;,&quot;caption&quot;:&quot;&quot;,&quot;created_timestamp&quot;:&quot;0&quot;,&quot;copyright&quot;:&quot;&quot;,&quot;focal_length&quot;:&quot;0&quot;,&quot;iso&quot;:&quot;0&quot;,&quot;shutter_speed&quot;:&quot;0&quot;,&quot;title&quot;:&quot;&quot;,&quot;orientation&quot;:&quot;1&quot;}\" data-image-title=\"attachment\" data-image-description=\"\" data-image-caption=\"\" data-large-file=\"https:\/\/i0.wp.com\/humm.loverde.fr\/wp-content\/uploads\/2020\/12\/attachment-12.jpeg?fit=960%2C540&amp;ssl=1\" class=\"alignnone size-medium wp-image-5666\" src=\"https:\/\/i0.wp.com\/humm.loverde.fr\/wp-content\/uploads\/2020\/12\/attachment-12.jpeg?resize=595%2C335&#038;ssl=1\" alt=\"\" width=\"595\" height=\"335\" srcset=\"https:\/\/i0.wp.com\/humm.loverde.fr\/wp-content\/uploads\/2020\/12\/attachment-12.jpeg?resize=595%2C335&amp;ssl=1 595w, https:\/\/i0.wp.com\/humm.loverde.fr\/wp-content\/uploads\/2020\/12\/attachment-12.jpeg?resize=960%2C540&amp;ssl=1 960w, https:\/\/i0.wp.com\/humm.loverde.fr\/wp-content\/uploads\/2020\/12\/attachment-12.jpeg?resize=768%2C432&amp;ssl=1 768w, https:\/\/i0.wp.com\/humm.loverde.fr\/wp-content\/uploads\/2020\/12\/attachment-12.jpeg?w=1200&amp;ssl=1 1200w\" sizes=\"auto, (max-width: 595px) 100vw, 595px\" \/><\/p>\n<p><b>Ingr\u00e9dients<\/b><\/p>\n<ul>\n<li>Un choux-fleurs cuit<\/li>\n<li>Des p\u00e2tes genre fusilli<\/li>\n<li>20 g de beurre environ<\/li>\n<li>De l&#8217;emmental, 100 g environ<\/li>\n<li>20 Cl de cr\u00e8me fra\u00eeche ou de lait de soja<\/li>\n<li>Sel, poivre<\/li>\n<\/ul>\n<p><img data-recalc-dims=\"1\" loading=\"lazy\" decoding=\"async\" data-attachment-id=\"5667\" data-permalink=\"https:\/\/humm.loverde.fr\/?attachment_id=5667\" data-orig-file=\"https:\/\/i0.wp.com\/humm.loverde.fr\/wp-content\/uploads\/2020\/12\/attachment-13.jpeg?fit=1200%2C675&amp;ssl=1\" data-orig-size=\"1200,675\" data-comments-opened=\"1\" data-image-meta=\"{&quot;aperture&quot;:&quot;0&quot;,&quot;credit&quot;:&quot;&quot;,&quot;camera&quot;:&quot;&quot;,&quot;caption&quot;:&quot;&quot;,&quot;created_timestamp&quot;:&quot;0&quot;,&quot;copyright&quot;:&quot;&quot;,&quot;focal_length&quot;:&quot;0&quot;,&quot;iso&quot;:&quot;0&quot;,&quot;shutter_speed&quot;:&quot;0&quot;,&quot;title&quot;:&quot;&quot;,&quot;orientation&quot;:&quot;1&quot;}\" data-image-title=\"attachment\" data-image-description=\"\" data-image-caption=\"\" data-large-file=\"https:\/\/i0.wp.com\/humm.loverde.fr\/wp-content\/uploads\/2020\/12\/attachment-13.jpeg?fit=960%2C540&amp;ssl=1\" class=\"alignnone size-medium wp-image-5667\" src=\"https:\/\/i0.wp.com\/humm.loverde.fr\/wp-content\/uploads\/2020\/12\/attachment-13.jpeg?resize=595%2C335&#038;ssl=1\" alt=\"\" width=\"595\" height=\"335\" srcset=\"https:\/\/i0.wp.com\/humm.loverde.fr\/wp-content\/uploads\/2020\/12\/attachment-13.jpeg?resize=595%2C335&amp;ssl=1 595w, https:\/\/i0.wp.com\/humm.loverde.fr\/wp-content\/uploads\/2020\/12\/attachment-13.jpeg?resize=960%2C540&amp;ssl=1 960w, https:\/\/i0.wp.com\/humm.loverde.fr\/wp-content\/uploads\/2020\/12\/attachment-13.jpeg?resize=768%2C432&amp;ssl=1 768w, https:\/\/i0.wp.com\/humm.loverde.fr\/wp-content\/uploads\/2020\/12\/attachment-13.jpeg?w=1200&amp;ssl=1 1200w\" sizes=\"auto, (max-width: 595px) 100vw, 595px\" \/><\/p>\n<p><b>Pr\u00e9paration<\/b><\/p>\n<p>Couper le choux-fleurs en petits morceaux.<\/p>\n<p>Cuire les p\u00e2tes le temps indiqu\u00e9 sur le paquet. Pas moins, oubliez le al dente.<\/p>\n<p>M\u00e9langer dans un grand saladier p\u00e2tes, choux-fleurs, cr\u00e8me et la majeure partie de l&#8217;emmental r\u00e2p\u00e9. Remplir un plat allant au four.<\/p>\n<p>Comme nous sommes deux, je fait deux plats, le deuxi\u00e8me allant au cong\u00e9lateur une fois cuit pour une autre fois.<\/p>\n<p>Four 180\u00b0C pendant 20 Minutes.<\/p>\n<p>Ajoutez le reste de fromage r\u00e2p\u00e9 5 minutes avant la fin en mettant le four sur \u00ab\u00a0grill\u00a0\u00bb.<\/p>\n<p>On peu accompagner d&rsquo;une aiguillette de poulet po\u00eal\u00e9 pour les gros mangeurs mais les gratins seul suffit.<\/p>\n<p><a href=\"http:\/\/bit.ly\/CLoverde\" target=\"_blank\" rel=\"noopener noreferrer\">Christian<\/a><\/p>\n<div data-carousel-extra='{&quot;blog_id&quot;:1,&quot;permalink&quot;:&quot;https:\/\/humm.loverde.fr\/?p=5665&quot;}' id='gallery-1' class='gallery galleryid-5665 gallery-columns-3 gallery-size-thumbnail'><figure class='gallery-item'>\n\t\t\t<div class='gallery-icon landscape'>\n\t\t\t\t<a href='https:\/\/humm.loverde.fr\/?attachment_id=5666'><img loading=\"lazy\" decoding=\"async\" width=\"480\" height=\"640\" src=\"https:\/\/i0.wp.com\/humm.loverde.fr\/wp-content\/uploads\/2020\/12\/attachment-12.jpeg?resize=480%2C640&amp;ssl=1\" class=\"attachment-thumbnail size-thumbnail\" alt=\"\" srcset=\"https:\/\/i0.wp.com\/humm.loverde.fr\/wp-content\/uploads\/2020\/12\/attachment-12.jpeg?resize=480%2C640&amp;ssl=1 480w, https:\/\/i0.wp.com\/humm.loverde.fr\/wp-content\/uploads\/2020\/12\/attachment-12.jpeg?zoom=2&amp;resize=480%2C640&amp;ssl=1 960w\" sizes=\"auto, (max-width: 480px) 100vw, 480px\" data-attachment-id=\"5666\" data-permalink=\"https:\/\/humm.loverde.fr\/?attachment_id=5666\" data-orig-file=\"https:\/\/i0.wp.com\/humm.loverde.fr\/wp-content\/uploads\/2020\/12\/attachment-12.jpeg?fit=1200%2C675&amp;ssl=1\" data-orig-size=\"1200,675\" data-comments-opened=\"1\" data-image-meta=\"{&quot;aperture&quot;:&quot;0&quot;,&quot;credit&quot;:&quot;&quot;,&quot;camera&quot;:&quot;&quot;,&quot;caption&quot;:&quot;&quot;,&quot;created_timestamp&quot;:&quot;0&quot;,&quot;copyright&quot;:&quot;&quot;,&quot;focal_length&quot;:&quot;0&quot;,&quot;iso&quot;:&quot;0&quot;,&quot;shutter_speed&quot;:&quot;0&quot;,&quot;title&quot;:&quot;&quot;,&quot;orientation&quot;:&quot;1&quot;}\" data-image-title=\"attachment\" data-image-description=\"\" data-image-caption=\"\" data-large-file=\"https:\/\/i0.wp.com\/humm.loverde.fr\/wp-content\/uploads\/2020\/12\/attachment-12.jpeg?fit=960%2C540&amp;ssl=1\" \/><\/a>\n\t\t\t<\/div><\/figure><figure class='gallery-item'>\n\t\t\t<div class='gallery-icon landscape'>\n\t\t\t\t<a href='https:\/\/humm.loverde.fr\/?attachment_id=5667'><img loading=\"lazy\" decoding=\"async\" width=\"480\" height=\"640\" src=\"https:\/\/i0.wp.com\/humm.loverde.fr\/wp-content\/uploads\/2020\/12\/attachment-13.jpeg?resize=480%2C640&amp;ssl=1\" class=\"attachment-thumbnail size-thumbnail\" alt=\"\" srcset=\"https:\/\/i0.wp.com\/humm.loverde.fr\/wp-content\/uploads\/2020\/12\/attachment-13.jpeg?resize=480%2C640&amp;ssl=1 480w, https:\/\/i0.wp.com\/humm.loverde.fr\/wp-content\/uploads\/2020\/12\/attachment-13.jpeg?zoom=2&amp;resize=480%2C640&amp;ssl=1 960w\" sizes=\"auto, (max-width: 480px) 100vw, 480px\" data-attachment-id=\"5667\" data-permalink=\"https:\/\/humm.loverde.fr\/?attachment_id=5667\" data-orig-file=\"https:\/\/i0.wp.com\/humm.loverde.fr\/wp-content\/uploads\/2020\/12\/attachment-13.jpeg?fit=1200%2C675&amp;ssl=1\" data-orig-size=\"1200,675\" data-comments-opened=\"1\" data-image-meta=\"{&quot;aperture&quot;:&quot;0&quot;,&quot;credit&quot;:&quot;&quot;,&quot;camera&quot;:&quot;&quot;,&quot;caption&quot;:&quot;&quot;,&quot;created_timestamp&quot;:&quot;0&quot;,&quot;copyright&quot;:&quot;&quot;,&quot;focal_length&quot;:&quot;0&quot;,&quot;iso&quot;:&quot;0&quot;,&quot;shutter_speed&quot;:&quot;0&quot;,&quot;title&quot;:&quot;&quot;,&quot;orientation&quot;:&quot;1&quot;}\" data-image-title=\"attachment\" data-image-description=\"\" data-image-caption=\"\" data-large-file=\"https:\/\/i0.wp.com\/humm.loverde.fr\/wp-content\/uploads\/2020\/12\/attachment-13.jpeg?fit=960%2C540&amp;ssl=1\" \/><\/a>\n\t\t\t<\/div><\/figure>\n\t\t<\/div>\n\n","protected":false},"excerpt":{"rendered":"<p>P\u00e2tes et choux-fleurs au gratin Un grand classique que ma m\u00e8re faisait souvent. La derni\u00e8re fois que j&rsquo;en ai fait &hellip; <\/p>\n","protected":false},"author":1,"featured_media":5666,"comment_status":"open","ping_status":"closed","sticky":false,"template":"","format":"standard","meta":{"jetpack_post_was_ever_published":false,"_jetpack_newsletter_access":"","_jetpack_dont_email_post_to_subs":false,"_jetpack_newsletter_tier_id":0,"_jetpack_memberships_contains_paywalled_content":false,"_jetpack_memberships_contains_paid_content":false,"footnotes":"","jetpack_publicize_message":"","jetpack_publicize_feature_enabled":true,"jetpack_social_post_already_shared":true,"jetpack_social_options":{"image_generator_settings":{"template":"highway","default_image_id":0,"font":"","enabled":false},"version":2}},"categories":[2],"tags":[1199,90,178],"class_list":["post-5665","post","type-post","status-publish","format-standard","has-post-thumbnail","hentry","category-recettes","tag-choux-fleurs","tag-gratin","tag-pates"],"jetpack_publicize_connections":[],"jetpack_featured_media_url":"https:\/\/i0.wp.com\/humm.loverde.fr\/wp-content\/uploads\/2020\/12\/attachment-12.jpeg?fit=1200%2C675&ssl=1","jetpack_sharing_enabled":true,"jetpack_shortlink":"https:\/\/wp.me\/p9whbF-1tn","jetpack_likes_enabled":true,"jetpack-related-posts":[{"id":4723,"url":"https:\/\/humm.loverde.fr\/?p=4723","url_meta":{"origin":5665,"position":0},"title":"P\u00e2tes au gratin au chou-fleur","author":"cloverde","date":"24 f\u00e9vrier 2020","format":false,"excerpt":"P\u00e2tes au gratin au chou-fleur Ma m\u00e8re en faisait souvent quand on \u00e9tait encore \u00e0 la maison et je crois me souvenir que je n'aimais pas trop. Mais maintenant j'ai grandi, vieilli (?!) ou peut-\u00eatre que les habitudes alimentaires sont acquises dans l'enfance malgr\u00e9 l'\u00e9volution. Ingr\u00e9dients des p\u00e2tes genre fusilis,\u2026","rel":"","context":"Dans &quot;recette&quot;","block_context":{"text":"recette","link":"https:\/\/humm.loverde.fr\/?cat=1052"},"img":{"alt_text":"","src":"https:\/\/i0.wp.com\/humm.loverde.fr\/wp-content\/uploads\/2020\/01\/attachment-4.png?fit=800%2C450&ssl=1&resize=350%2C200","width":350,"height":200,"srcset":"https:\/\/i0.wp.com\/humm.loverde.fr\/wp-content\/uploads\/2020\/01\/attachment-4.png?fit=800%2C450&ssl=1&resize=350%2C200 1x, https:\/\/i0.wp.com\/humm.loverde.fr\/wp-content\/uploads\/2020\/01\/attachment-4.png?fit=800%2C450&ssl=1&resize=525%2C300 1.5x, https:\/\/i0.wp.com\/humm.loverde.fr\/wp-content\/uploads\/2020\/01\/attachment-4.png?fit=800%2C450&ssl=1&resize=700%2C400 2x"},"classes":[]},{"id":1116,"url":"https:\/\/humm.loverde.fr\/?p=1116","url_meta":{"origin":5665,"position":1},"title":"Pates au gratin au trois fromages","author":"cloverde","date":"17 mai 2016","format":false,"excerpt":"Je ne suis pas bavard d\u00e9cid\u00e9mment! Ce que je peux dire, pour les p\u00e2tes au gratin, je met tout le monde d'accord, ceux qui aiment les p\u00e2tes et ceux qui n'aiment pas. Pourquoi? Parce que les p\u00e2tes doivent \u00eatre bien cuites, donc ceux qui ne les aiment pas \"al dente\"\u2026","rel":"","context":"Dans &quot;Recettes&quot;","block_context":{"text":"Recettes","link":"https:\/\/humm.loverde.fr\/?cat=2"},"img":{"alt_text":"Pates au gratin au trois fromages","src":"https:\/\/i0.wp.com\/humm.loverde.fr\/wp-content\/uploads\/2016\/04\/Pates-au-gratin-au-trois-fromages-1-800x450.jpg?resize=350%2C200&ssl=1","width":350,"height":200,"srcset":"https:\/\/i0.wp.com\/humm.loverde.fr\/wp-content\/uploads\/2016\/04\/Pates-au-gratin-au-trois-fromages-1-800x450.jpg?resize=350%2C200&ssl=1 1x, https:\/\/i0.wp.com\/humm.loverde.fr\/wp-content\/uploads\/2016\/04\/Pates-au-gratin-au-trois-fromages-1-800x450.jpg?resize=525%2C300&ssl=1 1.5x, https:\/\/i0.wp.com\/humm.loverde.fr\/wp-content\/uploads\/2016\/04\/Pates-au-gratin-au-trois-fromages-1-800x450.jpg?resize=700%2C400&ssl=1 2x"},"classes":[]},{"id":1091,"url":"https:\/\/humm.loverde.fr\/?p=1091","url_meta":{"origin":5665,"position":2},"title":"Parmentier au choux romanesco","author":"cloverde","date":"19 avril 2016","format":false,"excerpt":"J'avais achet\u00e9 un choux romanesco pour faire quelque chose de sp\u00e9cial mais je n'ai pas eu le temps et \u00e7a pressait, donc j'ai r\u00e9alis\u00e9 un plat classique. Pour le truc sp\u00e9cial \u00e7a sera pour plus tard, peut-\u00eatre. \u00a0 \u00a0 \u00a0 \u00a0 Pour la pur\u00e9e \u00a0 Ingr\u00e9dients 1 chou romanesco 2\u2026","rel":"","context":"Dans &quot;Recettes&quot;","block_context":{"text":"Recettes","link":"https:\/\/humm.loverde.fr\/?cat=2"},"img":{"alt_text":"parmentier de choux romanesco","src":"https:\/\/i0.wp.com\/humm.loverde.fr\/wp-content\/uploads\/2016\/04\/parmentier-de-choux-romanesco-800x450.jpg?resize=350%2C200&ssl=1","width":350,"height":200,"srcset":"https:\/\/i0.wp.com\/humm.loverde.fr\/wp-content\/uploads\/2016\/04\/parmentier-de-choux-romanesco-800x450.jpg?resize=350%2C200&ssl=1 1x, https:\/\/i0.wp.com\/humm.loverde.fr\/wp-content\/uploads\/2016\/04\/parmentier-de-choux-romanesco-800x450.jpg?resize=525%2C300&ssl=1 1.5x, https:\/\/i0.wp.com\/humm.loverde.fr\/wp-content\/uploads\/2016\/04\/parmentier-de-choux-romanesco-800x450.jpg?resize=700%2C400&ssl=1 2x"},"classes":[]},{"id":1057,"url":"https:\/\/humm.loverde.fr\/?p=1057","url_meta":{"origin":5665,"position":3},"title":"Choux de Bruxelles croustillants bacon et ail","author":"cloverde","date":"12 avril 2016","format":false,"excerpt":"Les choux de Bruxelles d'avant (je vous parle d'un temps que les moins de 20 ans ...) \u00e9taient fort et la cuisson \"aromatisait\" la maison pendant longtemps. Donc nous avions renonc\u00e9 \u00e0 en cuisiner. Aujourd'hui, et ne me demandez pas pourquoi, ils sont plus discrets, et franchement l'odeur et le\u2026","rel":"","context":"Dans &quot;Recettes&quot;","block_context":{"text":"Recettes","link":"https:\/\/humm.loverde.fr\/?cat=2"},"img":{"alt_text":"Choux de Bruxelles croustillants au bacon et ail","src":"https:\/\/i0.wp.com\/humm.loverde.fr\/wp-content\/uploads\/2016\/03\/Choux-de-Bruxelles-croustillants-au-bacon-et-ail-1-800x450.jpg?resize=350%2C200&ssl=1","width":350,"height":200,"srcset":"https:\/\/i0.wp.com\/humm.loverde.fr\/wp-content\/uploads\/2016\/03\/Choux-de-Bruxelles-croustillants-au-bacon-et-ail-1-800x450.jpg?resize=350%2C200&ssl=1 1x, https:\/\/i0.wp.com\/humm.loverde.fr\/wp-content\/uploads\/2016\/03\/Choux-de-Bruxelles-croustillants-au-bacon-et-ail-1-800x450.jpg?resize=525%2C300&ssl=1 1.5x, https:\/\/i0.wp.com\/humm.loverde.fr\/wp-content\/uploads\/2016\/03\/Choux-de-Bruxelles-croustillants-au-bacon-et-ail-1-800x450.jpg?resize=700%2C400&ssl=1 2x"},"classes":[]},{"id":6604,"url":"https:\/\/humm.loverde.fr\/?p=6604","url_meta":{"origin":5665,"position":4},"title":"Gratin de raviolis","author":"cloverde","date":"21 septembre 2021","format":false,"excerpt":"21\/09 Vous avez s\u00fbrement remarqu\u00e9 que je fais souvent des p\u00e2tes et aussi des gratins. Et l\u00e0 il y a les deux. En fait j'aime bien les plats complets ne n\u00e9cessitant pas de pr\u00e9voir un accompagnement. Tant qu'\u00e0 y passer du temps autant se faire plaisir en essayant autant que\u2026","rel":"","context":"Dans &quot;Recettes&quot;","block_context":{"text":"Recettes","link":"https:\/\/humm.loverde.fr\/?cat=2"},"img":{"alt_text":"","src":"https:\/\/i0.wp.com\/humm.loverde.fr\/wp-content\/uploads\/2021\/09\/IMG_20210914_084155_676.jpg?fit=1200%2C554&ssl=1&resize=350%2C200","width":350,"height":200,"srcset":"https:\/\/i0.wp.com\/humm.loverde.fr\/wp-content\/uploads\/2021\/09\/IMG_20210914_084155_676.jpg?fit=1200%2C554&ssl=1&resize=350%2C200 1x, https:\/\/i0.wp.com\/humm.loverde.fr\/wp-content\/uploads\/2021\/09\/IMG_20210914_084155_676.jpg?fit=1200%2C554&ssl=1&resize=525%2C300 1.5x, https:\/\/i0.wp.com\/humm.loverde.fr\/wp-content\/uploads\/2021\/09\/IMG_20210914_084155_676.jpg?fit=1200%2C554&ssl=1&resize=700%2C400 2x, https:\/\/i0.wp.com\/humm.loverde.fr\/wp-content\/uploads\/2021\/09\/IMG_20210914_084155_676.jpg?fit=1200%2C554&ssl=1&resize=1050%2C600 3x"},"classes":[]},{"id":3702,"url":"https:\/\/humm.loverde.fr\/?p=3702","url_meta":{"origin":5665,"position":5},"title":"Conchiglionis farcis au jambon cru, tomates s\u00e9ch\u00e9es, pignon et basilic","author":"cloverde","date":"16 mars 2019","format":false,"excerpt":"Conchiglionis farcis au jambon cru, tomates s\u00e9ch\u00e9es, pignon et basilic Bien s\u00fbr il faut aimer les p\u00e2tes! Les recettes traditionnelles, j'en ai presque fait le tour, alors quand j'ai vu celle l\u00e0, je n'ai pas h\u00e9sit\u00e9. Je dois dire que, en plus d'une r\u00e9alisation tr\u00e8s simple (\u00e0 condition d'avoir tous\u2026","rel":"","context":"Dans &quot;Farci&quot;","block_context":{"text":"Farci","link":"https:\/\/humm.loverde.fr\/?cat=998"},"img":{"alt_text":"","src":"https:\/\/i0.wp.com\/humm.loverde.fr\/wp-content\/uploads\/2019\/03\/Attachment-2.jpeg?fit=800%2C600&ssl=1&resize=350%2C200","width":350,"height":200,"srcset":"https:\/\/i0.wp.com\/humm.loverde.fr\/wp-content\/uploads\/2019\/03\/Attachment-2.jpeg?fit=800%2C600&ssl=1&resize=350%2C200 1x, https:\/\/i0.wp.com\/humm.loverde.fr\/wp-content\/uploads\/2019\/03\/Attachment-2.jpeg?fit=800%2C600&ssl=1&resize=525%2C300 1.5x, https:\/\/i0.wp.com\/humm.loverde.fr\/wp-content\/uploads\/2019\/03\/Attachment-2.jpeg?fit=800%2C600&ssl=1&resize=700%2C400 2x"},"classes":[]}],"_links":{"self":[{"href":"https:\/\/humm.loverde.fr\/index.php?rest_route=\/wp\/v2\/posts\/5665","targetHints":{"allow":["GET"]}}],"collection":[{"href":"https:\/\/humm.loverde.fr\/index.php?rest_route=\/wp\/v2\/posts"}],"about":[{"href":"https:\/\/humm.loverde.fr\/index.php?rest_route=\/wp\/v2\/types\/post"}],"author":[{"embeddable":true,"href":"https:\/\/humm.loverde.fr\/index.php?rest_route=\/wp\/v2\/users\/1"}],"replies":[{"embeddable":true,"href":"https:\/\/humm.loverde.fr\/index.php?rest_route=%2Fwp%2Fv2%2Fcomments&post=5665"}],"version-history":[{"count":3,"href":"https:\/\/humm.loverde.fr\/index.php?rest_route=\/wp\/v2\/posts\/5665\/revisions"}],"predecessor-version":[{"id":5674,"href":"https:\/\/humm.loverde.fr\/index.php?rest_route=\/wp\/v2\/posts\/5665\/revisions\/5674"}],"wp:featuredmedia":[{"embeddable":true,"href":"https:\/\/humm.loverde.fr\/index.php?rest_route=\/wp\/v2\/media\/5666"}],"wp:attachment":[{"href":"https:\/\/humm.loverde.fr\/index.php?rest_route=%2Fwp%2Fv2%2Fmedia&parent=5665"}],"wp:term":[{"taxonomy":"category","embeddable":true,"href":"https:\/\/humm.loverde.fr\/index.php?rest_route=%2Fwp%2Fv2%2Fcategories&post=5665"},{"taxonomy":"post_tag","embeddable":true,"href":"https:\/\/humm.loverde.fr\/index.php?rest_route=%2Fwp%2Fv2%2Ftags&post=5665"}],"curies":[{"name":"wp","href":"https:\/\/api.w.org\/{rel}","templated":true}]}}