{"id":6328,"date":"2021-07-31T05:00:18","date_gmt":"2021-07-31T04:00:18","guid":{"rendered":"https:\/\/humm.loverde.fr\/?p=6328"},"modified":"2021-07-18T23:39:38","modified_gmt":"2021-07-18T22:39:38","slug":"puree-au-gratin-pommes-de-terre-et-courgettes","status":"publish","type":"post","link":"https:\/\/humm.loverde.fr\/?p=6328","title":{"rendered":"Pur\u00e9e au gratin pommes de terre et courgettes"},"content":{"rendered":"<p>31\/07\/2021<br \/>\nIl me restait 2 courgettes et les courgettes bouillies, on a donn\u00e9. Donc me voici sur une pur\u00e9e au gratin avec un m\u00e9lange courgettes et pommes de terre.<br \/>\nLes quantit\u00e9s sont importantes bien s\u00fbr mais vous aurez du mal \u00e0 avoir un poids pr\u00e9cis de courgettes. Comme le plus important c&rsquo;est les propositions, il n&rsquo;y a pas de probl\u00e8me : pour les pommes de terre il faut environ le double du poids de courgettes, sinon cela risque d&rsquo;\u00eatre un peu trop liquide.<\/p>\n<p><img data-recalc-dims=\"1\" loading=\"lazy\" decoding=\"async\" data-attachment-id=\"6329\" data-permalink=\"https:\/\/humm.loverde.fr\/?attachment_id=6329\" data-orig-file=\"https:\/\/i0.wp.com\/humm.loverde.fr\/wp-content\/uploads\/2021\/07\/IMG_20210702_000604_586.jpg?fit=1280%2C591&amp;ssl=1\" data-orig-size=\"1280,591\" data-comments-opened=\"1\" data-image-meta=\"{&quot;aperture&quot;:&quot;0&quot;,&quot;credit&quot;:&quot;&quot;,&quot;camera&quot;:&quot;&quot;,&quot;caption&quot;:&quot;&quot;,&quot;created_timestamp&quot;:&quot;0&quot;,&quot;copyright&quot;:&quot;&quot;,&quot;focal_length&quot;:&quot;0&quot;,&quot;iso&quot;:&quot;0&quot;,&quot;shutter_speed&quot;:&quot;0&quot;,&quot;title&quot;:&quot;&quot;,&quot;orientation&quot;:&quot;1&quot;}\" data-image-title=\"IMG_20210702_000604_586\" data-image-description=\"\" data-image-caption=\"\" data-large-file=\"https:\/\/i0.wp.com\/humm.loverde.fr\/wp-content\/uploads\/2021\/07\/IMG_20210702_000604_586.jpg?fit=960%2C443&amp;ssl=1\" src=\"https:\/\/i0.wp.com\/humm.loverde.fr\/wp-content\/uploads\/2021\/07\/IMG_20210702_000604_586.jpg?resize=1200%2C554&#038;ssl=1\" width=\"1200\" height=\"554\" class=\"wp-image-6329 alignnone size-full\" srcset=\"https:\/\/i0.wp.com\/humm.loverde.fr\/wp-content\/uploads\/2021\/07\/IMG_20210702_000604_586.jpg?w=1280&amp;ssl=1 1280w, https:\/\/i0.wp.com\/humm.loverde.fr\/wp-content\/uploads\/2021\/07\/IMG_20210702_000604_586.jpg?resize=595%2C275&amp;ssl=1 595w, https:\/\/i0.wp.com\/humm.loverde.fr\/wp-content\/uploads\/2021\/07\/IMG_20210702_000604_586.jpg?resize=960%2C443&amp;ssl=1 960w, https:\/\/i0.wp.com\/humm.loverde.fr\/wp-content\/uploads\/2021\/07\/IMG_20210702_000604_586.jpg?resize=768%2C355&amp;ssl=1 768w\" sizes=\"auto, (max-width: 1200px) 100vw, 1200px\" \/><\/p>\n<p><strong>Ingr\u00e9dients<\/strong><br \/>\n\u2022 380 g de courgettes<br \/>\n\u2022 760 g de pommes de terre<br \/>\n\u2022 20 cl de cr\u00e8me fra\u00eeche semi \u00e9paisse<br \/>\n\u2022 1 jaune d&rsquo;oeuf<br \/>\n\u2022 du gruy\u00e8re r\u00e2p\u00e9 environ 60 g (en r\u00e9alit\u00e9 je n&rsquo;ai pas pes\u00e9) en garder pour la fin du gratinage.<br \/>\n\u2022 1\/2 cuill\u00e8re \u00e0 caf\u00e9 de piment d&rsquo;Espelette<br \/>\n\u2022 2 pinc\u00e9es de sel<\/p>\n<p><strong>Pr\u00e9paration<\/strong><br \/>\nCuire les pommes de terre et les courgettes dans 2 casseroles diff\u00e9rentes, les temps de cuisson ne sont pas les m\u00eame.<br \/>\nPasser les pommes de terre au presse pur\u00e9e \u00e0 main et mixer les courgettes.<\/p>\n<p>M\u00e9langer tous les ingr\u00e9dients dans un saladier.<\/p>\n<p>Mettre au four \u00e0 gratiner, o\u00f9 ? au four &#x1f914; dans un plat allant au four. Cinq minutes avant la fin saupoudrer du gruy\u00e8re qu&rsquo;il vous reste et que le chat n&rsquo;a pas mang\u00e9.<\/p>\n<p>La recette est pr\u00e9vue pour 4 personnes mais comme nous sommes 2 j&rsquo;ai rempli deux plats allant au four, un pour tout de suite et un pour le cong\u00e9lateur.<\/p>\n<p>On accompagne avec ce qu&rsquo;on veut, le mieux c&rsquo;est de la saucisse de Toulouse ou d&rsquo;ailleurs.<\/p>\n<p>Christian<br \/>\n<a href=\"http:\/\/bit.ly\/3e3jm4Y\" target=\"_blank\" rel=\"noopener\">bit.ly\/3e3jm4Y<\/a><\/p>\n<p><a href=\"https:\/\/i0.wp.com\/humm.loverde.fr\/wp-content\/uploads\/2021\/07\/IMG_20210702_000604_586.jpg?ssl=1\" rel=\"attachment wp-att-6329\"><img data-recalc-dims=\"1\" loading=\"lazy\" decoding=\"async\" data-attachment-id=\"6329\" data-permalink=\"https:\/\/humm.loverde.fr\/?attachment_id=6329\" data-orig-file=\"https:\/\/i0.wp.com\/humm.loverde.fr\/wp-content\/uploads\/2021\/07\/IMG_20210702_000604_586.jpg?fit=1280%2C591&amp;ssl=1\" data-orig-size=\"1280,591\" data-comments-opened=\"1\" data-image-meta=\"{&quot;aperture&quot;:&quot;0&quot;,&quot;credit&quot;:&quot;&quot;,&quot;camera&quot;:&quot;&quot;,&quot;caption&quot;:&quot;&quot;,&quot;created_timestamp&quot;:&quot;0&quot;,&quot;copyright&quot;:&quot;&quot;,&quot;focal_length&quot;:&quot;0&quot;,&quot;iso&quot;:&quot;0&quot;,&quot;shutter_speed&quot;:&quot;0&quot;,&quot;title&quot;:&quot;&quot;,&quot;orientation&quot;:&quot;1&quot;}\" data-image-title=\"IMG_20210702_000604_586\" data-image-description=\"\" data-image-caption=\"\" data-large-file=\"https:\/\/i0.wp.com\/humm.loverde.fr\/wp-content\/uploads\/2021\/07\/IMG_20210702_000604_586.jpg?fit=960%2C443&amp;ssl=1\" class=\"alignnone size-full wp-image-6329\" src=\"https:\/\/i0.wp.com\/humm.loverde.fr\/wp-content\/uploads\/2021\/07\/IMG_20210702_000604_586.jpg?resize=960%2C9999&#038;ssl=1\" alt=\"\" title=\"img_20210702_000604_586-jpg\" width=\"960\" height=\"9999\"><\/a><\/p>\n","protected":false},"excerpt":{"rendered":"<p>31\/07\/2021 Il me restait 2 courgettes et les courgettes bouillies, on a donn\u00e9. Donc me voici sur une pur\u00e9e au &hellip; <\/p>\n","protected":false},"author":1,"featured_media":6329,"comment_status":"open","ping_status":"","sticky":false,"template":"","format":"standard","meta":{"jetpack_post_was_ever_published":false,"_jetpack_newsletter_access":"","_jetpack_dont_email_post_to_subs":false,"_jetpack_newsletter_tier_id":0,"_jetpack_memberships_contains_paywalled_content":false,"_jetpack_memberships_contains_paid_content":false,"footnotes":"","jetpack_publicize_message":"","jetpack_publicize_feature_enabled":true,"jetpack_social_post_already_shared":true,"jetpack_social_options":{"image_generator_settings":{"template":"highway","default_image_id":0,"font":"","enabled":false},"version":2}},"categories":[2],"tags":[100,90,164,1056],"class_list":["post-6328","post","type-post","status-publish","format-standard","has-post-thumbnail","hentry","category-recettes","tag-courgettes","tag-gratin","tag-pommes-de-terre","tag-puree"],"jetpack_publicize_connections":[],"jetpack_featured_media_url":"https:\/\/i0.wp.com\/humm.loverde.fr\/wp-content\/uploads\/2021\/07\/IMG_20210702_000604_586.jpg?fit=1280%2C591&ssl=1","jetpack_sharing_enabled":true,"jetpack_shortlink":"https:\/\/wp.me\/p9whbF-1E4","jetpack_likes_enabled":true,"jetpack-related-posts":[{"id":8741,"url":"https:\/\/humm.loverde.fr\/?p=8741","url_meta":{"origin":6328,"position":0},"title":"Hachis parmentier pommes de terre et courgettes","author":"cloverde","date":"29 ao\u00fbt 2023","format":false,"excerpt":"Je ne sais pas chez vous mais ici les pommes de terre, qu'elles soient ch\u00e8res ou bon march\u00e9, germent tr\u00e8s rapidement. J'essaierai de les conserver au frigo la prochaine fois. Aujourd'hui il fallait \u00e9couler ces patates et quelques courgettes que j'ai achet\u00e9es en double. Petit probl\u00e8me pas de gruy\u00e8re dans\u2026","rel":"","context":"Dans &quot;Recettes&quot;","block_context":{"text":"Recettes","link":"https:\/\/humm.loverde.fr\/?cat=2"},"img":{"alt_text":"","src":"https:\/\/i0.wp.com\/humm.loverde.fr\/wp-content\/uploads\/2023\/08\/IMG_20230730_102647_373.jpg?fit=1024%2C577&ssl=1&resize=350%2C200","width":350,"height":200,"srcset":"https:\/\/i0.wp.com\/humm.loverde.fr\/wp-content\/uploads\/2023\/08\/IMG_20230730_102647_373.jpg?fit=1024%2C577&ssl=1&resize=350%2C200 1x, https:\/\/i0.wp.com\/humm.loverde.fr\/wp-content\/uploads\/2023\/08\/IMG_20230730_102647_373.jpg?fit=1024%2C577&ssl=1&resize=525%2C300 1.5x, https:\/\/i0.wp.com\/humm.loverde.fr\/wp-content\/uploads\/2023\/08\/IMG_20230730_102647_373.jpg?fit=1024%2C577&ssl=1&resize=700%2C400 2x"},"classes":[]},{"id":5644,"url":"https:\/\/humm.loverde.fr\/?p=5644","url_meta":{"origin":6328,"position":1},"title":"Gratin de courgettes et pommes de terre","author":"cloverde","date":"15 d\u00e9cembre 2020","format":false,"excerpt":"Recette inspir\u00e9e du livre \"Courgettes je vous aime\" J'ai adapt\u00e9 et r\u00e9alis\u00e9 au feeling. Je ne suis pas v\u00e9g\u00e9tarien ou v\u00e9g\u00e9talien ou v\u00e9g\u00e9cequevousvoulez, et c'est pas demain la veille vu la radicalisation \u00e0 laquelle on assiste et dans laquelle veulent entra\u00eener certains ayatollahs du genre, mais il m'arrive de n'a\u2026","rel":"","context":"Dans &quot;recette&quot;","block_context":{"text":"recette","link":"https:\/\/humm.loverde.fr\/?cat=1052"},"img":{"alt_text":"","src":"https:\/\/i0.wp.com\/humm.loverde.fr\/wp-content\/uploads\/2020\/12\/attachment-7.jpeg?fit=1200%2C675&ssl=1&resize=350%2C200","width":350,"height":200,"srcset":"https:\/\/i0.wp.com\/humm.loverde.fr\/wp-content\/uploads\/2020\/12\/attachment-7.jpeg?fit=1200%2C675&ssl=1&resize=350%2C200 1x, https:\/\/i0.wp.com\/humm.loverde.fr\/wp-content\/uploads\/2020\/12\/attachment-7.jpeg?fit=1200%2C675&ssl=1&resize=525%2C300 1.5x, https:\/\/i0.wp.com\/humm.loverde.fr\/wp-content\/uploads\/2020\/12\/attachment-7.jpeg?fit=1200%2C675&ssl=1&resize=700%2C400 2x, https:\/\/i0.wp.com\/humm.loverde.fr\/wp-content\/uploads\/2020\/12\/attachment-7.jpeg?fit=1200%2C675&ssl=1&resize=1050%2C600 3x"},"classes":[]},{"id":3764,"url":"https:\/\/humm.loverde.fr\/?p=3764","url_meta":{"origin":6328,"position":2},"title":"L\u00e9gumes farcis au four","author":"cloverde","date":"13 avril 2019","format":false,"excerpt":"L\u00e9gumes farcis au four Un grand classique que je ne faisais plus depuis longtemps. J'aime bien mais \u00e0 chaque fois il y a des choses \u00e0 modifier. Cette fois-ci j'ai fais au pif et avec les l\u00e9gumes que j'avais \u00e0 ma disposition et c'\u00e9tait tr\u00e8s r\u00e9ussi. Il faut bien que\u2026","rel":"","context":"Dans &quot;Farci&quot;","block_context":{"text":"Farci","link":"https:\/\/humm.loverde.fr\/?cat=998"},"img":{"alt_text":"","src":"https:\/\/i0.wp.com\/humm.loverde.fr\/wp-content\/uploads\/2019\/04\/Attachment-3.png?fit=800%2C450&ssl=1&resize=350%2C200","width":350,"height":200,"srcset":"https:\/\/i0.wp.com\/humm.loverde.fr\/wp-content\/uploads\/2019\/04\/Attachment-3.png?fit=800%2C450&ssl=1&resize=350%2C200 1x, https:\/\/i0.wp.com\/humm.loverde.fr\/wp-content\/uploads\/2019\/04\/Attachment-3.png?fit=800%2C450&ssl=1&resize=525%2C300 1.5x, https:\/\/i0.wp.com\/humm.loverde.fr\/wp-content\/uploads\/2019\/04\/Attachment-3.png?fit=800%2C450&ssl=1&resize=700%2C400 2x"},"classes":[]},{"id":11543,"url":"https:\/\/humm.loverde.fr\/?p=11543","url_meta":{"origin":6328,"position":3},"title":"Gratin dauphinois","author":"kris33390","date":"29 octobre 2024","format":false,"excerpt":"Inspir\u00e9 du gratin de Marina, et sur ce dont je me suis souvenu au moment de la r\u00e9alisation. Ingr\u00e9dients \u2022 Pommes de terre \u2022 30 cl de cr\u00e8me fra\u00eeche semi \u00e9paisse \u2022 Un m\u00e9lange d'emmental et cont\u00e9 r\u00e2p\u00e9s \u2022 un oignon \u2022 de la chapelure Pr\u00e9paration Couper les pommes de\u2026","rel":"","context":"Dans &quot;recette&quot;","block_context":{"text":"recette","link":"https:\/\/humm.loverde.fr\/?cat=1052"},"img":{"alt_text":"","src":"https:\/\/i0.wp.com\/humm.loverde.fr\/wp-content\/uploads\/2024\/10\/IMG_20241014_072816_657.jpg?fit=1200%2C540&ssl=1&resize=350%2C200","width":350,"height":200,"srcset":"https:\/\/i0.wp.com\/humm.loverde.fr\/wp-content\/uploads\/2024\/10\/IMG_20241014_072816_657.jpg?fit=1200%2C540&ssl=1&resize=350%2C200 1x, https:\/\/i0.wp.com\/humm.loverde.fr\/wp-content\/uploads\/2024\/10\/IMG_20241014_072816_657.jpg?fit=1200%2C540&ssl=1&resize=525%2C300 1.5x, https:\/\/i0.wp.com\/humm.loverde.fr\/wp-content\/uploads\/2024\/10\/IMG_20241014_072816_657.jpg?fit=1200%2C540&ssl=1&resize=700%2C400 2x, https:\/\/i0.wp.com\/humm.loverde.fr\/wp-content\/uploads\/2024\/10\/IMG_20241014_072816_657.jpg?fit=1200%2C540&ssl=1&resize=1050%2C600 3x"},"classes":[]},{"id":3129,"url":"https:\/\/humm.loverde.fr\/?p=3129","url_meta":{"origin":6328,"position":4},"title":"Soupe tomates courgettes","author":"cloverde","date":"28 ao\u00fbt 2018","format":false,"excerpt":"Soupe tomates courgettes Je n'ai pas grand chose \u00e0 raconter \u00e0 propos de cette soupe, juste que j'ai voulu changer de la sempiternelle soupe poireaux pommes de terre. Ingr\u00e9dients (2 personnes) \u2022 1 bonne cuill\u00e8re de cr\u00e8me fra\u00eeche \u2022 sel, poivre du moulin \u2022 1 bouillon de volaille \u2022 huile\u2026","rel":"","context":"Dans &quot;Recettes&quot;","block_context":{"text":"Recettes","link":"https:\/\/humm.loverde.fr\/?cat=2"},"img":{"alt_text":"","src":"https:\/\/i0.wp.com\/humm.loverde.fr\/wp-content\/uploads\/2018\/07\/Attachment-1.jpeg?fit=1200%2C675&ssl=1&resize=350%2C200","width":350,"height":200,"srcset":"https:\/\/i0.wp.com\/humm.loverde.fr\/wp-content\/uploads\/2018\/07\/Attachment-1.jpeg?fit=1200%2C675&ssl=1&resize=350%2C200 1x, https:\/\/i0.wp.com\/humm.loverde.fr\/wp-content\/uploads\/2018\/07\/Attachment-1.jpeg?fit=1200%2C675&ssl=1&resize=525%2C300 1.5x, https:\/\/i0.wp.com\/humm.loverde.fr\/wp-content\/uploads\/2018\/07\/Attachment-1.jpeg?fit=1200%2C675&ssl=1&resize=700%2C400 2x, https:\/\/i0.wp.com\/humm.loverde.fr\/wp-content\/uploads\/2018\/07\/Attachment-1.jpeg?fit=1200%2C675&ssl=1&resize=1050%2C600 3x"},"classes":[]},{"id":5789,"url":"https:\/\/humm.loverde.fr\/?p=5789","url_meta":{"origin":6328,"position":5},"title":"L\u00e9gumes farcis","author":"cloverde","date":"9 f\u00e9vrier 2021","format":false,"excerpt":"Encore un grand classique. Un plat complet qui n'a pas besoin d'accompagnement et se suffit \u00e0 lui-m\u00eame. Cette fois j'ai obtenu le bon tuyau de ma Maman, pour que les l\u00e9gumes ne soient pas trop sec. Pour la farce on peut \u00e9viter la vulgaire chaire \u00e0 saucisse et faire un\u2026","rel":"","context":"Dans &quot;Recettes&quot;","block_context":{"text":"Recettes","link":"https:\/\/humm.loverde.fr\/?cat=2"},"img":{"alt_text":"","src":"https:\/\/i0.wp.com\/humm.loverde.fr\/wp-content\/uploads\/2021\/01\/attachment-11.jpeg?fit=1200%2C896&ssl=1&resize=350%2C200","width":350,"height":200,"srcset":"https:\/\/i0.wp.com\/humm.loverde.fr\/wp-content\/uploads\/2021\/01\/attachment-11.jpeg?fit=1200%2C896&ssl=1&resize=350%2C200 1x, https:\/\/i0.wp.com\/humm.loverde.fr\/wp-content\/uploads\/2021\/01\/attachment-11.jpeg?fit=1200%2C896&ssl=1&resize=525%2C300 1.5x, https:\/\/i0.wp.com\/humm.loverde.fr\/wp-content\/uploads\/2021\/01\/attachment-11.jpeg?fit=1200%2C896&ssl=1&resize=700%2C400 2x, https:\/\/i0.wp.com\/humm.loverde.fr\/wp-content\/uploads\/2021\/01\/attachment-11.jpeg?fit=1200%2C896&ssl=1&resize=1050%2C600 3x"},"classes":[]}],"_links":{"self":[{"href":"https:\/\/humm.loverde.fr\/index.php?rest_route=\/wp\/v2\/posts\/6328","targetHints":{"allow":["GET"]}}],"collection":[{"href":"https:\/\/humm.loverde.fr\/index.php?rest_route=\/wp\/v2\/posts"}],"about":[{"href":"https:\/\/humm.loverde.fr\/index.php?rest_route=\/wp\/v2\/types\/post"}],"author":[{"embeddable":true,"href":"https:\/\/humm.loverde.fr\/index.php?rest_route=\/wp\/v2\/users\/1"}],"replies":[{"embeddable":true,"href":"https:\/\/humm.loverde.fr\/index.php?rest_route=%2Fwp%2Fv2%2Fcomments&post=6328"}],"version-history":[{"count":4,"href":"https:\/\/humm.loverde.fr\/index.php?rest_route=\/wp\/v2\/posts\/6328\/revisions"}],"predecessor-version":[{"id":6389,"href":"https:\/\/humm.loverde.fr\/index.php?rest_route=\/wp\/v2\/posts\/6328\/revisions\/6389"}],"wp:featuredmedia":[{"embeddable":true,"href":"https:\/\/humm.loverde.fr\/index.php?rest_route=\/wp\/v2\/media\/6329"}],"wp:attachment":[{"href":"https:\/\/humm.loverde.fr\/index.php?rest_route=%2Fwp%2Fv2%2Fmedia&parent=6328"}],"wp:term":[{"taxonomy":"category","embeddable":true,"href":"https:\/\/humm.loverde.fr\/index.php?rest_route=%2Fwp%2Fv2%2Fcategories&post=6328"},{"taxonomy":"post_tag","embeddable":true,"href":"https:\/\/humm.loverde.fr\/index.php?rest_route=%2Fwp%2Fv2%2Ftags&post=6328"}],"curies":[{"name":"wp","href":"https:\/\/api.w.org\/{rel}","templated":true}]}}