{"id":6362,"date":"2021-08-03T05:00:45","date_gmt":"2021-08-03T04:00:45","guid":{"rendered":"https:\/\/humm.loverde.fr\/?p=6362"},"modified":"2021-08-03T08:11:33","modified_gmt":"2021-08-03T07:11:33","slug":"ernetti-et-lenigme-de-jerusalem","status":"publish","type":"post","link":"https:\/\/humm.loverde.fr\/?p=6362","title":{"rendered":"Ernetti et l&rsquo;\u00e9nigme de J\u00e9rusalem"},"content":{"rendered":"<p>03\/08<br \/>\nUne exp\u00e9dition clandestine \u00e0 la recherche du Temple de Salomon r\u00e9v\u00e8le un \u00e9nigmatique cube de pierre, vieux de trois mille ans.<br \/>\n\u00c0 l&rsquo;int\u00e9rieur : un secret qui pourrait remettre en cause la v\u00e9racit\u00e9 de la Bible et d\u00e9stabiliser des milliards de croyants.<br \/>\nUne seule solution pour \u00e9viter le chaos : mener l&rsquo;enqu\u00eate dans le pass\u00e9. Sur ordre du pape Jean-Paul II, le p\u00e8re Pellegrino Ernetti remonte le chronoviseur, cette extraordinaire machine capable de voir dans le temps, qui aurait \u00e9t\u00e9 con\u00e7ue en 1964 et demeure le secret le mieux gard\u00e9 du Vatican.<\/p>\n<p>Lecture facile et agr\u00e9able avec de nombreux rebondissements. Une fois \u00a0\u00bbaccept\u00e9 l&rsquo;existence de la machine \u00e0 explorer le pass\u00e9\u00a0\u00bb qui n&rsquo;est l\u00e0 finalement que pour justifier les hypoth\u00e8ses de l&rsquo;auteur, principalement (** attention ! Spoiler! **)(1) tout s&rsquo;encha\u00eene logiquement.<br \/>\nJe n&rsquo;ai pas v\u00e9rifi\u00e9 les donn\u00e9es historiques mais le livre est bien document\u00e9 sur des bases et je n&rsquo;ai pas de raison de douter. En tout cas les lieux \u00e9gyptiens sont bien r\u00e9els et m&rsquo;ont donn\u00e9 l&rsquo;occasion d&rsquo;un voyage virtuel avec Google maps.<br \/>\nC&rsquo;\u00e9tait la suite de \u00a0\u00bb la machine Ernetti \u00a0\u00bb mais peut se lire sans avoir lu le d\u00e9but.<\/p>\n<p>(1) l&rsquo;origine \u00e9gyptienne de l&rsquo;existence de dieu<\/p>\n<p>&#8212;<br \/>\nChristian<br \/>\n<a href=\"http:\/\/bit.ly\/CLoverde\" target=\"_blank\" rel=\"noopener\">bit.ly\/CLoverde<\/a><\/p>\n<p><a href=\"https:\/\/i0.wp.com\/humm.loverde.fr\/wp-content\/uploads\/2021\/07\/IMG_20210702_092233_770.jpg?ssl=1\" rel=\"attachment wp-att-6363\"><img data-recalc-dims=\"1\" loading=\"lazy\" decoding=\"async\" data-attachment-id=\"6363\" data-permalink=\"https:\/\/humm.loverde.fr\/?attachment_id=6363\" data-orig-file=\"https:\/\/i0.wp.com\/humm.loverde.fr\/wp-content\/uploads\/2021\/07\/IMG_20210702_092233_770.jpg?fit=475%2C397&amp;ssl=1\" data-orig-size=\"475,397\" data-comments-opened=\"1\" data-image-meta=\"{&quot;aperture&quot;:&quot;0&quot;,&quot;credit&quot;:&quot;&quot;,&quot;camera&quot;:&quot;&quot;,&quot;caption&quot;:&quot;&quot;,&quot;created_timestamp&quot;:&quot;0&quot;,&quot;copyright&quot;:&quot;&quot;,&quot;focal_length&quot;:&quot;0&quot;,&quot;iso&quot;:&quot;0&quot;,&quot;shutter_speed&quot;:&quot;0&quot;,&quot;title&quot;:&quot;&quot;,&quot;orientation&quot;:&quot;1&quot;}\" data-image-title=\"IMG_20210702_092233_770\" data-image-description=\"\" data-image-caption=\"\" data-large-file=\"https:\/\/i0.wp.com\/humm.loverde.fr\/wp-content\/uploads\/2021\/07\/IMG_20210702_092233_770.jpg?fit=475%2C397&amp;ssl=1\" class=\"alignnone size-full wp-image-6363\" title=\"img_20210702_092233_770-jpg\" src=\"https:\/\/i0.wp.com\/humm.loverde.fr\/wp-content\/uploads\/2021\/07\/IMG_20210702_092233_770.jpg?resize=960%2C9999&#038;ssl=1\" alt=\"\" width=\"960\" height=\"9999\" \/><\/a><\/p>\n","protected":false},"excerpt":{"rendered":"<p>03\/08 Une exp\u00e9dition clandestine \u00e0 la recherche du Temple de Salomon r\u00e9v\u00e8le un \u00e9nigmatique cube de pierre, vieux de trois &hellip; <\/p>\n","protected":false},"author":1,"featured_media":6363,"comment_status":"open","ping_status":"closed","sticky":false,"template":"","format":"standard","meta":{"jetpack_post_was_ever_published":false,"_jetpack_newsletter_access":"","_jetpack_dont_email_post_to_subs":false,"_jetpack_newsletter_tier_id":0,"_jetpack_memberships_contains_paywalled_content":false,"_jetpack_memberships_contains_paid_content":false,"footnotes":"","jetpack_publicize_message":"","jetpack_publicize_feature_enabled":true,"jetpack_social_post_already_shared":true,"jetpack_social_options":{"image_generator_settings":{"template":"highway","default_image_id":0,"font":"","enabled":false},"version":2}},"categories":[1],"tags":[636,1271],"class_list":["post-6362","post","type-post","status-publish","format-standard","has-post-thumbnail","hentry","category-lectures","tag-enigme","tag-jerusalem"],"jetpack_publicize_connections":[],"jetpack_featured_media_url":"https:\/\/i0.wp.com\/humm.loverde.fr\/wp-content\/uploads\/2021\/07\/IMG_20210702_092233_770.jpg?fit=475%2C397&ssl=1","jetpack_sharing_enabled":true,"jetpack_shortlink":"https:\/\/wp.me\/p9whbF-1EC","jetpack_likes_enabled":true,"jetpack-related-posts":[{"id":1735,"url":"https:\/\/humm.loverde.fr\/?p=1735","url_meta":{"origin":6362,"position":0},"title":"La cafeti\u00e8re du ch\u00e2teau de Panloy","author":"cloverde","date":"1 septembre 2017","format":false,"excerpt":"\u00a0 S'il n'y avait qu'une chose \u00e0 retenir de la sortie du 14 juin que nous avons fait avec l'UTL de Blaye ce serait la machine \u00e0 caf\u00e9 du ch\u00e2teau de Panloy en Charente Maritime. Mais il y a beaucoup d'autres visites interessantes, il suffit de voir les photos regroup\u00e9es\u2026","rel":"","context":"Dans &quot;Actuel&quot;","block_context":{"text":"Actuel","link":"https:\/\/humm.loverde.fr\/?cat=13"},"img":{"alt_text":"","src":"https:\/\/i0.wp.com\/humm.loverde.fr\/wp-content\/uploads\/2017\/09\/IMG_3336.jpg?resize=350%2C200&ssl=1","width":350,"height":200,"srcset":"https:\/\/i0.wp.com\/humm.loverde.fr\/wp-content\/uploads\/2017\/09\/IMG_3336.jpg?resize=350%2C200&ssl=1 1x, https:\/\/i0.wp.com\/humm.loverde.fr\/wp-content\/uploads\/2017\/09\/IMG_3336.jpg?resize=525%2C300&ssl=1 1.5x, https:\/\/i0.wp.com\/humm.loverde.fr\/wp-content\/uploads\/2017\/09\/IMG_3336.jpg?resize=700%2C400&ssl=1 2x"},"classes":[]},{"id":8712,"url":"https:\/\/humm.loverde.fr\/?p=8712","url_meta":{"origin":6362,"position":1},"title":"Station Eleven, Emily St. John Mandel","author":"cloverde","date":"19 ao\u00fbt 2023","format":false,"excerpt":"Station Eleven est un roman de science-fiction post-apocalyptique d\u2019Emily St. John Mandel, paru en 2014. Le roman est finaliste au National Book Award en 2014 et re\u00e7oit le prix Arthur-C.-Clarke en 2015. R\u00e9sum\u00e9 Dans un monde o\u00f9 la civilisation s'est effondr\u00e9e suite \u00e0 une pand\u00e9mie foudroyante, une troupe d'acteurs et\u2026","rel":"","context":"Dans &quot;lecture&quot;","block_context":{"text":"lecture","link":"https:\/\/humm.loverde.fr\/?cat=1068"},"img":{"alt_text":"","src":"https:\/\/i0.wp.com\/humm.loverde.fr\/wp-content\/uploads\/2023\/08\/IMG_20230728_215649_226.jpg?fit=1200%2C1145&ssl=1&resize=350%2C200","width":350,"height":200,"srcset":"https:\/\/i0.wp.com\/humm.loverde.fr\/wp-content\/uploads\/2023\/08\/IMG_20230728_215649_226.jpg?fit=1200%2C1145&ssl=1&resize=350%2C200 1x, https:\/\/i0.wp.com\/humm.loverde.fr\/wp-content\/uploads\/2023\/08\/IMG_20230728_215649_226.jpg?fit=1200%2C1145&ssl=1&resize=525%2C300 1.5x, https:\/\/i0.wp.com\/humm.loverde.fr\/wp-content\/uploads\/2023\/08\/IMG_20230728_215649_226.jpg?fit=1200%2C1145&ssl=1&resize=700%2C400 2x, https:\/\/i0.wp.com\/humm.loverde.fr\/wp-content\/uploads\/2023\/08\/IMG_20230728_215649_226.jpg?fit=1200%2C1145&ssl=1&resize=1050%2C600 3x"},"classes":[]},{"id":6343,"url":"https:\/\/humm.loverde.fr\/?p=6343","url_meta":{"origin":6362,"position":2},"title":"La machination de Berlin, Monique Dollin du Fresnel","author":"cloverde","date":"27 juillet 2021","format":false,"excerpt":"27\/07\/2021 Je ne sais plus pourquoi j'ai s\u00e9lectionn\u00e9 ce livre, \u00e9ditions du Sud-Ouest peut-\u00eatre, J\u00e9rusalem dans le bandeau s\u00fbrement, en compensation du voyage manqu\u00e9 \u00e0 cause du covid, ou pour le principal protagoniste bordelais... J'\u00e9tais parti sur \"Lovely Rita\" \u00e0 cause du titre mais finalement j'ai pr\u00e9f\u00e9r\u00e9 plus consistant, j'y\u2026","rel":"","context":"Dans &quot;Lectures&quot;","block_context":{"text":"Lectures","link":"https:\/\/humm.loverde.fr\/?cat=1"},"img":{"alt_text":"","src":"https:\/\/i0.wp.com\/humm.loverde.fr\/wp-content\/uploads\/2021\/07\/IMG_20210702_002434_602.jpg?fit=1119%2C1080&ssl=1&resize=350%2C200","width":350,"height":200,"srcset":"https:\/\/i0.wp.com\/humm.loverde.fr\/wp-content\/uploads\/2021\/07\/IMG_20210702_002434_602.jpg?fit=1119%2C1080&ssl=1&resize=350%2C200 1x, https:\/\/i0.wp.com\/humm.loverde.fr\/wp-content\/uploads\/2021\/07\/IMG_20210702_002434_602.jpg?fit=1119%2C1080&ssl=1&resize=525%2C300 1.5x, https:\/\/i0.wp.com\/humm.loverde.fr\/wp-content\/uploads\/2021\/07\/IMG_20210702_002434_602.jpg?fit=1119%2C1080&ssl=1&resize=700%2C400 2x, https:\/\/i0.wp.com\/humm.loverde.fr\/wp-content\/uploads\/2021\/07\/IMG_20210702_002434_602.jpg?fit=1119%2C1080&ssl=1&resize=1050%2C600 3x"},"classes":[]},{"id":1982,"url":"https:\/\/humm.loverde.fr\/?p=1982","url_meta":{"origin":6362,"position":3},"title":"Derni\u00e8res lectures","author":"cloverde","date":"23 novembre 2017","format":false,"excerpt":"Les quelques livres lus depuis le mois de juillet (2017!) que j'ai appr\u00e9ci\u00e9s ou pas. Certains de ces livres \u00e9taient choisis dans le cadre du club de lecture de l'universit\u00e9 du temps libre auquel je participe. Peut-\u00eatre que je ne les aurait pas choisis mais j'ai parfois \u00e9t\u00e9 agr\u00e9ablement surpris.\u2026","rel":"","context":"Dans &quot;Lectures&quot;","block_context":{"text":"Lectures","link":"https:\/\/humm.loverde.fr\/?cat=1"},"img":{"alt_text":"","src":"https:\/\/i0.wp.com\/humm.loverde.fr\/wp-content\/uploads\/2017\/11\/IMG_2887.jpg?fit=800%2C249&ssl=1&resize=350%2C200","width":350,"height":200,"srcset":"https:\/\/i0.wp.com\/humm.loverde.fr\/wp-content\/uploads\/2017\/11\/IMG_2887.jpg?fit=800%2C249&ssl=1&resize=350%2C200 1x, https:\/\/i0.wp.com\/humm.loverde.fr\/wp-content\/uploads\/2017\/11\/IMG_2887.jpg?fit=800%2C249&ssl=1&resize=525%2C300 1.5x, https:\/\/i0.wp.com\/humm.loverde.fr\/wp-content\/uploads\/2017\/11\/IMG_2887.jpg?fit=800%2C249&ssl=1&resize=700%2C400 2x"},"classes":[]},{"id":6506,"url":"https:\/\/humm.loverde.fr\/?p=6506","url_meta":{"origin":6362,"position":4},"title":"Le magicien d\u2019Auschwitz, JR Dos Santos","author":"cloverde","date":"7 septembre 2021","format":false,"excerpt":"07\/09 La phrase de JR Dos Santos qui a provoqu\u00e9 l'irr\u00e9pressible envie de cette lecture : '' Pour faire le mal, l\u2019homme doit d\u2019abord croire qu\u2019il fait le bien '' \u00c0 partir de manuscrits retrouv\u00e9s pr\u00e8s des fours cr\u00e9matoires d\u2019Auschwitz-Birkenau, un roman historique en deux tomes JR Dos Santos aborde\u2026","rel":"","context":"Dans &quot;Lectures&quot;","block_context":{"text":"Lectures","link":"https:\/\/humm.loverde.fr\/?cat=1"},"img":{"alt_text":"","src":"https:\/\/i0.wp.com\/humm.loverde.fr\/wp-content\/uploads\/2021\/08\/IMG_20210813_084824_254.jpg?fit=769%2C464&ssl=1&resize=350%2C200","width":350,"height":200,"srcset":"https:\/\/i0.wp.com\/humm.loverde.fr\/wp-content\/uploads\/2021\/08\/IMG_20210813_084824_254.jpg?fit=769%2C464&ssl=1&resize=350%2C200 1x, https:\/\/i0.wp.com\/humm.loverde.fr\/wp-content\/uploads\/2021\/08\/IMG_20210813_084824_254.jpg?fit=769%2C464&ssl=1&resize=525%2C300 1.5x, https:\/\/i0.wp.com\/humm.loverde.fr\/wp-content\/uploads\/2021\/08\/IMG_20210813_084824_254.jpg?fit=769%2C464&ssl=1&resize=700%2C400 2x"},"classes":[]},{"id":441,"url":"https:\/\/humm.loverde.fr\/?p=441","url_meta":{"origin":6362,"position":5},"title":"Je suis \u00ab\u00a0s\u00e9ries\u00a0\u00bb","author":"cloverde","date":"25 avril 2015","format":false,"excerpt":"J'ai s\u00e9lectionn\u00e9 pour vous les s\u00e9ries r\u00e9centes qu'il faut absolument avoir vu. Certaines sont termin\u00e9es d'autre non. Le parti pris des illustrations: pas d'affiche officielles. Les r\u00e9sum\u00e9s viennent du site Allocin\u00e9, les commentaires (en italiques) sont de moi. \u00a0 Breaking bad \u00a0 \u00a0Walter White, 50 ans, est professeur de chimie\u2026","rel":"","context":"Dans &quot;Actuel&quot;","block_context":{"text":"Actuel","link":"https:\/\/humm.loverde.fr\/?cat=13"},"img":{"alt_text":"","src":"https:\/\/i0.wp.com\/humm.loverde.fr\/wp-content\/uploads\/2015\/04\/je-suis-series-the-walking-dead.jpg?fit=800%2C450&ssl=1&resize=350%2C200","width":350,"height":200,"srcset":"https:\/\/i0.wp.com\/humm.loverde.fr\/wp-content\/uploads\/2015\/04\/je-suis-series-the-walking-dead.jpg?fit=800%2C450&ssl=1&resize=350%2C200 1x, https:\/\/i0.wp.com\/humm.loverde.fr\/wp-content\/uploads\/2015\/04\/je-suis-series-the-walking-dead.jpg?fit=800%2C450&ssl=1&resize=525%2C300 1.5x, https:\/\/i0.wp.com\/humm.loverde.fr\/wp-content\/uploads\/2015\/04\/je-suis-series-the-walking-dead.jpg?fit=800%2C450&ssl=1&resize=700%2C400 2x"},"classes":[]}],"_links":{"self":[{"href":"https:\/\/humm.loverde.fr\/index.php?rest_route=\/wp\/v2\/posts\/6362","targetHints":{"allow":["GET"]}}],"collection":[{"href":"https:\/\/humm.loverde.fr\/index.php?rest_route=\/wp\/v2\/posts"}],"about":[{"href":"https:\/\/humm.loverde.fr\/index.php?rest_route=\/wp\/v2\/types\/post"}],"author":[{"embeddable":true,"href":"https:\/\/humm.loverde.fr\/index.php?rest_route=\/wp\/v2\/users\/1"}],"replies":[{"embeddable":true,"href":"https:\/\/humm.loverde.fr\/index.php?rest_route=%2Fwp%2Fv2%2Fcomments&post=6362"}],"version-history":[{"count":6,"href":"https:\/\/humm.loverde.fr\/index.php?rest_route=\/wp\/v2\/posts\/6362\/revisions"}],"predecessor-version":[{"id":6400,"href":"https:\/\/humm.loverde.fr\/index.php?rest_route=\/wp\/v2\/posts\/6362\/revisions\/6400"}],"wp:featuredmedia":[{"embeddable":true,"href":"https:\/\/humm.loverde.fr\/index.php?rest_route=\/wp\/v2\/media\/6363"}],"wp:attachment":[{"href":"https:\/\/humm.loverde.fr\/index.php?rest_route=%2Fwp%2Fv2%2Fmedia&parent=6362"}],"wp:term":[{"taxonomy":"category","embeddable":true,"href":"https:\/\/humm.loverde.fr\/index.php?rest_route=%2Fwp%2Fv2%2Fcategories&post=6362"},{"taxonomy":"post_tag","embeddable":true,"href":"https:\/\/humm.loverde.fr\/index.php?rest_route=%2Fwp%2Fv2%2Ftags&post=6362"}],"curies":[{"name":"wp","href":"https:\/\/api.w.org\/{rel}","templated":true}]}}