{"id":6442,"date":"2021-08-10T05:00:09","date_gmt":"2021-08-10T04:00:09","guid":{"rendered":"https:\/\/humm.loverde.fr\/?p=6442"},"modified":"2021-08-10T16:17:32","modified_gmt":"2021-08-10T15:17:32","slug":"cest-arrive-la-nuit-marc-levy","status":"publish","type":"post","link":"https:\/\/humm.loverde.fr\/?p=6442","title":{"rendered":"C&rsquo;est arriv\u00e9 la nuit, Marc Levy"},"content":{"rendered":"<p>10\/08<br \/>\nJe me souviens qu&rsquo;il y a longtemps je m&rsquo;\u00e9tais dit que jamais je ne lirai du Guy Decart et finalement quand j&rsquo;ai c\u00e9d\u00e9 j&rsquo;y ai pris du plaisir pendant un moment, lecture facile avec des histoires, on dirait maintenant, abracadabrantesques.<br \/>\nDonc il \u00e9tait temps de tester Marc Levy&#8230;<br \/>\nSurtout que \u00e7a parle de hackers et du monde sous terrain de l&rsquo;informatique, le \u00a0\u00bbdark web\u00a0\u00bb. Apparemment bien document\u00e9 malgr\u00e9 une critique n\u00e9gative d&rsquo;un lecteur de Babelio plut\u00f4t pour se mettre en avant en tant que &quot;vrai&quot; sp\u00e9cialiste.<\/p>\n<p>Histoire palpitante avec de nombreux protagonistes. On passe d&rsquo;un groupe de hackers \u00e0 l&rsquo;autre, de Londres \u00e0 Madrid en passant par Tel-Aviv et Rome dans de courts chapitres o\u00f9 il se passe plein de choses.<br \/>\nFinalement la connaissance de l&rsquo;informatique et des r\u00e9seaux n&rsquo;est pas absolument n\u00e9cessaire. Si on sait ce qu&rsquo;est un vpn avec quelques notions d&rsquo;informatique c&rsquo;est mieux mais pas indispensable.<\/p>\n<p>Haletant mais, h\u00e9las, on reste sur sa faim car il n&rsquo;y a pas de fin mais une suite :<\/p>\n<p>Tome 2 Le crepuscule des fauves. Tout aussi palpitant que le tome 1 malgr\u00e9 un petit patinage vers la fin avec un nouveau personnage peu recommandable toutes les 2 pages et des actions dont on a du mal \u00e0 voir l&rsquo;objectif final.<\/p>\n<p>Tome 3 \u00e0 venir<\/p>\n<p>Les noms sont \u00e0 peine chang\u00e9s :<br \/>\nBaron pour Bannon<br \/>\nBerdoch pour Murdoch<br \/>\nJSBC pour la banque USBC<br \/>\nLe canard peroxyd\u00e9, devinez &#x1f92b; et son gendre : Kushner, ici Kelner<br \/>\nRoc News pour Fox News<br \/>\nSucker pour Zuckerberg patron de Facebook<br \/>\nLe premier ministre anglais Boris Johnson, ici Jarvis Borson.<\/p>\n<p>Christian<br \/>\n<a href=\"http:\/\/bit.ly\/3e3jm4Y\">bit.ly\/3e3jm4Y<\/a><\/p>\n<p><a href=\"https:\/\/i0.wp.com\/humm.loverde.fr\/wp-content\/uploads\/2021\/08\/IMG_20210801_190718_337.jpg?ssl=1\" rel=\"attachment wp-att-6443\"><img data-recalc-dims=\"1\" loading=\"lazy\" decoding=\"async\" data-attachment-id=\"6443\" data-permalink=\"https:\/\/humm.loverde.fr\/?attachment_id=6443\" data-orig-file=\"https:\/\/i0.wp.com\/humm.loverde.fr\/wp-content\/uploads\/2021\/08\/IMG_20210801_190718_337.jpg?fit=1736%2C956&amp;ssl=1\" data-orig-size=\"1736,956\" data-comments-opened=\"1\" data-image-meta=\"{&quot;aperture&quot;:&quot;0&quot;,&quot;credit&quot;:&quot;&quot;,&quot;camera&quot;:&quot;&quot;,&quot;caption&quot;:&quot;&quot;,&quot;created_timestamp&quot;:&quot;0&quot;,&quot;copyright&quot;:&quot;&quot;,&quot;focal_length&quot;:&quot;0&quot;,&quot;iso&quot;:&quot;0&quot;,&quot;shutter_speed&quot;:&quot;0&quot;,&quot;title&quot;:&quot;&quot;,&quot;orientation&quot;:&quot;1&quot;}\" data-image-title=\"IMG_20210801_190718_337\" data-image-description=\"\" data-image-caption=\"\" data-large-file=\"https:\/\/i0.wp.com\/humm.loverde.fr\/wp-content\/uploads\/2021\/08\/IMG_20210801_190718_337.jpg?fit=960%2C529&amp;ssl=1\" src=\"https:\/\/i0.wp.com\/humm.loverde.fr\/wp-content\/uploads\/2021\/08\/IMG_20210801_190718_337.jpg?resize=960%2C9999&#038;ssl=1\" alt=\"\" title=\"img_20210801_190718_337-jpg\" width=\"960\" height=\"9999\" class=\"alignnone size-full wp-image-6443\" \/><\/a><\/p>\n","protected":false},"excerpt":{"rendered":"<p>10\/08 Je me souviens qu&rsquo;il y a longtemps je m&rsquo;\u00e9tais dit que jamais je ne lirai du Guy Decart et &hellip; <\/p>\n","protected":false},"author":1,"featured_media":6443,"comment_status":"open","ping_status":"","sticky":false,"template":"","format":"standard","meta":{"jetpack_post_was_ever_published":false,"_jetpack_newsletter_access":"","_jetpack_dont_email_post_to_subs":false,"_jetpack_newsletter_tier_id":0,"_jetpack_memberships_contains_paywalled_content":false,"_jetpack_memberships_contains_paid_content":false,"footnotes":"","jetpack_publicize_message":"","jetpack_publicize_feature_enabled":true,"jetpack_social_post_already_shared":true,"jetpack_social_options":{"image_generator_settings":{"template":"highway","default_image_id":0,"font":"","enabled":false},"version":2}},"categories":[1],"tags":[1279,1278,1280,1281],"class_list":["post-6442","post","type-post","status-publish","format-standard","has-post-thumbnail","hentry","category-lectures","tag-cest-arrive-la-nuit","tag-hacker","tag-le-crepuscule-des-fauves","tag-levy"],"jetpack_publicize_connections":[],"jetpack_featured_media_url":"https:\/\/i0.wp.com\/humm.loverde.fr\/wp-content\/uploads\/2021\/08\/IMG_20210801_190718_337.jpg?fit=1736%2C956&ssl=1","jetpack_sharing_enabled":true,"jetpack_shortlink":"https:\/\/wp.me\/p9whbF-1FU","jetpack_likes_enabled":true,"jetpack-related-posts":[{"id":504,"url":"https:\/\/humm.loverde.fr\/?p=504","url_meta":{"origin":6442,"position":0},"title":"La Dolce Vita","author":"cloverde","date":"18 avril 2015","format":false,"excerpt":"La Dolce Vita Drame\u00a0r\u00e9alis\u00e9 en\u00a01960 par\u00a0Federico\u00a0Fellini Avec\u00a0Marcello Mastroianni\u00a0,\u00a0Anita Ekberg\u00a0,\u00a0Anouk Aim\u00e9e\u00a0... Date de sortie : 11 mai 1960 \u00a0 R\u00e9sum\u00e9 Marcello Rubini, chroniqueur mondain brillant et d\u00e9sabus\u00e9, sans cesse \u00e0 l'aff\u00fbt d'\u00e9chos indiscrets, revoit la belle Maddalena, une riche h\u00e9riti\u00e8re d\u00e9soeuvr\u00e9e, au cours de l'une de ses sempiternelles tourn\u00e9es nocturnes. Il\u2026","rel":"","context":"Dans &quot;Cin\u00e9ma&quot;","block_context":{"text":"Cin\u00e9ma","link":"https:\/\/humm.loverde.fr\/?cat=138"},"img":{"alt_text":"","src":"https:\/\/i0.wp.com\/humm.loverde.fr\/wp-content\/uploads\/2015\/04\/La-Dolce-Vita-1.jpg?fit=538%2C800&ssl=1&resize=350%2C200","width":350,"height":200,"srcset":"https:\/\/i0.wp.com\/humm.loverde.fr\/wp-content\/uploads\/2015\/04\/La-Dolce-Vita-1.jpg?fit=538%2C800&ssl=1&resize=350%2C200 1x, https:\/\/i0.wp.com\/humm.loverde.fr\/wp-content\/uploads\/2015\/04\/La-Dolce-Vita-1.jpg?fit=538%2C800&ssl=1&resize=525%2C300 1.5x"},"classes":[]},{"id":4209,"url":"https:\/\/humm.loverde.fr\/?p=4209","url_meta":{"origin":6442,"position":1},"title":"Brochettes d&rsquo;araign\u00e9e de porc vigneronne","author":"cloverde","date":"15 octobre 2019","format":false,"excerpt":"Brochettes d'araign\u00e9e de porc vigneronne Encore une r\u00e9alisation ultra rapide et finalement tr\u00e8s appr\u00e9ci\u00e9e. Il y a longtemps que je ne suis plus dans la tradition et que mes brochettes ne sont pas r\u00e9alis\u00e9es avec du mouton ou de l'agneau. En g\u00e9n\u00e9ral j'utilise du poulet plus tendre et surtout moins\u2026","rel":"","context":"Dans &quot;Recettes&quot;","block_context":{"text":"Recettes","link":"https:\/\/humm.loverde.fr\/?cat=2"},"img":{"alt_text":"","src":"https:\/\/i0.wp.com\/humm.loverde.fr\/wp-content\/uploads\/2019\/09\/Attachment-2-1.jpeg?fit=1200%2C699&ssl=1&resize=350%2C200","width":350,"height":200,"srcset":"https:\/\/i0.wp.com\/humm.loverde.fr\/wp-content\/uploads\/2019\/09\/Attachment-2-1.jpeg?fit=1200%2C699&ssl=1&resize=350%2C200 1x, https:\/\/i0.wp.com\/humm.loverde.fr\/wp-content\/uploads\/2019\/09\/Attachment-2-1.jpeg?fit=1200%2C699&ssl=1&resize=525%2C300 1.5x, https:\/\/i0.wp.com\/humm.loverde.fr\/wp-content\/uploads\/2019\/09\/Attachment-2-1.jpeg?fit=1200%2C699&ssl=1&resize=700%2C400 2x, https:\/\/i0.wp.com\/humm.loverde.fr\/wp-content\/uploads\/2019\/09\/Attachment-2-1.jpeg?fit=1200%2C699&ssl=1&resize=1050%2C600 3x"},"classes":[]},{"id":441,"url":"https:\/\/humm.loverde.fr\/?p=441","url_meta":{"origin":6442,"position":2},"title":"Je suis \u00ab\u00a0s\u00e9ries\u00a0\u00bb","author":"cloverde","date":"25 avril 2015","format":false,"excerpt":"J'ai s\u00e9lectionn\u00e9 pour vous les s\u00e9ries r\u00e9centes qu'il faut absolument avoir vu. Certaines sont termin\u00e9es d'autre non. Le parti pris des illustrations: pas d'affiche officielles. Les r\u00e9sum\u00e9s viennent du site Allocin\u00e9, les commentaires (en italiques) sont de moi. \u00a0 Breaking bad \u00a0 \u00a0Walter White, 50 ans, est professeur de chimie\u2026","rel":"","context":"Dans &quot;Actuel&quot;","block_context":{"text":"Actuel","link":"https:\/\/humm.loverde.fr\/?cat=13"},"img":{"alt_text":"","src":"https:\/\/i0.wp.com\/humm.loverde.fr\/wp-content\/uploads\/2015\/04\/je-suis-series-the-walking-dead.jpg?fit=800%2C450&ssl=1&resize=350%2C200","width":350,"height":200,"srcset":"https:\/\/i0.wp.com\/humm.loverde.fr\/wp-content\/uploads\/2015\/04\/je-suis-series-the-walking-dead.jpg?fit=800%2C450&ssl=1&resize=350%2C200 1x, https:\/\/i0.wp.com\/humm.loverde.fr\/wp-content\/uploads\/2015\/04\/je-suis-series-the-walking-dead.jpg?fit=800%2C450&ssl=1&resize=525%2C300 1.5x, https:\/\/i0.wp.com\/humm.loverde.fr\/wp-content\/uploads\/2015\/04\/je-suis-series-the-walking-dead.jpg?fit=800%2C450&ssl=1&resize=700%2C400 2x"},"classes":[]},{"id":3262,"url":"https:\/\/humm.loverde.fr\/?p=3262","url_meta":{"origin":6442,"position":3},"title":"Lectures de l&rsquo;\u00e9t\u00e9 2018","author":"cloverde","date":"16 septembre 2018","format":false,"excerpt":"Lectures de l'\u00e9t\u00e9 2018 Au d\u00e9but de l'\u00e9t\u00e9 j'avais plein d'envies de lectures. Comme pr\u00e9vu je n'ai pas tout lu. .-. Les envies \u2022 \"Marx et la poup\u00e9e\" et \"L'art de perdre\" qui auront une certaine r\u00e9sonance puisque parlant des racines d'un immigr\u00e9 en France et fran\u00e7ais. \u2022 Margaret Atwood,\u2026","rel":"","context":"Dans &quot;Lectures&quot;","block_context":{"text":"Lectures","link":"https:\/\/humm.loverde.fr\/?cat=1"},"img":{"alt_text":"","src":"https:\/\/i0.wp.com\/humm.loverde.fr\/wp-content\/uploads\/2018\/09\/Attachment-5-e1537079348130.jpeg?fit=800%2C498&ssl=1&resize=350%2C200","width":350,"height":200,"srcset":"https:\/\/i0.wp.com\/humm.loverde.fr\/wp-content\/uploads\/2018\/09\/Attachment-5-e1537079348130.jpeg?fit=800%2C498&ssl=1&resize=350%2C200 1x, https:\/\/i0.wp.com\/humm.loverde.fr\/wp-content\/uploads\/2018\/09\/Attachment-5-e1537079348130.jpeg?fit=800%2C498&ssl=1&resize=525%2C300 1.5x, https:\/\/i0.wp.com\/humm.loverde.fr\/wp-content\/uploads\/2018\/09\/Attachment-5-e1537079348130.jpeg?fit=800%2C498&ssl=1&resize=700%2C400 2x"},"classes":[]},{"id":3177,"url":"https:\/\/humm.loverde.fr\/?p=3177","url_meta":{"origin":6442,"position":4},"title":"VPN (Virtual Private Network = r\u00e9seau priv\u00e9 virtuel)","author":"cloverde","date":"29 juillet 2018","format":false,"excerpt":"J'ai \u00e9crit cet article apr\u00e8s qu'une amie m'ait fait part du piratage de son ordinateur avec obligation de payer un service (une ran\u00e7on?) pour le d\u00e9bloquer (d\u00e9crypter ?). Dans son cas, il ne s'agissait pas d'un ran\u00e7on-Ware mais de l'arnaque dont parle l'article de \"que choisir\". Mise \u00e0 part les\u2026","rel":"","context":"Dans &quot;Informatique&quot;","block_context":{"text":"Informatique","link":"https:\/\/humm.loverde.fr\/?cat=544"},"img":{"alt_text":"","src":"https:\/\/i0.wp.com\/humm.loverde.fr\/wp-content\/uploads\/2018\/07\/208d3558c8e5ac736edfbb4f383e6d0f.png?fit=700%2C259&ssl=1&resize=350%2C200","width":350,"height":200,"srcset":"https:\/\/i0.wp.com\/humm.loverde.fr\/wp-content\/uploads\/2018\/07\/208d3558c8e5ac736edfbb4f383e6d0f.png?fit=700%2C259&ssl=1&resize=350%2C200 1x, https:\/\/i0.wp.com\/humm.loverde.fr\/wp-content\/uploads\/2018\/07\/208d3558c8e5ac736edfbb4f383e6d0f.png?fit=700%2C259&ssl=1&resize=525%2C300 1.5x, https:\/\/i0.wp.com\/humm.loverde.fr\/wp-content\/uploads\/2018\/07\/208d3558c8e5ac736edfbb4f383e6d0f.png?fit=700%2C259&ssl=1&resize=700%2C400 2x"},"classes":[]},{"id":6362,"url":"https:\/\/humm.loverde.fr\/?p=6362","url_meta":{"origin":6442,"position":5},"title":"Ernetti et l&rsquo;\u00e9nigme de J\u00e9rusalem","author":"cloverde","date":"3 ao\u00fbt 2021","format":false,"excerpt":"03\/08 Une exp\u00e9dition clandestine \u00e0 la recherche du Temple de Salomon r\u00e9v\u00e8le un \u00e9nigmatique cube de pierre, vieux de trois mille ans. \u00c0 l'int\u00e9rieur : un secret qui pourrait remettre en cause la v\u00e9racit\u00e9 de la Bible et d\u00e9stabiliser des milliards de croyants. Une seule solution pour \u00e9viter le chaos\u2026","rel":"","context":"Dans &quot;Lectures&quot;","block_context":{"text":"Lectures","link":"https:\/\/humm.loverde.fr\/?cat=1"},"img":{"alt_text":"","src":"https:\/\/i0.wp.com\/humm.loverde.fr\/wp-content\/uploads\/2021\/07\/IMG_20210702_092233_770.jpg?fit=475%2C397&ssl=1&resize=350%2C200","width":350,"height":200},"classes":[]}],"_links":{"self":[{"href":"https:\/\/humm.loverde.fr\/index.php?rest_route=\/wp\/v2\/posts\/6442","targetHints":{"allow":["GET"]}}],"collection":[{"href":"https:\/\/humm.loverde.fr\/index.php?rest_route=\/wp\/v2\/posts"}],"about":[{"href":"https:\/\/humm.loverde.fr\/index.php?rest_route=\/wp\/v2\/types\/post"}],"author":[{"embeddable":true,"href":"https:\/\/humm.loverde.fr\/index.php?rest_route=\/wp\/v2\/users\/1"}],"replies":[{"embeddable":true,"href":"https:\/\/humm.loverde.fr\/index.php?rest_route=%2Fwp%2Fv2%2Fcomments&post=6442"}],"version-history":[{"count":1,"href":"https:\/\/humm.loverde.fr\/index.php?rest_route=\/wp\/v2\/posts\/6442\/revisions"}],"predecessor-version":[{"id":6444,"href":"https:\/\/humm.loverde.fr\/index.php?rest_route=\/wp\/v2\/posts\/6442\/revisions\/6444"}],"wp:featuredmedia":[{"embeddable":true,"href":"https:\/\/humm.loverde.fr\/index.php?rest_route=\/wp\/v2\/media\/6443"}],"wp:attachment":[{"href":"https:\/\/humm.loverde.fr\/index.php?rest_route=%2Fwp%2Fv2%2Fmedia&parent=6442"}],"wp:term":[{"taxonomy":"category","embeddable":true,"href":"https:\/\/humm.loverde.fr\/index.php?rest_route=%2Fwp%2Fv2%2Fcategories&post=6442"},{"taxonomy":"post_tag","embeddable":true,"href":"https:\/\/humm.loverde.fr\/index.php?rest_route=%2Fwp%2Fv2%2Ftags&post=6442"}],"curies":[{"name":"wp","href":"https:\/\/api.w.org\/{rel}","templated":true}]}}