{"id":6598,"date":"2021-10-26T05:00:37","date_gmt":"2021-10-26T04:00:37","guid":{"rendered":"https:\/\/humm.loverde.fr\/?p=6598"},"modified":"2021-09-29T23:37:05","modified_gmt":"2021-09-29T22:37:05","slug":"cake-aux-noix","status":"publish","type":"post","link":"https:\/\/humm.loverde.fr\/?p=6598","title":{"rendered":"Cake aux noix"},"content":{"rendered":"<p>26\/10<br \/>\n<strong>Ingr\u00e9dients<\/strong><br \/>\n\u2022 200 g de farine<br \/>\n\u2022 100 g de cerneaux de noix<br \/>\n\u2022 125 g de sucre<br \/>\n\u2022 1 sachet de levure chimique<br \/>\n\u2022 125 g de beurre<br \/>\n\u2022 4 \u0153ufs<\/p>\n<p><img data-recalc-dims=\"1\" loading=\"lazy\" decoding=\"async\" data-attachment-id=\"6599\" data-permalink=\"https:\/\/humm.loverde.fr\/?attachment_id=6599\" data-orig-file=\"https:\/\/i0.wp.com\/humm.loverde.fr\/wp-content\/uploads\/2021\/09\/IMG_20210908_162717_934_copy_1280x591.jpg?fit=1280%2C591&amp;ssl=1\" data-orig-size=\"1280,591\" data-comments-opened=\"1\" data-image-meta=\"{&quot;aperture&quot;:&quot;0&quot;,&quot;credit&quot;:&quot;&quot;,&quot;camera&quot;:&quot;&quot;,&quot;caption&quot;:&quot;&quot;,&quot;created_timestamp&quot;:&quot;0&quot;,&quot;copyright&quot;:&quot;&quot;,&quot;focal_length&quot;:&quot;0&quot;,&quot;iso&quot;:&quot;0&quot;,&quot;shutter_speed&quot;:&quot;0&quot;,&quot;title&quot;:&quot;&quot;,&quot;orientation&quot;:&quot;0&quot;}\" data-image-title=\"IMG_20210908_162717_934_copy_1280x591.jpg\" data-image-description=\"\" data-image-caption=\"\" data-large-file=\"https:\/\/i0.wp.com\/humm.loverde.fr\/wp-content\/uploads\/2021\/09\/IMG_20210908_162717_934_copy_1280x591.jpg?fit=960%2C443&amp;ssl=1\" src=\"https:\/\/i0.wp.com\/humm.loverde.fr\/wp-content\/uploads\/2021\/09\/IMG_20210908_162717_934_copy_1280x591.jpg?resize=1200%2C554&#038;ssl=1\" width=\"1200\" height=\"554\" class=\"wp-image-6599 alignnone size-full\" srcset=\"https:\/\/i0.wp.com\/humm.loverde.fr\/wp-content\/uploads\/2021\/09\/IMG_20210908_162717_934_copy_1280x591.jpg?w=1280&amp;ssl=1 1280w, https:\/\/i0.wp.com\/humm.loverde.fr\/wp-content\/uploads\/2021\/09\/IMG_20210908_162717_934_copy_1280x591.jpg?resize=595%2C275&amp;ssl=1 595w, https:\/\/i0.wp.com\/humm.loverde.fr\/wp-content\/uploads\/2021\/09\/IMG_20210908_162717_934_copy_1280x591.jpg?resize=960%2C443&amp;ssl=1 960w, https:\/\/i0.wp.com\/humm.loverde.fr\/wp-content\/uploads\/2021\/09\/IMG_20210908_162717_934_copy_1280x591.jpg?resize=768%2C355&amp;ssl=1 768w\" sizes=\"auto, (max-width: 1200px) 100vw, 1200px\" \/><\/p>\n<p><strong>Pr\u00e9paration<\/strong><br \/>\nPr\u00e9chauffer le four \u00e0 190\u00b0C.<\/p>\n<p>S\u00e9parez les blancs des jaunes. M\u00e9langez les jaunes avec 125 g de sucre. Battez les blancs en neige ferme avec une pinc\u00e9e de sel. Faites fondre le beurre.<\/p>\n<p>Versez la farine sur les jaunes d&rsquo;\u0153uf. Ajoutez la levure, le beurre fondu et les blancs en neige.<\/p>\n<p>Incorporer \u00e0 la p\u00e2te, les cerneaux de noix bris\u00e9s et m\u00e9langer d\u00e9licatement.<\/p>\n<p>Beurrer et fariner un moule \u00e0 cake. Versez la p\u00e2te et enfourner pour 40 minutes environ \u00e0 180\u00b0C en d\u00e9butant \u00e0 190\u00b0C les 10 premi\u00e8res minutes. Pour \u00eatre s\u00fbr de la fin de la cuisson faire le test du couteau qui doit ressortir sec, c&rsquo;est infaillible.<\/p>\n<p>Christian<br \/>\n<a href=\"http:\/\/bit.ly\/CLoverde\">http:\/\/bit.ly\/CLoverde<\/a><\/p>\n","protected":false},"excerpt":{"rendered":"<p>26\/10 Ingr\u00e9dients \u2022 200 g de farine \u2022 100 g de cerneaux de noix \u2022 125 g de sucre \u2022 &hellip; <\/p>\n","protected":false},"author":1,"featured_media":6599,"comment_status":"open","ping_status":"","sticky":false,"template":"","format":"standard","meta":{"jetpack_post_was_ever_published":false,"_jetpack_newsletter_access":"","_jetpack_dont_email_post_to_subs":false,"_jetpack_newsletter_tier_id":0,"_jetpack_memberships_contains_paywalled_content":false,"_jetpack_memberships_contains_paid_content":false,"footnotes":"","jetpack_publicize_message":"","jetpack_publicize_feature_enabled":true,"jetpack_social_post_already_shared":true,"jetpack_social_options":{"image_generator_settings":{"template":"highway","default_image_id":0,"font":"","enabled":false},"version":2}},"categories":[2],"tags":[329,458],"class_list":["post-6598","post","type-post","status-publish","format-standard","has-post-thumbnail","hentry","category-recettes","tag-cake","tag-noix"],"jetpack_publicize_connections":[],"jetpack_featured_media_url":"https:\/\/i0.wp.com\/humm.loverde.fr\/wp-content\/uploads\/2021\/09\/IMG_20210908_162717_934_copy_1280x591.jpg?fit=1280%2C591&ssl=1","jetpack_sharing_enabled":true,"jetpack_shortlink":"https:\/\/wp.me\/p9whbF-1Iq","jetpack_likes_enabled":true,"jetpack-related-posts":[{"id":6594,"url":"https:\/\/humm.loverde.fr\/?p=6594","url_meta":{"origin":6598,"position":0},"title":"Cake au fruit confits et aux noix","author":"cloverde","date":"28 septembre 2021","format":false,"excerpt":"28\/09 Je vous avais averti ! Je ne sais pas faire grand chose d'autre que des cakes. Je ne peux qu'innover dans l'accomodement. Cette fois ci j'ai ajout\u00e9 des noix aux fruits confits. Pourquoi ? J'avais des cerneaux de noix en pr\u00e9vision d'une pr\u00e9paration de salade assez \u00e9labor\u00e9e que j'ai\u2026","rel":"","context":"Dans &quot;Recettes&quot;","block_context":{"text":"Recettes","link":"https:\/\/humm.loverde.fr\/?cat=2"},"img":{"alt_text":"","src":"https:\/\/i0.wp.com\/humm.loverde.fr\/wp-content\/uploads\/2021\/09\/IMG_20210829_153504_632_copy_1280x591.jpg?fit=1200%2C554&ssl=1&resize=350%2C200","width":350,"height":200,"srcset":"https:\/\/i0.wp.com\/humm.loverde.fr\/wp-content\/uploads\/2021\/09\/IMG_20210829_153504_632_copy_1280x591.jpg?fit=1200%2C554&ssl=1&resize=350%2C200 1x, https:\/\/i0.wp.com\/humm.loverde.fr\/wp-content\/uploads\/2021\/09\/IMG_20210829_153504_632_copy_1280x591.jpg?fit=1200%2C554&ssl=1&resize=525%2C300 1.5x, https:\/\/i0.wp.com\/humm.loverde.fr\/wp-content\/uploads\/2021\/09\/IMG_20210829_153504_632_copy_1280x591.jpg?fit=1200%2C554&ssl=1&resize=700%2C400 2x, https:\/\/i0.wp.com\/humm.loverde.fr\/wp-content\/uploads\/2021\/09\/IMG_20210829_153504_632_copy_1280x591.jpg?fit=1200%2C554&ssl=1&resize=1050%2C600 3x"},"classes":[]},{"id":7938,"url":"https:\/\/humm.loverde.fr\/?p=7938","url_meta":{"origin":6598,"position":1},"title":"Encore un cake","author":"cloverde","date":"15 novembre 2022","format":false,"excerpt":"Un peu marre des viennoiseries trop grasses, des biscuits sp\u00e9cial petit d\u00e9jeuner class\u00e9 mauvais par Yuka, biscottes beurre confiture c'est pas mieux avec trop de sucre. Donc un retour aux sources avec un cake au fruit confits, il y avait longtemps que je n'en avais fait. J'ai v\u00e9rifi\u00e9 que ces\u2026","rel":"","context":"Dans &quot;Recettes&quot;","block_context":{"text":"Recettes","link":"https:\/\/humm.loverde.fr\/?cat=2"},"img":{"alt_text":"","src":"https:\/\/i0.wp.com\/humm.loverde.fr\/wp-content\/uploads\/2022\/11\/IMG_20221029_084407_207.jpg?fit=1200%2C540&ssl=1&resize=350%2C200","width":350,"height":200,"srcset":"https:\/\/i0.wp.com\/humm.loverde.fr\/wp-content\/uploads\/2022\/11\/IMG_20221029_084407_207.jpg?fit=1200%2C540&ssl=1&resize=350%2C200 1x, https:\/\/i0.wp.com\/humm.loverde.fr\/wp-content\/uploads\/2022\/11\/IMG_20221029_084407_207.jpg?fit=1200%2C540&ssl=1&resize=525%2C300 1.5x, https:\/\/i0.wp.com\/humm.loverde.fr\/wp-content\/uploads\/2022\/11\/IMG_20221029_084407_207.jpg?fit=1200%2C540&ssl=1&resize=700%2C400 2x, https:\/\/i0.wp.com\/humm.loverde.fr\/wp-content\/uploads\/2022\/11\/IMG_20221029_084407_207.jpg?fit=1200%2C540&ssl=1&resize=1050%2C600 3x"},"classes":[]},{"id":8080,"url":"https:\/\/humm.loverde.fr\/?p=8080","url_meta":{"origin":6598,"position":2},"title":"Cake marbr\u00e9 facile","author":"cloverde","date":"7 f\u00e9vrier 2023","format":false,"excerpt":"Ce cake n'\u00e9tait pas pr\u00e9vu au programme mais le chocolat en poudre que nous avons trouv\u00e9 ne convenant pas pour un bon chocolat chaud, il fallait bien en faire quelque chose. C'est quand m\u00eame la premi\u00e8re fois que je cuit un cake \u00e0 160\u00b0C Ingr\u00e9dients \u2022 3 \u0153ufs \u2022 150\u2026","rel":"","context":"Dans &quot;Recettes&quot;","block_context":{"text":"Recettes","link":"https:\/\/humm.loverde.fr\/?cat=2"},"img":{"alt_text":"","src":"https:\/\/i0.wp.com\/humm.loverde.fr\/wp-content\/uploads\/2023\/02\/IMG_20230207_004937_844.jpg?fit=1024%2C602&ssl=1&resize=350%2C200","width":350,"height":200,"srcset":"https:\/\/i0.wp.com\/humm.loverde.fr\/wp-content\/uploads\/2023\/02\/IMG_20230207_004937_844.jpg?fit=1024%2C602&ssl=1&resize=350%2C200 1x, https:\/\/i0.wp.com\/humm.loverde.fr\/wp-content\/uploads\/2023\/02\/IMG_20230207_004937_844.jpg?fit=1024%2C602&ssl=1&resize=525%2C300 1.5x, https:\/\/i0.wp.com\/humm.loverde.fr\/wp-content\/uploads\/2023\/02\/IMG_20230207_004937_844.jpg?fit=1024%2C602&ssl=1&resize=700%2C400 2x"},"classes":[]},{"id":1537,"url":"https:\/\/humm.loverde.fr\/?p=1537","url_meta":{"origin":6598,"position":3},"title":"G\u00e2teau au chocolat et aux noix","author":"cloverde","date":"28 avril 2017","format":false,"excerpt":"Ingr\u00e9dients 125 g de chocolat 75 g de beurre 100 g de sucre en poudre 50 g de farine 3 oeufs 100 g de cerneaux de noix Pr\u00e9paration Pr\u00e9chauffez le four Th.7 (210\u00b0 C). Concassez les cerneaux de noix. Faites fondre le chocolat et le beurre dans une casserole. Puis,\u2026","rel":"","context":"Dans &quot;Recettes&quot;","block_context":{"text":"Recettes","link":"https:\/\/humm.loverde.fr\/?cat=2"},"img":{"alt_text":"","src":"https:\/\/i0.wp.com\/humm.loverde.fr\/wp-content\/uploads\/2017\/03\/G%C3%A2teau-au-chocolat-et-aux-noix-3.jpg?resize=350%2C200&ssl=1","width":350,"height":200,"srcset":"https:\/\/i0.wp.com\/humm.loverde.fr\/wp-content\/uploads\/2017\/03\/G%C3%A2teau-au-chocolat-et-aux-noix-3.jpg?resize=350%2C200&ssl=1 1x, https:\/\/i0.wp.com\/humm.loverde.fr\/wp-content\/uploads\/2017\/03\/G%C3%A2teau-au-chocolat-et-aux-noix-3.jpg?resize=525%2C300&ssl=1 1.5x, https:\/\/i0.wp.com\/humm.loverde.fr\/wp-content\/uploads\/2017\/03\/G%C3%A2teau-au-chocolat-et-aux-noix-3.jpg?resize=700%2C400&ssl=1 2x"},"classes":[]},{"id":8300,"url":"https:\/\/humm.loverde.fr\/?p=8300","url_meta":{"origin":6598,"position":4},"title":"Cake marbr\u00e9 chocolat-pralin","author":"cloverde","date":"6 juin 2023","format":false,"excerpt":"J'h\u00e9sitais entre cake marbr\u00e9 et cake au pralin et j'ai finalement fait un marbr\u00e9 chocolat-pralin. Comme il y a 100g de pralin en plus par rapport \u00e0 un marbr\u00e9 classique j'ai gonfl\u00e9 les ingr\u00e9dients. Ingr\u00e9dients \u2022 4 oeufs \u2022 165 g de farine \u2022 165 g de sucre \u2022 150\u2026","rel":"","context":"Dans &quot;Recettes&quot;","block_context":{"text":"Recettes","link":"https:\/\/humm.loverde.fr\/?cat=2"},"img":{"alt_text":"","src":"https:\/\/i0.wp.com\/humm.loverde.fr\/wp-content\/uploads\/2023\/04\/IMG_20230415_094147_692.jpg?fit=1200%2C540&ssl=1&resize=350%2C200","width":350,"height":200,"srcset":"https:\/\/i0.wp.com\/humm.loverde.fr\/wp-content\/uploads\/2023\/04\/IMG_20230415_094147_692.jpg?fit=1200%2C540&ssl=1&resize=350%2C200 1x, https:\/\/i0.wp.com\/humm.loverde.fr\/wp-content\/uploads\/2023\/04\/IMG_20230415_094147_692.jpg?fit=1200%2C540&ssl=1&resize=525%2C300 1.5x, https:\/\/i0.wp.com\/humm.loverde.fr\/wp-content\/uploads\/2023\/04\/IMG_20230415_094147_692.jpg?fit=1200%2C540&ssl=1&resize=700%2C400 2x, https:\/\/i0.wp.com\/humm.loverde.fr\/wp-content\/uploads\/2023\/04\/IMG_20230415_094147_692.jpg?fit=1200%2C540&ssl=1&resize=1050%2C600 3x"},"classes":[]},{"id":3529,"url":"https:\/\/humm.loverde.fr\/?p=3529","url_meta":{"origin":6598,"position":5},"title":"Cake marbr\u00e9","author":"cloverde","date":"29 janvier 2019","format":false,"excerpt":"Cake marbr\u00e9 Envie de cake mais pas grand chose dans les placards ni dans le frigo, pas de fruits confits, pas de raisins secs, rien, nada ! Mais du cacao en poudre et les ingr\u00e9dients de base qu'il y a dans une maison m\u00eame quand le frigo est quasiment vide\u2026","rel":"","context":"Dans &quot;Recettes&quot;","block_context":{"text":"Recettes","link":"https:\/\/humm.loverde.fr\/?cat=2"},"img":{"alt_text":"","src":"https:\/\/i0.wp.com\/humm.loverde.fr\/wp-content\/uploads\/2019\/01\/attachment-2-1.png?fit=800%2C450&ssl=1&resize=350%2C200","width":350,"height":200,"srcset":"https:\/\/i0.wp.com\/humm.loverde.fr\/wp-content\/uploads\/2019\/01\/attachment-2-1.png?fit=800%2C450&ssl=1&resize=350%2C200 1x, https:\/\/i0.wp.com\/humm.loverde.fr\/wp-content\/uploads\/2019\/01\/attachment-2-1.png?fit=800%2C450&ssl=1&resize=525%2C300 1.5x, https:\/\/i0.wp.com\/humm.loverde.fr\/wp-content\/uploads\/2019\/01\/attachment-2-1.png?fit=800%2C450&ssl=1&resize=700%2C400 2x"},"classes":[]}],"_links":{"self":[{"href":"https:\/\/humm.loverde.fr\/index.php?rest_route=\/wp\/v2\/posts\/6598","targetHints":{"allow":["GET"]}}],"collection":[{"href":"https:\/\/humm.loverde.fr\/index.php?rest_route=\/wp\/v2\/posts"}],"about":[{"href":"https:\/\/humm.loverde.fr\/index.php?rest_route=\/wp\/v2\/types\/post"}],"author":[{"embeddable":true,"href":"https:\/\/humm.loverde.fr\/index.php?rest_route=\/wp\/v2\/users\/1"}],"replies":[{"embeddable":true,"href":"https:\/\/humm.loverde.fr\/index.php?rest_route=%2Fwp%2Fv2%2Fcomments&post=6598"}],"version-history":[{"count":2,"href":"https:\/\/humm.loverde.fr\/index.php?rest_route=\/wp\/v2\/posts\/6598\/revisions"}],"predecessor-version":[{"id":6687,"href":"https:\/\/humm.loverde.fr\/index.php?rest_route=\/wp\/v2\/posts\/6598\/revisions\/6687"}],"wp:featuredmedia":[{"embeddable":true,"href":"https:\/\/humm.loverde.fr\/index.php?rest_route=\/wp\/v2\/media\/6599"}],"wp:attachment":[{"href":"https:\/\/humm.loverde.fr\/index.php?rest_route=%2Fwp%2Fv2%2Fmedia&parent=6598"}],"wp:term":[{"taxonomy":"category","embeddable":true,"href":"https:\/\/humm.loverde.fr\/index.php?rest_route=%2Fwp%2Fv2%2Fcategories&post=6598"},{"taxonomy":"post_tag","embeddable":true,"href":"https:\/\/humm.loverde.fr\/index.php?rest_route=%2Fwp%2Fv2%2Ftags&post=6598"}],"curies":[{"name":"wp","href":"https:\/\/api.w.org\/{rel}","templated":true}]}}