{"id":7118,"date":"2022-03-08T06:00:01","date_gmt":"2022-03-08T05:00:01","guid":{"rendered":"https:\/\/humm.loverde.fr\/?p=7118"},"modified":"2022-02-10T01:00:04","modified_gmt":"2022-02-10T00:00:04","slug":"canard-a-lorange-au-four","status":"publish","type":"post","link":"https:\/\/humm.loverde.fr\/?p=7118","title":{"rendered":"Canard \u00e0 l&rsquo;orange au four"},"content":{"rendered":"<p>J&rsquo;avais achet\u00e9 5 kg d&rsquo;oranges \u00e0 la sortie de Blaye \u00e0 un espagnol croyant avoir un bon prix gr\u00e2ce \u00e0 la quantit\u00e9, mais finalement ce n&rsquo;\u00e9tait pas l&rsquo;affaire du si\u00e8cle&#8230; Ou peut-\u00eatre que oui, parce qu&rsquo;elles \u00e9taient non trait\u00e9es.<br \/>\nJe ne me souviens plus si l&rsquo;id\u00e9e de la recette est venue avant ou apr\u00e8s l&rsquo;achat du canard.<\/p>\n<p><img data-recalc-dims=\"1\" loading=\"lazy\" decoding=\"async\" data-attachment-id=\"7119\" data-permalink=\"https:\/\/humm.loverde.fr\/?attachment_id=7119\" data-orig-file=\"https:\/\/i0.wp.com\/humm.loverde.fr\/wp-content\/uploads\/2022\/02\/IMG_20220210_004304_173.jpg?fit=1280%2C591&amp;ssl=1\" data-orig-size=\"1280,591\" data-comments-opened=\"1\" data-image-meta=\"{&quot;aperture&quot;:&quot;0&quot;,&quot;credit&quot;:&quot;&quot;,&quot;camera&quot;:&quot;&quot;,&quot;caption&quot;:&quot;&quot;,&quot;created_timestamp&quot;:&quot;0&quot;,&quot;copyright&quot;:&quot;&quot;,&quot;focal_length&quot;:&quot;0&quot;,&quot;iso&quot;:&quot;0&quot;,&quot;shutter_speed&quot;:&quot;0&quot;,&quot;title&quot;:&quot;&quot;,&quot;orientation&quot;:&quot;0&quot;}\" data-image-title=\"IMG_20220210_004304_173\" data-image-description=\"\" data-image-caption=\"\" data-large-file=\"https:\/\/i0.wp.com\/humm.loverde.fr\/wp-content\/uploads\/2022\/02\/IMG_20220210_004304_173.jpg?fit=960%2C443&amp;ssl=1\" class=\"alignnone size-full wp-image-7119\" src=\"https:\/\/i0.wp.com\/humm.loverde.fr\/wp-content\/uploads\/2022\/02\/IMG_20220210_004304_173.jpg?resize=1200%2C554&#038;ssl=1\" width=\"1200\" height=\"554\" srcset=\"https:\/\/i0.wp.com\/humm.loverde.fr\/wp-content\/uploads\/2022\/02\/IMG_20220210_004304_173.jpg?w=1280&amp;ssl=1 1280w, https:\/\/i0.wp.com\/humm.loverde.fr\/wp-content\/uploads\/2022\/02\/IMG_20220210_004304_173.jpg?resize=595%2C275&amp;ssl=1 595w, https:\/\/i0.wp.com\/humm.loverde.fr\/wp-content\/uploads\/2022\/02\/IMG_20220210_004304_173.jpg?resize=960%2C443&amp;ssl=1 960w, https:\/\/i0.wp.com\/humm.loverde.fr\/wp-content\/uploads\/2022\/02\/IMG_20220210_004304_173.jpg?resize=768%2C355&amp;ssl=1 768w\" sizes=\"auto, (max-width: 1200px) 100vw, 1200px\" \/><\/p>\n<p><strong>Ingr\u00e9dients<\/strong><\/p>\n<ul>\n<li>1 canard de 1,2 kg environ<\/li>\n<li>3 oranges non trait\u00e9es<\/li>\n<li>1 petit verre de Grand-Marnier ou de cointreau<\/li>\n<li>40 g de sucre<\/li>\n<li>4 cl de vinaigre<\/li>\n<li>2 cuill\u00e8res \u00e0 caf\u00e9 de fond de veau<\/li>\n<li>1 petit verre de vin blanc<\/li>\n<li>4 gousses d\u2019ail<\/li>\n<li>Quelques branches de thym<\/li>\n<li>Beurre et huile<\/li>\n<li>Sel, poivre<\/li>\n<\/ul>\n<p><img data-recalc-dims=\"1\" loading=\"lazy\" decoding=\"async\" data-attachment-id=\"7123\" data-permalink=\"https:\/\/humm.loverde.fr\/?attachment_id=7123\" data-orig-file=\"https:\/\/i0.wp.com\/humm.loverde.fr\/wp-content\/uploads\/2022\/02\/IMG_20220126_130721_737_copy_1280x591.jpg?fit=1280%2C591&amp;ssl=1\" data-orig-size=\"1280,591\" data-comments-opened=\"1\" data-image-meta=\"{&quot;aperture&quot;:&quot;0&quot;,&quot;credit&quot;:&quot;&quot;,&quot;camera&quot;:&quot;&quot;,&quot;caption&quot;:&quot;&quot;,&quot;created_timestamp&quot;:&quot;0&quot;,&quot;copyright&quot;:&quot;&quot;,&quot;focal_length&quot;:&quot;0&quot;,&quot;iso&quot;:&quot;0&quot;,&quot;shutter_speed&quot;:&quot;0&quot;,&quot;title&quot;:&quot;&quot;,&quot;orientation&quot;:&quot;0&quot;}\" data-image-title=\"IMG_20220126_130721_737_copy_1280x591\" data-image-description=\"\" data-image-caption=\"\" data-large-file=\"https:\/\/i0.wp.com\/humm.loverde.fr\/wp-content\/uploads\/2022\/02\/IMG_20220126_130721_737_copy_1280x591.jpg?fit=960%2C443&amp;ssl=1\" src=\"https:\/\/i0.wp.com\/humm.loverde.fr\/wp-content\/uploads\/2022\/02\/IMG_20220126_130721_737_copy_1280x591.jpg?resize=1200%2C554&#038;ssl=1\" class=\"wp-image-7123 alignnone size-full\" width=\"1200\" height=\"554\" srcset=\"https:\/\/i0.wp.com\/humm.loverde.fr\/wp-content\/uploads\/2022\/02\/IMG_20220126_130721_737_copy_1280x591.jpg?w=1280&amp;ssl=1 1280w, https:\/\/i0.wp.com\/humm.loverde.fr\/wp-content\/uploads\/2022\/02\/IMG_20220126_130721_737_copy_1280x591.jpg?resize=595%2C275&amp;ssl=1 595w, https:\/\/i0.wp.com\/humm.loverde.fr\/wp-content\/uploads\/2022\/02\/IMG_20220126_130721_737_copy_1280x591.jpg?resize=960%2C443&amp;ssl=1 960w, https:\/\/i0.wp.com\/humm.loverde.fr\/wp-content\/uploads\/2022\/02\/IMG_20220126_130721_737_copy_1280x591.jpg?resize=768%2C355&amp;ssl=1 768w\" sizes=\"auto, (max-width: 1200px) 100vw, 1200px\" \/><strong>Pr\u00e9paration<\/strong><br \/>\nPr\u00e9chauffer le four \u00e0 180\u00b0C.<br \/>\nCouper 2 oranges en rondelles de 1\/2 cm environ et faites-les blanchir dans une casserole d\u2019eau bouillante quelques minutes.<br \/>\nLes faire ensuite mariner dans le Grand-Marnier pendant la pr\u00e9paration du reste.<br \/>\nR\u00e9cup\u00e9rer le jus de la troisi\u00e8me orange.<br \/>\nMettre le sucre et le vinaigre dans une casserole, laissez caram\u00e9liser sans remuer.<br \/>\nAjouter le jus d\u2019orange et laissez cuire quelques minutes.<\/p>\n<p>Faire revenir le canard dans un faitout avec du beurre et un peu d&rsquo;huile afin de le dorer uniform\u00e9ment.<br \/>\nRetirer le canard et jeter la graisse. Remettre le canard dans la cocotte, mouillez avec la sauce \u00e0 l\u2019orange, le fond de veau et le vin blanc.<br \/>\nSaler, poivrer et mijoter quelques minutes.<br \/>\nTransvaser le canard et le jus dans un grand plat allant au four.<br \/>\nEntourer la viande de thym et des gousses d\u2019ail en chemise.<br \/>\nEnfourner pour 30 minutes.<br \/>\nAu bout de ce temps, ajoutez le Grand-Marnier et les rondelles d\u2019orange.<br \/>\nLaissez cuire encore 30 minutes.<br \/>\nServez le canard avec les rondelles d\u2019orange, les gousses d\u2019ail et le jus de cuisson.<br \/>\nVous pouvez accompagner ce plat de pommes de terre grenaille \u00e0 cuire dans la deuxi\u00e8me p\u00e9riode de 30 minutes autour du canard. On peut les cuire \u00e0 part pour qu&rsquo;elles soient moins grasses.<\/p>\n<p>Christian<br \/>\n<a href=\"http:\/\/bit.ly\/Christian_Loverde\">bit.ly\/Christian_Loverde<\/a><\/p>\n<p><a href=\"https:\/\/i0.wp.com\/humm.loverde.fr\/wp-content\/uploads\/2022\/02\/IMG_20220210_004304_173.jpg?ssl=1\" rel=\"attachment wp-att-7119\"><img data-recalc-dims=\"1\" loading=\"lazy\" decoding=\"async\" data-attachment-id=\"7119\" data-permalink=\"https:\/\/humm.loverde.fr\/?attachment_id=7119\" data-orig-file=\"https:\/\/i0.wp.com\/humm.loverde.fr\/wp-content\/uploads\/2022\/02\/IMG_20220210_004304_173.jpg?fit=1280%2C591&amp;ssl=1\" data-orig-size=\"1280,591\" data-comments-opened=\"1\" data-image-meta=\"{&quot;aperture&quot;:&quot;0&quot;,&quot;credit&quot;:&quot;&quot;,&quot;camera&quot;:&quot;&quot;,&quot;caption&quot;:&quot;&quot;,&quot;created_timestamp&quot;:&quot;0&quot;,&quot;copyright&quot;:&quot;&quot;,&quot;focal_length&quot;:&quot;0&quot;,&quot;iso&quot;:&quot;0&quot;,&quot;shutter_speed&quot;:&quot;0&quot;,&quot;title&quot;:&quot;&quot;,&quot;orientation&quot;:&quot;0&quot;}\" data-image-title=\"IMG_20220210_004304_173\" data-image-description=\"\" data-image-caption=\"\" data-large-file=\"https:\/\/i0.wp.com\/humm.loverde.fr\/wp-content\/uploads\/2022\/02\/IMG_20220210_004304_173.jpg?fit=960%2C443&amp;ssl=1\" class=\"alignnone size-full wp-image-7119\" src=\"https:\/\/i0.wp.com\/humm.loverde.fr\/wp-content\/uploads\/2022\/02\/IMG_20220210_004304_173.jpg?resize=960%2C9999&#038;ssl=1\" alt=\"\" title=\"img_20220210_004304_173-jpg\" width=\"960\" height=\"9999\"><\/a><\/p>\n","protected":false},"excerpt":{"rendered":"<p>J&rsquo;avais achet\u00e9 5 kg d&rsquo;oranges \u00e0 la sortie de Blaye \u00e0 un espagnol croyant avoir un bon prix gr\u00e2ce \u00e0 &hellip; <\/p>\n","protected":false},"author":1,"featured_media":7119,"comment_status":"open","ping_status":"","sticky":false,"template":"","format":"standard","meta":{"jetpack_post_was_ever_published":false,"_jetpack_newsletter_access":"","_jetpack_dont_email_post_to_subs":false,"_jetpack_newsletter_tier_id":0,"_jetpack_memberships_contains_paywalled_content":false,"_jetpack_memberships_contains_paid_content":false,"footnotes":"","jetpack_publicize_message":"","jetpack_publicize_feature_enabled":true,"jetpack_social_post_already_shared":true,"jetpack_social_options":{"image_generator_settings":{"template":"highway","default_image_id":0,"font":"","enabled":false},"version":2}},"categories":[2],"tags":[72,1368,424],"class_list":["post-7118","post","type-post","status-publish","format-standard","has-post-thumbnail","hentry","category-recettes","tag-canard","tag-grand-marnier","tag-orange"],"jetpack_publicize_connections":[],"jetpack_featured_media_url":"https:\/\/i0.wp.com\/humm.loverde.fr\/wp-content\/uploads\/2022\/02\/IMG_20220210_004304_173.jpg?fit=1280%2C591&ssl=1","jetpack_sharing_enabled":true,"jetpack_shortlink":"https:\/\/wp.me\/p9whbF-1QO","jetpack_likes_enabled":true,"jetpack-related-posts":[{"id":5466,"url":"https:\/\/humm.loverde.fr\/?p=5466","url_meta":{"origin":7118,"position":0},"title":"Magret de canard \u00e0 l&rsquo;orange","author":"cloverde","date":"24 juillet 2020","format":false,"excerpt":"Magret de canard \u00e0 l'orange Les magrets de canard reviennent assez souvent car dans la r\u00e9gion il y en a tout le temps. Il me fallait donc une nouvelle recette. En pr\u00e9vision j'ai achet\u00e9 en m\u00eame temps des oranges bio donc (je suppose) non trait\u00e9es. Me voil\u00e0 donc parti sur\u2026","rel":"","context":"Dans &quot;recette&quot;","block_context":{"text":"recette","link":"https:\/\/humm.loverde.fr\/?cat=1052"},"img":{"alt_text":"","src":"https:\/\/i0.wp.com\/humm.loverde.fr\/wp-content\/uploads\/2020\/08\/attachment-1.jpeg?fit=1200%2C675&ssl=1&resize=350%2C200","width":350,"height":200,"srcset":"https:\/\/i0.wp.com\/humm.loverde.fr\/wp-content\/uploads\/2020\/08\/attachment-1.jpeg?fit=1200%2C675&ssl=1&resize=350%2C200 1x, https:\/\/i0.wp.com\/humm.loverde.fr\/wp-content\/uploads\/2020\/08\/attachment-1.jpeg?fit=1200%2C675&ssl=1&resize=525%2C300 1.5x, https:\/\/i0.wp.com\/humm.loverde.fr\/wp-content\/uploads\/2020\/08\/attachment-1.jpeg?fit=1200%2C675&ssl=1&resize=700%2C400 2x, https:\/\/i0.wp.com\/humm.loverde.fr\/wp-content\/uploads\/2020\/08\/attachment-1.jpeg?fit=1200%2C675&ssl=1&resize=1050%2C600 3x"},"classes":[]},{"id":4290,"url":"https:\/\/humm.loverde.fr\/?p=4290","url_meta":{"origin":7118,"position":1},"title":"Magret de canard aux figues","author":"cloverde","date":"16 d\u00e9cembre 2019","format":false,"excerpt":"Magret de canard aux figues Premi\u00e8re recette de ma moiti\u00e9 d\u00e9butante en Informatique. Les mots cl\u00e9s de sa recherche : figues et magret de canard. Premier r\u00e9sultat trouv\u00e9 de chez Marmiton. Ce n'est pas la saison donc les figues ont voyag\u00e9. Elle ne viennent pas de tr\u00e8s loin, de Turquie.\u2026","rel":"","context":"Dans &quot;Recettes&quot;","block_context":{"text":"Recettes","link":"https:\/\/humm.loverde.fr\/?cat=2"},"img":{"alt_text":"","src":"https:\/\/i0.wp.com\/humm.loverde.fr\/wp-content\/uploads\/2019\/11\/attachment-1.jpeg?fit=1200%2C738&ssl=1&resize=350%2C200","width":350,"height":200,"srcset":"https:\/\/i0.wp.com\/humm.loverde.fr\/wp-content\/uploads\/2019\/11\/attachment-1.jpeg?fit=1200%2C738&ssl=1&resize=350%2C200 1x, https:\/\/i0.wp.com\/humm.loverde.fr\/wp-content\/uploads\/2019\/11\/attachment-1.jpeg?fit=1200%2C738&ssl=1&resize=525%2C300 1.5x, https:\/\/i0.wp.com\/humm.loverde.fr\/wp-content\/uploads\/2019\/11\/attachment-1.jpeg?fit=1200%2C738&ssl=1&resize=700%2C400 2x, https:\/\/i0.wp.com\/humm.loverde.fr\/wp-content\/uploads\/2019\/11\/attachment-1.jpeg?fit=1200%2C738&ssl=1&resize=1050%2C600 3x"},"classes":[]},{"id":2039,"url":"https:\/\/humm.loverde.fr\/?p=2039","url_meta":{"origin":7118,"position":2},"title":"Courgettes farcies au four","author":"cloverde","date":"14 mars 2018","format":false,"excerpt":"Les l\u00e9gumes farcis, un grand classique. C'est la premi\u00e8re fois que j'ach\u00e8te des courgettes rondes et je dois dire que c'est mieux pour ce plat que les longues. Pourquoi je n'en ai jamais achet\u00e9? Ce n'est pas un ogm ou une esp\u00e8ce cr\u00e9\u00e9 dans un laboratoire, quoique... Non, apr\u00e8s une\u2026","rel":"","context":"Dans &quot;Recettes&quot;","block_context":{"text":"Recettes","link":"https:\/\/humm.loverde.fr\/?cat=2"},"img":{"alt_text":"","src":"https:\/\/i0.wp.com\/humm.loverde.fr\/wp-content\/uploads\/2018\/01\/IMG_2974.jpg?fit=800%2C532&ssl=1&resize=350%2C200","width":350,"height":200,"srcset":"https:\/\/i0.wp.com\/humm.loverde.fr\/wp-content\/uploads\/2018\/01\/IMG_2974.jpg?fit=800%2C532&ssl=1&resize=350%2C200 1x, https:\/\/i0.wp.com\/humm.loverde.fr\/wp-content\/uploads\/2018\/01\/IMG_2974.jpg?fit=800%2C532&ssl=1&resize=525%2C300 1.5x, https:\/\/i0.wp.com\/humm.loverde.fr\/wp-content\/uploads\/2018\/01\/IMG_2974.jpg?fit=800%2C532&ssl=1&resize=700%2C400 2x"},"classes":[]},{"id":166,"url":"https:\/\/humm.loverde.fr\/?p=166","url_meta":{"origin":7118,"position":3},"title":"Magrets aux pommes","author":"cloverde","date":"14 avril 2015","format":false,"excerpt":"Magret de canard accompagn\u00e9 d'une pomme de terre en robe des champ am\u00e9lior\u00e9e et des pommes cuites, un petit r\u00e9gal pour un midi comme un autre. Ingr\u00e9dients \u2022 1 magret de canard pour 2 \u2022 3 petites pommes \u00e0 chair ferme (golden, granny smith) pour 1 magret \u2022 le jus\u2026","rel":"","context":"Dans &quot;Recettes&quot;","block_context":{"text":"Recettes","link":"https:\/\/humm.loverde.fr\/?cat=2"},"img":{"alt_text":"magrets aux pommes","src":"https:\/\/i0.wp.com\/humm.loverde.fr\/wp-content\/uploads\/2015\/04\/magrets-aux-pommes-800x450.jpg?resize=350%2C200&ssl=1","width":350,"height":200,"srcset":"https:\/\/i0.wp.com\/humm.loverde.fr\/wp-content\/uploads\/2015\/04\/magrets-aux-pommes-800x450.jpg?resize=350%2C200&ssl=1 1x, https:\/\/i0.wp.com\/humm.loverde.fr\/wp-content\/uploads\/2015\/04\/magrets-aux-pommes-800x450.jpg?resize=525%2C300&ssl=1 1.5x, https:\/\/i0.wp.com\/humm.loverde.fr\/wp-content\/uploads\/2015\/04\/magrets-aux-pommes-800x450.jpg?resize=700%2C400&ssl=1 2x"},"classes":[]},{"id":7270,"url":"https:\/\/humm.loverde.fr\/?p=7270","url_meta":{"origin":7118,"position":4},"title":"R\u00f4ti de magrets de canard","author":"cloverde","date":"23 avril 2022","format":false,"excerpt":"Le magret c'est bon, tendre et facile \u00e0 pr\u00e9parer mais... Il \u00e9tait temps de changer ! Nous en mangeons souvent, c'est la r\u00e9gion. Apr\u00e8s avoir essay\u00e9 plusieurs fa\u00e7ons de le cuisiner, en tranches \u00e9paisses au grill, entier... voici une pr\u00e9paration in\u00e9dite au four. Au four \u00e0 200\u00b0C et 35 minutes,\u2026","rel":"","context":"Dans &quot;Recettes&quot;","block_context":{"text":"Recettes","link":"https:\/\/humm.loverde.fr\/?cat=2"},"img":{"alt_text":"","src":"https:\/\/i0.wp.com\/humm.loverde.fr\/wp-content\/uploads\/2022\/03\/IMG_20220326_145208_706.jpg?fit=1200%2C675&ssl=1&resize=350%2C200","width":350,"height":200,"srcset":"https:\/\/i0.wp.com\/humm.loverde.fr\/wp-content\/uploads\/2022\/03\/IMG_20220326_145208_706.jpg?fit=1200%2C675&ssl=1&resize=350%2C200 1x, https:\/\/i0.wp.com\/humm.loverde.fr\/wp-content\/uploads\/2022\/03\/IMG_20220326_145208_706.jpg?fit=1200%2C675&ssl=1&resize=525%2C300 1.5x, https:\/\/i0.wp.com\/humm.loverde.fr\/wp-content\/uploads\/2022\/03\/IMG_20220326_145208_706.jpg?fit=1200%2C675&ssl=1&resize=700%2C400 2x, https:\/\/i0.wp.com\/humm.loverde.fr\/wp-content\/uploads\/2022\/03\/IMG_20220326_145208_706.jpg?fit=1200%2C675&ssl=1&resize=1050%2C600 3x"},"classes":[]},{"id":6133,"url":"https:\/\/humm.loverde.fr\/?p=6133","url_meta":{"origin":7118,"position":5},"title":"Magret de canard laqu\u00e9","author":"cloverde","date":"8 mai 2021","format":false,"excerpt":"Dans le sud ouest on trouve des magrets tout le temps, il me fallait donc une recette qui change un peu des habitudes. Ingr\u00e9dients : \u2022 1 magret de canard \u2022 1 cuill\u00e8re \u00e0 soupe de miel \u2022 1 cuill\u00e8re \u00e0 soupe de sauce soja \u2022 1 gousse d\u2019ail \u2022\u2026","rel":"","context":"Dans &quot;Recettes&quot;","block_context":{"text":"Recettes","link":"https:\/\/humm.loverde.fr\/?cat=2"},"img":{"alt_text":"","src":"https:\/\/i0.wp.com\/humm.loverde.fr\/wp-content\/uploads\/2021\/04\/IMG_20210402_105134_786.jpg?fit=1200%2C554&ssl=1&resize=350%2C200","width":350,"height":200,"srcset":"https:\/\/i0.wp.com\/humm.loverde.fr\/wp-content\/uploads\/2021\/04\/IMG_20210402_105134_786.jpg?fit=1200%2C554&ssl=1&resize=350%2C200 1x, https:\/\/i0.wp.com\/humm.loverde.fr\/wp-content\/uploads\/2021\/04\/IMG_20210402_105134_786.jpg?fit=1200%2C554&ssl=1&resize=525%2C300 1.5x, https:\/\/i0.wp.com\/humm.loverde.fr\/wp-content\/uploads\/2021\/04\/IMG_20210402_105134_786.jpg?fit=1200%2C554&ssl=1&resize=700%2C400 2x, https:\/\/i0.wp.com\/humm.loverde.fr\/wp-content\/uploads\/2021\/04\/IMG_20210402_105134_786.jpg?fit=1200%2C554&ssl=1&resize=1050%2C600 3x"},"classes":[]}],"_links":{"self":[{"href":"https:\/\/humm.loverde.fr\/index.php?rest_route=\/wp\/v2\/posts\/7118","targetHints":{"allow":["GET"]}}],"collection":[{"href":"https:\/\/humm.loverde.fr\/index.php?rest_route=\/wp\/v2\/posts"}],"about":[{"href":"https:\/\/humm.loverde.fr\/index.php?rest_route=\/wp\/v2\/types\/post"}],"author":[{"embeddable":true,"href":"https:\/\/humm.loverde.fr\/index.php?rest_route=\/wp\/v2\/users\/1"}],"replies":[{"embeddable":true,"href":"https:\/\/humm.loverde.fr\/index.php?rest_route=%2Fwp%2Fv2%2Fcomments&post=7118"}],"version-history":[{"count":4,"href":"https:\/\/humm.loverde.fr\/index.php?rest_route=\/wp\/v2\/posts\/7118\/revisions"}],"predecessor-version":[{"id":7124,"href":"https:\/\/humm.loverde.fr\/index.php?rest_route=\/wp\/v2\/posts\/7118\/revisions\/7124"}],"wp:featuredmedia":[{"embeddable":true,"href":"https:\/\/humm.loverde.fr\/index.php?rest_route=\/wp\/v2\/media\/7119"}],"wp:attachment":[{"href":"https:\/\/humm.loverde.fr\/index.php?rest_route=%2Fwp%2Fv2%2Fmedia&parent=7118"}],"wp:term":[{"taxonomy":"category","embeddable":true,"href":"https:\/\/humm.loverde.fr\/index.php?rest_route=%2Fwp%2Fv2%2Fcategories&post=7118"},{"taxonomy":"post_tag","embeddable":true,"href":"https:\/\/humm.loverde.fr\/index.php?rest_route=%2Fwp%2Fv2%2Ftags&post=7118"}],"curies":[{"name":"wp","href":"https:\/\/api.w.org\/{rel}","templated":true}]}}