{"id":734,"date":"2015-09-08T07:07:43","date_gmt":"2015-09-08T06:07:43","guid":{"rendered":"http:\/\/humm.loverde.fr\/?p=734"},"modified":"2019-07-29T16:31:15","modified_gmt":"2019-07-29T15:31:15","slug":"tian-provencal","status":"publish","type":"post","link":"https:\/\/humm.loverde.fr\/?p=734","title":{"rendered":"Tian proven\u00e7al"},"content":{"rendered":"<div>\n<p>Bon je vais \u00e9viter les blagues \u00e0 2 balles&#8230; Plat d&rsquo;\u00e9t\u00e9 par excellence que j&rsquo;ai d\u00e9j\u00e0 fait. Voici une recette un peu diff\u00e9rente trouv\u00e9e dans le programme t\u00e9l\u00e9. D&rsquo;habitude on mettait des tomates et des aubergines&#8230;<\/p>\n<div><\/div>\n<p>&nbsp;<\/p>\n<div>\n<p><img data-recalc-dims=\"1\" loading=\"lazy\" decoding=\"async\" data-attachment-id=\"735\" data-permalink=\"https:\/\/humm.loverde.fr\/?attachment_id=735\" data-orig-file=\"https:\/\/i0.wp.com\/humm.loverde.fr\/wp-content\/uploads\/2015\/08\/tian-proven%C3%A7al.jpg?fit=800%2C450&amp;ssl=1\" data-orig-size=\"800,450\" data-comments-opened=\"1\" data-image-meta=\"{&quot;aperture&quot;:&quot;0&quot;,&quot;credit&quot;:&quot;&quot;,&quot;camera&quot;:&quot;&quot;,&quot;caption&quot;:&quot;&quot;,&quot;created_timestamp&quot;:&quot;0&quot;,&quot;copyright&quot;:&quot;&quot;,&quot;focal_length&quot;:&quot;0&quot;,&quot;iso&quot;:&quot;0&quot;,&quot;shutter_speed&quot;:&quot;0&quot;,&quot;title&quot;:&quot;&quot;,&quot;orientation&quot;:&quot;0&quot;}\" data-image-title=\"Tian proven\u00e7al\" data-image-description=\"\" data-image-caption=\"\" data-large-file=\"https:\/\/i0.wp.com\/humm.loverde.fr\/wp-content\/uploads\/2015\/08\/tian-proven%C3%A7al.jpg?fit=800%2C450&amp;ssl=1\" class=\"size-medium wp-image-735 aligncenter\" src=\"https:\/\/i0.wp.com\/humm.loverde.fr\/wp-content\/uploads\/2015\/08\/tian-proven%C3%A7al.jpg?resize=800%2C450&#038;ssl=1\" alt=\"Tian proven\u00e7al\" width=\"800\" height=\"450\" \/><\/p>\n<div><\/div>\n<div>Ingr\u00e9dients<\/div>\n<div>\n<ul>\n<li>2 ou trois tomates<\/li>\n<li>1 grosse pomme de terre<\/li>\n<li>Une aubergine<\/li>\n<li>Un oignon<\/li>\n<li>Un m\u00e9lange d&rsquo;herbe romarin, basilic, thym&#8230;<\/li>\n<li>Sel, huile<\/li>\n<\/ul>\n<p>&nbsp;<\/p>\n<div>Pr\u00e9paration<\/div>\n<\/div>\n<div>Couper les l\u00e9gumes en tranches de 4 \u00e0 5mm d&rsquo;\u00e9paisseur. Aubergine un peu plus et pomme de terre un peu moins.<\/div>\n<div>Mettre un peu d&rsquo;huile au fond d&rsquo;un plat allant au four. Placer les tranches de l\u00e9gumes en alternant. Bien serrer.<\/div>\n<div>Ajouter 1\/2 verre d&rsquo;eau.<\/div>\n<div><\/div>\n<p>&nbsp;<\/p>\n<div>Cuire au four 30 minutes recouvert d&rsquo;une feuille d&rsquo;aluminium, puis 15 minutes sans.<\/div>\n<div>Avec la quantit\u00e9 indiqu\u00e9e j&rsquo;ai fait deux plat pour n&rsquo;en manger qu&rsquo;un imm\u00e9diatement.<\/div>\n<\/div>\n<\/div>\n","protected":false},"excerpt":{"rendered":"<p>Bon je vais \u00e9viter les blagues \u00e0 2 balles&#8230; Plat d&rsquo;\u00e9t\u00e9 par excellence que j&rsquo;ai d\u00e9j\u00e0 fait. Voici une recette &hellip; <\/p>\n","protected":false},"author":1,"featured_media":735,"comment_status":"open","ping_status":"open","sticky":false,"template":"","format":"standard","meta":{"jetpack_post_was_ever_published":false,"_jetpack_newsletter_access":"","_jetpack_dont_email_post_to_subs":false,"_jetpack_newsletter_tier_id":0,"_jetpack_memberships_contains_paywalled_content":false,"_jetpack_memberships_contains_paid_content":false,"footnotes":"","jetpack_publicize_message":"","jetpack_publicize_feature_enabled":true,"jetpack_social_post_already_shared":false,"jetpack_social_options":{"image_generator_settings":{"template":"highway","default_image_id":0,"font":"","enabled":false},"version":2}},"categories":[2],"tags":[257,261,259,258,256,255,260,262,254,175],"class_list":["post-734","post","type-post","status-publish","format-standard","has-post-thumbnail","hentry","category-recettes","tag-aubergine","tag-basilic","tag-herbes","tag-oignon","tag-pomme-de-terre","tag-provencal","tag-romarin","tag-thym","tag-tian","tag-tomates"],"jetpack_publicize_connections":[],"jetpack_featured_media_url":"https:\/\/i0.wp.com\/humm.loverde.fr\/wp-content\/uploads\/2015\/08\/tian-proven%C3%A7al.jpg?fit=800%2C450&ssl=1","jetpack_sharing_enabled":true,"jetpack_shortlink":"https:\/\/wp.me\/p9whbF-bQ","jetpack_likes_enabled":true,"jetpack-related-posts":[{"id":10538,"url":"https:\/\/humm.loverde.fr\/?p=10538","url_meta":{"origin":734,"position":0},"title":"Tian","author":"kris33390","date":"16 juillet 2024","format":false,"excerpt":"Classique et basique. Dans un plat allant au four pas trop grand, nous sommes deux, parce que \u00e7a ne se r\u00e9chauffe pas si bien. Ingr\u00e9dients \u2022 Deux tomates \u2022 1 aubergine \u2022 1 oignon \u2022 herbes de Provence et thym \u2022 huile d'olive \u2022 sel et piment d'Espelette \u2022 un\u2026","rel":"","context":"Dans &quot;Recettes&quot;","block_context":{"text":"Recettes","link":"https:\/\/humm.loverde.fr\/?cat=2"},"img":{"alt_text":"","src":"https:\/\/i0.wp.com\/humm.loverde.fr\/wp-content\/uploads\/2024\/06\/IMG_20240626_070219_745.jpg?fit=1200%2C540&ssl=1&resize=350%2C200","width":350,"height":200,"srcset":"https:\/\/i0.wp.com\/humm.loverde.fr\/wp-content\/uploads\/2024\/06\/IMG_20240626_070219_745.jpg?fit=1200%2C540&ssl=1&resize=350%2C200 1x, https:\/\/i0.wp.com\/humm.loverde.fr\/wp-content\/uploads\/2024\/06\/IMG_20240626_070219_745.jpg?fit=1200%2C540&ssl=1&resize=525%2C300 1.5x, https:\/\/i0.wp.com\/humm.loverde.fr\/wp-content\/uploads\/2024\/06\/IMG_20240626_070219_745.jpg?fit=1200%2C540&ssl=1&resize=700%2C400 2x, https:\/\/i0.wp.com\/humm.loverde.fr\/wp-content\/uploads\/2024\/06\/IMG_20240626_070219_745.jpg?fit=1200%2C540&ssl=1&resize=1050%2C600 3x"},"classes":[]},{"id":2973,"url":"https:\/\/humm.loverde.fr\/?p=2973","url_meta":{"origin":734,"position":1},"title":"Tian","author":"cloverde","date":"3 juillet 2018","format":false,"excerpt":"Tian La derni\u00e8re fois que j'ai publi\u00e9 une recette de tian j'ai \u00e9vit\u00e9 la blague \u00e0 deux balles mais \u00e7a me d\u00e9mange! Donc voici un Tian simplifi\u00e9 et qui vaut mieux que deux tu l'auras. Ingr\u00e9dients \u2022 deux ou trois tomates. Bio c'est mieux parce qu'on laisse la peau. \u2022\u2026","rel":"","context":"Dans &quot;Recettes&quot;","block_context":{"text":"Recettes","link":"https:\/\/humm.loverde.fr\/?cat=2"},"img":{"alt_text":"","src":"https:\/\/i0.wp.com\/humm.loverde.fr\/wp-content\/uploads\/2018\/04\/Attachment-2-6.png?fit=800%2C450&ssl=1&resize=350%2C200","width":350,"height":200,"srcset":"https:\/\/i0.wp.com\/humm.loverde.fr\/wp-content\/uploads\/2018\/04\/Attachment-2-6.png?fit=800%2C450&ssl=1&resize=350%2C200 1x, https:\/\/i0.wp.com\/humm.loverde.fr\/wp-content\/uploads\/2018\/04\/Attachment-2-6.png?fit=800%2C450&ssl=1&resize=525%2C300 1.5x, https:\/\/i0.wp.com\/humm.loverde.fr\/wp-content\/uploads\/2018\/04\/Attachment-2-6.png?fit=800%2C450&ssl=1&resize=700%2C400 2x"},"classes":[]},{"id":7033,"url":"https:\/\/humm.loverde.fr\/?p=7033","url_meta":{"origin":734,"position":2},"title":"Les l\u00e9gumes farcis de Gis\u00e8le","author":"cloverde","date":"25 janvier 2022","format":false,"excerpt":"Une fois n'est pas coutume, voici une recette de ma source habituelle, ma maman, que j'ai vainement tent\u00e9 d'imiter sans aboutir \u00e0 ce r\u00e9sultat. Ingr\u00e9dients : 6 personnes La farce: \u2022 600g de viande hach\u00e9e de veau . \u2022 1 \u0153uf \u2022 1 hach\u00e9 d'ail et persil \u2022 1 cuill\u00e8re\u2026","rel":"","context":"Dans &quot;Recettes&quot;","block_context":{"text":"Recettes","link":"https:\/\/humm.loverde.fr\/?cat=2"},"img":{"alt_text":"","src":"https:\/\/i0.wp.com\/humm.loverde.fr\/wp-content\/uploads\/2022\/01\/IMG_20220122_235924_951-01_copy_1024x659.jpeg?fit=1024%2C659&ssl=1&resize=350%2C200","width":350,"height":200,"srcset":"https:\/\/i0.wp.com\/humm.loverde.fr\/wp-content\/uploads\/2022\/01\/IMG_20220122_235924_951-01_copy_1024x659.jpeg?fit=1024%2C659&ssl=1&resize=350%2C200 1x, https:\/\/i0.wp.com\/humm.loverde.fr\/wp-content\/uploads\/2022\/01\/IMG_20220122_235924_951-01_copy_1024x659.jpeg?fit=1024%2C659&ssl=1&resize=525%2C300 1.5x, https:\/\/i0.wp.com\/humm.loverde.fr\/wp-content\/uploads\/2022\/01\/IMG_20220122_235924_951-01_copy_1024x659.jpeg?fit=1024%2C659&ssl=1&resize=700%2C400 2x"},"classes":[]},{"id":10921,"url":"https:\/\/humm.loverde.fr\/?p=10921","url_meta":{"origin":734,"position":3},"title":"Tomates farcies au four","author":"kris33390","date":"10 septembre 2024","format":false,"excerpt":"Voici une recette classique pour des tomates farcies au four. Une cuisson au four, peut-\u00eatre moins gras qu'\u00e0 la po\u00eale ? Ce n'est pas si s\u00fbr. Ingr\u00e9dients 8 grosses tomates 500 g de viande hach\u00e9e (b\u0153uf, porc, ou un m\u00e9lange des deux) ou de farce toute pr\u00eate. 2 \u00e9chalotes 1\u2026","rel":"","context":"Dans &quot;recette&quot;","block_context":{"text":"recette","link":"https:\/\/humm.loverde.fr\/?cat=1052"},"img":{"alt_text":"","src":"https:\/\/i0.wp.com\/humm.loverde.fr\/wp-content\/uploads\/2024\/08\/IMG_20240802_145820_872.jpg?fit=1200%2C540&ssl=1&resize=350%2C200","width":350,"height":200,"srcset":"https:\/\/i0.wp.com\/humm.loverde.fr\/wp-content\/uploads\/2024\/08\/IMG_20240802_145820_872.jpg?fit=1200%2C540&ssl=1&resize=350%2C200 1x, https:\/\/i0.wp.com\/humm.loverde.fr\/wp-content\/uploads\/2024\/08\/IMG_20240802_145820_872.jpg?fit=1200%2C540&ssl=1&resize=525%2C300 1.5x, https:\/\/i0.wp.com\/humm.loverde.fr\/wp-content\/uploads\/2024\/08\/IMG_20240802_145820_872.jpg?fit=1200%2C540&ssl=1&resize=700%2C400 2x, https:\/\/i0.wp.com\/humm.loverde.fr\/wp-content\/uploads\/2024\/08\/IMG_20240802_145820_872.jpg?fit=1200%2C540&ssl=1&resize=1050%2C600 3x"},"classes":[]},{"id":5644,"url":"https:\/\/humm.loverde.fr\/?p=5644","url_meta":{"origin":734,"position":4},"title":"Gratin de courgettes et pommes de terre","author":"cloverde","date":"15 d\u00e9cembre 2020","format":false,"excerpt":"Recette inspir\u00e9e du livre \"Courgettes je vous aime\" J'ai adapt\u00e9 et r\u00e9alis\u00e9 au feeling. Je ne suis pas v\u00e9g\u00e9tarien ou v\u00e9g\u00e9talien ou v\u00e9g\u00e9cequevousvoulez, et c'est pas demain la veille vu la radicalisation \u00e0 laquelle on assiste et dans laquelle veulent entra\u00eener certains ayatollahs du genre, mais il m'arrive de n'a\u2026","rel":"","context":"Dans &quot;recette&quot;","block_context":{"text":"recette","link":"https:\/\/humm.loverde.fr\/?cat=1052"},"img":{"alt_text":"","src":"https:\/\/i0.wp.com\/humm.loverde.fr\/wp-content\/uploads\/2020\/12\/attachment-7.jpeg?fit=1200%2C675&ssl=1&resize=350%2C200","width":350,"height":200,"srcset":"https:\/\/i0.wp.com\/humm.loverde.fr\/wp-content\/uploads\/2020\/12\/attachment-7.jpeg?fit=1200%2C675&ssl=1&resize=350%2C200 1x, https:\/\/i0.wp.com\/humm.loverde.fr\/wp-content\/uploads\/2020\/12\/attachment-7.jpeg?fit=1200%2C675&ssl=1&resize=525%2C300 1.5x, https:\/\/i0.wp.com\/humm.loverde.fr\/wp-content\/uploads\/2020\/12\/attachment-7.jpeg?fit=1200%2C675&ssl=1&resize=700%2C400 2x, https:\/\/i0.wp.com\/humm.loverde.fr\/wp-content\/uploads\/2020\/12\/attachment-7.jpeg?fit=1200%2C675&ssl=1&resize=1050%2C600 3x"},"classes":[]},{"id":10727,"url":"https:\/\/humm.loverde.fr\/?p=10727","url_meta":{"origin":734,"position":5},"title":"Rago\u00fbt de L\u00e9gumes au Hach\u00e9 de Porc","author":"kris33390","date":"30 juillet 2024","format":false,"excerpt":"Les dates d'ex\u00e9cution et de publication sont diff\u00e9rentes. Recette r\u00e9alis\u00e9e et mang\u00e9e le 26 juin 2024, journ\u00e9e exceptionnelle avec 32\u00b0C et il y aura peu de diff\u00e9rence. Un souvenir me revient en m\u00e9moire, les dimanches \"cassoulet\" en C\u00f4te d'ivoire. Le cassoulet \"La belle Chaurienne\", toujours aussi bon quand il est\u2026","rel":"","context":"Dans &quot;Recettes&quot;","block_context":{"text":"Recettes","link":"https:\/\/humm.loverde.fr\/?cat=2"},"img":{"alt_text":"","src":"https:\/\/i0.wp.com\/humm.loverde.fr\/wp-content\/uploads\/2024\/07\/IMG_20240713_090512_247.jpg?fit=1200%2C540&ssl=1&resize=350%2C200","width":350,"height":200,"srcset":"https:\/\/i0.wp.com\/humm.loverde.fr\/wp-content\/uploads\/2024\/07\/IMG_20240713_090512_247.jpg?fit=1200%2C540&ssl=1&resize=350%2C200 1x, https:\/\/i0.wp.com\/humm.loverde.fr\/wp-content\/uploads\/2024\/07\/IMG_20240713_090512_247.jpg?fit=1200%2C540&ssl=1&resize=525%2C300 1.5x, https:\/\/i0.wp.com\/humm.loverde.fr\/wp-content\/uploads\/2024\/07\/IMG_20240713_090512_247.jpg?fit=1200%2C540&ssl=1&resize=700%2C400 2x, https:\/\/i0.wp.com\/humm.loverde.fr\/wp-content\/uploads\/2024\/07\/IMG_20240713_090512_247.jpg?fit=1200%2C540&ssl=1&resize=1050%2C600 3x"},"classes":[]}],"_links":{"self":[{"href":"https:\/\/humm.loverde.fr\/index.php?rest_route=\/wp\/v2\/posts\/734","targetHints":{"allow":["GET"]}}],"collection":[{"href":"https:\/\/humm.loverde.fr\/index.php?rest_route=\/wp\/v2\/posts"}],"about":[{"href":"https:\/\/humm.loverde.fr\/index.php?rest_route=\/wp\/v2\/types\/post"}],"author":[{"embeddable":true,"href":"https:\/\/humm.loverde.fr\/index.php?rest_route=\/wp\/v2\/users\/1"}],"replies":[{"embeddable":true,"href":"https:\/\/humm.loverde.fr\/index.php?rest_route=%2Fwp%2Fv2%2Fcomments&post=734"}],"version-history":[{"count":4,"href":"https:\/\/humm.loverde.fr\/index.php?rest_route=\/wp\/v2\/posts\/734\/revisions"}],"predecessor-version":[{"id":739,"href":"https:\/\/humm.loverde.fr\/index.php?rest_route=\/wp\/v2\/posts\/734\/revisions\/739"}],"wp:featuredmedia":[{"embeddable":true,"href":"https:\/\/humm.loverde.fr\/index.php?rest_route=\/wp\/v2\/media\/735"}],"wp:attachment":[{"href":"https:\/\/humm.loverde.fr\/index.php?rest_route=%2Fwp%2Fv2%2Fmedia&parent=734"}],"wp:term":[{"taxonomy":"category","embeddable":true,"href":"https:\/\/humm.loverde.fr\/index.php?rest_route=%2Fwp%2Fv2%2Fcategories&post=734"},{"taxonomy":"post_tag","embeddable":true,"href":"https:\/\/humm.loverde.fr\/index.php?rest_route=%2Fwp%2Fv2%2Ftags&post=734"}],"curies":[{"name":"wp","href":"https:\/\/api.w.org\/{rel}","templated":true}]}}