{"id":7348,"date":"2022-05-24T05:00:30","date_gmt":"2022-05-24T04:00:30","guid":{"rendered":"https:\/\/humm.loverde.fr\/?p=7348"},"modified":"2022-05-22T18:16:05","modified_gmt":"2022-05-22T17:16:05","slug":"gratin-de-raviolis-aux-champignons-et-jambon","status":"publish","type":"post","link":"https:\/\/humm.loverde.fr\/?p=7348","title":{"rendered":"Gratin de raviolis aux champignons et jambon"},"content":{"rendered":"<p>J&rsquo;aime les gratins. Ah vous aviez devin\u00e9&#8230;?<br \/>\nVoici un gratin simple, rapide \u00e0 pr\u00e9parer et succulent, au-del\u00e0 de mes esp\u00e9rances.<br \/>\nLes raviolis viennent du rayon frais d&rsquo;Auchan, le jambon de qualit\u00e9 achet\u00e9 pour des croques monsieur. Le reste fait partie des constantes des \u00e9tag\u00e8res.<\/p>\n<p><img data-recalc-dims=\"1\" loading=\"lazy\" decoding=\"async\" data-attachment-id=\"7349\" data-permalink=\"https:\/\/humm.loverde.fr\/?attachment_id=7349\" data-orig-file=\"https:\/\/i0.wp.com\/humm.loverde.fr\/wp-content\/uploads\/2022\/05\/IMG_20220503_092741_744.jpg?fit=1200%2C554&amp;ssl=1\" data-orig-size=\"1200,554\" data-comments-opened=\"1\" data-image-meta=\"{&quot;aperture&quot;:&quot;0&quot;,&quot;credit&quot;:&quot;CLoverde&quot;,&quot;camera&quot;:&quot;&quot;,&quot;caption&quot;:&quot;&quot;,&quot;created_timestamp&quot;:&quot;0&quot;,&quot;copyright&quot;:&quot;Loverde 2022&quot;,&quot;focal_length&quot;:&quot;0&quot;,&quot;iso&quot;:&quot;0&quot;,&quot;shutter_speed&quot;:&quot;0&quot;,&quot;title&quot;:&quot;&quot;,&quot;orientation&quot;:&quot;0&quot;}\" data-image-title=\"IMG_20220503_092741_744\" data-image-description=\"\" data-image-caption=\"\" data-large-file=\"https:\/\/i0.wp.com\/humm.loverde.fr\/wp-content\/uploads\/2022\/05\/IMG_20220503_092741_744.jpg?fit=960%2C443&amp;ssl=1\" class=\"wp-image-7349 alignnone size-full\" src=\"https:\/\/i0.wp.com\/humm.loverde.fr\/wp-content\/uploads\/2022\/05\/IMG_20220503_092741_744.jpg?resize=1200%2C554&#038;ssl=1\" width=\"1200\" height=\"554\" srcset=\"https:\/\/i0.wp.com\/humm.loverde.fr\/wp-content\/uploads\/2022\/05\/IMG_20220503_092741_744.jpg?w=1200&amp;ssl=1 1200w, https:\/\/i0.wp.com\/humm.loverde.fr\/wp-content\/uploads\/2022\/05\/IMG_20220503_092741_744.jpg?resize=595%2C275&amp;ssl=1 595w, https:\/\/i0.wp.com\/humm.loverde.fr\/wp-content\/uploads\/2022\/05\/IMG_20220503_092741_744.jpg?resize=960%2C443&amp;ssl=1 960w, https:\/\/i0.wp.com\/humm.loverde.fr\/wp-content\/uploads\/2022\/05\/IMG_20220503_092741_744.jpg?resize=768%2C355&amp;ssl=1 768w\" sizes=\"auto, (max-width: 1200px) 100vw, 1200px\" \/><\/p>\n<p><strong>Ingr\u00e9dients<\/strong><\/p>\n<ul>\n<li>250g de raviolis farcis \u00e0 ce que vous voulez, j&rsquo;ai utilis\u00e9 des raviolis ricotta-\u00e9pinards pas industriels.<\/li>\n<li>1 petite boite de 200g champignons de Paris<\/li>\n<li>1 tranche de jambon coup\u00e9e en petits morceaux<\/li>\n<li>20 Cl de cr\u00e8me fraiche \u00e9paisse all\u00e9g\u00e9e<\/li>\n<li>emmental r\u00e2p\u00e9 \u00e0 la main<\/li>\n<li>1 petit Oignon<\/li>\n<\/ul>\n<p><strong>Pr\u00e9paration<\/strong><\/p>\n<p>Dans une po\u00eale faites revenir l&rsquo;oignon hach\u00e9 menu dans un peu d&rsquo;huile d&rsquo;olive. Ajouter les champignons en morceaux et le jambon.<br \/>\nCuire 8mn \u00e0 feu moyen puis ajouter la cr\u00e8me et laisser r\u00e9duire quelques minutes &#8211; saler et poivrer.<\/p>\n<p>Cuire les raviolis dans une casserole d&rsquo;eau sal\u00e9e le temps indiqu\u00e9 sur paquet.<br \/>\nRemplir le plat allant au four en alternant contenu de la po\u00eale et raviolis en finissant par la sauce.<\/p>\n<p>Mettre au four \u00e0 220\u00b0 10 minutes le plat couvert d&rsquo;aluminium puis 5 minutes sans, jusqu&rsquo;\u00e0 ce que le dessus se colore l\u00e9g\u00e8rement.<\/p>\n<p><a href=\"http:\/\/bit.ly\/309QuDd\">bit.ly\/309QuDd<\/a><\/p>\n<p><a href=\"https:\/\/i0.wp.com\/humm.loverde.fr\/wp-content\/uploads\/2022\/05\/IMG_20220503_092741_744.jpg?ssl=1\" rel=\"attachment wp-att-7349\"><img data-recalc-dims=\"1\" loading=\"lazy\" decoding=\"async\" data-attachment-id=\"7349\" data-permalink=\"https:\/\/humm.loverde.fr\/?attachment_id=7349\" data-orig-file=\"https:\/\/i0.wp.com\/humm.loverde.fr\/wp-content\/uploads\/2022\/05\/IMG_20220503_092741_744.jpg?fit=1200%2C554&amp;ssl=1\" data-orig-size=\"1200,554\" data-comments-opened=\"1\" data-image-meta=\"{&quot;aperture&quot;:&quot;0&quot;,&quot;credit&quot;:&quot;CLoverde&quot;,&quot;camera&quot;:&quot;&quot;,&quot;caption&quot;:&quot;&quot;,&quot;created_timestamp&quot;:&quot;0&quot;,&quot;copyright&quot;:&quot;Loverde 2022&quot;,&quot;focal_length&quot;:&quot;0&quot;,&quot;iso&quot;:&quot;0&quot;,&quot;shutter_speed&quot;:&quot;0&quot;,&quot;title&quot;:&quot;&quot;,&quot;orientation&quot;:&quot;0&quot;}\" data-image-title=\"IMG_20220503_092741_744\" data-image-description=\"\" data-image-caption=\"\" data-large-file=\"https:\/\/i0.wp.com\/humm.loverde.fr\/wp-content\/uploads\/2022\/05\/IMG_20220503_092741_744.jpg?fit=960%2C443&amp;ssl=1\" class=\"alignnone size-full wp-image-7349\" src=\"https:\/\/i0.wp.com\/humm.loverde.fr\/wp-content\/uploads\/2022\/05\/IMG_20220503_092741_744.jpg?resize=960%2C9999&#038;ssl=1\" alt=\"\" title=\"img_20220503_092741_744-jpg\" width=\"960\" height=\"9999\"><\/a><\/p>\n","protected":false},"excerpt":{"rendered":"<p>J&rsquo;aime les gratins. Ah vous aviez devin\u00e9&#8230;? Voici un gratin simple, rapide \u00e0 pr\u00e9parer et succulent, au-del\u00e0 de mes esp\u00e9rances. &hellip; <\/p>\n","protected":false},"author":1,"featured_media":7349,"comment_status":"open","ping_status":"","sticky":false,"template":"","format":"standard","meta":{"jetpack_post_was_ever_published":false,"_jetpack_newsletter_access":"","_jetpack_dont_email_post_to_subs":false,"_jetpack_newsletter_tier_id":0,"_jetpack_memberships_contains_paywalled_content":false,"_jetpack_memberships_contains_paid_content":false,"footnotes":"","jetpack_publicize_message":"","jetpack_publicize_feature_enabled":true,"jetpack_social_post_already_shared":true,"jetpack_social_options":{"image_generator_settings":{"template":"highway","default_image_id":0,"font":"","enabled":false},"version":2}},"categories":[2],"tags":[272,90,161,1393],"class_list":["post-7348","post","type-post","status-publish","format-standard","has-post-thumbnail","hentry","category-recettes","tag-champignons","tag-gratin","tag-jambon","tag-ravioli"],"jetpack_publicize_connections":[],"jetpack_featured_media_url":"https:\/\/i0.wp.com\/humm.loverde.fr\/wp-content\/uploads\/2022\/05\/IMG_20220503_092741_744.jpg?fit=1200%2C554&ssl=1","jetpack_sharing_enabled":true,"jetpack_shortlink":"https:\/\/wp.me\/p9whbF-1Uw","jetpack_likes_enabled":true,"jetpack-related-posts":[{"id":6604,"url":"https:\/\/humm.loverde.fr\/?p=6604","url_meta":{"origin":7348,"position":0},"title":"Gratin de raviolis","author":"cloverde","date":"21 septembre 2021","format":false,"excerpt":"21\/09 Vous avez s\u00fbrement remarqu\u00e9 que je fais souvent des p\u00e2tes et aussi des gratins. Et l\u00e0 il y a les deux. En fait j'aime bien les plats complets ne n\u00e9cessitant pas de pr\u00e9voir un accompagnement. Tant qu'\u00e0 y passer du temps autant se faire plaisir en essayant autant que\u2026","rel":"","context":"Dans &quot;Recettes&quot;","block_context":{"text":"Recettes","link":"https:\/\/humm.loverde.fr\/?cat=2"},"img":{"alt_text":"","src":"https:\/\/i0.wp.com\/humm.loverde.fr\/wp-content\/uploads\/2021\/09\/IMG_20210914_084155_676.jpg?fit=1200%2C554&ssl=1&resize=350%2C200","width":350,"height":200,"srcset":"https:\/\/i0.wp.com\/humm.loverde.fr\/wp-content\/uploads\/2021\/09\/IMG_20210914_084155_676.jpg?fit=1200%2C554&ssl=1&resize=350%2C200 1x, https:\/\/i0.wp.com\/humm.loverde.fr\/wp-content\/uploads\/2021\/09\/IMG_20210914_084155_676.jpg?fit=1200%2C554&ssl=1&resize=525%2C300 1.5x, https:\/\/i0.wp.com\/humm.loverde.fr\/wp-content\/uploads\/2021\/09\/IMG_20210914_084155_676.jpg?fit=1200%2C554&ssl=1&resize=700%2C400 2x, https:\/\/i0.wp.com\/humm.loverde.fr\/wp-content\/uploads\/2021\/09\/IMG_20210914_084155_676.jpg?fit=1200%2C554&ssl=1&resize=1050%2C600 3x"},"classes":[]},{"id":7167,"url":"https:\/\/humm.loverde.fr\/?p=7167","url_meta":{"origin":7348,"position":1},"title":"Gratin d&rsquo;endives au jambon et au bleu","author":"cloverde","date":"12 mars 2022","format":false,"excerpt":"Recette qui est arriv\u00e9e jusqu'\u00e0 moi par la livraison journali\u00e8re WhatsApp et que je n'ai pas trop modifi\u00e9.Ingr\u00e9dients 2 personnes \u2022 2 grosses endives ou, mieux, 4 jeunes \u2022 4 tranches de jambon blanc \u2022 10 g de beurre \u2022 1 cuill\u00e8re \u00e0 soupe de miel liquide \u2022 Sel, poivre\u2026","rel":"","context":"Dans &quot;Recettes&quot;","block_context":{"text":"Recettes","link":"https:\/\/humm.loverde.fr\/?cat=2"},"img":{"alt_text":"","src":"https:\/\/i0.wp.com\/humm.loverde.fr\/wp-content\/uploads\/2022\/03\/IMG_20220301_122129_copy_1024x576.jpg?fit=1024%2C576&ssl=1&resize=350%2C200","width":350,"height":200,"srcset":"https:\/\/i0.wp.com\/humm.loverde.fr\/wp-content\/uploads\/2022\/03\/IMG_20220301_122129_copy_1024x576.jpg?fit=1024%2C576&ssl=1&resize=350%2C200 1x, https:\/\/i0.wp.com\/humm.loverde.fr\/wp-content\/uploads\/2022\/03\/IMG_20220301_122129_copy_1024x576.jpg?fit=1024%2C576&ssl=1&resize=525%2C300 1.5x, https:\/\/i0.wp.com\/humm.loverde.fr\/wp-content\/uploads\/2022\/03\/IMG_20220301_122129_copy_1024x576.jpg?fit=1024%2C576&ssl=1&resize=700%2C400 2x"},"classes":[]},{"id":11529,"url":"https:\/\/humm.loverde.fr\/?p=11529","url_meta":{"origin":7348,"position":2},"title":"Endives au jambon cuites au four","author":"kris33390","date":"26 novembre 2024","format":false,"excerpt":"Voici une recette classique d'endives au jambon cuites au four. Ingr\u00e9dients \u2022 4 endives \u2022 4 tranches de jambon blanc \u2022 50 g de beurre \u2022 50 g de farine \u2022 250 ml de lait \u2022 60 g de gruy\u00e8re r\u00e2p\u00e9 (ou autre fromage \u00e0 gratiner) \u2022 Noix de muscade\u2026","rel":"","context":"Dans &quot;recette&quot;","block_context":{"text":"recette","link":"https:\/\/humm.loverde.fr\/?cat=1052"},"img":{"alt_text":"","src":"https:\/\/i0.wp.com\/humm.loverde.fr\/wp-content\/uploads\/2024\/10\/IMG_20241009_110657_577.jpg?fit=1200%2C540&ssl=1&resize=350%2C200","width":350,"height":200,"srcset":"https:\/\/i0.wp.com\/humm.loverde.fr\/wp-content\/uploads\/2024\/10\/IMG_20241009_110657_577.jpg?fit=1200%2C540&ssl=1&resize=350%2C200 1x, https:\/\/i0.wp.com\/humm.loverde.fr\/wp-content\/uploads\/2024\/10\/IMG_20241009_110657_577.jpg?fit=1200%2C540&ssl=1&resize=525%2C300 1.5x, https:\/\/i0.wp.com\/humm.loverde.fr\/wp-content\/uploads\/2024\/10\/IMG_20241009_110657_577.jpg?fit=1200%2C540&ssl=1&resize=700%2C400 2x, https:\/\/i0.wp.com\/humm.loverde.fr\/wp-content\/uploads\/2024\/10\/IMG_20241009_110657_577.jpg?fit=1200%2C540&ssl=1&resize=1050%2C600 3x"},"classes":[]},{"id":3702,"url":"https:\/\/humm.loverde.fr\/?p=3702","url_meta":{"origin":7348,"position":3},"title":"Conchiglionis farcis au jambon cru, tomates s\u00e9ch\u00e9es, pignon et basilic","author":"cloverde","date":"16 mars 2019","format":false,"excerpt":"Conchiglionis farcis au jambon cru, tomates s\u00e9ch\u00e9es, pignon et basilic Bien s\u00fbr il faut aimer les p\u00e2tes! Les recettes traditionnelles, j'en ai presque fait le tour, alors quand j'ai vu celle l\u00e0, je n'ai pas h\u00e9sit\u00e9. Je dois dire que, en plus d'une r\u00e9alisation tr\u00e8s simple (\u00e0 condition d'avoir tous\u2026","rel":"","context":"Dans &quot;Farci&quot;","block_context":{"text":"Farci","link":"https:\/\/humm.loverde.fr\/?cat=998"},"img":{"alt_text":"","src":"https:\/\/i0.wp.com\/humm.loverde.fr\/wp-content\/uploads\/2019\/03\/Attachment-2.jpeg?fit=800%2C600&ssl=1&resize=350%2C200","width":350,"height":200,"srcset":"https:\/\/i0.wp.com\/humm.loverde.fr\/wp-content\/uploads\/2019\/03\/Attachment-2.jpeg?fit=800%2C600&ssl=1&resize=350%2C200 1x, https:\/\/i0.wp.com\/humm.loverde.fr\/wp-content\/uploads\/2019\/03\/Attachment-2.jpeg?fit=800%2C600&ssl=1&resize=525%2C300 1.5x, https:\/\/i0.wp.com\/humm.loverde.fr\/wp-content\/uploads\/2019\/03\/Attachment-2.jpeg?fit=800%2C600&ssl=1&resize=700%2C400 2x"},"classes":[]},{"id":5980,"url":"https:\/\/humm.loverde.fr\/?p=5980","url_meta":{"origin":7348,"position":4},"title":"Gratin de quenelles","author":"cloverde","date":"27 mars 2021","format":false,"excerpt":"Pas besoin de mix magique ou autre robot qui co\u00fbte la peau du uc, en 5 minutes de pr\u00e9paration et 20 ou 25 minutes de cuisson c'est boucl\u00e9 ! Et en plus nous nous sommes r\u00e9gal\u00e9s. Ingr\u00e9dients Pour 4 personnes : \u2022 200 g de champignons de Paris \u00e9minc\u00e9s \u2022\u2026","rel":"","context":"Dans &quot;Recettes&quot;","block_context":{"text":"Recettes","link":"https:\/\/humm.loverde.fr\/?cat=2"},"img":{"alt_text":"","src":"https:\/\/i0.wp.com\/humm.loverde.fr\/wp-content\/uploads\/2021\/02\/IMG_20210210_120736_486_copy_1280x591.jpg?fit=1200%2C554&ssl=1&resize=350%2C200","width":350,"height":200,"srcset":"https:\/\/i0.wp.com\/humm.loverde.fr\/wp-content\/uploads\/2021\/02\/IMG_20210210_120736_486_copy_1280x591.jpg?fit=1200%2C554&ssl=1&resize=350%2C200 1x, https:\/\/i0.wp.com\/humm.loverde.fr\/wp-content\/uploads\/2021\/02\/IMG_20210210_120736_486_copy_1280x591.jpg?fit=1200%2C554&ssl=1&resize=525%2C300 1.5x, https:\/\/i0.wp.com\/humm.loverde.fr\/wp-content\/uploads\/2021\/02\/IMG_20210210_120736_486_copy_1280x591.jpg?fit=1200%2C554&ssl=1&resize=700%2C400 2x, https:\/\/i0.wp.com\/humm.loverde.fr\/wp-content\/uploads\/2021\/02\/IMG_20210210_120736_486_copy_1280x591.jpg?fit=1200%2C554&ssl=1&resize=1050%2C600 3x"},"classes":[]},{"id":556,"url":"https:\/\/humm.loverde.fr\/?p=556","url_meta":{"origin":7348,"position":5},"title":"Friands au jambon et fromage","author":"cloverde","date":"9 juin 2015","format":false,"excerpt":"Friands jambon et fromage Ingr\u00e9dients 1carr\u00e9 feuillet\u00e9 par personne 1\/2 tranche de jambon par feuillet\u00e9 Comt\u00e9 r\u00e2p\u00e9 1 cuill\u00e8re \u00e0 soupe de\u00a0cr\u00e8me\u00a0fra\u00eeche par feuillet\u00e9 1 jaune d\u2019\u0153uf poivre Pr\u00e9paration Sur la moiti\u00e9 d\u2019un carr\u00e9 feuillet\u00e9, d\u00e9poser une demi tranche de jambon, parsemer avec du comt\u00e9, et ajouter une cuill\u00e8re \u00e0\u2026","rel":"","context":"Dans &quot;Recettes&quot;","block_context":{"text":"Recettes","link":"https:\/\/humm.loverde.fr\/?cat=2"},"img":{"alt_text":"friands au jambon et fromage 1","src":"https:\/\/i0.wp.com\/humm.loverde.fr\/wp-content\/uploads\/2015\/05\/friands-au-jambon-et-fromage-1-800x450.jpg?resize=350%2C200&ssl=1","width":350,"height":200,"srcset":"https:\/\/i0.wp.com\/humm.loverde.fr\/wp-content\/uploads\/2015\/05\/friands-au-jambon-et-fromage-1-800x450.jpg?resize=350%2C200&ssl=1 1x, https:\/\/i0.wp.com\/humm.loverde.fr\/wp-content\/uploads\/2015\/05\/friands-au-jambon-et-fromage-1-800x450.jpg?resize=525%2C300&ssl=1 1.5x, https:\/\/i0.wp.com\/humm.loverde.fr\/wp-content\/uploads\/2015\/05\/friands-au-jambon-et-fromage-1-800x450.jpg?resize=700%2C400&ssl=1 2x"},"classes":[]}],"_links":{"self":[{"href":"https:\/\/humm.loverde.fr\/index.php?rest_route=\/wp\/v2\/posts\/7348","targetHints":{"allow":["GET"]}}],"collection":[{"href":"https:\/\/humm.loverde.fr\/index.php?rest_route=\/wp\/v2\/posts"}],"about":[{"href":"https:\/\/humm.loverde.fr\/index.php?rest_route=\/wp\/v2\/types\/post"}],"author":[{"embeddable":true,"href":"https:\/\/humm.loverde.fr\/index.php?rest_route=\/wp\/v2\/users\/1"}],"replies":[{"embeddable":true,"href":"https:\/\/humm.loverde.fr\/index.php?rest_route=%2Fwp%2Fv2%2Fcomments&post=7348"}],"version-history":[{"count":5,"href":"https:\/\/humm.loverde.fr\/index.php?rest_route=\/wp\/v2\/posts\/7348\/revisions"}],"predecessor-version":[{"id":7417,"href":"https:\/\/humm.loverde.fr\/index.php?rest_route=\/wp\/v2\/posts\/7348\/revisions\/7417"}],"wp:featuredmedia":[{"embeddable":true,"href":"https:\/\/humm.loverde.fr\/index.php?rest_route=\/wp\/v2\/media\/7349"}],"wp:attachment":[{"href":"https:\/\/humm.loverde.fr\/index.php?rest_route=%2Fwp%2Fv2%2Fmedia&parent=7348"}],"wp:term":[{"taxonomy":"category","embeddable":true,"href":"https:\/\/humm.loverde.fr\/index.php?rest_route=%2Fwp%2Fv2%2Fcategories&post=7348"},{"taxonomy":"post_tag","embeddable":true,"href":"https:\/\/humm.loverde.fr\/index.php?rest_route=%2Fwp%2Fv2%2Ftags&post=7348"}],"curies":[{"name":"wp","href":"https:\/\/api.w.org\/{rel}","templated":true}]}}