{"id":7395,"date":"2022-05-28T04:55:29","date_gmt":"2022-05-28T03:55:29","guid":{"rendered":"https:\/\/humm.loverde.fr\/?p=7395"},"modified":"2022-05-17T07:50:05","modified_gmt":"2022-05-17T06:50:05","slug":"pate-brisee-salee","status":"publish","type":"post","link":"https:\/\/humm.loverde.fr\/?p=7395","title":{"rendered":"P\u00e2te bris\u00e9e sal\u00e9e"},"content":{"rendered":"<p>28mai<br \/>\nJ&rsquo;ai d\u00e9j\u00e0 publi\u00e9 la liste des recettes de p\u00e2tes, bris\u00e9e, sabl\u00e9&#8230;<br \/>\n<a href=\"https:\/\/humm.loverde.fr\/pate-sablee-et-pate-classique\/\">https:\/\/humm.loverde.fr\/pate-sablee-et-pate-classique\/<\/a><\/p>\n<p>Il manquait la p\u00e2te bris\u00e9e sal\u00e9e. Pour la quiche il n&rsquo;y a pas de sucre !<\/p>\n<p><strong>Ingr\u00e9dients<\/strong><br \/>\n\u2022 200 g de farine<br \/>\n\u2022 100 g de beurre mou<br \/>\n\u2022 sel<br \/>\n\u2022 1\/2 verre d&rsquo;eau<\/p>\n<p><strong>Pr\u00e9paration<\/strong><br \/>\nBien m\u00e9langer la farine et le beurre mou sans oublier le sel.<br \/>\nAjouter 1\/2 verre d&rsquo;eau, p\u00e9trir \u00e0 peine du bout des doigts, pas plus. Ne pas travailler la p\u00e2te une fois l&rsquo;eau est ajout\u00e9e, \u00e7a la garde tr\u00e8s souple, sabl\u00e9e.<\/p>\n<p>Pr\u00e9chauffer le four \u00e0 180\u00b0.<\/p>\n<p>Foncer un moule \u00e0 tarte ou une plaque \u00e0 p\u00e2tisserie rectangulaire avec cette p\u00e2te, bien la piquer \u00e0 la fourchette puis la faire cuire 10 mn, tr\u00e8s p\u00e2le, avant son utilisation pour autre chose.<\/p>\n<p>La recette de la quiche, aujourd&rsquo;hui m\u00eame.<\/p>\n<p><a href=\"http:\/\/bit.ly\/Christian_Loverde\">bit.ly\/Christian_Loverde<\/a><\/p>\n<p><a href=\"https:\/\/i0.wp.com\/humm.loverde.fr\/wp-content\/uploads\/2022\/05\/IMG_20220517_084138_494.jpg?ssl=1\" rel=\"attachment wp-att-7396\"><img data-recalc-dims=\"1\" loading=\"lazy\" decoding=\"async\" data-attachment-id=\"7396\" data-permalink=\"https:\/\/humm.loverde.fr\/?attachment_id=7396\" data-orig-file=\"https:\/\/i0.wp.com\/humm.loverde.fr\/wp-content\/uploads\/2022\/05\/IMG_20220517_084138_494.jpg?fit=1100%2C508&amp;ssl=1\" data-orig-size=\"1100,508\" data-comments-opened=\"1\" data-image-meta=\"{&quot;aperture&quot;:&quot;0&quot;,&quot;credit&quot;:&quot;CLoverde&quot;,&quot;camera&quot;:&quot;&quot;,&quot;caption&quot;:&quot;&quot;,&quot;created_timestamp&quot;:&quot;0&quot;,&quot;copyright&quot;:&quot;Loverde 2022&quot;,&quot;focal_length&quot;:&quot;0&quot;,&quot;iso&quot;:&quot;0&quot;,&quot;shutter_speed&quot;:&quot;0&quot;,&quot;title&quot;:&quot;&quot;,&quot;orientation&quot;:&quot;0&quot;}\" data-image-title=\"IMG_20220517_084138_494\" data-image-description=\"\" data-image-caption=\"\" data-large-file=\"https:\/\/i0.wp.com\/humm.loverde.fr\/wp-content\/uploads\/2022\/05\/IMG_20220517_084138_494.jpg?fit=960%2C443&amp;ssl=1\" class=\"alignnone size-full wp-image-7396\" src=\"https:\/\/i0.wp.com\/humm.loverde.fr\/wp-content\/uploads\/2022\/05\/IMG_20220517_084138_494.jpg?resize=960%2C9999&#038;ssl=1\" alt=\"\" title=\"img_20220517_084138_494-jpg\" width=\"960\" height=\"9999\"><\/a><\/p>\n","protected":false},"excerpt":{"rendered":"<p>28mai J&rsquo;ai d\u00e9j\u00e0 publi\u00e9 la liste des recettes de p\u00e2tes, bris\u00e9e, sabl\u00e9&#8230; https:\/\/humm.loverde.fr\/pate-sablee-et-pate-classique\/ Il manquait la p\u00e2te bris\u00e9e sal\u00e9e. Pour &hellip; <\/p>\n","protected":false},"author":1,"featured_media":7396,"comment_status":"open","ping_status":"","sticky":false,"template":"","format":"standard","meta":{"jetpack_post_was_ever_published":false,"_jetpack_newsletter_access":"","_jetpack_dont_email_post_to_subs":false,"_jetpack_newsletter_tier_id":0,"_jetpack_memberships_contains_paywalled_content":false,"_jetpack_memberships_contains_paid_content":false,"footnotes":"","jetpack_publicize_message":"","jetpack_publicize_feature_enabled":true,"jetpack_social_post_already_shared":true,"jetpack_social_options":{"image_generator_settings":{"template":"highway","default_image_id":0,"font":"","enabled":false},"version":2}},"categories":[2],"tags":[550,942,549],"class_list":["post-7395","post","type-post","status-publish","format-standard","has-post-thumbnail","hentry","category-recettes","tag-pate","tag-sablee","tag-salee"],"jetpack_publicize_connections":[],"jetpack_featured_media_url":"https:\/\/i0.wp.com\/humm.loverde.fr\/wp-content\/uploads\/2022\/05\/IMG_20220517_084138_494.jpg?fit=1100%2C508&ssl=1","jetpack_sharing_enabled":true,"jetpack_shortlink":"https:\/\/wp.me\/p9whbF-1Vh","jetpack_likes_enabled":true,"jetpack-related-posts":[{"id":9280,"url":"https:\/\/humm.loverde.fr\/?p=9280","url_meta":{"origin":7395,"position":0},"title":"Quiche au saumon, poireau et ch\u00e8vre","author":"cloverde","date":"26 d\u00e9cembre 2023","format":false,"excerpt":"Habituellement je fais \u00e7a avec des \u00e9pinards, mais l\u00e0 pas d'epinard, pas de lardons non plus, donc pour meubler un peu j'ai ajout\u00e9 le poireau d\u00e9coup\u00e9 en tout petit bout et revenu \u00e0 la po\u00eale. Depuis un certain temps j'\u00e9vitait le lait de soja mais l\u00e0, malheureusement, pas de cr\u00e8me\u2026","rel":"","context":"Dans &quot;Recettes&quot;","block_context":{"text":"Recettes","link":"https:\/\/humm.loverde.fr\/?cat=2"},"img":{"alt_text":"","src":"https:\/\/i0.wp.com\/humm.loverde.fr\/wp-content\/uploads\/2023\/11\/IMG_20231112_100118_955.jpg?fit=1200%2C540&ssl=1&resize=350%2C200","width":350,"height":200,"srcset":"https:\/\/i0.wp.com\/humm.loverde.fr\/wp-content\/uploads\/2023\/11\/IMG_20231112_100118_955.jpg?fit=1200%2C540&ssl=1&resize=350%2C200 1x, https:\/\/i0.wp.com\/humm.loverde.fr\/wp-content\/uploads\/2023\/11\/IMG_20231112_100118_955.jpg?fit=1200%2C540&ssl=1&resize=525%2C300 1.5x, https:\/\/i0.wp.com\/humm.loverde.fr\/wp-content\/uploads\/2023\/11\/IMG_20231112_100118_955.jpg?fit=1200%2C540&ssl=1&resize=700%2C400 2x, https:\/\/i0.wp.com\/humm.loverde.fr\/wp-content\/uploads\/2023\/11\/IMG_20231112_100118_955.jpg?fit=1200%2C540&ssl=1&resize=1050%2C600 3x"},"classes":[]},{"id":3798,"url":"https:\/\/humm.loverde.fr\/?p=3798","url_meta":{"origin":7395,"position":1},"title":"P\u00e2te sabl\u00e9e et p\u00e2te classique","author":"cloverde","date":"4 mai 2019","format":false,"excerpt":"P\u00e2te sabl\u00e9e et p\u00e2te classique A chaque fois que l'on fait une tarte je suis oblig\u00e9 de chercher la recette qui est incluse dans une recette de tarte. Donc pour simplifier voici les recettes des p\u00e2tes que j'utilise habituellement. 1. P\u00e2te sabl\u00e9e Ingr\u00e9dients pour 1 p\u00e2te \u2022 250 g de\u2026","rel":"","context":"Dans &quot;Recettes&quot;","block_context":{"text":"Recettes","link":"https:\/\/humm.loverde.fr\/?cat=2"},"img":{"alt_text":"","src":"https:\/\/i0.wp.com\/humm.loverde.fr\/wp-content\/uploads\/2019\/04\/Attachment-1-5.png?fit=800%2C450&ssl=1&resize=350%2C200","width":350,"height":200,"srcset":"https:\/\/i0.wp.com\/humm.loverde.fr\/wp-content\/uploads\/2019\/04\/Attachment-1-5.png?fit=800%2C450&ssl=1&resize=350%2C200 1x, https:\/\/i0.wp.com\/humm.loverde.fr\/wp-content\/uploads\/2019\/04\/Attachment-1-5.png?fit=800%2C450&ssl=1&resize=525%2C300 1.5x, https:\/\/i0.wp.com\/humm.loverde.fr\/wp-content\/uploads\/2019\/04\/Attachment-1-5.png?fit=800%2C450&ssl=1&resize=700%2C400 2x"},"classes":[]},{"id":3368,"url":"https:\/\/humm.loverde.fr\/?p=3368","url_meta":{"origin":7395,"position":2},"title":"Quiche poireau courgette","author":"cloverde","date":"13 novembre 2018","format":false,"excerpt":"quiche poireau courgette Au d\u00e9part je voulais faire une quiche fa\u00e7on lorraine puis une tarte aux poireau, finalement c'est un mixe des deux. Cela devait \u00eatre vite fait, c'est mes recettes pr\u00e9f\u00e9r\u00e9es, et maison donc pas de p\u00e2te achet\u00e9e. J'avais de mauvais souvenirs de la derni\u00e8re p\u00e2te que j'avais fait,\u2026","rel":"","context":"Dans &quot;Recettes&quot;","block_context":{"text":"Recettes","link":"https:\/\/humm.loverde.fr\/?cat=2"},"img":{"alt_text":"","src":"https:\/\/i0.wp.com\/humm.loverde.fr\/wp-content\/uploads\/2018\/11\/Attachment-1-2.png?fit=800%2C450&ssl=1&resize=350%2C200","width":350,"height":200,"srcset":"https:\/\/i0.wp.com\/humm.loverde.fr\/wp-content\/uploads\/2018\/11\/Attachment-1-2.png?fit=800%2C450&ssl=1&resize=350%2C200 1x, https:\/\/i0.wp.com\/humm.loverde.fr\/wp-content\/uploads\/2018\/11\/Attachment-1-2.png?fit=800%2C450&ssl=1&resize=525%2C300 1.5x, https:\/\/i0.wp.com\/humm.loverde.fr\/wp-content\/uploads\/2018\/11\/Attachment-1-2.png?fit=800%2C450&ssl=1&resize=700%2C400 2x"},"classes":[]},{"id":9081,"url":"https:\/\/humm.loverde.fr\/?p=9081","url_meta":{"origin":7395,"position":3},"title":"Tarte-quiche au jambon et coeurs d&rsquo;artichauts","author":"cloverde","date":"3 octobre 2023","format":false,"excerpt":"\u00c0 part la cr\u00e8me fra\u00eeche que j'ai choisi all\u00e9g\u00e9e cette quiche ou tarte comme vous voulez n'est pas tr\u00e8s grasse puisque cette fois-ci j'ai \u00e9vit\u00e9 le petit sal\u00e9. Ingr\u00e9dients Pour 4 personnes \u2022 1 p\u00e2te bris\u00e9e (200 g de farine, 100g de beurre + un peu d\u2019eau + un peu\u2026","rel":"","context":"Dans &quot;recette&quot;","block_context":{"text":"recette","link":"https:\/\/humm.loverde.fr\/?cat=1052"},"img":{"alt_text":"","src":"https:\/\/i0.wp.com\/humm.loverde.fr\/wp-content\/uploads\/2023\/09\/IMG_20230917_090235_618.jpg?fit=1200%2C540&ssl=1&resize=350%2C200","width":350,"height":200,"srcset":"https:\/\/i0.wp.com\/humm.loverde.fr\/wp-content\/uploads\/2023\/09\/IMG_20230917_090235_618.jpg?fit=1200%2C540&ssl=1&resize=350%2C200 1x, https:\/\/i0.wp.com\/humm.loverde.fr\/wp-content\/uploads\/2023\/09\/IMG_20230917_090235_618.jpg?fit=1200%2C540&ssl=1&resize=525%2C300 1.5x, https:\/\/i0.wp.com\/humm.loverde.fr\/wp-content\/uploads\/2023\/09\/IMG_20230917_090235_618.jpg?fit=1200%2C540&ssl=1&resize=700%2C400 2x, https:\/\/i0.wp.com\/humm.loverde.fr\/wp-content\/uploads\/2023\/09\/IMG_20230917_090235_618.jpg?fit=1200%2C540&ssl=1&resize=1050%2C600 3x"},"classes":[]},{"id":7933,"url":"https:\/\/humm.loverde.fr\/?p=7933","url_meta":{"origin":7395,"position":4},"title":"Encore une quiche","author":"cloverde","date":"8 novembre 2022","format":false,"excerpt":"Je suis \u00e0 court d'id\u00e9e alors je reviens sur les classiques qui, accompagn\u00e9s d'une simple salade, peuvent faire un repas sans fioritures. Je me suis inspir\u00e9 d'une recette pr\u00e9c\u00e9dente en rempla\u00e7ant 200 g de lardons par 100 g de jambon et 100 g de lardons. Ingr\u00e9dients 1 p\u00e2te bris\u00e9e maison(*)\u2026","rel":"","context":"Dans &quot;Recettes&quot;","block_context":{"text":"Recettes","link":"https:\/\/humm.loverde.fr\/?cat=2"},"img":{"alt_text":"","src":"https:\/\/i0.wp.com\/humm.loverde.fr\/wp-content\/uploads\/2022\/11\/IMG_20221029_083841_204.jpg?fit=1024%2C576&ssl=1&resize=350%2C200","width":350,"height":200,"srcset":"https:\/\/i0.wp.com\/humm.loverde.fr\/wp-content\/uploads\/2022\/11\/IMG_20221029_083841_204.jpg?fit=1024%2C576&ssl=1&resize=350%2C200 1x, https:\/\/i0.wp.com\/humm.loverde.fr\/wp-content\/uploads\/2022\/11\/IMG_20221029_083841_204.jpg?fit=1024%2C576&ssl=1&resize=525%2C300 1.5x, https:\/\/i0.wp.com\/humm.loverde.fr\/wp-content\/uploads\/2022\/11\/IMG_20221029_083841_204.jpg?fit=1024%2C576&ssl=1&resize=700%2C400 2x"},"classes":[]},{"id":6233,"url":"https:\/\/humm.loverde.fr\/?p=6233","url_meta":{"origin":7395,"position":5},"title":"Quiche aux oignons et c\u0153urs d&rsquo;artichauts","author":"cloverde","date":"6 juin 2021","format":false,"excerpt":"06\/06 J'ai trouv\u00e9 cette recette dans une revue de cuisine. Ce qui m'a plu c'est les ingr\u00e9dients qui font une quiche sortant de l'ordinaire. Ma p\u00e2te bris\u00e9e \u00e9tait excellente, pourtant avec la m\u00eame recette que d'habitude. Mais depuis les conseils de nutritionistes j'ai plus ou moins laiss\u00e9 tomb\u00e9 les fleuriers\u2026","rel":"","context":"Dans &quot;Recettes&quot;","block_context":{"text":"Recettes","link":"https:\/\/humm.loverde.fr\/?cat=2"},"img":{"alt_text":"","src":"https:\/\/i0.wp.com\/humm.loverde.fr\/wp-content\/uploads\/2021\/05\/IMG_20210522_181546_552.jpg?fit=1200%2C554&ssl=1&resize=350%2C200","width":350,"height":200,"srcset":"https:\/\/i0.wp.com\/humm.loverde.fr\/wp-content\/uploads\/2021\/05\/IMG_20210522_181546_552.jpg?fit=1200%2C554&ssl=1&resize=350%2C200 1x, https:\/\/i0.wp.com\/humm.loverde.fr\/wp-content\/uploads\/2021\/05\/IMG_20210522_181546_552.jpg?fit=1200%2C554&ssl=1&resize=525%2C300 1.5x, https:\/\/i0.wp.com\/humm.loverde.fr\/wp-content\/uploads\/2021\/05\/IMG_20210522_181546_552.jpg?fit=1200%2C554&ssl=1&resize=700%2C400 2x, https:\/\/i0.wp.com\/humm.loverde.fr\/wp-content\/uploads\/2021\/05\/IMG_20210522_181546_552.jpg?fit=1200%2C554&ssl=1&resize=1050%2C600 3x"},"classes":[]}],"_links":{"self":[{"href":"https:\/\/humm.loverde.fr\/index.php?rest_route=\/wp\/v2\/posts\/7395","targetHints":{"allow":["GET"]}}],"collection":[{"href":"https:\/\/humm.loverde.fr\/index.php?rest_route=\/wp\/v2\/posts"}],"about":[{"href":"https:\/\/humm.loverde.fr\/index.php?rest_route=\/wp\/v2\/types\/post"}],"author":[{"embeddable":true,"href":"https:\/\/humm.loverde.fr\/index.php?rest_route=\/wp\/v2\/users\/1"}],"replies":[{"embeddable":true,"href":"https:\/\/humm.loverde.fr\/index.php?rest_route=%2Fwp%2Fv2%2Fcomments&post=7395"}],"version-history":[{"count":2,"href":"https:\/\/humm.loverde.fr\/index.php?rest_route=\/wp\/v2\/posts\/7395\/revisions"}],"predecessor-version":[{"id":7401,"href":"https:\/\/humm.loverde.fr\/index.php?rest_route=\/wp\/v2\/posts\/7395\/revisions\/7401"}],"wp:featuredmedia":[{"embeddable":true,"href":"https:\/\/humm.loverde.fr\/index.php?rest_route=\/wp\/v2\/media\/7396"}],"wp:attachment":[{"href":"https:\/\/humm.loverde.fr\/index.php?rest_route=%2Fwp%2Fv2%2Fmedia&parent=7395"}],"wp:term":[{"taxonomy":"category","embeddable":true,"href":"https:\/\/humm.loverde.fr\/index.php?rest_route=%2Fwp%2Fv2%2Fcategories&post=7395"},{"taxonomy":"post_tag","embeddable":true,"href":"https:\/\/humm.loverde.fr\/index.php?rest_route=%2Fwp%2Fv2%2Ftags&post=7395"}],"curies":[{"name":"wp","href":"https:\/\/api.w.org\/{rel}","templated":true}]}}