{"id":7805,"date":"2022-08-30T05:00:22","date_gmt":"2022-08-30T04:00:22","guid":{"rendered":"https:\/\/humm.loverde.fr\/?p=7805"},"modified":"2022-08-23T07:52:21","modified_gmt":"2022-08-23T06:52:21","slug":"salade-aux-crevettes-et-halloumi","status":"publish","type":"post","link":"https:\/\/humm.loverde.fr\/?p=7805","title":{"rendered":"Salade aux crevettes et halloumi"},"content":{"rendered":"<p>J&rsquo;avais mis de c\u00f4t\u00e9 cette recette qui permettait de rassembler dans un seul plat tous les ingr\u00e9dients d\u00e9test\u00e9s par le deuxi\u00e8me convives mais pas de halloumi \u00e0 l&rsquo;horizon Leclerc. Quand, au d\u00e9tour d&rsquo;une all\u00e9e Lidl je l&rsquo;ai crois\u00e9.<br \/>\nLes cornichons ont remplac\u00e9s le concombre que j&rsquo;ai du mal \u00e0 dig\u00e9rer. Et le poivron cru c&rsquo;est pas terrible non plus, remplac\u00e9 par des piquillos, poivrons en morceaux cuits.<\/p>\n<p><img data-recalc-dims=\"1\" loading=\"lazy\" decoding=\"async\" data-attachment-id=\"7809\" data-permalink=\"https:\/\/humm.loverde.fr\/?attachment_id=7809\" data-orig-file=\"https:\/\/i0.wp.com\/humm.loverde.fr\/wp-content\/uploads\/2022\/08\/IMG_20220823_085101_368-01.jpeg?fit=1280%2C591&amp;ssl=1\" data-orig-size=\"1280,591\" data-comments-opened=\"1\" data-image-meta=\"{&quot;aperture&quot;:&quot;0&quot;,&quot;credit&quot;:&quot;&quot;,&quot;camera&quot;:&quot;&quot;,&quot;caption&quot;:&quot;&quot;,&quot;created_timestamp&quot;:&quot;0&quot;,&quot;copyright&quot;:&quot;&quot;,&quot;focal_length&quot;:&quot;0&quot;,&quot;iso&quot;:&quot;0&quot;,&quot;shutter_speed&quot;:&quot;0&quot;,&quot;title&quot;:&quot;&quot;,&quot;orientation&quot;:&quot;1&quot;}\" data-image-title=\"IMG_20220823_085101_368-01\" data-image-description=\"\" data-image-caption=\"\" data-large-file=\"https:\/\/i0.wp.com\/humm.loverde.fr\/wp-content\/uploads\/2022\/08\/IMG_20220823_085101_368-01.jpeg?fit=960%2C443&amp;ssl=1\" src=\"https:\/\/i0.wp.com\/humm.loverde.fr\/wp-content\/uploads\/2022\/08\/IMG_20220823_085101_368-01.jpeg?resize=1200%2C554&#038;ssl=1\" width=\"1200\" height=\"554\" class=\"wp-image-7809 alignnone size-full\" srcset=\"https:\/\/i0.wp.com\/humm.loverde.fr\/wp-content\/uploads\/2022\/08\/IMG_20220823_085101_368-01.jpeg?w=1280&amp;ssl=1 1280w, https:\/\/i0.wp.com\/humm.loverde.fr\/wp-content\/uploads\/2022\/08\/IMG_20220823_085101_368-01.jpeg?resize=595%2C275&amp;ssl=1 595w, https:\/\/i0.wp.com\/humm.loverde.fr\/wp-content\/uploads\/2022\/08\/IMG_20220823_085101_368-01.jpeg?resize=960%2C443&amp;ssl=1 960w, https:\/\/i0.wp.com\/humm.loverde.fr\/wp-content\/uploads\/2022\/08\/IMG_20220823_085101_368-01.jpeg?resize=768%2C355&amp;ssl=1 768w\" sizes=\"auto, (max-width: 1200px) 100vw, 1200px\" \/><\/p>\n<p><strong>Ingr\u00e9dients<\/strong><\/p>\n<ul>\n<li>3 demi-poivrons de couleurs vari\u00e9es coup\u00e9s en d\u00e9s ou des piquillos<\/li>\n<li>\u00bd tomates sans (trop de) p\u00e9pins coup\u00e9e en morceaux<\/li>\n<li>3 gros cornichons aigre-doux coup\u00e9s en lamelles.<\/li>\n<li>5 gros radis ronds et rouges coup\u00e9s en fines rondelles<\/li>\n<li>2 oignons verts \u00e9minc\u00e9s<\/li>\n<li>200 g de crevettes cuites<\/li>\n<li>200 g de halloumi (fromage \u00e0 griller) coup\u00e9 en d\u00e9s<\/li>\n<\/ul>\n<p><strong><em>Pour la vinaigrette<\/em><\/strong>:<\/p>\n<ul>\n<li>60 ml d&rsquo;huile d&rsquo;olive (ou d&rsquo;autres fruits ol\u00e9agineux)<\/li>\n<li>30 ml (2 c. \u00e0 soupe) de vinaigre de cidre<\/li>\n<li>30 ml (2 c. \u00e0 soupe) de moutarde \u00e0 l&rsquo;ancienne<\/li>\n<li>2 c. \u00e0 soupe de persil frais hach\u00e9<\/li>\n<li>30 ml (2 c. \u00e0 soupe) de sirop d&rsquo;\u00e9rable<\/li>\n<li>Sel et poivre<\/li>\n<\/ul>\n<p><strong>Pr\u00e9paration<\/strong><\/p>\n<p>Mixer grossi\u00e8rement les ingr\u00e9dients de la vinaigrette dans un mixeur \u00e0 main.<br \/>\nAjouter poivrons, tomates, cornichons, radis, oignons verts et crevettes dans le saladier. Remuer.<br \/>\nChauffer une po\u00eale \u00e0 feu moyen le halloumi. Le dorer sur toutes les faces de 2 \u00e0 3 minutes.<br \/>\nAjouter la vinaigrette et le halloumi dans le saladier et remuer.<\/p>\n<p><a href=\"http:\/\/bit.ly\/Christian_Loverde\">bit.ly\/Christian_Loverde<\/a><\/p>\n","protected":false},"excerpt":{"rendered":"<p>J&rsquo;avais mis de c\u00f4t\u00e9 cette recette qui permettait de rassembler dans un seul plat tous les ingr\u00e9dients d\u00e9test\u00e9s par le &hellip; <\/p>\n","protected":false},"author":1,"featured_media":7809,"comment_status":"open","ping_status":"","sticky":false,"template":"","format":"standard","meta":{"jetpack_post_was_ever_published":false,"_jetpack_newsletter_access":"","_jetpack_dont_email_post_to_subs":false,"_jetpack_newsletter_tier_id":0,"_jetpack_memberships_contains_paywalled_content":false,"_jetpack_memberships_contains_paid_content":false,"footnotes":"","jetpack_publicize_message":"","jetpack_publicize_feature_enabled":true,"jetpack_social_post_already_shared":true,"jetpack_social_options":{"image_generator_settings":{"template":"highway","default_image_id":0,"font":"","enabled":false},"version":2}},"categories":[2],"tags":[378,264,1432,1433],"class_list":["post-7805","post","type-post","status-publish","format-standard","has-post-thumbnail","hentry","category-recettes","tag-cornichons","tag-crevettes","tag-halloumi","tag-radis"],"jetpack_publicize_connections":[],"jetpack_featured_media_url":"https:\/\/i0.wp.com\/humm.loverde.fr\/wp-content\/uploads\/2022\/08\/IMG_20220823_085101_368-01.jpeg?fit=1280%2C591&ssl=1","jetpack_sharing_enabled":true,"jetpack_shortlink":"https:\/\/wp.me\/p9whbF-21T","jetpack_likes_enabled":true,"jetpack-related-posts":[{"id":9780,"url":"https:\/\/humm.loverde.fr\/?p=9780","url_meta":{"origin":7805,"position":0},"title":"Salade de hareng","author":"cloverde","date":"26 mars 2024","format":false,"excerpt":"Pas vraiment une recette juste un accompagnement de hareng fum\u00e9 d\u00e9j\u00e0 pr\u00e9par\u00e9. Ingr\u00e9dients Hareng fum\u00e9 Des gros cornichons Un oignon ou \u00e9chalotes De l'huile pas d'olive car elle fige au frigo Des pommes de terre Pr\u00e9paration D\u00e9couper les filets de hareng en petits morceaux. Cuire les pommes de terre assez\u2026","rel":"","context":"Dans &quot;Recettes&quot;","block_context":{"text":"Recettes","link":"https:\/\/humm.loverde.fr\/?cat=2"},"img":{"alt_text":"","src":"https:\/\/i0.wp.com\/humm.loverde.fr\/wp-content\/uploads\/2024\/02\/IMG_20240220_093756_900.jpg?fit=1200%2C540&ssl=1&resize=350%2C200","width":350,"height":200,"srcset":"https:\/\/i0.wp.com\/humm.loverde.fr\/wp-content\/uploads\/2024\/02\/IMG_20240220_093756_900.jpg?fit=1200%2C540&ssl=1&resize=350%2C200 1x, https:\/\/i0.wp.com\/humm.loverde.fr\/wp-content\/uploads\/2024\/02\/IMG_20240220_093756_900.jpg?fit=1200%2C540&ssl=1&resize=525%2C300 1.5x, https:\/\/i0.wp.com\/humm.loverde.fr\/wp-content\/uploads\/2024\/02\/IMG_20240220_093756_900.jpg?fit=1200%2C540&ssl=1&resize=700%2C400 2x, https:\/\/i0.wp.com\/humm.loverde.fr\/wp-content\/uploads\/2024\/02\/IMG_20240220_093756_900.jpg?fit=1200%2C540&ssl=1&resize=1050%2C600 3x"},"classes":[]},{"id":742,"url":"https:\/\/humm.loverde.fr\/?p=742","url_meta":{"origin":7805,"position":1},"title":"Brochettes de poissons en marinade de coco et curry","author":"cloverde","date":"15 septembre 2015","format":false,"excerpt":"Je voulais faire des brochettes mais pas de viande, comme les abats tout le monde n'aime pas et que c'est pas bon pour le cholest\u00e9rol, j'ai opt\u00e9 pour le poisson. Comme d'habitude j'ai trouv\u00e9 la recette sur le web mais j'ai tellement modifi\u00e9 que ce n'est plus la m\u00eame, \u00e0\u2026","rel":"","context":"Dans &quot;Recettes&quot;","block_context":{"text":"Recettes","link":"https:\/\/humm.loverde.fr\/?cat=2"},"img":{"alt_text":"Brochettes de poissons en marinade de coco et curry","src":"https:\/\/i0.wp.com\/humm.loverde.fr\/wp-content\/uploads\/2015\/08\/Brochettes-de-poissons-en-marinade-de-coco-et-curry-1-800x450.jpg?resize=350%2C200&ssl=1","width":350,"height":200,"srcset":"https:\/\/i0.wp.com\/humm.loverde.fr\/wp-content\/uploads\/2015\/08\/Brochettes-de-poissons-en-marinade-de-coco-et-curry-1-800x450.jpg?resize=350%2C200&ssl=1 1x, https:\/\/i0.wp.com\/humm.loverde.fr\/wp-content\/uploads\/2015\/08\/Brochettes-de-poissons-en-marinade-de-coco-et-curry-1-800x450.jpg?resize=525%2C300&ssl=1 1.5x, https:\/\/i0.wp.com\/humm.loverde.fr\/wp-content\/uploads\/2015\/08\/Brochettes-de-poissons-en-marinade-de-coco-et-curry-1-800x450.jpg?resize=700%2C400&ssl=1 2x"},"classes":[]},{"id":7465,"url":"https:\/\/humm.loverde.fr\/?p=7465","url_meta":{"origin":7805,"position":2},"title":"La Zarzuela","author":"cloverde","date":"5 juillet 2022","format":false,"excerpt":"La Zarzuela est une sp\u00e9cialit\u00e9 d'Afrique du Nord, du Maroc. Plat espagnol \u00e0 la sauce casablancaise. La premi\u00e8re fois que j'en ai mang\u00e9 c'est \u00e0 Marseille, comme disait Coluche qu'on ne peut taxer de racisme, premi\u00e8re ville arabe du Paris Dakar. Recette de Josette. Ingr\u00e9dients \u2022 1 oignon \u2022 persil\u2026","rel":"","context":"Dans &quot;Recettes&quot;","block_context":{"text":"Recettes","link":"https:\/\/humm.loverde.fr\/?cat=2"},"img":{"alt_text":"","src":"https:\/\/i0.wp.com\/humm.loverde.fr\/wp-content\/uploads\/2022\/06\/IMG_20220624_230039_324.jpg?fit=1100%2C508&ssl=1&resize=350%2C200","width":350,"height":200,"srcset":"https:\/\/i0.wp.com\/humm.loverde.fr\/wp-content\/uploads\/2022\/06\/IMG_20220624_230039_324.jpg?fit=1100%2C508&ssl=1&resize=350%2C200 1x, https:\/\/i0.wp.com\/humm.loverde.fr\/wp-content\/uploads\/2022\/06\/IMG_20220624_230039_324.jpg?fit=1100%2C508&ssl=1&resize=525%2C300 1.5x, https:\/\/i0.wp.com\/humm.loverde.fr\/wp-content\/uploads\/2022\/06\/IMG_20220624_230039_324.jpg?fit=1100%2C508&ssl=1&resize=700%2C400 2x, https:\/\/i0.wp.com\/humm.loverde.fr\/wp-content\/uploads\/2022\/06\/IMG_20220624_230039_324.jpg?fit=1100%2C508&ssl=1&resize=1050%2C600 3x"},"classes":[]},{"id":4128,"url":"https:\/\/humm.loverde.fr\/?p=4128","url_meta":{"origin":7805,"position":3},"title":"Paella","author":"cloverde","date":"30 ao\u00fbt 2019","format":false,"excerpt":"Paella Cette fois j'ai bien pr\u00e9par\u00e9 mon coup et j'ai achet\u00e9 tous les ingr\u00e9dients d'une vraie paella valencienne donc. Le poissonnier m'a refil\u00e9 des poulpes d\u00e9congel\u00e9s au lieu de calamars et j'ai eu un peu de mal \u00e0 les rendre go\u00fbteux. Donc ma paella \u00e9tait meilleur que celle de la\u2026","rel":"","context":"Dans &quot;Recettes&quot;","block_context":{"text":"Recettes","link":"https:\/\/humm.loverde.fr\/?cat=2"},"img":{"alt_text":"","src":"https:\/\/i0.wp.com\/humm.loverde.fr\/wp-content\/uploads\/2019\/08\/Attachment-2-2.png?fit=800%2C454&ssl=1&resize=350%2C200","width":350,"height":200,"srcset":"https:\/\/i0.wp.com\/humm.loverde.fr\/wp-content\/uploads\/2019\/08\/Attachment-2-2.png?fit=800%2C454&ssl=1&resize=350%2C200 1x, https:\/\/i0.wp.com\/humm.loverde.fr\/wp-content\/uploads\/2019\/08\/Attachment-2-2.png?fit=800%2C454&ssl=1&resize=525%2C300 1.5x, https:\/\/i0.wp.com\/humm.loverde.fr\/wp-content\/uploads\/2019\/08\/Attachment-2-2.png?fit=800%2C454&ssl=1&resize=700%2C400 2x"},"classes":[]},{"id":5086,"url":"https:\/\/humm.loverde.fr\/?p=5086","url_meta":{"origin":7805,"position":4},"title":"Crevettes sauce tha\u00ef au lait de coco","author":"cloverde","date":"26 mai 2020","format":false,"excerpt":"\u00a0 Crevettes sauce tha\u00ef au lait de coco Au risque de me r\u00e9p\u00e9ter, j'aime les crevettes. Pas les crevettes vendues en gros tas et tr\u00e8s souvent en promotion cuitent dans je ne sais pas quelle eau ni \u00e0 quel endroit et nourries avec des aliments douteux ! Malheureusement pour avoir\u2026","rel":"","context":"Dans &quot;recette&quot;","block_context":{"text":"recette","link":"https:\/\/humm.loverde.fr\/?cat=1052"},"img":{"alt_text":"","src":"https:\/\/i0.wp.com\/humm.loverde.fr\/wp-content\/uploads\/2020\/05\/attachment-3.png?fit=800%2C450&ssl=1&resize=350%2C200","width":350,"height":200,"srcset":"https:\/\/i0.wp.com\/humm.loverde.fr\/wp-content\/uploads\/2020\/05\/attachment-3.png?fit=800%2C450&ssl=1&resize=350%2C200 1x, https:\/\/i0.wp.com\/humm.loverde.fr\/wp-content\/uploads\/2020\/05\/attachment-3.png?fit=800%2C450&ssl=1&resize=525%2C300 1.5x, https:\/\/i0.wp.com\/humm.loverde.fr\/wp-content\/uploads\/2020\/05\/attachment-3.png?fit=800%2C450&ssl=1&resize=700%2C400 2x"},"classes":[]},{"id":6262,"url":"https:\/\/humm.loverde.fr\/?p=6262","url_meta":{"origin":7805,"position":5},"title":"Pa\u00eblla de la mer","author":"cloverde","date":"27 juin 2021","format":false,"excerpt":"Chaque plat a une histoire, presque. Ce matin en passant devant la poissonnerie j'ai aper\u00e7u un riz de la mer tout pr\u00eat. C'\u00e9tait tentant mais je me suis dit que tout compte fait ce n'est pas si compliqu\u00e9 \u00e0 faire. Bien s\u00fbr j'ai simplifi\u00e9 un peu mais ce qui est\u2026","rel":"","context":"Dans &quot;Recettes&quot;","block_context":{"text":"Recettes","link":"https:\/\/humm.loverde.fr\/?cat=2"},"img":{"alt_text":"","src":"https:\/\/i0.wp.com\/humm.loverde.fr\/wp-content\/uploads\/2021\/05\/IMG_20210527_085758_302.jpg?fit=1200%2C675&ssl=1&resize=350%2C200","width":350,"height":200,"srcset":"https:\/\/i0.wp.com\/humm.loverde.fr\/wp-content\/uploads\/2021\/05\/IMG_20210527_085758_302.jpg?fit=1200%2C675&ssl=1&resize=350%2C200 1x, https:\/\/i0.wp.com\/humm.loverde.fr\/wp-content\/uploads\/2021\/05\/IMG_20210527_085758_302.jpg?fit=1200%2C675&ssl=1&resize=525%2C300 1.5x, https:\/\/i0.wp.com\/humm.loverde.fr\/wp-content\/uploads\/2021\/05\/IMG_20210527_085758_302.jpg?fit=1200%2C675&ssl=1&resize=700%2C400 2x, https:\/\/i0.wp.com\/humm.loverde.fr\/wp-content\/uploads\/2021\/05\/IMG_20210527_085758_302.jpg?fit=1200%2C675&ssl=1&resize=1050%2C600 3x"},"classes":[]}],"_links":{"self":[{"href":"https:\/\/humm.loverde.fr\/index.php?rest_route=\/wp\/v2\/posts\/7805","targetHints":{"allow":["GET"]}}],"collection":[{"href":"https:\/\/humm.loverde.fr\/index.php?rest_route=\/wp\/v2\/posts"}],"about":[{"href":"https:\/\/humm.loverde.fr\/index.php?rest_route=\/wp\/v2\/types\/post"}],"author":[{"embeddable":true,"href":"https:\/\/humm.loverde.fr\/index.php?rest_route=\/wp\/v2\/users\/1"}],"replies":[{"embeddable":true,"href":"https:\/\/humm.loverde.fr\/index.php?rest_route=%2Fwp%2Fv2%2Fcomments&post=7805"}],"version-history":[{"count":5,"href":"https:\/\/humm.loverde.fr\/index.php?rest_route=\/wp\/v2\/posts\/7805\/revisions"}],"predecessor-version":[{"id":7811,"href":"https:\/\/humm.loverde.fr\/index.php?rest_route=\/wp\/v2\/posts\/7805\/revisions\/7811"}],"wp:featuredmedia":[{"embeddable":true,"href":"https:\/\/humm.loverde.fr\/index.php?rest_route=\/wp\/v2\/media\/7809"}],"wp:attachment":[{"href":"https:\/\/humm.loverde.fr\/index.php?rest_route=%2Fwp%2Fv2%2Fmedia&parent=7805"}],"wp:term":[{"taxonomy":"category","embeddable":true,"href":"https:\/\/humm.loverde.fr\/index.php?rest_route=%2Fwp%2Fv2%2Fcategories&post=7805"},{"taxonomy":"post_tag","embeddable":true,"href":"https:\/\/humm.loverde.fr\/index.php?rest_route=%2Fwp%2Fv2%2Ftags&post=7805"}],"curies":[{"name":"wp","href":"https:\/\/api.w.org\/{rel}","templated":true}]}}