{"id":7854,"date":"2022-10-25T05:00:27","date_gmt":"2022-10-25T04:00:27","guid":{"rendered":"https:\/\/humm.loverde.fr\/?p=7854"},"modified":"2022-09-29T07:46:26","modified_gmt":"2022-09-29T06:46:26","slug":"pommes-de-terre-gratinees-a-la-fourme-dambert","status":"publish","type":"post","link":"https:\/\/humm.loverde.fr\/?p=7854","title":{"rendered":"Pommes de terre gratin\u00e9es \u00e0 la Fourme d&rsquo;Ambert"},"content":{"rendered":"<p>Encore de la cr\u00e8me fra\u00eeche&#8230;<\/p>\n<p><img data-recalc-dims=\"1\" loading=\"lazy\" decoding=\"async\" data-attachment-id=\"7855\" data-permalink=\"https:\/\/humm.loverde.fr\/?attachment_id=7855\" data-orig-file=\"https:\/\/i0.wp.com\/humm.loverde.fr\/wp-content\/uploads\/2022\/09\/IMG_20220919_095318_424.jpg?fit=1280%2C591&amp;ssl=1\" data-orig-size=\"1280,591\" data-comments-opened=\"1\" data-image-meta=\"{&quot;aperture&quot;:&quot;0&quot;,&quot;credit&quot;:&quot;&quot;,&quot;camera&quot;:&quot;&quot;,&quot;caption&quot;:&quot;&quot;,&quot;created_timestamp&quot;:&quot;0&quot;,&quot;copyright&quot;:&quot;&quot;,&quot;focal_length&quot;:&quot;0&quot;,&quot;iso&quot;:&quot;0&quot;,&quot;shutter_speed&quot;:&quot;0&quot;,&quot;title&quot;:&quot;&quot;,&quot;orientation&quot;:&quot;1&quot;}\" data-image-title=\"IMG_20220919_095318_424\" data-image-description=\"\" data-image-caption=\"\" data-large-file=\"https:\/\/i0.wp.com\/humm.loverde.fr\/wp-content\/uploads\/2022\/09\/IMG_20220919_095318_424.jpg?fit=960%2C443&amp;ssl=1\" class=\"wp-image-7855 alignnone size-full\" src=\"https:\/\/i0.wp.com\/humm.loverde.fr\/wp-content\/uploads\/2022\/09\/IMG_20220919_095318_424.jpg?resize=1200%2C554&#038;ssl=1\" width=\"1200\" height=\"554\" srcset=\"https:\/\/i0.wp.com\/humm.loverde.fr\/wp-content\/uploads\/2022\/09\/IMG_20220919_095318_424.jpg?w=1280&amp;ssl=1 1280w, https:\/\/i0.wp.com\/humm.loverde.fr\/wp-content\/uploads\/2022\/09\/IMG_20220919_095318_424.jpg?resize=595%2C275&amp;ssl=1 595w, https:\/\/i0.wp.com\/humm.loverde.fr\/wp-content\/uploads\/2022\/09\/IMG_20220919_095318_424.jpg?resize=960%2C443&amp;ssl=1 960w, https:\/\/i0.wp.com\/humm.loverde.fr\/wp-content\/uploads\/2022\/09\/IMG_20220919_095318_424.jpg?resize=768%2C355&amp;ssl=1 768w\" sizes=\"auto, (max-width: 1200px) 100vw, 1200px\" \/><\/p>\n<p><strong>Ingr\u00e9dients<\/strong> (pour 4 personnes) :<\/p>\n<ul>\n<li>2 \u00e0 3 pommes de terre par personne (en fonction de la grosseur)<\/li>\n<li>Fourme d&rsquo;Ambert (un peu plus de la moiti\u00e9 d&rsquo;une tranche)<\/li>\n<li>20 cl de cr\u00e8me fra\u00eeche<\/li>\n<li>1 beau bouquet de persil hach\u00e9<\/li>\n<li>sel poivre<\/li>\n<\/ul>\n<p><strong>Pr\u00e9paration<\/strong><br \/>\nFaire cuire les pommes de terre.<br \/>\nPendant ce temps l\u00e0, \u00e9craser dans un saladier la Fourme d&rsquo;Ambert, la cr\u00e8me fra\u00eeche et le persil hach\u00e9. J&rsquo;ai mix\u00e9 grossi\u00e8rement le fromage qui n&rsquo;\u00e9tait pas assez moelleux.<br \/>\nRectifier l&rsquo;assaisonnement avec sel et poivre.<br \/>\nCouper les pommes de terre en rondelles dans un plat allant au four.<br \/>\nNappez-les de la pr\u00e9paration au fromage.<br \/>\nPasser au four \u00e0 210\u00b0C environ 15 mn.<br \/>\nA d\u00e9guster avec une salade verte.<\/p>\n<p><a href=\"http:\/\/bit.ly\/Christian_Loverde\">bit.ly\/Christian_Loverde<\/a><\/p>\n<p><a href=\"https:\/\/i0.wp.com\/humm.loverde.fr\/wp-content\/uploads\/2022\/09\/IMG_20220919_095318_424.jpg?ssl=1\" rel=\"attachment wp-att-7855\"><img data-recalc-dims=\"1\" loading=\"lazy\" decoding=\"async\" data-attachment-id=\"7855\" data-permalink=\"https:\/\/humm.loverde.fr\/?attachment_id=7855\" data-orig-file=\"https:\/\/i0.wp.com\/humm.loverde.fr\/wp-content\/uploads\/2022\/09\/IMG_20220919_095318_424.jpg?fit=1280%2C591&amp;ssl=1\" data-orig-size=\"1280,591\" data-comments-opened=\"1\" data-image-meta=\"{&quot;aperture&quot;:&quot;0&quot;,&quot;credit&quot;:&quot;&quot;,&quot;camera&quot;:&quot;&quot;,&quot;caption&quot;:&quot;&quot;,&quot;created_timestamp&quot;:&quot;0&quot;,&quot;copyright&quot;:&quot;&quot;,&quot;focal_length&quot;:&quot;0&quot;,&quot;iso&quot;:&quot;0&quot;,&quot;shutter_speed&quot;:&quot;0&quot;,&quot;title&quot;:&quot;&quot;,&quot;orientation&quot;:&quot;1&quot;}\" data-image-title=\"IMG_20220919_095318_424\" data-image-description=\"\" data-image-caption=\"\" data-large-file=\"https:\/\/i0.wp.com\/humm.loverde.fr\/wp-content\/uploads\/2022\/09\/IMG_20220919_095318_424.jpg?fit=960%2C443&amp;ssl=1\" class=\"alignnone size-full wp-image-7855\" src=\"https:\/\/i0.wp.com\/humm.loverde.fr\/wp-content\/uploads\/2022\/09\/IMG_20220919_095318_424.jpg?resize=960%2C9999&#038;ssl=1\" alt=\"\" title=\"img_20220919_095318_424-jpg\" width=\"960\" height=\"9999\"><\/a><\/p>\n","protected":false},"excerpt":{"rendered":"<p>Encore de la cr\u00e8me fra\u00eeche&#8230; Ingr\u00e9dients (pour 4 personnes) : 2 \u00e0 3 pommes de terre par personne (en fonction &hellip; <\/p>\n","protected":false},"author":1,"featured_media":7855,"comment_status":"open","ping_status":"","sticky":false,"template":"","format":"standard","meta":{"jetpack_post_was_ever_published":false,"_jetpack_newsletter_access":"","_jetpack_dont_email_post_to_subs":false,"_jetpack_newsletter_tier_id":0,"_jetpack_memberships_contains_paywalled_content":false,"_jetpack_memberships_contains_paid_content":false,"footnotes":"","jetpack_publicize_message":"","jetpack_publicize_feature_enabled":true,"jetpack_social_post_already_shared":true,"jetpack_social_options":{"image_generator_settings":{"template":"highway","default_image_id":0,"font":"","enabled":false},"version":2}},"categories":[2],"tags":[1440,961,164],"class_list":["post-7854","post","type-post","status-publish","format-standard","has-post-thumbnail","hentry","category-recettes","tag-fourme-dambert","tag-gratinees","tag-pommes-de-terre"],"jetpack_publicize_connections":[],"jetpack_featured_media_url":"https:\/\/i0.wp.com\/humm.loverde.fr\/wp-content\/uploads\/2022\/09\/IMG_20220919_095318_424.jpg?fit=1280%2C591&ssl=1","jetpack_sharing_enabled":true,"jetpack_shortlink":"https:\/\/wp.me\/p9whbF-22G","jetpack_likes_enabled":true,"jetpack-related-posts":[{"id":11543,"url":"https:\/\/humm.loverde.fr\/?p=11543","url_meta":{"origin":7854,"position":0},"title":"Gratin dauphinois","author":"kris33390","date":"29 octobre 2024","format":false,"excerpt":"Inspir\u00e9 du gratin de Marina, et sur ce dont je me suis souvenu au moment de la r\u00e9alisation. Ingr\u00e9dients \u2022 Pommes de terre \u2022 30 cl de cr\u00e8me fra\u00eeche semi \u00e9paisse \u2022 Un m\u00e9lange d'emmental et cont\u00e9 r\u00e2p\u00e9s \u2022 un oignon \u2022 de la chapelure Pr\u00e9paration Couper les pommes de\u2026","rel":"","context":"Dans &quot;recette&quot;","block_context":{"text":"recette","link":"https:\/\/humm.loverde.fr\/?cat=1052"},"img":{"alt_text":"","src":"https:\/\/i0.wp.com\/humm.loverde.fr\/wp-content\/uploads\/2024\/10\/IMG_20241014_072816_657.jpg?fit=1200%2C540&ssl=1&resize=350%2C200","width":350,"height":200,"srcset":"https:\/\/i0.wp.com\/humm.loverde.fr\/wp-content\/uploads\/2024\/10\/IMG_20241014_072816_657.jpg?fit=1200%2C540&ssl=1&resize=350%2C200 1x, https:\/\/i0.wp.com\/humm.loverde.fr\/wp-content\/uploads\/2024\/10\/IMG_20241014_072816_657.jpg?fit=1200%2C540&ssl=1&resize=525%2C300 1.5x, https:\/\/i0.wp.com\/humm.loverde.fr\/wp-content\/uploads\/2024\/10\/IMG_20241014_072816_657.jpg?fit=1200%2C540&ssl=1&resize=700%2C400 2x, https:\/\/i0.wp.com\/humm.loverde.fr\/wp-content\/uploads\/2024\/10\/IMG_20241014_072816_657.jpg?fit=1200%2C540&ssl=1&resize=1050%2C600 3x"},"classes":[]},{"id":1091,"url":"https:\/\/humm.loverde.fr\/?p=1091","url_meta":{"origin":7854,"position":1},"title":"Parmentier au choux romanesco","author":"cloverde","date":"19 avril 2016","format":false,"excerpt":"J'avais achet\u00e9 un choux romanesco pour faire quelque chose de sp\u00e9cial mais je n'ai pas eu le temps et \u00e7a pressait, donc j'ai r\u00e9alis\u00e9 un plat classique. Pour le truc sp\u00e9cial \u00e7a sera pour plus tard, peut-\u00eatre. \u00a0 \u00a0 \u00a0 \u00a0 Pour la pur\u00e9e \u00a0 Ingr\u00e9dients 1 chou romanesco 2\u2026","rel":"","context":"Dans &quot;Recettes&quot;","block_context":{"text":"Recettes","link":"https:\/\/humm.loverde.fr\/?cat=2"},"img":{"alt_text":"parmentier de choux romanesco","src":"https:\/\/i0.wp.com\/humm.loverde.fr\/wp-content\/uploads\/2016\/04\/parmentier-de-choux-romanesco-800x450.jpg?resize=350%2C200&ssl=1","width":350,"height":200,"srcset":"https:\/\/i0.wp.com\/humm.loverde.fr\/wp-content\/uploads\/2016\/04\/parmentier-de-choux-romanesco-800x450.jpg?resize=350%2C200&ssl=1 1x, https:\/\/i0.wp.com\/humm.loverde.fr\/wp-content\/uploads\/2016\/04\/parmentier-de-choux-romanesco-800x450.jpg?resize=525%2C300&ssl=1 1.5x, https:\/\/i0.wp.com\/humm.loverde.fr\/wp-content\/uploads\/2016\/04\/parmentier-de-choux-romanesco-800x450.jpg?resize=700%2C400&ssl=1 2x"},"classes":[]},{"id":6709,"url":"https:\/\/humm.loverde.fr\/?p=6709","url_meta":{"origin":7854,"position":2},"title":"Palets au surimi saveur crabe","author":"cloverde","date":"16 novembre 2021","format":false,"excerpt":"16\/11 Au d\u00e9part c'\u00e9tait une recette de palets au crabe mais, outre le prix, j'ai pr\u00e9f\u00e9r\u00e9 du surimi moins cher et aussi moins aqueux que le crabe en bo\u00eete que j'ai d\u00e9j\u00e0 utilis\u00e9 et qui m'a beaucoup d\u00e9\u00e7u. Bon je viens d'apprendre, mais je m'en doutais un peu, que derri\u00e8re\u2026","rel":"","context":"Dans &quot;Recettes&quot;","block_context":{"text":"Recettes","link":"https:\/\/humm.loverde.fr\/?cat=2"},"img":{"alt_text":"","src":"https:\/\/i0.wp.com\/humm.loverde.fr\/wp-content\/uploads\/2021\/10\/IMG_20210930_011509_684.jpg?fit=1200%2C554&ssl=1&resize=350%2C200","width":350,"height":200,"srcset":"https:\/\/i0.wp.com\/humm.loverde.fr\/wp-content\/uploads\/2021\/10\/IMG_20210930_011509_684.jpg?fit=1200%2C554&ssl=1&resize=350%2C200 1x, https:\/\/i0.wp.com\/humm.loverde.fr\/wp-content\/uploads\/2021\/10\/IMG_20210930_011509_684.jpg?fit=1200%2C554&ssl=1&resize=525%2C300 1.5x, https:\/\/i0.wp.com\/humm.loverde.fr\/wp-content\/uploads\/2021\/10\/IMG_20210930_011509_684.jpg?fit=1200%2C554&ssl=1&resize=700%2C400 2x, https:\/\/i0.wp.com\/humm.loverde.fr\/wp-content\/uploads\/2021\/10\/IMG_20210930_011509_684.jpg?fit=1200%2C554&ssl=1&resize=1050%2C600 3x"},"classes":[]},{"id":5863,"url":"https:\/\/humm.loverde.fr\/?p=5863","url_meta":{"origin":7854,"position":3},"title":"Gratin de crabe","author":"cloverde","date":"23 f\u00e9vrier 2021","format":false,"excerpt":"Rien \u00e0 dire ? Rien \u00e0 dire. Un peu quand m\u00eame... J'ai eu l'id\u00e9e d'un gratin de crabe en passant devant une promo de bo\u00eetes de crabes vendues par deux. Apr\u00e8s j'ai cherch\u00e9 une recette puis je suis retourn\u00e9 acheter le crabe et ce qui manquait. Ingr\u00e9dients 2 personnes 1\u2026","rel":"","context":"Dans &quot;Recettes&quot;","block_context":{"text":"Recettes","link":"https:\/\/humm.loverde.fr\/?cat=2"},"img":{"alt_text":"","src":"https:\/\/i0.wp.com\/humm.loverde.fr\/wp-content\/uploads\/2021\/01\/IMG_20210127_124922_349_copy_1280x591.jpg?fit=1200%2C554&ssl=1&resize=350%2C200","width":350,"height":200,"srcset":"https:\/\/i0.wp.com\/humm.loverde.fr\/wp-content\/uploads\/2021\/01\/IMG_20210127_124922_349_copy_1280x591.jpg?fit=1200%2C554&ssl=1&resize=350%2C200 1x, https:\/\/i0.wp.com\/humm.loverde.fr\/wp-content\/uploads\/2021\/01\/IMG_20210127_124922_349_copy_1280x591.jpg?fit=1200%2C554&ssl=1&resize=525%2C300 1.5x, https:\/\/i0.wp.com\/humm.loverde.fr\/wp-content\/uploads\/2021\/01\/IMG_20210127_124922_349_copy_1280x591.jpg?fit=1200%2C554&ssl=1&resize=700%2C400 2x, https:\/\/i0.wp.com\/humm.loverde.fr\/wp-content\/uploads\/2021\/01\/IMG_20210127_124922_349_copy_1280x591.jpg?fit=1200%2C554&ssl=1&resize=1050%2C600 3x"},"classes":[]},{"id":3611,"url":"https:\/\/humm.loverde.fr\/?p=3611","url_meta":{"origin":7854,"position":4},"title":"Lapin \u00e0 la Savora","author":"cloverde","date":"9 f\u00e9vrier 2019","format":false,"excerpt":"Lapin \u00e0 la Savora ... et pommes de terre grenailles A chaque fois que je fais du lapin revient l'anecdote d'une amie qui refuse absolument d'en manger parce que le lapin ressemble beaucoup trop au chat. On s'en doute, m\u00eame si on n'en a jamais vu d\u00e9pec\u00e9. D'ailleurs vous \u00eates\u2026","rel":"","context":"Dans &quot;Recettes&quot;","block_context":{"text":"Recettes","link":"https:\/\/humm.loverde.fr\/?cat=2"},"img":{"alt_text":"","src":"https:\/\/i0.wp.com\/humm.loverde.fr\/wp-content\/uploads\/2019\/02\/Attachment-1.png?fit=800%2C450&ssl=1&resize=350%2C200","width":350,"height":200,"srcset":"https:\/\/i0.wp.com\/humm.loverde.fr\/wp-content\/uploads\/2019\/02\/Attachment-1.png?fit=800%2C450&ssl=1&resize=350%2C200 1x, https:\/\/i0.wp.com\/humm.loverde.fr\/wp-content\/uploads\/2019\/02\/Attachment-1.png?fit=800%2C450&ssl=1&resize=525%2C300 1.5x, https:\/\/i0.wp.com\/humm.loverde.fr\/wp-content\/uploads\/2019\/02\/Attachment-1.png?fit=800%2C450&ssl=1&resize=700%2C400 2x"},"classes":[]},{"id":2848,"url":"https:\/\/humm.loverde.fr\/?p=2848","url_meta":{"origin":7854,"position":5},"title":"Gratin\u00e9 de pommes de terre au saumon fum\u00e9","author":"cloverde","date":"26 mai 2018","format":false,"excerpt":"Apr\u00e8s une exp\u00e9rience malheureuse avec du soja sp\u00e9cial gratin d'une couleur gris\u00e2tre et d'un go\u00fbt douteux, je revient \u00e0 la cr\u00e8me fra\u00eeche, all\u00e9g\u00e9e pour se donner bonne conscience. Plat plut\u00f4t riche que je ne vais pas refaire tous les 4 matins. Ingr\u00e9dients 125 g de Rondel\u00e9 Ail de Garonne &\u2026","rel":"","context":"Dans &quot;Recettes&quot;","block_context":{"text":"Recettes","link":"https:\/\/humm.loverde.fr\/?cat=2"},"img":{"alt_text":"","src":"https:\/\/i0.wp.com\/humm.loverde.fr\/wp-content\/uploads\/2018\/04\/9da745a0afb8fe98d7ad903ea4b39729.jpeg?fit=800%2C450&ssl=1&resize=350%2C200","width":350,"height":200,"srcset":"https:\/\/i0.wp.com\/humm.loverde.fr\/wp-content\/uploads\/2018\/04\/9da745a0afb8fe98d7ad903ea4b39729.jpeg?fit=800%2C450&ssl=1&resize=350%2C200 1x, https:\/\/i0.wp.com\/humm.loverde.fr\/wp-content\/uploads\/2018\/04\/9da745a0afb8fe98d7ad903ea4b39729.jpeg?fit=800%2C450&ssl=1&resize=525%2C300 1.5x, https:\/\/i0.wp.com\/humm.loverde.fr\/wp-content\/uploads\/2018\/04\/9da745a0afb8fe98d7ad903ea4b39729.jpeg?fit=800%2C450&ssl=1&resize=700%2C400 2x"},"classes":[]}],"_links":{"self":[{"href":"https:\/\/humm.loverde.fr\/index.php?rest_route=\/wp\/v2\/posts\/7854","targetHints":{"allow":["GET"]}}],"collection":[{"href":"https:\/\/humm.loverde.fr\/index.php?rest_route=\/wp\/v2\/posts"}],"about":[{"href":"https:\/\/humm.loverde.fr\/index.php?rest_route=\/wp\/v2\/types\/post"}],"author":[{"embeddable":true,"href":"https:\/\/humm.loverde.fr\/index.php?rest_route=\/wp\/v2\/users\/1"}],"replies":[{"embeddable":true,"href":"https:\/\/humm.loverde.fr\/index.php?rest_route=%2Fwp%2Fv2%2Fcomments&post=7854"}],"version-history":[{"count":4,"href":"https:\/\/humm.loverde.fr\/index.php?rest_route=\/wp\/v2\/posts\/7854\/revisions"}],"predecessor-version":[{"id":7893,"href":"https:\/\/humm.loverde.fr\/index.php?rest_route=\/wp\/v2\/posts\/7854\/revisions\/7893"}],"wp:featuredmedia":[{"embeddable":true,"href":"https:\/\/humm.loverde.fr\/index.php?rest_route=\/wp\/v2\/media\/7855"}],"wp:attachment":[{"href":"https:\/\/humm.loverde.fr\/index.php?rest_route=%2Fwp%2Fv2%2Fmedia&parent=7854"}],"wp:term":[{"taxonomy":"category","embeddable":true,"href":"https:\/\/humm.loverde.fr\/index.php?rest_route=%2Fwp%2Fv2%2Fcategories&post=7854"},{"taxonomy":"post_tag","embeddable":true,"href":"https:\/\/humm.loverde.fr\/index.php?rest_route=%2Fwp%2Fv2%2Ftags&post=7854"}],"curies":[{"name":"wp","href":"https:\/\/api.w.org\/{rel}","templated":true}]}}