{"id":7933,"date":"2022-11-08T07:00:34","date_gmt":"2022-11-08T06:00:34","guid":{"rendered":"https:\/\/humm.loverde.fr\/?p=7933"},"modified":"2022-10-29T07:42:21","modified_gmt":"2022-10-29T06:42:21","slug":"encore-une-quiche","status":"publish","type":"post","link":"https:\/\/humm.loverde.fr\/?p=7933","title":{"rendered":"Encore une quiche"},"content":{"rendered":"<p>Je suis \u00e0 court d&rsquo;id\u00e9e alors je reviens sur les classiques qui, accompagn\u00e9s d&rsquo;une simple salade, peuvent faire un repas sans fioritures.<br \/>\nJe me suis inspir\u00e9 d&rsquo;une recette pr\u00e9c\u00e9dente en rempla\u00e7ant 200 g de lardons par 100 g de jambon et 100 g de lardons.<\/p>\n<p><img data-recalc-dims=\"1\" loading=\"lazy\" decoding=\"async\" data-attachment-id=\"7934\" data-permalink=\"https:\/\/humm.loverde.fr\/?attachment_id=7934\" data-orig-file=\"https:\/\/i0.wp.com\/humm.loverde.fr\/wp-content\/uploads\/2022\/11\/IMG_20221029_083841_204.jpg?fit=1024%2C576&amp;ssl=1\" data-orig-size=\"1024,576\" data-comments-opened=\"1\" data-image-meta=\"{&quot;aperture&quot;:&quot;0&quot;,&quot;credit&quot;:&quot;&quot;,&quot;camera&quot;:&quot;&quot;,&quot;caption&quot;:&quot;&quot;,&quot;created_timestamp&quot;:&quot;0&quot;,&quot;copyright&quot;:&quot;&quot;,&quot;focal_length&quot;:&quot;0&quot;,&quot;iso&quot;:&quot;0&quot;,&quot;shutter_speed&quot;:&quot;0&quot;,&quot;title&quot;:&quot;&quot;,&quot;orientation&quot;:&quot;0&quot;}\" data-image-title=\"IMG_20221029_083841_204\" data-image-description=\"\" data-image-caption=\"\" data-large-file=\"https:\/\/i0.wp.com\/humm.loverde.fr\/wp-content\/uploads\/2022\/11\/IMG_20221029_083841_204.jpg?fit=960%2C540&amp;ssl=1\" class=\"alignnone wp-image-7934 size-full\" src=\"https:\/\/i0.wp.com\/humm.loverde.fr\/wp-content\/uploads\/2022\/11\/IMG_20221029_083841_204.jpg?resize=1024%2C576&#038;ssl=1\" width=\"1024\" height=\"576\" srcset=\"https:\/\/i0.wp.com\/humm.loverde.fr\/wp-content\/uploads\/2022\/11\/IMG_20221029_083841_204.jpg?w=1024&amp;ssl=1 1024w, https:\/\/i0.wp.com\/humm.loverde.fr\/wp-content\/uploads\/2022\/11\/IMG_20221029_083841_204.jpg?resize=595%2C335&amp;ssl=1 595w, https:\/\/i0.wp.com\/humm.loverde.fr\/wp-content\/uploads\/2022\/11\/IMG_20221029_083841_204.jpg?resize=960%2C540&amp;ssl=1 960w, https:\/\/i0.wp.com\/humm.loverde.fr\/wp-content\/uploads\/2022\/11\/IMG_20221029_083841_204.jpg?resize=768%2C432&amp;ssl=1 768w\" sizes=\"auto, (max-width: 1024px) 100vw, 1024px\" \/><\/p>\n<p><strong>Ingr\u00e9dients<\/strong><\/p>\n<ul>\n<li>1 p\u00e2te bris\u00e9e maison(*) (200 g de farine, 100g de beurre + un peu d\u2019eau + un peu de sel)<\/li>\n<li>100 g d\u2019allumettes de lardons<\/li>\n<li>100 g de jambon d\u00e9coup\u00e9 en lamelles<\/li>\n<li>3 \u0153ufs<\/li>\n<li>20 cl de cr\u00e8me fra\u00eeche<\/li>\n<li>20 cl de lait<\/li>\n<li>100 g de l&#8217;emmental r\u00e2p\u00e9<\/li>\n<\/ul>\n<p><strong>Pr\u00e9paration<\/strong><br \/>\nChauffer le four \u00e0 180\u00b0C.<br \/>\nM\u00e9langez les \u0153ufs, la cr\u00e8me, le lait, les allumettes, le jambon et le fromage r\u00e2p\u00e9.<br \/>\nVersez sur la p\u00e2te.<\/p>\n<p>Cuisson : 45 minutes au four \u00e0 180\u00b0C.<\/p>\n<p>(*) <a href=\"https:\/\/humm.loverde.fr\/pate-brisee-salee\">https:\/\/humm.loverde.fr\/pate-brisee-salee<\/a>\/<\/p>\n<p><a href=\"http:\/\/bit.ly\/Christian_Loverde\">bit.ly\/Christian_Loverde<\/a><\/p>\n<p><a href=\"https:\/\/i0.wp.com\/humm.loverde.fr\/wp-content\/uploads\/2022\/11\/IMG_20221029_083841_204.jpg?ssl=1\" rel=\"attachment wp-att-7934\"><img data-recalc-dims=\"1\" loading=\"lazy\" decoding=\"async\" data-attachment-id=\"7934\" data-permalink=\"https:\/\/humm.loverde.fr\/?attachment_id=7934\" data-orig-file=\"https:\/\/i0.wp.com\/humm.loverde.fr\/wp-content\/uploads\/2022\/11\/IMG_20221029_083841_204.jpg?fit=1024%2C576&amp;ssl=1\" data-orig-size=\"1024,576\" data-comments-opened=\"1\" data-image-meta=\"{&quot;aperture&quot;:&quot;0&quot;,&quot;credit&quot;:&quot;&quot;,&quot;camera&quot;:&quot;&quot;,&quot;caption&quot;:&quot;&quot;,&quot;created_timestamp&quot;:&quot;0&quot;,&quot;copyright&quot;:&quot;&quot;,&quot;focal_length&quot;:&quot;0&quot;,&quot;iso&quot;:&quot;0&quot;,&quot;shutter_speed&quot;:&quot;0&quot;,&quot;title&quot;:&quot;&quot;,&quot;orientation&quot;:&quot;0&quot;}\" data-image-title=\"IMG_20221029_083841_204\" data-image-description=\"\" data-image-caption=\"\" data-large-file=\"https:\/\/i0.wp.com\/humm.loverde.fr\/wp-content\/uploads\/2022\/11\/IMG_20221029_083841_204.jpg?fit=960%2C540&amp;ssl=1\" class=\"alignnone size-full wp-image-7934\" src=\"https:\/\/i0.wp.com\/humm.loverde.fr\/wp-content\/uploads\/2022\/11\/IMG_20221029_083841_204.jpg?resize=960%2C9999&#038;ssl=1\" alt=\"\" title=\"img_20221029_083841_204-jpg\" width=\"960\" height=\"9999\"><\/a><\/p>\n","protected":false},"excerpt":{"rendered":"<p>Je suis \u00e0 court d&rsquo;id\u00e9e alors je reviens sur les classiques qui, accompagn\u00e9s d&rsquo;une simple salade, peuvent faire un repas &hellip; <\/p>\n","protected":false},"author":1,"featured_media":7934,"comment_status":"open","ping_status":"","sticky":false,"template":"","format":"standard","meta":{"jetpack_post_was_ever_published":false,"_jetpack_newsletter_access":"","_jetpack_dont_email_post_to_subs":false,"_jetpack_newsletter_tier_id":0,"_jetpack_memberships_contains_paywalled_content":false,"_jetpack_memberships_contains_paid_content":false,"footnotes":"","jetpack_publicize_message":"","jetpack_publicize_feature_enabled":true,"jetpack_social_post_already_shared":true,"jetpack_social_options":{"image_generator_settings":{"template":"highway","default_image_id":0,"font":"","enabled":false},"version":2}},"categories":[2],"tags":[161,1398,294],"class_list":["post-7933","post","type-post","status-publish","format-standard","has-post-thumbnail","hentry","category-recettes","tag-jambon","tag-lardons","tag-quiche"],"jetpack_publicize_connections":[],"jetpack_featured_media_url":"https:\/\/i0.wp.com\/humm.loverde.fr\/wp-content\/uploads\/2022\/11\/IMG_20221029_083841_204.jpg?fit=1024%2C576&ssl=1","jetpack_sharing_enabled":true,"jetpack_shortlink":"https:\/\/wp.me\/p9whbF-23X","jetpack_likes_enabled":true,"jetpack-related-posts":[{"id":6124,"url":"https:\/\/humm.loverde.fr\/?p=6124","url_meta":{"origin":7933,"position":0},"title":"La Quiche","author":"cloverde","date":"30 avril 2021","format":false,"excerpt":"Je viens de d\u00e9couvrir que la quiche que je r\u00e9alise depuis toujours n'est pas lorraine mais vosgienne. La diff\u00e9rence ? Il y a du fromage r\u00e2p\u00e9 qu'on ne met pas pour la lorraine. Habituellement je met les lardons sortis du paquet, l\u00e0 ils sont pass\u00e9s par la case po\u00eale. C'\u00e9tait\u2026","rel":"","context":"Dans &quot;Recettes&quot;","block_context":{"text":"Recettes","link":"https:\/\/humm.loverde.fr\/?cat=2"},"img":{"alt_text":"","src":"https:\/\/i0.wp.com\/humm.loverde.fr\/wp-content\/uploads\/2021\/04\/IMG_20210402_102135_370.jpg?fit=1200%2C554&ssl=1&resize=350%2C200","width":350,"height":200,"srcset":"https:\/\/i0.wp.com\/humm.loverde.fr\/wp-content\/uploads\/2021\/04\/IMG_20210402_102135_370.jpg?fit=1200%2C554&ssl=1&resize=350%2C200 1x, https:\/\/i0.wp.com\/humm.loverde.fr\/wp-content\/uploads\/2021\/04\/IMG_20210402_102135_370.jpg?fit=1200%2C554&ssl=1&resize=525%2C300 1.5x, https:\/\/i0.wp.com\/humm.loverde.fr\/wp-content\/uploads\/2021\/04\/IMG_20210402_102135_370.jpg?fit=1200%2C554&ssl=1&resize=700%2C400 2x, https:\/\/i0.wp.com\/humm.loverde.fr\/wp-content\/uploads\/2021\/04\/IMG_20210402_102135_370.jpg?fit=1200%2C554&ssl=1&resize=1050%2C600 3x"},"classes":[]},{"id":7392,"url":"https:\/\/humm.loverde.fr\/?p=7392","url_meta":{"origin":7933,"position":1},"title":"Quiche aux champignons et lardons","author":"cloverde","date":"28 mai 2022","format":false,"excerpt":"Il y avait longtemps que je n'avais pas fait de quiche. Pourquoi maintenant ? Les oeufs en direct du poulailler du Temple. J'aime bien ces pr\u00e9parations qui n'ont besoin que d'un accompagnement succinct ou pas d'accompagnement du tout. Et la pizza, on s'en est laiss\u00e9, je vais faire une pause.\u2026","rel":"","context":"Dans &quot;Recettes&quot;","block_context":{"text":"Recettes","link":"https:\/\/humm.loverde.fr\/?cat=2"},"img":{"alt_text":"","src":"https:\/\/i0.wp.com\/humm.loverde.fr\/wp-content\/uploads\/2022\/05\/IMG_20220517_083839_879.jpg?fit=1100%2C508&ssl=1&resize=350%2C200","width":350,"height":200,"srcset":"https:\/\/i0.wp.com\/humm.loverde.fr\/wp-content\/uploads\/2022\/05\/IMG_20220517_083839_879.jpg?fit=1100%2C508&ssl=1&resize=350%2C200 1x, https:\/\/i0.wp.com\/humm.loverde.fr\/wp-content\/uploads\/2022\/05\/IMG_20220517_083839_879.jpg?fit=1100%2C508&ssl=1&resize=525%2C300 1.5x, https:\/\/i0.wp.com\/humm.loverde.fr\/wp-content\/uploads\/2022\/05\/IMG_20220517_083839_879.jpg?fit=1100%2C508&ssl=1&resize=700%2C400 2x, https:\/\/i0.wp.com\/humm.loverde.fr\/wp-content\/uploads\/2022\/05\/IMG_20220517_083839_879.jpg?fit=1100%2C508&ssl=1&resize=1050%2C600 3x"},"classes":[]},{"id":4960,"url":"https:\/\/humm.loverde.fr\/?p=4960","url_meta":{"origin":7933,"position":2},"title":"Quiche au poireau","author":"cloverde","date":"21 avril 2020","format":false,"excerpt":"Je ne sais pas si on peut appeler \u00e7a \"quiche\" mais c'est assez simple \u00e0 r\u00e9aliser et \u00e7a change un peu de la pizza. J'ai cherch\u00e9 un plat \u00e0 tarte plus petit mais je n'ai pas trouv\u00e9 et donc on en mange plusieurs fois d'affil\u00e9 pour arriver au bout. Ingr\u00e9dients\u2026","rel":"","context":"Dans &quot;recette&quot;","block_context":{"text":"recette","link":"https:\/\/humm.loverde.fr\/?cat=1052"},"img":{"alt_text":"","src":"https:\/\/i0.wp.com\/humm.loverde.fr\/wp-content\/uploads\/2020\/04\/attachment-1.png?fit=800%2C450&ssl=1&resize=350%2C200","width":350,"height":200,"srcset":"https:\/\/i0.wp.com\/humm.loverde.fr\/wp-content\/uploads\/2020\/04\/attachment-1.png?fit=800%2C450&ssl=1&resize=350%2C200 1x, https:\/\/i0.wp.com\/humm.loverde.fr\/wp-content\/uploads\/2020\/04\/attachment-1.png?fit=800%2C450&ssl=1&resize=525%2C300 1.5x, https:\/\/i0.wp.com\/humm.loverde.fr\/wp-content\/uploads\/2020\/04\/attachment-1.png?fit=800%2C450&ssl=1&resize=700%2C400 2x"},"classes":[]},{"id":9081,"url":"https:\/\/humm.loverde.fr\/?p=9081","url_meta":{"origin":7933,"position":3},"title":"Tarte-quiche au jambon et coeurs d&rsquo;artichauts","author":"cloverde","date":"3 octobre 2023","format":false,"excerpt":"\u00c0 part la cr\u00e8me fra\u00eeche que j'ai choisi all\u00e9g\u00e9e cette quiche ou tarte comme vous voulez n'est pas tr\u00e8s grasse puisque cette fois-ci j'ai \u00e9vit\u00e9 le petit sal\u00e9. Ingr\u00e9dients Pour 4 personnes \u2022 1 p\u00e2te bris\u00e9e (200 g de farine, 100g de beurre + un peu d\u2019eau + un peu\u2026","rel":"","context":"Dans &quot;recette&quot;","block_context":{"text":"recette","link":"https:\/\/humm.loverde.fr\/?cat=1052"},"img":{"alt_text":"","src":"https:\/\/i0.wp.com\/humm.loverde.fr\/wp-content\/uploads\/2023\/09\/IMG_20230917_090235_618.jpg?fit=1200%2C540&ssl=1&resize=350%2C200","width":350,"height":200,"srcset":"https:\/\/i0.wp.com\/humm.loverde.fr\/wp-content\/uploads\/2023\/09\/IMG_20230917_090235_618.jpg?fit=1200%2C540&ssl=1&resize=350%2C200 1x, https:\/\/i0.wp.com\/humm.loverde.fr\/wp-content\/uploads\/2023\/09\/IMG_20230917_090235_618.jpg?fit=1200%2C540&ssl=1&resize=525%2C300 1.5x, https:\/\/i0.wp.com\/humm.loverde.fr\/wp-content\/uploads\/2023\/09\/IMG_20230917_090235_618.jpg?fit=1200%2C540&ssl=1&resize=700%2C400 2x, https:\/\/i0.wp.com\/humm.loverde.fr\/wp-content\/uploads\/2023\/09\/IMG_20230917_090235_618.jpg?fit=1200%2C540&ssl=1&resize=1050%2C600 3x"},"classes":[]},{"id":9280,"url":"https:\/\/humm.loverde.fr\/?p=9280","url_meta":{"origin":7933,"position":4},"title":"Quiche au saumon, poireau et ch\u00e8vre","author":"cloverde","date":"26 d\u00e9cembre 2023","format":false,"excerpt":"Habituellement je fais \u00e7a avec des \u00e9pinards, mais l\u00e0 pas d'epinard, pas de lardons non plus, donc pour meubler un peu j'ai ajout\u00e9 le poireau d\u00e9coup\u00e9 en tout petit bout et revenu \u00e0 la po\u00eale. Depuis un certain temps j'\u00e9vitait le lait de soja mais l\u00e0, malheureusement, pas de cr\u00e8me\u2026","rel":"","context":"Dans &quot;Recettes&quot;","block_context":{"text":"Recettes","link":"https:\/\/humm.loverde.fr\/?cat=2"},"img":{"alt_text":"","src":"https:\/\/i0.wp.com\/humm.loverde.fr\/wp-content\/uploads\/2023\/11\/IMG_20231112_100118_955.jpg?fit=1200%2C540&ssl=1&resize=350%2C200","width":350,"height":200,"srcset":"https:\/\/i0.wp.com\/humm.loverde.fr\/wp-content\/uploads\/2023\/11\/IMG_20231112_100118_955.jpg?fit=1200%2C540&ssl=1&resize=350%2C200 1x, https:\/\/i0.wp.com\/humm.loverde.fr\/wp-content\/uploads\/2023\/11\/IMG_20231112_100118_955.jpg?fit=1200%2C540&ssl=1&resize=525%2C300 1.5x, https:\/\/i0.wp.com\/humm.loverde.fr\/wp-content\/uploads\/2023\/11\/IMG_20231112_100118_955.jpg?fit=1200%2C540&ssl=1&resize=700%2C400 2x, https:\/\/i0.wp.com\/humm.loverde.fr\/wp-content\/uploads\/2023\/11\/IMG_20231112_100118_955.jpg?fit=1200%2C540&ssl=1&resize=1050%2C600 3x"},"classes":[]},{"id":7099,"url":"https:\/\/humm.loverde.fr\/?p=7099","url_meta":{"origin":7933,"position":5},"title":"Quiche aux feuilles de brick","author":"cloverde","date":"5 avril 2022","format":false,"excerpt":"Pour changer un peu et surtout parce que j'avais la flemme, j'ai d\u00e9cid\u00e9 de faire une quiche avec des feuilles de brick. Je ne sais pas si on peut encore appeler \u00e7a quiche. J'avais d\u00e9j\u00e0 fait une tarte saumon \u00e9pinard de cette fa\u00e7on : https:\/\/humm.loverde.fr\/tarte-saumon-chevre-epinards\/ Ingr\u00e9dients \u2022 8 feuilles de\u2026","rel":"","context":"Dans &quot;Recettes&quot;","block_context":{"text":"Recettes","link":"https:\/\/humm.loverde.fr\/?cat=2"},"img":{"alt_text":"","src":"https:\/\/i0.wp.com\/humm.loverde.fr\/wp-content\/uploads\/2022\/02\/IMG_20220202_122826_copy_1280x720.jpg?fit=1200%2C675&ssl=1&resize=350%2C200","width":350,"height":200,"srcset":"https:\/\/i0.wp.com\/humm.loverde.fr\/wp-content\/uploads\/2022\/02\/IMG_20220202_122826_copy_1280x720.jpg?fit=1200%2C675&ssl=1&resize=350%2C200 1x, https:\/\/i0.wp.com\/humm.loverde.fr\/wp-content\/uploads\/2022\/02\/IMG_20220202_122826_copy_1280x720.jpg?fit=1200%2C675&ssl=1&resize=525%2C300 1.5x, https:\/\/i0.wp.com\/humm.loverde.fr\/wp-content\/uploads\/2022\/02\/IMG_20220202_122826_copy_1280x720.jpg?fit=1200%2C675&ssl=1&resize=700%2C400 2x, https:\/\/i0.wp.com\/humm.loverde.fr\/wp-content\/uploads\/2022\/02\/IMG_20220202_122826_copy_1280x720.jpg?fit=1200%2C675&ssl=1&resize=1050%2C600 3x"},"classes":[]}],"_links":{"self":[{"href":"https:\/\/humm.loverde.fr\/index.php?rest_route=\/wp\/v2\/posts\/7933","targetHints":{"allow":["GET"]}}],"collection":[{"href":"https:\/\/humm.loverde.fr\/index.php?rest_route=\/wp\/v2\/posts"}],"about":[{"href":"https:\/\/humm.loverde.fr\/index.php?rest_route=\/wp\/v2\/types\/post"}],"author":[{"embeddable":true,"href":"https:\/\/humm.loverde.fr\/index.php?rest_route=\/wp\/v2\/users\/1"}],"replies":[{"embeddable":true,"href":"https:\/\/humm.loverde.fr\/index.php?rest_route=%2Fwp%2Fv2%2Fcomments&post=7933"}],"version-history":[{"count":3,"href":"https:\/\/humm.loverde.fr\/index.php?rest_route=\/wp\/v2\/posts\/7933\/revisions"}],"predecessor-version":[{"id":7937,"href":"https:\/\/humm.loverde.fr\/index.php?rest_route=\/wp\/v2\/posts\/7933\/revisions\/7937"}],"wp:featuredmedia":[{"embeddable":true,"href":"https:\/\/humm.loverde.fr\/index.php?rest_route=\/wp\/v2\/media\/7934"}],"wp:attachment":[{"href":"https:\/\/humm.loverde.fr\/index.php?rest_route=%2Fwp%2Fv2%2Fmedia&parent=7933"}],"wp:term":[{"taxonomy":"category","embeddable":true,"href":"https:\/\/humm.loverde.fr\/index.php?rest_route=%2Fwp%2Fv2%2Fcategories&post=7933"},{"taxonomy":"post_tag","embeddable":true,"href":"https:\/\/humm.loverde.fr\/index.php?rest_route=%2Fwp%2Fv2%2Ftags&post=7933"}],"curies":[{"name":"wp","href":"https:\/\/api.w.org\/{rel}","templated":true}]}}