{"id":8004,"date":"2022-12-03T06:00:00","date_gmt":"2022-12-03T05:00:00","guid":{"rendered":"https:\/\/humm.loverde.fr\/?p=8004"},"modified":"2022-12-01T08:14:52","modified_gmt":"2022-12-01T07:14:52","slug":"endives-au-jambon","status":"publish","type":"post","link":"https:\/\/humm.loverde.fr\/?p=8004","title":{"rendered":"Endives au jambon"},"content":{"rendered":"<p>Recette tir\u00e9e d&rsquo;une revue sp\u00e9cialis\u00e9e. \u00c0 l&rsquo;origine il fallait du lait mais comme nous ne consommons pas de lait j&rsquo;ai remplac\u00e9 par de la cr\u00e8me fra\u00eeche all\u00e9g\u00e9e.<\/p>\n<p><img data-recalc-dims=\"1\" loading=\"lazy\" decoding=\"async\" data-attachment-id=\"8005\" data-permalink=\"https:\/\/humm.loverde.fr\/?attachment_id=8005\" data-orig-file=\"https:\/\/i0.wp.com\/humm.loverde.fr\/wp-content\/uploads\/2022\/12\/IMG_20221130_014657_236.jpg?fit=1280%2C576&amp;ssl=1\" data-orig-size=\"1280,576\" data-comments-opened=\"1\" data-image-meta=\"{&quot;aperture&quot;:&quot;0&quot;,&quot;credit&quot;:&quot;&quot;,&quot;camera&quot;:&quot;&quot;,&quot;caption&quot;:&quot;&quot;,&quot;created_timestamp&quot;:&quot;0&quot;,&quot;copyright&quot;:&quot;&quot;,&quot;focal_length&quot;:&quot;0&quot;,&quot;iso&quot;:&quot;0&quot;,&quot;shutter_speed&quot;:&quot;0&quot;,&quot;title&quot;:&quot;&quot;,&quot;orientation&quot;:&quot;1&quot;}\" data-image-title=\"IMG_20221130_014657_236\" data-image-description=\"\" data-image-caption=\"\" data-large-file=\"https:\/\/i0.wp.com\/humm.loverde.fr\/wp-content\/uploads\/2022\/12\/IMG_20221130_014657_236.jpg?fit=960%2C432&amp;ssl=1\" class=\"wp-image-8005 alignnone size-full\" src=\"https:\/\/i0.wp.com\/humm.loverde.fr\/wp-content\/uploads\/2022\/12\/IMG_20221130_014657_236.jpg?resize=1200%2C540&#038;ssl=1\" width=\"1200\" height=\"540\" srcset=\"https:\/\/i0.wp.com\/humm.loverde.fr\/wp-content\/uploads\/2022\/12\/IMG_20221130_014657_236.jpg?w=1280&amp;ssl=1 1280w, https:\/\/i0.wp.com\/humm.loverde.fr\/wp-content\/uploads\/2022\/12\/IMG_20221130_014657_236.jpg?resize=595%2C268&amp;ssl=1 595w, https:\/\/i0.wp.com\/humm.loverde.fr\/wp-content\/uploads\/2022\/12\/IMG_20221130_014657_236.jpg?resize=960%2C432&amp;ssl=1 960w, https:\/\/i0.wp.com\/humm.loverde.fr\/wp-content\/uploads\/2022\/12\/IMG_20221130_014657_236.jpg?resize=768%2C346&amp;ssl=1 768w\" sizes=\"auto, (max-width: 1200px) 100vw, 1200px\" \/><\/p>\n<p><strong>Ingr\u00e9dients<\/strong><br \/>\nPour 2 mini-cocottes ou ramequins<\/p>\n<ul>\n<li>2 Tranches de jambon ou plus<\/li>\n<li>2 Endives ou plus<\/li>\n<li>Cr\u00e8me fra\u00eeche semi \u00e9paisse l\u00e9g\u00e8re (pas forc\u00e9ment tout)<\/li>\n<li>Leerdamer ou \u00e9quivalent<\/li>\n<\/ul>\n<p><strong>Pr\u00e9paration<\/strong><br \/>\nLaver les endives et les d\u00e9couper en grosses tranches dans le sens de la largeur.<\/p>\n<p>Les enrouler de jambon.<br \/>\nLes placer dans les deux cocottes ou ramequins.<br \/>\nD\u00e9couper des allumettes de Leerdamer et les ins\u00e9rer entre les endives au jambon.<\/p>\n<p>Ajouter de la cr\u00e8me fra\u00eeche.<\/p>\n<p>Enfourner \u00e0 150\u00b0C couvert pendant 15 minutes puis \u00f4ter les couvercles et laisser cuire \u00e0 180\u00b0C pendant 30 minutes ou plus, tout d\u00e9pend de la grosseur des endives.<\/p>\n<p><a href=\"http:\/\/bit.ly\/Christian_Loverde\">bit.ly\/Christian_Loverde<\/a><\/p>\n<p><a href=\"https:\/\/i0.wp.com\/humm.loverde.fr\/wp-content\/uploads\/2022\/12\/IMG_20221130_014657_236.jpg?ssl=1\" rel=\"attachment wp-att-8005\"><img data-recalc-dims=\"1\" loading=\"lazy\" decoding=\"async\" data-attachment-id=\"8005\" data-permalink=\"https:\/\/humm.loverde.fr\/?attachment_id=8005\" data-orig-file=\"https:\/\/i0.wp.com\/humm.loverde.fr\/wp-content\/uploads\/2022\/12\/IMG_20221130_014657_236.jpg?fit=1280%2C576&amp;ssl=1\" data-orig-size=\"1280,576\" data-comments-opened=\"1\" data-image-meta=\"{&quot;aperture&quot;:&quot;0&quot;,&quot;credit&quot;:&quot;&quot;,&quot;camera&quot;:&quot;&quot;,&quot;caption&quot;:&quot;&quot;,&quot;created_timestamp&quot;:&quot;0&quot;,&quot;copyright&quot;:&quot;&quot;,&quot;focal_length&quot;:&quot;0&quot;,&quot;iso&quot;:&quot;0&quot;,&quot;shutter_speed&quot;:&quot;0&quot;,&quot;title&quot;:&quot;&quot;,&quot;orientation&quot;:&quot;1&quot;}\" data-image-title=\"IMG_20221130_014657_236\" data-image-description=\"\" data-image-caption=\"\" data-large-file=\"https:\/\/i0.wp.com\/humm.loverde.fr\/wp-content\/uploads\/2022\/12\/IMG_20221130_014657_236.jpg?fit=960%2C432&amp;ssl=1\" class=\"alignnone size-full wp-image-8005\" src=\"https:\/\/i0.wp.com\/humm.loverde.fr\/wp-content\/uploads\/2022\/12\/IMG_20221130_014657_236.jpg?resize=960%2C9999&#038;ssl=1\" alt=\"\" title=\"img_20221130_014657_236-jpg\" width=\"960\" height=\"9999\"><\/a><\/p>\n","protected":false},"excerpt":{"rendered":"<p>Recette tir\u00e9e d&rsquo;une revue sp\u00e9cialis\u00e9e. \u00c0 l&rsquo;origine il fallait du lait mais comme nous ne consommons pas de lait j&rsquo;ai &hellip; <\/p>\n","protected":false},"author":1,"featured_media":8005,"comment_status":"open","ping_status":"","sticky":false,"template":"","format":"standard","meta":{"jetpack_post_was_ever_published":false,"_jetpack_newsletter_access":"","_jetpack_dont_email_post_to_subs":false,"_jetpack_newsletter_tier_id":0,"_jetpack_memberships_contains_paywalled_content":false,"_jetpack_memberships_contains_paid_content":false,"footnotes":"","jetpack_publicize_message":"","jetpack_publicize_feature_enabled":true,"jetpack_social_post_already_shared":true,"jetpack_social_options":{"image_generator_settings":{"template":"highway","default_image_id":0,"font":"","enabled":false},"version":2}},"categories":[2],"tags":[1333,613,161],"class_list":["post-8004","post","type-post","status-publish","format-standard","has-post-thumbnail","hentry","category-recettes","tag-cassolettes","tag-endives","tag-jambon"],"jetpack_publicize_connections":[],"jetpack_featured_media_url":"https:\/\/i0.wp.com\/humm.loverde.fr\/wp-content\/uploads\/2022\/12\/IMG_20221130_014657_236.jpg?fit=1280%2C576&ssl=1","jetpack_sharing_enabled":true,"jetpack_shortlink":"https:\/\/wp.me\/p9whbF-256","jetpack_likes_enabled":true,"jetpack-related-posts":[{"id":11529,"url":"https:\/\/humm.loverde.fr\/?p=11529","url_meta":{"origin":8004,"position":0},"title":"Endives au jambon cuites au four","author":"kris33390","date":"26 novembre 2024","format":false,"excerpt":"Voici une recette classique d'endives au jambon cuites au four. Ingr\u00e9dients \u2022 4 endives \u2022 4 tranches de jambon blanc \u2022 50 g de beurre \u2022 50 g de farine \u2022 250 ml de lait \u2022 60 g de gruy\u00e8re r\u00e2p\u00e9 (ou autre fromage \u00e0 gratiner) \u2022 Noix de muscade\u2026","rel":"","context":"Dans &quot;recette&quot;","block_context":{"text":"recette","link":"https:\/\/humm.loverde.fr\/?cat=1052"},"img":{"alt_text":"","src":"https:\/\/i0.wp.com\/humm.loverde.fr\/wp-content\/uploads\/2024\/10\/IMG_20241009_110657_577.jpg?fit=1200%2C540&ssl=1&resize=350%2C200","width":350,"height":200,"srcset":"https:\/\/i0.wp.com\/humm.loverde.fr\/wp-content\/uploads\/2024\/10\/IMG_20241009_110657_577.jpg?fit=1200%2C540&ssl=1&resize=350%2C200 1x, https:\/\/i0.wp.com\/humm.loverde.fr\/wp-content\/uploads\/2024\/10\/IMG_20241009_110657_577.jpg?fit=1200%2C540&ssl=1&resize=525%2C300 1.5x, https:\/\/i0.wp.com\/humm.loverde.fr\/wp-content\/uploads\/2024\/10\/IMG_20241009_110657_577.jpg?fit=1200%2C540&ssl=1&resize=700%2C400 2x, https:\/\/i0.wp.com\/humm.loverde.fr\/wp-content\/uploads\/2024\/10\/IMG_20241009_110657_577.jpg?fit=1200%2C540&ssl=1&resize=1050%2C600 3x"},"classes":[]},{"id":7167,"url":"https:\/\/humm.loverde.fr\/?p=7167","url_meta":{"origin":8004,"position":1},"title":"Gratin d&rsquo;endives au jambon et au bleu","author":"cloverde","date":"12 mars 2022","format":false,"excerpt":"Recette qui est arriv\u00e9e jusqu'\u00e0 moi par la livraison journali\u00e8re WhatsApp et que je n'ai pas trop modifi\u00e9.Ingr\u00e9dients 2 personnes \u2022 2 grosses endives ou, mieux, 4 jeunes \u2022 4 tranches de jambon blanc \u2022 10 g de beurre \u2022 1 cuill\u00e8re \u00e0 soupe de miel liquide \u2022 Sel, poivre\u2026","rel":"","context":"Dans &quot;Recettes&quot;","block_context":{"text":"Recettes","link":"https:\/\/humm.loverde.fr\/?cat=2"},"img":{"alt_text":"","src":"https:\/\/i0.wp.com\/humm.loverde.fr\/wp-content\/uploads\/2022\/03\/IMG_20220301_122129_copy_1024x576.jpg?fit=1024%2C576&ssl=1&resize=350%2C200","width":350,"height":200,"srcset":"https:\/\/i0.wp.com\/humm.loverde.fr\/wp-content\/uploads\/2022\/03\/IMG_20220301_122129_copy_1024x576.jpg?fit=1024%2C576&ssl=1&resize=350%2C200 1x, https:\/\/i0.wp.com\/humm.loverde.fr\/wp-content\/uploads\/2022\/03\/IMG_20220301_122129_copy_1024x576.jpg?fit=1024%2C576&ssl=1&resize=525%2C300 1.5x, https:\/\/i0.wp.com\/humm.loverde.fr\/wp-content\/uploads\/2022\/03\/IMG_20220301_122129_copy_1024x576.jpg?fit=1024%2C576&ssl=1&resize=700%2C400 2x"},"classes":[]},{"id":9081,"url":"https:\/\/humm.loverde.fr\/?p=9081","url_meta":{"origin":8004,"position":2},"title":"Tarte-quiche au jambon et coeurs d&rsquo;artichauts","author":"cloverde","date":"3 octobre 2023","format":false,"excerpt":"\u00c0 part la cr\u00e8me fra\u00eeche que j'ai choisi all\u00e9g\u00e9e cette quiche ou tarte comme vous voulez n'est pas tr\u00e8s grasse puisque cette fois-ci j'ai \u00e9vit\u00e9 le petit sal\u00e9. Ingr\u00e9dients Pour 4 personnes \u2022 1 p\u00e2te bris\u00e9e (200 g de farine, 100g de beurre + un peu d\u2019eau + un peu\u2026","rel":"","context":"Dans &quot;recette&quot;","block_context":{"text":"recette","link":"https:\/\/humm.loverde.fr\/?cat=1052"},"img":{"alt_text":"","src":"https:\/\/i0.wp.com\/humm.loverde.fr\/wp-content\/uploads\/2023\/09\/IMG_20230917_090235_618.jpg?fit=1200%2C540&ssl=1&resize=350%2C200","width":350,"height":200,"srcset":"https:\/\/i0.wp.com\/humm.loverde.fr\/wp-content\/uploads\/2023\/09\/IMG_20230917_090235_618.jpg?fit=1200%2C540&ssl=1&resize=350%2C200 1x, https:\/\/i0.wp.com\/humm.loverde.fr\/wp-content\/uploads\/2023\/09\/IMG_20230917_090235_618.jpg?fit=1200%2C540&ssl=1&resize=525%2C300 1.5x, https:\/\/i0.wp.com\/humm.loverde.fr\/wp-content\/uploads\/2023\/09\/IMG_20230917_090235_618.jpg?fit=1200%2C540&ssl=1&resize=700%2C400 2x, https:\/\/i0.wp.com\/humm.loverde.fr\/wp-content\/uploads\/2023\/09\/IMG_20230917_090235_618.jpg?fit=1200%2C540&ssl=1&resize=1050%2C600 3x"},"classes":[]},{"id":2210,"url":"https:\/\/humm.loverde.fr\/?p=2210","url_meta":{"origin":8004,"position":3},"title":"Po\u00eal\u00e9e de foie gras et endives","author":"cloverde","date":"3 janvier 2018","format":false,"excerpt":"Je ne regarde pas souvent la t\u00e9l\u00e9 mais quelques fois Laurent Mariotte, dans ses recettes vite exp\u00e9di\u00e9es, pr\u00e9sente une recette qui m\u00e9rite qu'on la retienne. Cette fois je m'en suis souvenu et, miracle, nous avions tous les ingr\u00e9dients en r\u00e9serve sauf la mangue pour la sauce. J'avais pr\u00e9vu de l'oignon\u2026","rel":"","context":"Dans &quot;Recettes&quot;","block_context":{"text":"Recettes","link":"https:\/\/humm.loverde.fr\/?cat=2"},"img":{"alt_text":"","src":"https:\/\/i0.wp.com\/humm.loverde.fr\/wp-content\/uploads\/2018\/01\/IMG_3235.jpg?fit=800%2C450&ssl=1&resize=350%2C200","width":350,"height":200,"srcset":"https:\/\/i0.wp.com\/humm.loverde.fr\/wp-content\/uploads\/2018\/01\/IMG_3235.jpg?fit=800%2C450&ssl=1&resize=350%2C200 1x, https:\/\/i0.wp.com\/humm.loverde.fr\/wp-content\/uploads\/2018\/01\/IMG_3235.jpg?fit=800%2C450&ssl=1&resize=525%2C300 1.5x, https:\/\/i0.wp.com\/humm.loverde.fr\/wp-content\/uploads\/2018\/01\/IMG_3235.jpg?fit=800%2C450&ssl=1&resize=700%2C400 2x"},"classes":[]},{"id":556,"url":"https:\/\/humm.loverde.fr\/?p=556","url_meta":{"origin":8004,"position":4},"title":"Friands au jambon et fromage","author":"cloverde","date":"9 juin 2015","format":false,"excerpt":"Friands jambon et fromage Ingr\u00e9dients 1carr\u00e9 feuillet\u00e9 par personne 1\/2 tranche de jambon par feuillet\u00e9 Comt\u00e9 r\u00e2p\u00e9 1 cuill\u00e8re \u00e0 soupe de\u00a0cr\u00e8me\u00a0fra\u00eeche par feuillet\u00e9 1 jaune d\u2019\u0153uf poivre Pr\u00e9paration Sur la moiti\u00e9 d\u2019un carr\u00e9 feuillet\u00e9, d\u00e9poser une demi tranche de jambon, parsemer avec du comt\u00e9, et ajouter une cuill\u00e8re \u00e0\u2026","rel":"","context":"Dans &quot;Recettes&quot;","block_context":{"text":"Recettes","link":"https:\/\/humm.loverde.fr\/?cat=2"},"img":{"alt_text":"friands au jambon et fromage 1","src":"https:\/\/i0.wp.com\/humm.loverde.fr\/wp-content\/uploads\/2015\/05\/friands-au-jambon-et-fromage-1-800x450.jpg?resize=350%2C200&ssl=1","width":350,"height":200,"srcset":"https:\/\/i0.wp.com\/humm.loverde.fr\/wp-content\/uploads\/2015\/05\/friands-au-jambon-et-fromage-1-800x450.jpg?resize=350%2C200&ssl=1 1x, https:\/\/i0.wp.com\/humm.loverde.fr\/wp-content\/uploads\/2015\/05\/friands-au-jambon-et-fromage-1-800x450.jpg?resize=525%2C300&ssl=1 1.5x, https:\/\/i0.wp.com\/humm.loverde.fr\/wp-content\/uploads\/2015\/05\/friands-au-jambon-et-fromage-1-800x450.jpg?resize=700%2C400&ssl=1 2x"},"classes":[]},{"id":1930,"url":"https:\/\/humm.loverde.fr\/?p=1930","url_meta":{"origin":8004,"position":5},"title":"Tarte sal\u00e9e p\u00e2te feuillet\u00e9e","author":"cloverde","date":"20 novembre 2017","format":false,"excerpt":"Une tarte rapide qui n'est ni une pizza ni une quiche et sans cr\u00e8me. Un peu lass\u00e9 des pizza et les quiches avec lait de soja pour remplacer la cr\u00e8me ce n'est pas terrible. Le lait de soja ne supporte pas trop la cuisson au four. J'ai eu l'id\u00e9e de\u2026","rel":"","context":"Dans &quot;Recettes&quot;","block_context":{"text":"Recettes","link":"https:\/\/humm.loverde.fr\/?cat=2"},"img":{"alt_text":"","src":"https:\/\/i0.wp.com\/humm.loverde.fr\/wp-content\/uploads\/2017\/10\/IMG_2687.jpg?resize=350%2C200&ssl=1","width":350,"height":200,"srcset":"https:\/\/i0.wp.com\/humm.loverde.fr\/wp-content\/uploads\/2017\/10\/IMG_2687.jpg?resize=350%2C200&ssl=1 1x, https:\/\/i0.wp.com\/humm.loverde.fr\/wp-content\/uploads\/2017\/10\/IMG_2687.jpg?resize=525%2C300&ssl=1 1.5x, https:\/\/i0.wp.com\/humm.loverde.fr\/wp-content\/uploads\/2017\/10\/IMG_2687.jpg?resize=700%2C400&ssl=1 2x"},"classes":[]}],"_links":{"self":[{"href":"https:\/\/humm.loverde.fr\/index.php?rest_route=\/wp\/v2\/posts\/8004","targetHints":{"allow":["GET"]}}],"collection":[{"href":"https:\/\/humm.loverde.fr\/index.php?rest_route=\/wp\/v2\/posts"}],"about":[{"href":"https:\/\/humm.loverde.fr\/index.php?rest_route=\/wp\/v2\/types\/post"}],"author":[{"embeddable":true,"href":"https:\/\/humm.loverde.fr\/index.php?rest_route=\/wp\/v2\/users\/1"}],"replies":[{"embeddable":true,"href":"https:\/\/humm.loverde.fr\/index.php?rest_route=%2Fwp%2Fv2%2Fcomments&post=8004"}],"version-history":[{"count":4,"href":"https:\/\/humm.loverde.fr\/index.php?rest_route=\/wp\/v2\/posts\/8004\/revisions"}],"predecessor-version":[{"id":8009,"href":"https:\/\/humm.loverde.fr\/index.php?rest_route=\/wp\/v2\/posts\/8004\/revisions\/8009"}],"wp:featuredmedia":[{"embeddable":true,"href":"https:\/\/humm.loverde.fr\/index.php?rest_route=\/wp\/v2\/media\/8005"}],"wp:attachment":[{"href":"https:\/\/humm.loverde.fr\/index.php?rest_route=%2Fwp%2Fv2%2Fmedia&parent=8004"}],"wp:term":[{"taxonomy":"category","embeddable":true,"href":"https:\/\/humm.loverde.fr\/index.php?rest_route=%2Fwp%2Fv2%2Fcategories&post=8004"},{"taxonomy":"post_tag","embeddable":true,"href":"https:\/\/humm.loverde.fr\/index.php?rest_route=%2Fwp%2Fv2%2Ftags&post=8004"}],"curies":[{"name":"wp","href":"https:\/\/api.w.org\/{rel}","templated":true}]}}