{"id":8041,"date":"2023-01-10T06:00:36","date_gmt":"2023-01-10T05:00:36","guid":{"rendered":"https:\/\/humm.loverde.fr\/?p=8041"},"modified":"2023-01-01T08:58:28","modified_gmt":"2023-01-01T07:58:28","slug":"roules-jambon-et-tomate","status":"publish","type":"post","link":"https:\/\/humm.loverde.fr\/?p=8041","title":{"rendered":"Roul\u00e9s jambon et tomate"},"content":{"rendered":"<p>J&rsquo;ai cherch\u00e9 quelque chose de nouveau pour l&rsquo;ap\u00e9ro du r\u00e9veillon et j&rsquo;ai fait des tests.<br \/>\nCelui-l\u00e0 \u00e9tait r\u00e9ussi mais comme il faut pr\u00e9parer et cuire au dernier moment, c&rsquo;\u00e9tait mal choisi pour cette occasion.<\/p>\n<p><img data-recalc-dims=\"1\" loading=\"lazy\" decoding=\"async\" data-attachment-id=\"8042\" data-permalink=\"https:\/\/humm.loverde.fr\/?attachment_id=8042\" data-orig-file=\"https:\/\/i0.wp.com\/humm.loverde.fr\/wp-content\/uploads\/2023\/01\/IMG_20230101_085131_241.jpg?fit=1280%2C576&amp;ssl=1\" data-orig-size=\"1280,576\" data-comments-opened=\"1\" data-image-meta=\"{&quot;aperture&quot;:&quot;0&quot;,&quot;credit&quot;:&quot;&quot;,&quot;camera&quot;:&quot;&quot;,&quot;caption&quot;:&quot;&quot;,&quot;created_timestamp&quot;:&quot;0&quot;,&quot;copyright&quot;:&quot;&quot;,&quot;focal_length&quot;:&quot;0&quot;,&quot;iso&quot;:&quot;0&quot;,&quot;shutter_speed&quot;:&quot;0&quot;,&quot;title&quot;:&quot;&quot;,&quot;orientation&quot;:&quot;0&quot;}\" data-image-title=\"IMG_20230101_085131_241\" data-image-description=\"\" data-image-caption=\"\" data-large-file=\"https:\/\/i0.wp.com\/humm.loverde.fr\/wp-content\/uploads\/2023\/01\/IMG_20230101_085131_241.jpg?fit=960%2C432&amp;ssl=1\" class=\"wp-image-8042 alignnone size-full\" src=\"https:\/\/i0.wp.com\/humm.loverde.fr\/wp-content\/uploads\/2023\/01\/IMG_20230101_085131_241.jpg?resize=1200%2C540&#038;ssl=1\" width=\"1200\" height=\"540\" srcset=\"https:\/\/i0.wp.com\/humm.loverde.fr\/wp-content\/uploads\/2023\/01\/IMG_20230101_085131_241.jpg?w=1280&amp;ssl=1 1280w, https:\/\/i0.wp.com\/humm.loverde.fr\/wp-content\/uploads\/2023\/01\/IMG_20230101_085131_241.jpg?resize=595%2C268&amp;ssl=1 595w, https:\/\/i0.wp.com\/humm.loverde.fr\/wp-content\/uploads\/2023\/01\/IMG_20230101_085131_241.jpg?resize=960%2C432&amp;ssl=1 960w, https:\/\/i0.wp.com\/humm.loverde.fr\/wp-content\/uploads\/2023\/01\/IMG_20230101_085131_241.jpg?resize=768%2C346&amp;ssl=1 768w\" sizes=\"auto, (max-width: 1200px) 100vw, 1200px\" \/><\/p>\n<p><strong>INGR\u00c9DIENTS<\/strong><\/p>\n<ul>\n<li>1 p\u00e2te feuillet\u00e9e<\/li>\n<li>1 bo\u00eete de concentr\u00e9 de tomates<\/li>\n<li>4 tranches de jambon<\/li>\n<li>Du parmesan r\u00e2p\u00e9<\/li>\n<li>un peu d&rsquo;origan<\/li>\n<li>1 jaune d\u2019\u0153uf<\/li>\n<\/ul>\n<p><strong>PR\u00c9PARATION<\/strong><\/p>\n<p>Pr\u00e9chauffez le four \u00e0 180 degr\u00e9s.<\/p>\n<p>Couper la p\u00e2te feuillet\u00e9e en deux pour des roul\u00e9s pas trop gros.<br \/>\n\u00c9talez du concentr\u00e9 de tomates sur la p\u00e2te feuillet\u00e9e.<br \/>\nD\u00e9posez les tranches de jambon et roulez le tout.<br \/>\nD\u00e9coupez des tron\u00e7ons et badigeonnez-les de jaune d\u2019\u0153uf. Saupoudrez de parmesan r\u00e2p\u00e9.<br \/>\nEnfournez sur du papier sulfuris\u00e9 pendant 15 minutes.<br \/>\nServez chaud.<\/p>\n<p><a href=\"http:\/\/bit.ly\/Christian_Loverde\">bit.ly\/Christian_Loverde<\/a><\/p>\n<p><a href=\"https:\/\/i0.wp.com\/humm.loverde.fr\/wp-content\/uploads\/2023\/01\/IMG_20230101_085131_241.jpg?ssl=1\" rel=\"attachment wp-att-8042\"><img data-recalc-dims=\"1\" loading=\"lazy\" decoding=\"async\" data-attachment-id=\"8042\" data-permalink=\"https:\/\/humm.loverde.fr\/?attachment_id=8042\" data-orig-file=\"https:\/\/i0.wp.com\/humm.loverde.fr\/wp-content\/uploads\/2023\/01\/IMG_20230101_085131_241.jpg?fit=1280%2C576&amp;ssl=1\" data-orig-size=\"1280,576\" data-comments-opened=\"1\" data-image-meta=\"{&quot;aperture&quot;:&quot;0&quot;,&quot;credit&quot;:&quot;&quot;,&quot;camera&quot;:&quot;&quot;,&quot;caption&quot;:&quot;&quot;,&quot;created_timestamp&quot;:&quot;0&quot;,&quot;copyright&quot;:&quot;&quot;,&quot;focal_length&quot;:&quot;0&quot;,&quot;iso&quot;:&quot;0&quot;,&quot;shutter_speed&quot;:&quot;0&quot;,&quot;title&quot;:&quot;&quot;,&quot;orientation&quot;:&quot;0&quot;}\" data-image-title=\"IMG_20230101_085131_241\" data-image-description=\"\" data-image-caption=\"\" data-large-file=\"https:\/\/i0.wp.com\/humm.loverde.fr\/wp-content\/uploads\/2023\/01\/IMG_20230101_085131_241.jpg?fit=960%2C432&amp;ssl=1\" class=\"alignnone size-full wp-image-8042\" src=\"https:\/\/i0.wp.com\/humm.loverde.fr\/wp-content\/uploads\/2023\/01\/IMG_20230101_085131_241.jpg?resize=960%2C9999&#038;ssl=1\" alt=\"\" title=\"img_20230101_085131_241-jpg\" width=\"960\" height=\"9999\"><\/a><\/p>\n","protected":false},"excerpt":{"rendered":"<p>J&rsquo;ai cherch\u00e9 quelque chose de nouveau pour l&rsquo;ap\u00e9ro du r\u00e9veillon et j&rsquo;ai fait des tests. Celui-l\u00e0 \u00e9tait r\u00e9ussi mais comme &hellip; <\/p>\n","protected":false},"author":1,"featured_media":8042,"comment_status":"open","ping_status":"","sticky":false,"template":"","format":"standard","meta":{"jetpack_post_was_ever_published":false,"_jetpack_newsletter_access":"","_jetpack_dont_email_post_to_subs":false,"_jetpack_newsletter_tier_id":0,"_jetpack_memberships_contains_paywalled_content":false,"_jetpack_memberships_contains_paid_content":false,"footnotes":"","jetpack_publicize_message":"","jetpack_publicize_feature_enabled":true,"jetpack_social_post_already_shared":true,"jetpack_social_options":{"image_generator_settings":{"template":"highway","default_image_id":0,"font":"","enabled":false},"version":2}},"categories":[2],"tags":[292,161,1458,495],"class_list":["post-8041","post","type-post","status-publish","format-standard","has-post-thumbnail","hentry","category-recettes","tag-apero","tag-jambon","tag-roules","tag-tomate"],"jetpack_publicize_connections":[],"jetpack_featured_media_url":"https:\/\/i0.wp.com\/humm.loverde.fr\/wp-content\/uploads\/2023\/01\/IMG_20230101_085131_241.jpg?fit=1280%2C576&ssl=1","jetpack_sharing_enabled":true,"jetpack_shortlink":"https:\/\/wp.me\/p9whbF-25H","jetpack_likes_enabled":true,"jetpack-related-posts":[{"id":1930,"url":"https:\/\/humm.loverde.fr\/?p=1930","url_meta":{"origin":8041,"position":0},"title":"Tarte sal\u00e9e p\u00e2te feuillet\u00e9e","author":"cloverde","date":"20 novembre 2017","format":false,"excerpt":"Une tarte rapide qui n'est ni une pizza ni une quiche et sans cr\u00e8me. Un peu lass\u00e9 des pizza et les quiches avec lait de soja pour remplacer la cr\u00e8me ce n'est pas terrible. Le lait de soja ne supporte pas trop la cuisson au four. J'ai eu l'id\u00e9e de\u2026","rel":"","context":"Dans &quot;Recettes&quot;","block_context":{"text":"Recettes","link":"https:\/\/humm.loverde.fr\/?cat=2"},"img":{"alt_text":"","src":"https:\/\/i0.wp.com\/humm.loverde.fr\/wp-content\/uploads\/2017\/10\/IMG_2687.jpg?resize=350%2C200&ssl=1","width":350,"height":200,"srcset":"https:\/\/i0.wp.com\/humm.loverde.fr\/wp-content\/uploads\/2017\/10\/IMG_2687.jpg?resize=350%2C200&ssl=1 1x, https:\/\/i0.wp.com\/humm.loverde.fr\/wp-content\/uploads\/2017\/10\/IMG_2687.jpg?resize=525%2C300&ssl=1 1.5x, https:\/\/i0.wp.com\/humm.loverde.fr\/wp-content\/uploads\/2017\/10\/IMG_2687.jpg?resize=700%2C400&ssl=1 2x"},"classes":[]},{"id":3501,"url":"https:\/\/humm.loverde.fr\/?p=3501","url_meta":{"origin":8041,"position":1},"title":"Du soleil pour l&rsquo;ap\u00e9ro","author":"cloverde","date":"15 janvier 2019","format":false,"excerpt":"Du soleil pour l'ap\u00e9ro Les croissants ch\u00e8vre-saumon ou les friands saucisses de Strasbourg et p\u00e2te feuillet\u00e9e c'est bon, j'ai d\u00e9j\u00e0 fait... Donc un peu de renouvellement. La Photo principale est un peu rat\u00e9e, j'avais des invit\u00e9s et, dans le feu de l'action je n'ai pas pens\u00e9 \u00e0 prendre plusieurs photos.\u2026","rel":"","context":"Dans &quot;Recettes&quot;","block_context":{"text":"Recettes","link":"https:\/\/humm.loverde.fr\/?cat=2"},"img":{"alt_text":"","src":"https:\/\/i0.wp.com\/humm.loverde.fr\/wp-content\/uploads\/2018\/12\/Attachment-1-1-e1546040182435.jpeg?fit=800%2C450&ssl=1&resize=350%2C200","width":350,"height":200,"srcset":"https:\/\/i0.wp.com\/humm.loverde.fr\/wp-content\/uploads\/2018\/12\/Attachment-1-1-e1546040182435.jpeg?fit=800%2C450&ssl=1&resize=350%2C200 1x, https:\/\/i0.wp.com\/humm.loverde.fr\/wp-content\/uploads\/2018\/12\/Attachment-1-1-e1546040182435.jpeg?fit=800%2C450&ssl=1&resize=525%2C300 1.5x, https:\/\/i0.wp.com\/humm.loverde.fr\/wp-content\/uploads\/2018\/12\/Attachment-1-1-e1546040182435.jpeg?fit=800%2C450&ssl=1&resize=700%2C400 2x"},"classes":[]},{"id":556,"url":"https:\/\/humm.loverde.fr\/?p=556","url_meta":{"origin":8041,"position":2},"title":"Friands au jambon et fromage","author":"cloverde","date":"9 juin 2015","format":false,"excerpt":"Friands jambon et fromage Ingr\u00e9dients 1carr\u00e9 feuillet\u00e9 par personne 1\/2 tranche de jambon par feuillet\u00e9 Comt\u00e9 r\u00e2p\u00e9 1 cuill\u00e8re \u00e0 soupe de\u00a0cr\u00e8me\u00a0fra\u00eeche par feuillet\u00e9 1 jaune d\u2019\u0153uf poivre Pr\u00e9paration Sur la moiti\u00e9 d\u2019un carr\u00e9 feuillet\u00e9, d\u00e9poser une demi tranche de jambon, parsemer avec du comt\u00e9, et ajouter une cuill\u00e8re \u00e0\u2026","rel":"","context":"Dans &quot;Recettes&quot;","block_context":{"text":"Recettes","link":"https:\/\/humm.loverde.fr\/?cat=2"},"img":{"alt_text":"friands au jambon et fromage 1","src":"https:\/\/i0.wp.com\/humm.loverde.fr\/wp-content\/uploads\/2015\/05\/friands-au-jambon-et-fromage-1-800x450.jpg?resize=350%2C200&ssl=1","width":350,"height":200,"srcset":"https:\/\/i0.wp.com\/humm.loverde.fr\/wp-content\/uploads\/2015\/05\/friands-au-jambon-et-fromage-1-800x450.jpg?resize=350%2C200&ssl=1 1x, https:\/\/i0.wp.com\/humm.loverde.fr\/wp-content\/uploads\/2015\/05\/friands-au-jambon-et-fromage-1-800x450.jpg?resize=525%2C300&ssl=1 1.5x, https:\/\/i0.wp.com\/humm.loverde.fr\/wp-content\/uploads\/2015\/05\/friands-au-jambon-et-fromage-1-800x450.jpg?resize=700%2C400&ssl=1 2x"},"classes":[]},{"id":2159,"url":"https:\/\/humm.loverde.fr\/?p=2159","url_meta":{"origin":8041,"position":3},"title":"Feuillet\u00e9s ail et fines herbes et bacon","author":"cloverde","date":"7 f\u00e9vrier 2018","format":false,"excerpt":"Que dire? J'aime bien les friands et j'en ai forc\u00e9ment d\u00e9j\u00e0 pr\u00e9par\u00e9s et pr\u00e9sent\u00e9s ici. \u00c0 chaque fois que je fais un essai avec ceux vendus au rayon charcuterie traiteur je suis malade, je vous \u00e9pargne les d\u00e9tails. J'avais fait une r\u00e9alisation avec b\u00e9chamel et compagnie et l\u00e0 aussi je\u2026","rel":"","context":"Dans &quot;Recettes&quot;","block_context":{"text":"Recettes","link":"https:\/\/humm.loverde.fr\/?cat=2"},"img":{"alt_text":"","src":"https:\/\/i0.wp.com\/humm.loverde.fr\/wp-content\/uploads\/2017\/12\/IMG_3163.jpg?fit=800%2C449&ssl=1&resize=350%2C200","width":350,"height":200,"srcset":"https:\/\/i0.wp.com\/humm.loverde.fr\/wp-content\/uploads\/2017\/12\/IMG_3163.jpg?fit=800%2C449&ssl=1&resize=350%2C200 1x, https:\/\/i0.wp.com\/humm.loverde.fr\/wp-content\/uploads\/2017\/12\/IMG_3163.jpg?fit=800%2C449&ssl=1&resize=525%2C300 1.5x, https:\/\/i0.wp.com\/humm.loverde.fr\/wp-content\/uploads\/2017\/12\/IMG_3163.jpg?fit=800%2C449&ssl=1&resize=700%2C400 2x"},"classes":[]},{"id":3702,"url":"https:\/\/humm.loverde.fr\/?p=3702","url_meta":{"origin":8041,"position":4},"title":"Conchiglionis farcis au jambon cru, tomates s\u00e9ch\u00e9es, pignon et basilic","author":"cloverde","date":"16 mars 2019","format":false,"excerpt":"Conchiglionis farcis au jambon cru, tomates s\u00e9ch\u00e9es, pignon et basilic Bien s\u00fbr il faut aimer les p\u00e2tes! Les recettes traditionnelles, j'en ai presque fait le tour, alors quand j'ai vu celle l\u00e0, je n'ai pas h\u00e9sit\u00e9. Je dois dire que, en plus d'une r\u00e9alisation tr\u00e8s simple (\u00e0 condition d'avoir tous\u2026","rel":"","context":"Dans &quot;Farci&quot;","block_context":{"text":"Farci","link":"https:\/\/humm.loverde.fr\/?cat=998"},"img":{"alt_text":"","src":"https:\/\/i0.wp.com\/humm.loverde.fr\/wp-content\/uploads\/2019\/03\/Attachment-2.jpeg?fit=800%2C600&ssl=1&resize=350%2C200","width":350,"height":200,"srcset":"https:\/\/i0.wp.com\/humm.loverde.fr\/wp-content\/uploads\/2019\/03\/Attachment-2.jpeg?fit=800%2C600&ssl=1&resize=350%2C200 1x, https:\/\/i0.wp.com\/humm.loverde.fr\/wp-content\/uploads\/2019\/03\/Attachment-2.jpeg?fit=800%2C600&ssl=1&resize=525%2C300 1.5x, https:\/\/i0.wp.com\/humm.loverde.fr\/wp-content\/uploads\/2019\/03\/Attachment-2.jpeg?fit=800%2C600&ssl=1&resize=700%2C400 2x"},"classes":[]},{"id":2678,"url":"https:\/\/humm.loverde.fr\/?p=2678","url_meta":{"origin":8041,"position":5},"title":"Friands aux fromages","author":"cloverde","date":"2 juin 2018","format":false,"excerpt":"J'adore les friands au fromage ou aux fruits de mer ou \u00e0 autre chose. Mais \u00e0 chaque fois que je mange ceux que l'on trouve au rayon charcuterie je suis malade. Je vous \u00e9pargne les d\u00e9tails. Donc j'ai d\u00e9cid\u00e9 de les faire moi-m\u00eame et pour changer (et surtout peut-\u00eatre parce\u2026","rel":"","context":"Dans &quot;Recettes&quot;","block_context":{"text":"Recettes","link":"https:\/\/humm.loverde.fr\/?cat=2"},"img":{"alt_text":"","src":"https:\/\/i0.wp.com\/humm.loverde.fr\/wp-content\/uploads\/2018\/04\/226ec3afa3e4bfa773714b2bef3bd035-1.jpeg?fit=800%2C597&ssl=1&resize=350%2C200","width":350,"height":200,"srcset":"https:\/\/i0.wp.com\/humm.loverde.fr\/wp-content\/uploads\/2018\/04\/226ec3afa3e4bfa773714b2bef3bd035-1.jpeg?fit=800%2C597&ssl=1&resize=350%2C200 1x, https:\/\/i0.wp.com\/humm.loverde.fr\/wp-content\/uploads\/2018\/04\/226ec3afa3e4bfa773714b2bef3bd035-1.jpeg?fit=800%2C597&ssl=1&resize=525%2C300 1.5x, https:\/\/i0.wp.com\/humm.loverde.fr\/wp-content\/uploads\/2018\/04\/226ec3afa3e4bfa773714b2bef3bd035-1.jpeg?fit=800%2C597&ssl=1&resize=700%2C400 2x"},"classes":[]}],"_links":{"self":[{"href":"https:\/\/humm.loverde.fr\/index.php?rest_route=\/wp\/v2\/posts\/8041","targetHints":{"allow":["GET"]}}],"collection":[{"href":"https:\/\/humm.loverde.fr\/index.php?rest_route=\/wp\/v2\/posts"}],"about":[{"href":"https:\/\/humm.loverde.fr\/index.php?rest_route=\/wp\/v2\/types\/post"}],"author":[{"embeddable":true,"href":"https:\/\/humm.loverde.fr\/index.php?rest_route=\/wp\/v2\/users\/1"}],"replies":[{"embeddable":true,"href":"https:\/\/humm.loverde.fr\/index.php?rest_route=%2Fwp%2Fv2%2Fcomments&post=8041"}],"version-history":[{"count":3,"href":"https:\/\/humm.loverde.fr\/index.php?rest_route=\/wp\/v2\/posts\/8041\/revisions"}],"predecessor-version":[{"id":8045,"href":"https:\/\/humm.loverde.fr\/index.php?rest_route=\/wp\/v2\/posts\/8041\/revisions\/8045"}],"wp:featuredmedia":[{"embeddable":true,"href":"https:\/\/humm.loverde.fr\/index.php?rest_route=\/wp\/v2\/media\/8042"}],"wp:attachment":[{"href":"https:\/\/humm.loverde.fr\/index.php?rest_route=%2Fwp%2Fv2%2Fmedia&parent=8041"}],"wp:term":[{"taxonomy":"category","embeddable":true,"href":"https:\/\/humm.loverde.fr\/index.php?rest_route=%2Fwp%2Fv2%2Fcategories&post=8041"},{"taxonomy":"post_tag","embeddable":true,"href":"https:\/\/humm.loverde.fr\/index.php?rest_route=%2Fwp%2Fv2%2Ftags&post=8041"}],"curies":[{"name":"wp","href":"https:\/\/api.w.org\/{rel}","templated":true}]}}