{"id":842,"date":"2015-10-17T07:07:13","date_gmt":"2015-10-17T06:07:13","guid":{"rendered":"http:\/\/humm.loverde.fr\/?p=842"},"modified":"2019-07-30T23:37:33","modified_gmt":"2019-07-30T22:37:33","slug":"lectures-de-lete","status":"publish","type":"post","link":"https:\/\/humm.loverde.fr\/?p=842","title":{"rendered":"Lectures de l&rsquo;\u00e9t\u00e9"},"content":{"rendered":"<p><span class=\"text-info\"><strong>Alessandro Barrico &#8211; les barbares<\/strong><\/span><\/p>\n<p>Etat des lieux des nouvelles m\u00e9thodes de consommation dans le domaine de la culture et dans d&rsquo;autres. Faut-il les opposer aux anciennes.<br \/>\nLe livre(le sujet), en quelques lignes:<br \/>\n\u00ab\u00a0<em>L\u00e0 o\u00f9 il y avait une librairie dont le vendeur connaissait ses livres et les lisait, il y a maintenant un m\u00e9gastore \u00e0 plusieurs \u00e9tages<\/em>\u00a0\u00bb<br \/>\nFace \u00e0 la \u00ab\u00a0<em>litt\u00e9rature \u00ab de qualit\u00e9 \u00bb. Le verdict\u00a0\u00bb est simple \u00ab\u00a0l\u2019orientation que le march\u00e9 des livres est en train de prendre (&#8230;) a largement profit\u00e9 (\u00e0 son) \u00e9largissement\u00a0\u00bb<\/em><\/p>\n<p>D&rsquo;autres th\u00e8mes sont abord\u00e9s.<br \/>\nLa conclusion:<br \/>\n\u00ab\u00a0<em>quoi qu\u2019il soit en train de se passer, quand nous avons senti souffler dans notre cou la menace d\u2019un saccage, le geste que nous avons choisi de faire a consist\u00e9 \u00e0 dresser une Grande Muraille. \u00bb<\/em><br \/>\n<em> \u00ab M\u00eame le constat \u00e9vident que cette muraille n\u2019a en rien r\u00e9duit les invasions ne nous fait pas changer d\u2019avis. Nous continuons \u00e0 perdre du terrain, (&#8230;). La v\u00e9rit\u00e9, c\u2019est que nous ne d\u00e9fendons pas une fronti\u00e8re : nous l\u2019inventons<\/em> \u00bb<\/p>\n<p>En gros ces nouveaux modes de consommation ne d\u00e9truisent rien et au contraire, le livre ne s&rsquo;est jamais aussi bien port\u00e9.<\/p>\n<p><span class=\"text-info\"><strong>Assia Djebar &#8211; Femmes d&rsquo;Alger dans leur appartement<\/strong><\/span><br \/>\nCe n&rsquo;est pas un livre militant ni f\u00e9ministe. Juste des histoires de femmes alg\u00e9riennes, un \u00e9tat des lieux de la condition f\u00e9minine en Alg\u00e9rie \u00e0 diff\u00e9rentes \u00e9poques jusque 1980.<br \/>\nLa vision de la femme en Alg\u00e9rie et donc chez les musulmans ne laisse pas entrevoir un avenir moins sombre que dans ces ann\u00e9es l\u00e0!<\/p>\n<p><img data-recalc-dims=\"1\" loading=\"lazy\" decoding=\"async\" data-attachment-id=\"2409\" data-permalink=\"https:\/\/humm.loverde.fr\/?attachment_id=2409\" data-orig-file=\"https:\/\/i0.wp.com\/humm.loverde.fr\/wp-content\/uploads\/2015\/10\/IMG_3471.jpg?fit=800%2C450&amp;ssl=1\" data-orig-size=\"800,450\" data-comments-opened=\"1\" data-image-meta=\"{&quot;aperture&quot;:&quot;0&quot;,&quot;credit&quot;:&quot;&quot;,&quot;camera&quot;:&quot;&quot;,&quot;caption&quot;:&quot;&quot;,&quot;created_timestamp&quot;:&quot;0&quot;,&quot;copyright&quot;:&quot;&quot;,&quot;focal_length&quot;:&quot;0&quot;,&quot;iso&quot;:&quot;0&quot;,&quot;shutter_speed&quot;:&quot;0&quot;,&quot;title&quot;:&quot;&quot;,&quot;orientation&quot;:&quot;0&quot;}\" data-image-title=\"IMG_3471\" data-image-description=\"\" data-image-caption=\"\" data-large-file=\"https:\/\/i0.wp.com\/humm.loverde.fr\/wp-content\/uploads\/2015\/10\/IMG_3471.jpg?fit=800%2C450&amp;ssl=1\" class=\"aligncenter size-full wp-image-2409\" src=\"https:\/\/i0.wp.com\/humm.loverde.fr\/wp-content\/uploads\/2015\/10\/IMG_3471.jpg?resize=800%2C450&#038;ssl=1\" alt=\"\" width=\"800\" height=\"450\" srcset=\"https:\/\/i0.wp.com\/humm.loverde.fr\/wp-content\/uploads\/2015\/10\/IMG_3471.jpg?w=800&amp;ssl=1 800w, https:\/\/i0.wp.com\/humm.loverde.fr\/wp-content\/uploads\/2015\/10\/IMG_3471.jpg?resize=595%2C335&amp;ssl=1 595w, https:\/\/i0.wp.com\/humm.loverde.fr\/wp-content\/uploads\/2015\/10\/IMG_3471.jpg?resize=768%2C432&amp;ssl=1 768w, https:\/\/i0.wp.com\/humm.loverde.fr\/wp-content\/uploads\/2015\/10\/IMG_3471.jpg?resize=107%2C60&amp;ssl=1 107w\" sizes=\"auto, (max-width: 800px) 100vw, 800px\" \/><\/p>\n<p>&nbsp;<\/p>\n<p>Pas trop de r\u00e9volte&#8230; on aurait aim\u00e9!<br \/>\nLa premi\u00e8re et la derni\u00e8re nouvelle sont les plus int\u00e9ressantes. Dans la premi\u00e8re nouvelle vers 1920, avant la colonisation(?) mais avec d\u00e9j\u00e0 des fran\u00e7ais, espagnols&#8230; Coexistence, un peu de mixit\u00e9.<\/p>\n<p>Anecdote: le jeu du lancer de noyaux d&rsquo;abricot pendant la r\u00e9cr\u00e9ation dans la cour de l&rsquo;\u00e9cole, j&rsquo;ai pratiqu\u00e9!<\/p>\n<p>&nbsp;<\/p>\n<p><span class=\"text-info\"><strong>Colette &#8211; Le bl\u00e9 en herbe<\/strong><\/span><br \/>\nVite lu, bien \u00e9cris (je crois), m\u00eame les descriptions qui ralentissent l&rsquo;histoire ne m&rsquo;ont pas g\u00ean\u00e9, peut-\u00eatre parceque j&rsquo;aime la mer&#8230;<\/p>\n<p>L&rsquo;histoire: deux jeunes adolescents, qui ne s&rsquo;aiment Peut-\u00eatre pas vraiment, mais qui sont promis l&rsquo;un \u00e0 l&rsquo;autre, enfin surtout la fille au gar\u00e7on(1) est \u00e0 peine perturb\u00e9e par l&rsquo;aventure du gamin avec une adulte. Alors que la fille n&rsquo;aurait pas dit non(2), il aurait suffit que cet idiot demande!<\/p>\n<p>(1)\u00ab elle ses quinze ans tourment\u00e9s d\u2019amour pour son compagnon d\u2019enfance, lui ses seize ans dominateurs, son d\u00e9dain de joli gar\u00e7on et son exigence de propri\u00e9taire pr\u00e9coce. \u00bb<\/p>\n<p>(2)\u00ab Tu es quand m\u00eame en faute, Phil, puisque c\u2019est \u00e0 moi que tu aurais d\u00fb demander\u2026 \u00bb<\/p>\n<p>&nbsp;<\/p>\n<p><span class=\"text-info\"><strong>Jean-Claude Izzo &#8211; Les marins perdus<\/strong><\/span><br \/>\nPourquoi ce livre? Pour deux raisons. Au d\u00e9part ce livre fait parti des 33 livres offert \u00e0 Alice (Fidelio, l&rsquo;odyss\u00e9e d&rsquo;Alice &#8211; film de Lucie Borleteau sortie en d\u00e9cembre 2014 et en vid\u00e9o en juin 2015)<br \/>\nJe ne serais pas aussi flamboyant que le blogueur du site:<\/p>\n<p><a href=\"http:\/\/leslecturesdelonclepaul.over-blog.com\/article-jean-claude-izzo-les-marins-perdus-97939556.html\" target=\"_blank\" rel=\"noopener noreferrer\">http:\/\/leslecturesdelonclepaul.over-blog.com<\/a><\/p>\n<p>Donc je me contenterais de le citer:<br \/>\nOde \u00e0 Marseille, \u00e0 son port, et \u00e0 ses habitants venus des diff\u00e9rents pays bordant la M\u00e9diterran\u00e9e, Les Marins perdus est \u00e9galement le t\u00e9moignage de ses marins qui se retrouvent \u00e0 quai, dans un pays qu\u2019ils ne connaissent pas et qui sont prisonniers sur leur navire par la faute d\u2019un armateur ind\u00e9licat.<br \/>\nIzzo d\u00e9crit avec sensibilit\u00e9 les moments de doute, de tourments, de retours sur leur pass\u00e9, de trois hommes oblig\u00e9s \u00e0 vivre en communaut\u00e9, mais dans une communaut\u00e9 qui n\u2019est plus celle de la navigation. L\u2019amiti\u00e9 qu\u2019ils se vouaient se transforme peu \u00e0 peu \u00e0 cause de l\u2019\u00e9loignement du pays natal et de leurs racines, familiales principalement. De petits instants de bonheur ench\u00e2ss\u00e9s dans de grands moments de solitude, de tristesse, d\u2019esp\u00e9rance g\u00e2ch\u00e9e.<\/p>\n<p>&nbsp;<\/p>\n<p><span class=\"text-info\"><strong>Thomas Reverdy &#8211; Les \u00e9vapor\u00e9s<\/strong><\/span><br \/>\nAu d\u00e9part je voulais lire \u00ab\u00a0il \u00e9tait une ville\u00a0\u00bb dont le sujet me semble int\u00e9ressant. Mais je ne l&rsquo;ai pas trouv\u00e9 en num\u00e9rique donc je me suis rabattu sur le pr\u00e9c\u00e9dent.<br \/>\nL&rsquo;histoire tout aussi int\u00e9ressante sur des gens qui disparaissent, mais au Japon c\u2019est diff\u00e9rent, cela fait parti de la soci\u00e9t\u00e9 japonaise qui semble assez incompr\u00e9hensible pour le fran\u00e7ais moyen.<\/p>\n<p><img data-recalc-dims=\"1\" loading=\"lazy\" decoding=\"async\" data-attachment-id=\"2411\" data-permalink=\"https:\/\/humm.loverde.fr\/?attachment_id=2411\" data-orig-file=\"https:\/\/i0.wp.com\/humm.loverde.fr\/wp-content\/uploads\/2015\/10\/IMG_3470.jpg?fit=800%2C533&amp;ssl=1\" data-orig-size=\"800,533\" data-comments-opened=\"1\" data-image-meta=\"{&quot;aperture&quot;:&quot;0&quot;,&quot;credit&quot;:&quot;&quot;,&quot;camera&quot;:&quot;&quot;,&quot;caption&quot;:&quot;&quot;,&quot;created_timestamp&quot;:&quot;0&quot;,&quot;copyright&quot;:&quot;&quot;,&quot;focal_length&quot;:&quot;0&quot;,&quot;iso&quot;:&quot;0&quot;,&quot;shutter_speed&quot;:&quot;0&quot;,&quot;title&quot;:&quot;&quot;,&quot;orientation&quot;:&quot;1&quot;}\" data-image-title=\"IMG_3470\" data-image-description=\"\" data-image-caption=\"\" data-large-file=\"https:\/\/i0.wp.com\/humm.loverde.fr\/wp-content\/uploads\/2015\/10\/IMG_3470.jpg?fit=800%2C533&amp;ssl=1\" class=\"aligncenter size-full wp-image-2411\" src=\"https:\/\/i0.wp.com\/humm.loverde.fr\/wp-content\/uploads\/2015\/10\/IMG_3470.jpg?resize=800%2C533&#038;ssl=1\" alt=\"\" width=\"800\" height=\"533\" srcset=\"https:\/\/i0.wp.com\/humm.loverde.fr\/wp-content\/uploads\/2015\/10\/IMG_3470.jpg?w=800&amp;ssl=1 800w, https:\/\/i0.wp.com\/humm.loverde.fr\/wp-content\/uploads\/2015\/10\/IMG_3470.jpg?resize=595%2C396&amp;ssl=1 595w, https:\/\/i0.wp.com\/humm.loverde.fr\/wp-content\/uploads\/2015\/10\/IMG_3470.jpg?resize=768%2C512&amp;ssl=1 768w, https:\/\/i0.wp.com\/humm.loverde.fr\/wp-content\/uploads\/2015\/10\/IMG_3470.jpg?resize=90%2C60&amp;ssl=1 90w\" sizes=\"auto, (max-width: 800px) 100vw, 800px\" \/><\/p>\n<p>J&rsquo;aime la fa\u00e7on de raconter, le pays et surtout cette fille qui est entr\u00e9e dans sa vie, pourquoi, comment? puis perdue et impossible \u00e0 reconqu\u00e9rir. Auteur tr\u00e8s jeune pourtant! C&rsquo;est s\u00fbrement cela le talent&#8230;<\/p>\n","protected":false},"excerpt":{"rendered":"<p>Alessandro Barrico &#8211; les barbares Etat des lieux des nouvelles m\u00e9thodes de consommation dans le domaine de la culture et &hellip; <\/p>\n","protected":false},"author":1,"featured_media":2411,"comment_status":"open","ping_status":"open","sticky":false,"template":"","format":"standard","meta":{"jetpack_post_was_ever_published":false,"_jetpack_newsletter_access":"","_jetpack_dont_email_post_to_subs":false,"_jetpack_newsletter_tier_id":0,"_jetpack_memberships_contains_paywalled_content":false,"_jetpack_memberships_contains_paid_content":false,"footnotes":"","jetpack_publicize_message":"","jetpack_publicize_feature_enabled":true,"jetpack_social_post_already_shared":false,"jetpack_social_options":{"image_generator_settings":{"template":"highway","default_image_id":0,"font":"","enabled":false},"version":2}},"categories":[1],"tags":[143,307,309,308,311,310,306,314,312,313],"class_list":["post-842","post","type-post","status-publish","format-standard","has-post-thumbnail","hentry","category-lectures","tag-alessandro-barrico","tag-assia-djebar","tag-colette","tag-femmes-dalger-dans-leur-appartement","tag-jean-claude-izzo","tag-le-ble-en-herbe","tag-les-barbares","tag-les-evapores","tag-les-marins-perdus","tag-thomas-reverdy"],"jetpack_publicize_connections":[],"jetpack_featured_media_url":"https:\/\/i0.wp.com\/humm.loverde.fr\/wp-content\/uploads\/2015\/10\/IMG_3470.jpg?fit=800%2C533&ssl=1","jetpack_sharing_enabled":true,"jetpack_shortlink":"https:\/\/wp.me\/p9whbF-dA","jetpack_likes_enabled":true,"jetpack-related-posts":[{"id":10289,"url":"https:\/\/humm.loverde.fr\/?p=10289","url_meta":{"origin":842,"position":0},"title":"Paul Auster","author":"kris33390","date":"5 mai 2024","format":false,"excerpt":"La mort de Paul Auster a \u00e9t\u00e9 tr\u00e8s largement \u00e9voqu\u00e9e dans les journaux t\u00e9l\u00e9vis\u00e9s, \u00e0 la radio et sur le web. Paul Auster, Bashung, Gainsbourg... le talent n'emp\u00eache pas les addictions mortelles et c'est bien dommage. Je me suis dit, tiens je ne suis pas le seul \u00e0 appr\u00e9cier cet\u2026","rel":"","context":"Dans &quot;Actuel&quot;","block_context":{"text":"Actuel","link":"https:\/\/humm.loverde.fr\/?cat=13"},"img":{"alt_text":"","src":"https:\/\/i0.wp.com\/humm.loverde.fr\/wp-content\/uploads\/2024\/05\/tc5ea352_copy_1024x683.jpg?fit=1024%2C683&ssl=1&resize=350%2C200","width":350,"height":200,"srcset":"https:\/\/i0.wp.com\/humm.loverde.fr\/wp-content\/uploads\/2024\/05\/tc5ea352_copy_1024x683.jpg?fit=1024%2C683&ssl=1&resize=350%2C200 1x, https:\/\/i0.wp.com\/humm.loverde.fr\/wp-content\/uploads\/2024\/05\/tc5ea352_copy_1024x683.jpg?fit=1024%2C683&ssl=1&resize=525%2C300 1.5x, https:\/\/i0.wp.com\/humm.loverde.fr\/wp-content\/uploads\/2024\/05\/tc5ea352_copy_1024x683.jpg?fit=1024%2C683&ssl=1&resize=700%2C400 2x"},"classes":[]},{"id":7900,"url":"https:\/\/humm.loverde.fr\/?p=7900","url_meta":{"origin":842,"position":1},"title":"Romance in Marseille, Claude Mc Key","author":"cloverde","date":"15 octobre 2022","format":false,"excerpt":"Pour mes futures lectures je m'inspire quelques fois des pr\u00e9sentations de nouveaut\u00e9s dont je prends une photo, c'est plus rapide que noter sur un papier et plus s\u00fbr que la m\u00e9moire. J'ai d\u00e9cid\u00e9 de lire ce livre en pr\u00e9vision d'un futur voyage \u00e0 Marseille. Pr\u00e9sentation (Le Monde) Certains doutaient m\u00eame\u2026","rel":"","context":"Dans &quot;lecture&quot;","block_context":{"text":"lecture","link":"https:\/\/humm.loverde.fr\/?cat=1068"},"img":{"alt_text":"","src":"https:\/\/i0.wp.com\/humm.loverde.fr\/wp-content\/uploads\/2022\/10\/IMG_20221003_071028_891.jpg?fit=1200%2C554&ssl=1&resize=350%2C200","width":350,"height":200,"srcset":"https:\/\/i0.wp.com\/humm.loverde.fr\/wp-content\/uploads\/2022\/10\/IMG_20221003_071028_891.jpg?fit=1200%2C554&ssl=1&resize=350%2C200 1x, https:\/\/i0.wp.com\/humm.loverde.fr\/wp-content\/uploads\/2022\/10\/IMG_20221003_071028_891.jpg?fit=1200%2C554&ssl=1&resize=525%2C300 1.5x, https:\/\/i0.wp.com\/humm.loverde.fr\/wp-content\/uploads\/2022\/10\/IMG_20221003_071028_891.jpg?fit=1200%2C554&ssl=1&resize=700%2C400 2x, https:\/\/i0.wp.com\/humm.loverde.fr\/wp-content\/uploads\/2022\/10\/IMG_20221003_071028_891.jpg?fit=1200%2C554&ssl=1&resize=1050%2C600 3x"},"classes":[]},{"id":5214,"url":"https:\/\/humm.loverde.fr\/?p=5214","url_meta":{"origin":842,"position":2},"title":"Lecture confin\u00e9e : Le dernier homme","author":"cloverde","date":"26 mai 2020","format":false,"excerpt":"26 mai 2020 \u00a0 Extraits : 1. \u00c0 la t\u00e9l\u00e9, on voyait des commentateurs en costard ; des m\u00e9decins experts, des graphiques indiquant les niveaux de contamination, des cartes montrant l'\u00e9tendue de l'\u00e9pid\u00e9mie. Ils utilisaient du rose fonc\u00e9 \u00e0 cet effet, comme autrefois pour l'Empire britannique. Jimmy aurait pr\u00e9f\u00e9r\u00e9 une\u2026","rel":"","context":"Dans &quot;Lectures&quot;","block_context":{"text":"Lectures","link":"https:\/\/humm.loverde.fr\/?cat=1"},"img":{"alt_text":"","src":"https:\/\/i0.wp.com\/humm.loverde.fr\/wp-content\/uploads\/2020\/05\/IMG_9656.jpg?fit=1200%2C926&ssl=1&resize=350%2C200","width":350,"height":200,"srcset":"https:\/\/i0.wp.com\/humm.loverde.fr\/wp-content\/uploads\/2020\/05\/IMG_9656.jpg?fit=1200%2C926&ssl=1&resize=350%2C200 1x, https:\/\/i0.wp.com\/humm.loverde.fr\/wp-content\/uploads\/2020\/05\/IMG_9656.jpg?fit=1200%2C926&ssl=1&resize=525%2C300 1.5x, https:\/\/i0.wp.com\/humm.loverde.fr\/wp-content\/uploads\/2020\/05\/IMG_9656.jpg?fit=1200%2C926&ssl=1&resize=700%2C400 2x, https:\/\/i0.wp.com\/humm.loverde.fr\/wp-content\/uploads\/2020\/05\/IMG_9656.jpg?fit=1200%2C926&ssl=1&resize=1050%2C600 3x"},"classes":[]},{"id":8392,"url":"https:\/\/humm.loverde.fr\/?p=8392","url_meta":{"origin":842,"position":3},"title":"Lecture &#038; Cie","author":"cloverde","date":"17 juin 2023","format":false,"excerpt":"Et vous comment lisez-vous ? Perso je ne suis pas un grand lecteur, tout juste 2 ou trois livres par mois. \u00catre membre d'un club de lecture me force \u00e0 sortir de ma zone de confort. Pas trop de contraintes, 12 livres \u00e0 lire par an, 6x2, et encore on\u2026","rel":"","context":"Dans &quot;insolite&quot;","block_context":{"text":"insolite","link":"https:\/\/humm.loverde.fr\/?cat=1422"},"img":{"alt_text":"","src":"https:\/\/i0.wp.com\/humm.loverde.fr\/wp-content\/uploads\/2023\/05\/IMG_20230428_082543_164.jpg?fit=1024%2C577&ssl=1&resize=350%2C200","width":350,"height":200,"srcset":"https:\/\/i0.wp.com\/humm.loverde.fr\/wp-content\/uploads\/2023\/05\/IMG_20230428_082543_164.jpg?fit=1024%2C577&ssl=1&resize=350%2C200 1x, https:\/\/i0.wp.com\/humm.loverde.fr\/wp-content\/uploads\/2023\/05\/IMG_20230428_082543_164.jpg?fit=1024%2C577&ssl=1&resize=525%2C300 1.5x, https:\/\/i0.wp.com\/humm.loverde.fr\/wp-content\/uploads\/2023\/05\/IMG_20230428_082543_164.jpg?fit=1024%2C577&ssl=1&resize=700%2C400 2x"},"classes":[]},{"id":4938,"url":"https:\/\/humm.loverde.fr\/?p=4938","url_meta":{"origin":842,"position":4},"title":"Lectures du confinement","author":"cloverde","date":"4 avril 2020","format":false,"excerpt":"Comme tout le monde, je pense, je lis beaucoup, des livres, des News et des livres et des News... Je viens de terminer une relecture de Philip K. Dick, \" Le Ma\u00eetre du haut ch\u00e2teau \" voir l'article que j'ai \u00e9crit l\u00e0-dessus, paru le 28 mars : https:\/\/humm.loverde.fr\/le-maitre-du-haut-chateau\/ \u00c0 propos\u2026","rel":"","context":"Dans &quot;Actuel&quot;","block_context":{"text":"Actuel","link":"https:\/\/humm.loverde.fr\/?cat=13"},"img":{"alt_text":"","src":"https:\/\/i0.wp.com\/humm.loverde.fr\/wp-content\/uploads\/2020\/03\/attachment-14.png?fit=512%2C288&ssl=1&resize=350%2C200","width":350,"height":200},"classes":[]},{"id":5241,"url":"https:\/\/humm.loverde.fr\/?p=5241","url_meta":{"origin":842,"position":5},"title":"Lecture confin\u00e9e: La l\u00e9gende dor\u00e9e","author":"cloverde","date":"31 mai 2020","format":false,"excerpt":"31 mai 2020 La L\u00e9gende dor\u00e9e (Legenda aurea en latin) est un ouvrage r\u00e9dig\u00e9 en latin entre 1261 et 1266 par Jacques de Voragine, dominicain et archev\u00eaque de G\u00eanes, qui raconte la vie d'environ 150 saints ou groupes de saints, saintes et martyrs chr\u00e9tiens, et, suivant les dates de l'ann\u00e9e\u2026","rel":"","context":"Dans &quot;Lectures&quot;","block_context":{"text":"Lectures","link":"https:\/\/humm.loverde.fr\/?cat=1"},"img":{"alt_text":"","src":"https:\/\/i0.wp.com\/humm.loverde.fr\/wp-content\/uploads\/2020\/05\/IMG_9653.jpg?fit=1200%2C906&ssl=1&resize=350%2C200","width":350,"height":200,"srcset":"https:\/\/i0.wp.com\/humm.loverde.fr\/wp-content\/uploads\/2020\/05\/IMG_9653.jpg?fit=1200%2C906&ssl=1&resize=350%2C200 1x, https:\/\/i0.wp.com\/humm.loverde.fr\/wp-content\/uploads\/2020\/05\/IMG_9653.jpg?fit=1200%2C906&ssl=1&resize=525%2C300 1.5x, https:\/\/i0.wp.com\/humm.loverde.fr\/wp-content\/uploads\/2020\/05\/IMG_9653.jpg?fit=1200%2C906&ssl=1&resize=700%2C400 2x, https:\/\/i0.wp.com\/humm.loverde.fr\/wp-content\/uploads\/2020\/05\/IMG_9653.jpg?fit=1200%2C906&ssl=1&resize=1050%2C600 3x"},"classes":[]}],"_links":{"self":[{"href":"https:\/\/humm.loverde.fr\/index.php?rest_route=\/wp\/v2\/posts\/842","targetHints":{"allow":["GET"]}}],"collection":[{"href":"https:\/\/humm.loverde.fr\/index.php?rest_route=\/wp\/v2\/posts"}],"about":[{"href":"https:\/\/humm.loverde.fr\/index.php?rest_route=\/wp\/v2\/types\/post"}],"author":[{"embeddable":true,"href":"https:\/\/humm.loverde.fr\/index.php?rest_route=\/wp\/v2\/users\/1"}],"replies":[{"embeddable":true,"href":"https:\/\/humm.loverde.fr\/index.php?rest_route=%2Fwp%2Fv2%2Fcomments&post=842"}],"version-history":[{"count":9,"href":"https:\/\/humm.loverde.fr\/index.php?rest_route=\/wp\/v2\/posts\/842\/revisions"}],"predecessor-version":[{"id":4082,"href":"https:\/\/humm.loverde.fr\/index.php?rest_route=\/wp\/v2\/posts\/842\/revisions\/4082"}],"wp:featuredmedia":[{"embeddable":true,"href":"https:\/\/humm.loverde.fr\/index.php?rest_route=\/wp\/v2\/media\/2411"}],"wp:attachment":[{"href":"https:\/\/humm.loverde.fr\/index.php?rest_route=%2Fwp%2Fv2%2Fmedia&parent=842"}],"wp:term":[{"taxonomy":"category","embeddable":true,"href":"https:\/\/humm.loverde.fr\/index.php?rest_route=%2Fwp%2Fv2%2Fcategories&post=842"},{"taxonomy":"post_tag","embeddable":true,"href":"https:\/\/humm.loverde.fr\/index.php?rest_route=%2Fwp%2Fv2%2Ftags&post=842"}],"curies":[{"name":"wp","href":"https:\/\/api.w.org\/{rel}","templated":true}]}}